{"id":954,"date":"2017-02-21T08:57:04","date_gmt":"2017-02-21T07:57:04","guid":{"rendered":"http:\/\/www.senderosgr.es\/blog\/?p=954"},"modified":"2017-02-20T16:05:43","modified_gmt":"2017-02-20T15:05:43","slug":"lana-vs-sintetico","status":"publish","type":"post","link":"https:\/\/www.senderosgr.es\/blog\/2017\/02\/21\/lana-vs-sintetico\/","title":{"rendered":"Lana vs sint\u00e9tico"},"content":{"rendered":"<p style=\"text-align: justify;\">Hace ya tiempo que hemos ido hablando de la guerra a tumba abierta entre los tejidos naturales y los de laboratorio; de las consecuencias de estos \u00faltimos y de su falsa efectividad.<\/p>\n<p style=\"text-align: justify;\">Hoy <strong>voy hablaros de la guerra entre la lana y el tejido sint\u00e9tico en situaciones de fr\u00edo y humedad<\/strong> (incluyendo la lluvia). Y como no me gusta hablar de opiniones ajenas ni de datos que no he podido comprobar os hablo de mi propia experiencia.<\/p>\n<p style=\"text-align: justify;\">En el post de la <a href=\"http:\/\/www.senderosgr.es\/blog\/2016\/12\/20\/la-lluvia-gr-problemas-soluciones\/\" target=\"_blank\">ropa de lluvia<\/a> ya os habl\u00e9 de como mi pantal\u00f3n de lluvia Trangoworld perdi\u00f3 las costuras, y entraba agua a diestro y siniestro; adem\u00e1s de ser un pantal\u00f3n poco transpirable. Como me hab\u00eda quedado sin pantal\u00f3n de invierno\/agua ten\u00eda que comprar otro y empec\u00e9 la b\u00fasqueda de ropa. Y los <strong>criterios<\/strong> fueron:<\/p>\n<ul>\n<li><strong>Impermeable lo m\u00e1ximo posible<\/strong><\/li>\n<li><strong>T\u00e9rmico<\/strong><\/li>\n<li><strong>Que cubra espalda \/ con tirantes<\/strong><\/li>\n<li><strong>Transpirable \/ que si llueve en verano no me asfixie<\/strong><\/li>\n<li><strong>Material ecol\u00f3gico, y si es natural mejor<\/strong><\/li>\n<\/ul>\n<p style=\"text-align: justify;\">Empec\u00e9 la b\u00fasqueda. Primero busqu\u00e9 pantalones de nieve, de ski, y no encontr\u00e9 nada que me valiera. Luego busqu\u00e9 pantalones de trekking con las propiedades anteriores, y llegaba al mismo sitio que estaba: pantalones de material sint\u00e9tico, poco transpirables y con costuras termoselladas que ya s\u00e9 que se terminan rompiendo. As\u00ed que buscando y <strong>buscando llegu\u00e9 a dos pantalones muy interesantes para m\u00ed<\/strong>:<\/p>\n<ol>\n<li style=\"text-align: justify;\"><a href=\"http:\/\/www.fjallraven.com\/forest-trousers-no-6\" target=\"_blank\">Forest Trousers No. 6<\/a><\/li>\n<li style=\"text-align: justify;\"><a href=\"https:\/\/www.filson.com\/men\/pants\/chaps-bibs\/mackinaw-bibs.html#27\" target=\"_blank\">Mackinaw Bibs<\/a><\/li>\n<\/ol>\n<p style=\"text-align: justify;\">Compr\u00e9 los segundos\u00a0y mi experiencia est\u00e1 siendo muy satisfactoria. En la ciudad donde vivo la humedad est\u00e1 siendo una constante y la temperatura diurna (7:00 de la ma\u00f1ana) de 8 y 9 grados. Suelo ir en bici al trabajo, lo cual la sensaci\u00f3n t\u00e9rmica puede bajar 1 \u00f3 2 grados.<\/p>\n<p style=\"text-align: justify;\"><strong>No noto la humedad, ni la condensaci\u00f3n dentro del pantal\u00f3n<\/strong>. Eso s\u00ed, como es lana 100% suelo llevar o unas mallas t\u00e9rmicas u otro pantal\u00f3n fino de verano, por el tema del picor que puede producir la lana.<\/p>\n<p style=\"text-align: justify;\">En la lluvia no lo he probado, pero s\u00e9 que me va a pasar como en todos los tejidos: <strong>si est\u00e1s 8 horas bajo la lluvia, te vas a mojar lleves lo que lleves<\/strong>.<\/p>\n<p style=\"text-align: justify;\">Otra cosa que me ha impactado es que, en Canad\u00e1, usan este pantal\u00f3n para estar a -20 grados en la nieve.<\/p>\n<p style=\"text-align: justify;\">Yo s\u00f3lo s\u00e9 que, <strong>a d\u00eda de hoy, gana la lana frente a mi otro pantal\u00f3n sint\u00e9tico<\/strong>.<\/p>\n<p style=\"text-align: justify;\">Los <strong>puntos en contra<\/strong> son:<\/p>\n<ul>\n<li style=\"text-align: justify;\"><strong>Es pesado. Pesa mucho m\u00e1s que un pantal\u00f3n sint\u00e9tico<\/strong><\/li>\n<li style=\"text-align: justify;\"><strong>Dif\u00edcil de lavar, por no decir que es aconsejable no lavarlo<\/strong><\/li>\n<li style=\"text-align: justify;\"><strong>La lana pica<\/strong><\/li>\n<\/ul>\n<p>Las ventajas: <strong>Todo son ventajas para m\u00ed a d\u00eda de hoy<\/strong>.<\/p>\n<p>De inter\u00e9s:\u00a0<a href=\"https:\/\/andy-kirkpatrick.com\/articles\/view\/the_wonders_of_wool\" target=\"_blank\">The Wonders of Wool<\/a><br \/>\n<iframe loading=\"lazy\" src=\"https:\/\/www.youtube.com\/embed\/vzMPLNeA0x8\" width=\"640\" height=\"360\" frameborder=\"0\" allowfullscreen=\"allowfullscreen\"><\/iframe><\/p>\n","protected":false},"excerpt":{"rendered":"<p>Hace ya tiempo que hemos ido hablando de la guerra a tumba abierta entre los tejidos naturales y los de laboratorio; de las consecuencias de estos \u00faltimos y de su falsa efectividad. Hoy voy hablaros de la guerra entre la lana y el tejido sint\u00e9tico en situaciones de fr\u00edo y humedad (incluyendo la lluvia). Y [&hellip;]<\/p>\n","protected":false},"author":6,"featured_media":958,"comment_status":"open","ping_status":"open","sticky":false,"template":"","format":"standard","meta":{"footnotes":""},"categories":[193],"tags":[201,190,175,185,237,173,215],"class_list":["post-954","post","type-post","status-publish","format-standard","has-post-thumbnail","hentry","category-noticias","tag-consejos","tag-desarrollo-sostenible","tag-huella-ecologica","tag-opinion","tag-ropa-de-montana","tag-senderismo","tag-trekking"],"yoast_head":"<!-- This site is optimized with the Yoast SEO plugin v26.6 - https:\/\/yoast.com\/wordpress\/plugins\/seo\/ -->\n<title>Lana vs sint\u00e9tico - El Blog de SenderosGR<\/title>\n<meta name=\"description\" content=\"Hoy voy hablaros de la guerra entre la lana y el tejido sint\u00e9tico en situaciones de fr\u00edo y humedad (incluyendo la lluvia).\" \/>\n<meta name=\"robots\" content=\"index, follow, max-snippet:-1, max-image-preview:large, max-video-preview:-1\" \/>\n<link rel=\"canonical\" href=\"https:\/\/www.senderosgr.es\/blog\/2017\/02\/21\/lana-vs-sintetico\/\" \/>\n<meta property=\"og:locale\" content=\"es_ES\" \/>\n<meta property=\"og:type\" content=\"article\" \/>\n<meta property=\"og:title\" content=\"Lana vs sint\u00e9tico - El Blog de SenderosGR\" \/>\n<meta property=\"og:description\" content=\"Hoy voy hablaros de la guerra entre la lana y el tejido sint\u00e9tico en situaciones de fr\u00edo y humedad (incluyendo la lluvia).\" \/>\n<meta property=\"og:url\" content=\"https:\/\/www.senderosgr.es\/blog\/2017\/02\/21\/lana-vs-sintetico\/\" \/>\n<meta property=\"og:site_name\" content=\"El Blog de SenderosGR\" \/>\n<meta property=\"article:published_time\" content=\"2017-02-21T07:57:04+00:00\" \/>\n<meta property=\"og:image\" content=\"https:\/\/www.senderosgr.es\/blog\/wp-content\/uploads\/2017\/02\/Fotograma-del-video-modificado.jpg\" \/>\n\t<meta property=\"og:image:width\" content=\"1269\" \/>\n\t<meta property=\"og:image:height\" content=\"715\" \/>\n\t<meta property=\"og:image:type\" content=\"image\/jpeg\" \/>\n<meta name=\"author\" content=\"Luis Albaladejo\" \/>\n<meta name=\"twitter:card\" content=\"summary_large_image\" \/>\n<meta name=\"twitter:label1\" content=\"Escrito por\" \/>\n\t<meta name=\"twitter:data1\" content=\"Luis Albaladejo\" \/>\n\t<meta name=\"twitter:label2\" content=\"Tiempo de lectura\" \/>\n\t<meta name=\"twitter:data2\" content=\"2 minutos\" \/>\n<script type=\"application\/ld+json\" class=\"yoast-schema-graph\">{\"@context\":\"https:\/\/schema.org\",\"@graph\":[{\"@type\":\"Article\",\"@id\":\"https:\/\/www.senderosgr.es\/blog\/2017\/02\/21\/lana-vs-sintetico\/#article\",\"isPartOf\":{\"@id\":\"https:\/\/www.senderosgr.es\/blog\/2017\/02\/21\/lana-vs-sintetico\/\"},\"author\":{\"name\":\"Luis Albaladejo\",\"@id\":\"https:\/\/www.senderosgr.es\/blog\/#\/schema\/person\/2c5bc9459142c457dbf2a37bd24ec371\"},\"headline\":\"Lana vs sint\u00e9tico\",\"datePublished\":\"2017-02-21T07:57:04+00:00\",\"mainEntityOfPage\":{\"@id\":\"https:\/\/www.senderosgr.es\/blog\/2017\/02\/21\/lana-vs-sintetico\/\"},\"wordCount\":464,\"commentCount\":3,\"publisher\":{\"@id\":\"https:\/\/www.senderosgr.es\/blog\/#organization\"},\"image\":{\"@id\":\"https:\/\/www.senderosgr.es\/blog\/2017\/02\/21\/lana-vs-sintetico\/#primaryimage\"},\"thumbnailUrl\":\"https:\/\/www.senderosgr.es\/blog\/wp-content\/uploads\/2017\/02\/Fotograma-del-video-modificado.jpg\",\"keywords\":[\"consejos\",\"desarrollo sostenible\",\"huella ecol\u00f3gica\",\"opini\u00f3n\",\"ropa de monta\u00f1a\",\"senderismo\",\"trekking\"],\"articleSection\":[\"Noticias\"],\"inLanguage\":\"es\",\"potentialAction\":[{\"@type\":\"CommentAction\",\"name\":\"Comment\",\"target\":[\"https:\/\/www.senderosgr.es\/blog\/2017\/02\/21\/lana-vs-sintetico\/#respond\"]}]},{\"@type\":\"WebPage\",\"@id\":\"https:\/\/www.senderosgr.es\/blog\/2017\/02\/21\/lana-vs-sintetico\/\",\"url\":\"https:\/\/www.senderosgr.es\/blog\/2017\/02\/21\/lana-vs-sintetico\/\",\"name\":\"Lana vs sint\u00e9tico - El Blog de SenderosGR\",\"isPartOf\":{\"@id\":\"https:\/\/www.senderosgr.es\/blog\/#website\"},\"primaryImageOfPage\":{\"@id\":\"https:\/\/www.senderosgr.es\/blog\/2017\/02\/21\/lana-vs-sintetico\/#primaryimage\"},\"image\":{\"@id\":\"https:\/\/www.senderosgr.es\/blog\/2017\/02\/21\/lana-vs-sintetico\/#primaryimage\"},\"thumbnailUrl\":\"https:\/\/www.senderosgr.es\/blog\/wp-content\/uploads\/2017\/02\/Fotograma-del-video-modificado.jpg\",\"datePublished\":\"2017-02-21T07:57:04+00:00\",\"description\":\"Hoy voy hablaros de la guerra entre la lana y el tejido sint\u00e9tico en situaciones de fr\u00edo y humedad (incluyendo la lluvia).\",\"breadcrumb\":{\"@id\":\"https:\/\/www.senderosgr.es\/blog\/2017\/02\/21\/lana-vs-sintetico\/#breadcrumb\"},\"inLanguage\":\"es\",\"potentialAction\":[{\"@type\":\"ReadAction\",\"target\":[\"https:\/\/www.senderosgr.es\/blog\/2017\/02\/21\/lana-vs-sintetico\/\"]}]},{\"@type\":\"ImageObject\",\"inLanguage\":\"es\",\"@id\":\"https:\/\/www.senderosgr.es\/blog\/2017\/02\/21\/lana-vs-sintetico\/#primaryimage\",\"url\":\"https:\/\/www.senderosgr.es\/blog\/wp-content\/uploads\/2017\/02\/Fotograma-del-video-modificado.jpg\",\"contentUrl\":\"https:\/\/www.senderosgr.es\/blog\/wp-content\/uploads\/2017\/02\/Fotograma-del-video-modificado.jpg\",\"width\":1269,\"height\":715,\"caption\":\"Monta\u00f1ero acuclillado muestra ropa de monta\u00f1a\"},{\"@type\":\"BreadcrumbList\",\"@id\":\"https:\/\/www.senderosgr.es\/blog\/2017\/02\/21\/lana-vs-sintetico\/#breadcrumb\",\"itemListElement\":[{\"@type\":\"ListItem\",\"position\":1,\"name\":\"Portada\",\"item\":\"https:\/\/www.senderosgr.es\/blog\/\"},{\"@type\":\"ListItem\",\"position\":2,\"name\":\"Lana vs sint\u00e9tico\"}]},{\"@type\":\"WebSite\",\"@id\":\"https:\/\/www.senderosgr.es\/blog\/#website\",\"url\":\"https:\/\/www.senderosgr.es\/blog\/\",\"name\":\"El Blog de SenderosGR\",\"description\":\"Noticias, opiniones... \u00a1y mucho m\u00e1s!\",\"publisher\":{\"@id\":\"https:\/\/www.senderosgr.es\/blog\/#organization\"},\"potentialAction\":[{\"@type\":\"SearchAction\",\"target\":{\"@type\":\"EntryPoint\",\"urlTemplate\":\"https:\/\/www.senderosgr.es\/blog\/?s={search_term_string}\"},\"query-input\":{\"@type\":\"PropertyValueSpecification\",\"valueRequired\":true,\"valueName\":\"search_term_string\"}}],\"inLanguage\":\"es\"},{\"@type\":\"Organization\",\"@id\":\"https:\/\/www.senderosgr.es\/blog\/#organization\",\"name\":\"El Blog de SenderosGR\",\"url\":\"https:\/\/www.senderosgr.es\/blog\/\",\"logo\":{\"@type\":\"ImageObject\",\"inLanguage\":\"es\",\"@id\":\"https:\/\/www.senderosgr.es\/blog\/#\/schema\/logo\/image\/\",\"url\":\"https:\/\/www.senderosgr.es\/blog\/wp-content\/uploads\/2016\/06\/SGR-logo-cabecera-wordpress-copy-1.jpg\",\"contentUrl\":\"https:\/\/www.senderosgr.es\/blog\/wp-content\/uploads\/2016\/06\/SGR-logo-cabecera-wordpress-copy-1.jpg\",\"width\":240,\"height\":240,\"caption\":\"El Blog de SenderosGR\"},\"image\":{\"@id\":\"https:\/\/www.senderosgr.es\/blog\/#\/schema\/logo\/image\/\"}},{\"@type\":\"Person\",\"@id\":\"https:\/\/www.senderosgr.es\/blog\/#\/schema\/person\/2c5bc9459142c457dbf2a37bd24ec371\",\"name\":\"Luis Albaladejo\",\"image\":{\"@type\":\"ImageObject\",\"inLanguage\":\"es\",\"@id\":\"https:\/\/www.senderosgr.es\/blog\/#\/schema\/person\/image\/\",\"url\":\"https:\/\/secure.gravatar.com\/avatar\/21e27de7b2c496dc0e0ce31650e27a2e13fb69ef7e83e80e01c1dc4925d1f9c8?s=96&d=mm&r=g\",\"contentUrl\":\"https:\/\/secure.gravatar.com\/avatar\/21e27de7b2c496dc0e0ce31650e27a2e13fb69ef7e83e80e01c1dc4925d1f9c8?s=96&d=mm&r=g\",\"caption\":\"Luis Albaladejo\"},\"url\":\"https:\/\/www.senderosgr.es\/blog\/author\/luis\/\"}]}<\/script>\n<!-- \/ Yoast SEO plugin. -->","yoast_head_json":{"title":"Lana vs sint\u00e9tico - El Blog de SenderosGR","description":"Hoy voy hablaros de la guerra entre la lana y el tejido sint\u00e9tico en situaciones de fr\u00edo y humedad (incluyendo la lluvia).","robots":{"index":"index","follow":"follow","max-snippet":"max-snippet:-1","max-image-preview":"max-image-preview:large","max-video-preview":"max-video-preview:-1"},"canonical":"https:\/\/www.senderosgr.es\/blog\/2017\/02\/21\/lana-vs-sintetico\/","og_locale":"es_ES","og_type":"article","og_title":"Lana vs sint\u00e9tico - El Blog de SenderosGR","og_description":"Hoy voy hablaros de la guerra entre la lana y el tejido sint\u00e9tico en situaciones de fr\u00edo y humedad (incluyendo la lluvia).","og_url":"https:\/\/www.senderosgr.es\/blog\/2017\/02\/21\/lana-vs-sintetico\/","og_site_name":"El Blog de SenderosGR","article_published_time":"2017-02-21T07:57:04+00:00","og_image":[{"width":1269,"height":715,"url":"https:\/\/www.senderosgr.es\/blog\/wp-content\/uploads\/2017\/02\/Fotograma-del-video-modificado.jpg","type":"image\/jpeg"}],"author":"Luis Albaladejo","twitter_card":"summary_large_image","twitter_misc":{"Escrito por":"Luis Albaladejo","Tiempo de lectura":"2 minutos"},"schema":{"@context":"https:\/\/schema.org","@graph":[{"@type":"Article","@id":"https:\/\/www.senderosgr.es\/blog\/2017\/02\/21\/lana-vs-sintetico\/#article","isPartOf":{"@id":"https:\/\/www.senderosgr.es\/blog\/2017\/02\/21\/lana-vs-sintetico\/"},"author":{"name":"Luis Albaladejo","@id":"https:\/\/www.senderosgr.es\/blog\/#\/schema\/person\/2c5bc9459142c457dbf2a37bd24ec371"},"headline":"Lana vs sint\u00e9tico","datePublished":"2017-02-21T07:57:04+00:00","mainEntityOfPage":{"@id":"https:\/\/www.senderosgr.es\/blog\/2017\/02\/21\/lana-vs-sintetico\/"},"wordCount":464,"commentCount":3,"publisher":{"@id":"https:\/\/www.senderosgr.es\/blog\/#organization"},"image":{"@id":"https:\/\/www.senderosgr.es\/blog\/2017\/02\/21\/lana-vs-sintetico\/#primaryimage"},"thumbnailUrl":"https:\/\/www.senderosgr.es\/blog\/wp-content\/uploads\/2017\/02\/Fotograma-del-video-modificado.jpg","keywords":["consejos","desarrollo sostenible","huella ecol\u00f3gica","opini\u00f3n","ropa de monta\u00f1a","senderismo","trekking"],"articleSection":["Noticias"],"inLanguage":"es","potentialAction":[{"@type":"CommentAction","name":"Comment","target":["https:\/\/www.senderosgr.es\/blog\/2017\/02\/21\/lana-vs-sintetico\/#respond"]}]},{"@type":"WebPage","@id":"https:\/\/www.senderosgr.es\/blog\/2017\/02\/21\/lana-vs-sintetico\/","url":"https:\/\/www.senderosgr.es\/blog\/2017\/02\/21\/lana-vs-sintetico\/","name":"Lana vs sint\u00e9tico - El Blog de SenderosGR","isPartOf":{"@id":"https:\/\/www.senderosgr.es\/blog\/#website"},"primaryImageOfPage":{"@id":"https:\/\/www.senderosgr.es\/blog\/2017\/02\/21\/lana-vs-sintetico\/#primaryimage"},"image":{"@id":"https:\/\/www.senderosgr.es\/blog\/2017\/02\/21\/lana-vs-sintetico\/#primaryimage"},"thumbnailUrl":"https:\/\/www.senderosgr.es\/blog\/wp-content\/uploads\/2017\/02\/Fotograma-del-video-modificado.jpg","datePublished":"2017-02-21T07:57:04+00:00","description":"Hoy voy hablaros de la guerra entre la lana y el tejido sint\u00e9tico en situaciones de fr\u00edo y humedad (incluyendo la lluvia).","breadcrumb":{"@id":"https:\/\/www.senderosgr.es\/blog\/2017\/02\/21\/lana-vs-sintetico\/#breadcrumb"},"inLanguage":"es","potentialAction":[{"@type":"ReadAction","target":["https:\/\/www.senderosgr.es\/blog\/2017\/02\/21\/lana-vs-sintetico\/"]}]},{"@type":"ImageObject","inLanguage":"es","@id":"https:\/\/www.senderosgr.es\/blog\/2017\/02\/21\/lana-vs-sintetico\/#primaryimage","url":"https:\/\/www.senderosgr.es\/blog\/wp-content\/uploads\/2017\/02\/Fotograma-del-video-modificado.jpg","contentUrl":"https:\/\/www.senderosgr.es\/blog\/wp-content\/uploads\/2017\/02\/Fotograma-del-video-modificado.jpg","width":1269,"height":715,"caption":"Monta\u00f1ero acuclillado muestra ropa de monta\u00f1a"},{"@type":"BreadcrumbList","@id":"https:\/\/www.senderosgr.es\/blog\/2017\/02\/21\/lana-vs-sintetico\/#breadcrumb","itemListElement":[{"@type":"ListItem","position":1,"name":"Portada","item":"https:\/\/www.senderosgr.es\/blog\/"},{"@type":"ListItem","position":2,"name":"Lana vs sint\u00e9tico"}]},{"@type":"WebSite","@id":"https:\/\/www.senderosgr.es\/blog\/#website","url":"https:\/\/www.senderosgr.es\/blog\/","name":"El Blog de SenderosGR","description":"Noticias, opiniones... \u00a1y mucho m\u00e1s!","publisher":{"@id":"https:\/\/www.senderosgr.es\/blog\/#organization"},"potentialAction":[{"@type":"SearchAction","target":{"@type":"EntryPoint","urlTemplate":"https:\/\/www.senderosgr.es\/blog\/?s={search_term_string}"},"query-input":{"@type":"PropertyValueSpecification","valueRequired":true,"valueName":"search_term_string"}}],"inLanguage":"es"},{"@type":"Organization","@id":"https:\/\/www.senderosgr.es\/blog\/#organization","name":"El Blog de SenderosGR","url":"https:\/\/www.senderosgr.es\/blog\/","logo":{"@type":"ImageObject","inLanguage":"es","@id":"https:\/\/www.senderosgr.es\/blog\/#\/schema\/logo\/image\/","url":"https:\/\/www.senderosgr.es\/blog\/wp-content\/uploads\/2016\/06\/SGR-logo-cabecera-wordpress-copy-1.jpg","contentUrl":"https:\/\/www.senderosgr.es\/blog\/wp-content\/uploads\/2016\/06\/SGR-logo-cabecera-wordpress-copy-1.jpg","width":240,"height":240,"caption":"El Blog de SenderosGR"},"image":{"@id":"https:\/\/www.senderosgr.es\/blog\/#\/schema\/logo\/image\/"}},{"@type":"Person","@id":"https:\/\/www.senderosgr.es\/blog\/#\/schema\/person\/2c5bc9459142c457dbf2a37bd24ec371","name":"Luis Albaladejo","image":{"@type":"ImageObject","inLanguage":"es","@id":"https:\/\/www.senderosgr.es\/blog\/#\/schema\/person\/image\/","url":"https:\/\/secure.gravatar.com\/avatar\/21e27de7b2c496dc0e0ce31650e27a2e13fb69ef7e83e80e01c1dc4925d1f9c8?s=96&d=mm&r=g","contentUrl":"https:\/\/secure.gravatar.com\/avatar\/21e27de7b2c496dc0e0ce31650e27a2e13fb69ef7e83e80e01c1dc4925d1f9c8?s=96&d=mm&r=g","caption":"Luis Albaladejo"},"url":"https:\/\/www.senderosgr.es\/blog\/author\/luis\/"}]}},"cc_featured_image_caption":{"caption_text":false,"source_text":false,"source_url":false},"_links":{"self":[{"href":"https:\/\/www.senderosgr.es\/blog\/wp-json\/wp\/v2\/posts\/954","targetHints":{"allow":["GET"]}}],"collection":[{"href":"https:\/\/www.senderosgr.es\/blog\/wp-json\/wp\/v2\/posts"}],"about":[{"href":"https:\/\/www.senderosgr.es\/blog\/wp-json\/wp\/v2\/types\/post"}],"author":[{"embeddable":true,"href":"https:\/\/www.senderosgr.es\/blog\/wp-json\/wp\/v2\/users\/6"}],"replies":[{"embeddable":true,"href":"https:\/\/www.senderosgr.es\/blog\/wp-json\/wp\/v2\/comments?post=954"}],"version-history":[{"count":5,"href":"https:\/\/www.senderosgr.es\/blog\/wp-json\/wp\/v2\/posts\/954\/revisions"}],"predecessor-version":[{"id":960,"href":"https:\/\/www.senderosgr.es\/blog\/wp-json\/wp\/v2\/posts\/954\/revisions\/960"}],"wp:featuredmedia":[{"embeddable":true,"href":"https:\/\/www.senderosgr.es\/blog\/wp-json\/wp\/v2\/media\/958"}],"wp:attachment":[{"href":"https:\/\/www.senderosgr.es\/blog\/wp-json\/wp\/v2\/media?parent=954"}],"wp:term":[{"taxonomy":"category","embeddable":true,"href":"https:\/\/www.senderosgr.es\/blog\/wp-json\/wp\/v2\/categories?post=954"},{"taxonomy":"post_tag","embeddable":true,"href":"https:\/\/www.senderosgr.es\/blog\/wp-json\/wp\/v2\/tags?post=954"}],"curies":[{"name":"wp","href":"https:\/\/api.w.org\/{rel}","templated":true}]}}