{"id":899,"date":"2017-02-09T09:07:48","date_gmt":"2017-02-09T08:07:48","guid":{"rendered":"http:\/\/www.senderosgr.es\/blog\/?p=899"},"modified":"2017-04-04T19:28:02","modified_gmt":"2017-04-04T17:28:02","slug":"gr-223-etapa-3","status":"publish","type":"post","link":"https:\/\/www.senderosgr.es\/blog\/2017\/02\/09\/gr-223-etapa-3\/","title":{"rendered":"GR 223: Etapa 3:  Fav\u00e0ritx &#8211; Arenal d\u2019En Castell"},"content":{"rendered":"<h1 style=\"text-align: center\">GR 223: Etapa 3: \u00a0Fav\u00e0ritx &#8211; Arenal d\u2019En Castell<\/h1>\n<p style=\"text-align: justify\">Le llega el turno a una etapa espectacular\u2026 tanto a nivel geol\u00f3gico como a nivel etnol\u00f3gico, con unas salinas en desuso dignas de admirar as\u00ed como con la finalizaci\u00f3n del tramo terrestre del <strong>Parque Natural de la Albufera d\u2019Es Grau<\/strong>.<\/p>\n<p style=\"text-align: justify\">Una etapa de contrastes e im\u00e1genes irrepetibles que nada desmerecen a las ya realizadas. L\u00e1stima que se inicie y finalice con asfalto, pero\u2026 no se puede tener todo, \u00bfvamos?<\/p>\n<p style=\"text-align: justify\">Iniciamos el recorrido junto al panel informativo en Fav\u00e0ritx que indica la finalizaci\u00f3n de la etapa 2 y el inicio de la 3.<\/p>\n<p style=\"text-align: justify\">Para llegar a Fav\u00e0ritx en coche deberemos coger, desde la rotonda de la col\u00e1rsega del puerto, la carretera Me-7 y circular unos 7,5 kms hasta encontrar a mano derecha el desv\u00edo de Fav\u00e0ritx.<\/p>\n<p style=\"text-align: justify\">Una vez tomada la desviaci\u00f3n del faro, continuaremos sin desviarnos unos 7 kms m\u00e1s hasta encontrar a mano izquierda un rudimentario aparcamiento donde podremos dejar el coche.<\/p>\n<p style=\"text-align: justify\">La carretera es estrecha y no dispone de arcenes por lo que se recomienda una conducci\u00f3n prudente y cuidadosa.<\/p>\n<p style=\"text-align: justify\">Una vez situados junto al panel informativo de la etapa, emprenderemos la salida hacia la izquierda dejando el faro a nuestra espalda y afrontaremos los primeros 1.860 m de asfalto. La monoton\u00eda del asfalto se ver\u00e1 entorpecida con las originales formaciones rocosas de pizarra caracter\u00edsticas de esta zona.<\/p>\n<p style=\"text-align: justify\">La finalizaci\u00f3n del tramo de carretera la encontraremos a nuestra derecha debidamente se\u00f1alizada con los correspondientes carteles.<\/p>\n<p style=\"text-align: justify\">Una vez en el entorno\u00a0rural el tipo de terreno es el propio de la costa norte, caminos pedregosos, estrechos, que circular\u00e1n en ocasiones por tierras de cultivo y que permitir\u00e1n el descubrimiento de cuantas playas e im\u00e1genes id\u00edlicas encontremos a nuestro paso.<\/p>\n<p style=\"text-align: justify\">La llegada a las <strong>Salinas de Mongofra<\/strong> nos ofrecer\u00e1 la posibilidad de poder disfrutar de rocas de una antig\u00fcedad considerable, concretamente unos 250 millones de a\u00f1os que no nos dejar\u00e1n indiferentes. Sinuosas, coloridas y curiosas son sus formas\u2026 un motivo m\u00e1s para realizar esta etapa \ud83d\ude09<\/p>\n<p style=\"text-align: justify\"><img loading=\"lazy\" decoding=\"async\" class=\"aligncenter wp-image-907 size-large\" src=\"http:\/\/www.senderosgr.es\/blog\/wp-content\/uploads\/2017\/02\/CdC_etapa3_salinas-1024x316.jpg\" alt=\"Salinas Mongofra\" width=\"697\" height=\"215\" srcset=\"https:\/\/www.senderosgr.es\/blog\/wp-content\/uploads\/2017\/02\/CdC_etapa3_salinas-1024x316.jpg 1024w, https:\/\/www.senderosgr.es\/blog\/wp-content\/uploads\/2017\/02\/CdC_etapa3_salinas-600x185.jpg 600w, https:\/\/www.senderosgr.es\/blog\/wp-content\/uploads\/2017\/02\/CdC_etapa3_salinas-300x93.jpg 300w, https:\/\/www.senderosgr.es\/blog\/wp-content\/uploads\/2017\/02\/CdC_etapa3_salinas-768x237.jpg 768w\" sizes=\"auto, (max-width: 697px) 100vw, 697px\" \/><\/p>\n<p style=\"text-align: justify\">Hacia la mitad de la ruta entraremos en las denominadas Salinas d\u2019Addaia o de Mongofra, zona de especial inter\u00e9s dentro de los l\u00edmites del Parque Natural de la Albufera d\u2019Es Grau. Dicha zona tiene una protecci\u00f3n medio ambiental elevada por lo que est\u00e1 prohibido acceder a ella con animales, ni en grupos numerosos y se ruega no hacer ruido ni movimientos bruscos para no ocasionar molestias innecesarias a las aves. Es una zona de nidificaci\u00f3n de aves, algo as\u00ed como un santuario en donde nosotros somos los visitantes y ellas est\u00e1n en casa, respet\u00e9moslas. Encontrareis carteles informativos a lo largo del recorrido.<\/p>\n<p style=\"text-align: justify\">A lo largo de esta etapa y sin haber abandonado la zona de las Salinas de Mongofra, un cartel indicativo nos informar\u00e1 de que abandonamos la zona terrestres de protecci\u00f3n de la Albufera d\u2019Es Grau. No obstante, no es necesario empezar a hacer el ganso, podemos seguir siendo respetuosos con los animales y el entorno \ud83d\ude42<\/p>\n<p style=\"text-align: justify\">Dejar atr\u00e1s la zona mar\u00edtima de Mongofra nos obligar\u00e1 a una subida que nos deleitar\u00e1, una vez arriba, con unas vistas generales dignas de contemplar.<\/p>\n<p style=\"text-align: justify\">La etapa finaliza con un tramo de asfalto que puede obviarse por no tener inter\u00e9s alguno ya que discurre por carretera y urbanizaciones. Correctamente se\u00f1alizada en ambos entornos.<\/p>\n<p style=\"text-align: justify\">\u00bfHab\u00e9is descubierto el esplendor de la playa del Arenal d\u2019En Castell?\u00a0Entonces, atrevidos gerreristas, hab\u00e9is llegado al final de etapa.<\/p>\n<h2 style=\"text-align: center\"><span style=\"color: #ff0000\">\u00a1\u00a1Objetivo conseguido!! \u00a0 \u00a0 \u00a0 \u00a1\u00a1 Felicidades !!<\/span><\/h2>\n<h3 style=\"text-align: justify\">Ficha t\u00e9cnica:<\/h3>\n<p><strong>Recorrido:<\/strong> \u00a0\u00a0Fav\u00e0ritx \u2013 Arenal d\u2019En Castell<br \/>\n<strong>Distancia aprox.:<\/strong>\u00a0 \u00a013,8 km<br \/>\n<strong>Desnivel positivo aprox.:<\/strong>\u00a0 \u00a0289 m<br \/>\n<strong>Altura m\u00e1xima etapa aprox.:\u00a0<\/strong> \u00a066 m<br \/>\n<strong>Tiempo\u00a0aprox.:<\/strong>\u00a0 \u00a03:00 horas<br \/>\n<strong>Dificultad:<\/strong>\u00a0 media<br \/>\n<strong>N\u00famero de hitos:<\/strong>\u00a0 130<strong>\u00a0<\/strong><br \/>\n<strong>Asfalto:<\/strong>\u00a0 \u00a045 %<\/p>\n<h3 style=\"text-align: justify\">Recomendaciones:<\/h3>\n<ul style=\"text-align: justify\">\n<li>Pararse a disfrutar de la tranquilidad de las salinas de Mongofra y del espect\u00e1culo que nos ofrecen las aves que ah\u00ed descansan, nidifican o permanecen.<\/li>\n<li>No dejes de observar\u2026 todo, paisaje, rocas, aves, plantas\u2026 sum\u00e9rgete en la naturaleza y se parte de ella.<\/li>\n<li>Si llegas hasta el Arenal d\u2019En Castell, baja a la playa, si es temporada baja ser\u00e1 toda para ti, si vas en temporada alta tendr\u00e1s que compartirla, sea como fuere, es una playa de arena blanca, agua transparente y que nos recordar\u00e1 a La Concha de Donosti por su forma de herradura.<\/li>\n<\/ul>\n<h3 style=\"text-align: justify\">Observaciones:<\/h3>\n<p style=\"text-align: justify\">La se\u00f1alizaci\u00f3n en medio rural, como siempre, con los hitos que caracterizan este GR. La que tiene lugar en terreno urbano con la t\u00edpica se\u00f1al blanca y roja o carteles de Caminos Naturales. Correctamente se\u00f1alizado y sin posibilidad de p\u00e9rdida siempre y cuando no andemos despistados.<\/p>\n<p style=\"text-align: justify\">Si los medios log\u00edsticos nos lo permiten podemos finalizar la etapa en la urbanizaci\u00f3n de Addaia, ya que el resto de la etapa discurre por carretera y aceras de urbanizaciones sin ning\u00fan tipo de inter\u00e9s. La pr\u00f3xima etapa la iniciar\u00edamos, sin cambios, en el inicio establecido oficialmente.<\/p>\n<p style=\"text-align: justify\">En cuanto al tipo de terreno, en esta ocasi\u00f3n volvemos a tener variedad, tramos rocosos, asfalto, caminos que transcurren junto a las ya conocidas \u2018parets seques\u2019\u2026<\/p>\n<p style=\"text-align: justify\">En cuanto al desnivel de la etapa, como puede apreciarse en el gr\u00e1fico adjunto, hay de todo, desde tramos en ascenso durante la primera parte de la etapa, seguido de un sube baja continuo hasta que llegamos al nivel del mar desde volveremos ascender en un \u00faltimo esfuerzo para proseguir con el resto de la etapa.<\/p>\n<p style=\"text-align: justify\"><img loading=\"lazy\" decoding=\"async\" class=\"aligncenter wp-image-915 size-large\" src=\"http:\/\/www.senderosgr.es\/blog\/wp-content\/uploads\/2017\/02\/Desnivel_etapa3-1024x473.png\" alt=\"Desnivel etapa\" width=\"697\" height=\"322\" srcset=\"https:\/\/www.senderosgr.es\/blog\/wp-content\/uploads\/2017\/02\/Desnivel_etapa3-1024x473.png 1024w, https:\/\/www.senderosgr.es\/blog\/wp-content\/uploads\/2017\/02\/Desnivel_etapa3-600x277.png 600w, https:\/\/www.senderosgr.es\/blog\/wp-content\/uploads\/2017\/02\/Desnivel_etapa3-300x139.png 300w, https:\/\/www.senderosgr.es\/blog\/wp-content\/uploads\/2017\/02\/Desnivel_etapa3-768x355.png 768w, https:\/\/www.senderosgr.es\/blog\/wp-content\/uploads\/2017\/02\/Desnivel_etapa3.png 1125w\" sizes=\"auto, (max-width: 697px) 100vw, 697px\" \/><\/p>\n<p style=\"text-align: justify\">Una vez m\u00e1s, una etapa interesante desde diversos puntos de vista y no \u00fanicamente en el de \u2018salir a pasear el\u00a0rato\u2019.<\/p>\n<p style=\"text-align: justify\">Personalmente la considero una etapa muy\u00a0buc\u00f3lica y que acompa\u00f1a al silencio, la contemplaci\u00f3n y la uni\u00f3n con la madre naturaleza.<\/p>\n<h3 style=\"text-align: justify\">Servicios:<\/h3>\n<p style=\"text-align: justify\">Verano:<\/p>\n<ul style=\"text-align: justify\">\n<li><em>Al inicio:<\/em>&#8212;<\/li>\n<li><em>En ruta:<\/em> Establecimientos varios en Addaia.<\/li>\n<li><em>Al final<\/em>: Bares, tiendas, farmacia y peque\u00f1os supermercados en la urbanizaci\u00f3n de Arenal d\u2019En Castell. Hay servicio de autob\u00fas.<\/li>\n<\/ul>\n<p style=\"text-align: justify\">Invierno:<\/p>\n<ul style=\"text-align: justify\">\n<li><em>Al inicio:\u00a0&#8212;<\/em><\/li>\n<li><em>En ruta: &#8212;<\/em><\/li>\n<li><em>Al final: &#8212;<\/em><\/li>\n<\/ul>\n<p style=\"text-align: justify\">\u00a0Transporte:<\/p>\n<ul style=\"text-align: justify\">\n<li>La urbanizaci\u00f3n del Arenal d\u2019En Castell dispone de una l\u00ednea de autob\u00fas que funciona en temporada estival. Puedes consultar los horarios <a href=\"https:\/\/menorca.tib.org\/portal\/es\/web\/cime\/autobus\/linia\/41\">aqu\u00ed<\/a>.<\/li>\n<\/ul>\n<h3 style=\"text-align: justify\"><\/h3>\n<h3 style=\"text-align: justify\">Enlaces de inter\u00e9s:<\/h3>\n<p style=\"text-align: justify\">Para obtener el track oficial de la etapa as\u00ed como informaci\u00f3n general sobre la misma, consultar <a href=\"http:\/\/www.senderosgr.es\/Etapas.aspx?IdEtapa=1461&amp;Tipo=2&amp;IdAsociado=1461\">aqu\u00ed<\/a>.<\/p>\n<p style=\"text-align: justify\"><a href=\"http:\/\/www.caib.es\/sacmicrofront\/contenido.do?mkey=M34&amp;lang=ES&amp;cont=21725\">http:\/\/www.caib.es\/sacmicrofront\/contenido.do?mkey=M34&amp;lang=ES&amp;cont=21725<\/a><\/p>\n<p style=\"text-align: justify\"><a href=\"http:\/\/www.balearsnatura.com\/parc-natural-de-s-albufera-des-grau\/\">http:\/\/www.balearsnatura.com\/parc-natural-de-s-albufera-des-grau\/<\/a><\/p>\n<h3 style=\"text-align: justify\"><\/h3>\n<h3 style=\"text-align: justify\"><span style=\"text-decoration: underline;color: #ff0000\"><strong>Foto-denuncia:<\/strong><\/span><\/h3>\n<p style=\"text-align: justify\"><img loading=\"lazy\" decoding=\"async\" class=\"alignleft wp-image-905 \" title=\"Actos vand\u00e1licos en hito\" src=\"http:\/\/www.senderosgr.es\/blog\/wp-content\/uploads\/2017\/02\/FotoDenuncia-225x300.jpg\" alt=\"Actos vand\u00e1licos sobre hito\" width=\"292\" height=\"389\" srcset=\"https:\/\/www.senderosgr.es\/blog\/wp-content\/uploads\/2017\/02\/FotoDenuncia-225x300.jpg 225w, https:\/\/www.senderosgr.es\/blog\/wp-content\/uploads\/2017\/02\/FotoDenuncia-600x800.jpg 600w, https:\/\/www.senderosgr.es\/blog\/wp-content\/uploads\/2017\/02\/FotoDenuncia-768x1024.jpg 768w, https:\/\/www.senderosgr.es\/blog\/wp-content\/uploads\/2017\/02\/FotoDenuncia.jpg 1000w\" sizes=\"auto, (max-width: 292px) 100vw, 292px\" \/><\/p>\n<p style=\"text-align: justify\">\u00bfEs necesario?, \u00bfen serio?, \u00bfpara que lo tengas guardado ahora mismo en alg\u00fan caj\u00f3n de tu casa?<\/p>\n<p style=\"text-align: justify\">Si has hecho el GR entero es porque eres un amante de la naturaleza, no has sido t\u00fa.<\/p>\n<p style=\"text-align: justify\">Probablemente tampoco seas de la isla, ya que los que aqu\u00ed vivimos protegemos lo que tenemos porque le damos el valor que tiene y recordamos todav\u00eda lo que nos cost\u00f3 conseguirlo.<\/p>\n<p style=\"text-align: justify\">Tampoco eres t\u00fa, que has venido con la ilusi\u00f3n en la mochila y con ansias por conocer y descubrir.<\/p>\n<p style=\"text-align: justify\">S\u00f3lo nos quedas t\u00fa, el que no da valor a nada, al que no le importa nada salvo \u00e9l mismo, el que en el colegio destrozaba el material com\u00fan porque total \u2018no son de nadie\u2019.<\/p>\n<p style=\"text-align: justify\">A ti, s\u00ed, a ti, no importa que vuelvas, no te queremos, mejor qu\u00e9date en casa y reflexiona cual es el \u00a0camino correcto para ser una mejor persona. Cuando creas que lo has conseguido, sal a la calle con cuidado, no vayas a volver a las andadas.<\/p>\n<p style=\"text-align: justify\">Y para los incr\u00e9dulos, no, no se han ca\u00eddo ni el cartel, ni la baldosa, los dos est\u00e1n atornillados. En esta etapa precisamente son muchos los hitos mutilados fruto del vandalismo indiscriminado.<\/p>\n<p style=\"text-align: justify\">Estas cosas me ponen de mala leche\u2026 un \u00faltimo regalo en forma de imagen para quitarnos el mal sabor de boca y desearos una feliz semana y \u00a1\u00a1nos vemos en breve!!<\/p>\n<p style=\"text-align: justify\"><img loading=\"lazy\" decoding=\"async\" class=\"aligncenter wp-image-910 size-large\" src=\"http:\/\/www.senderosgr.es\/blog\/wp-content\/uploads\/2017\/02\/Final-etapa-1024x329.jpg\" alt=\"Final etapa\" width=\"697\" height=\"224\" srcset=\"https:\/\/www.senderosgr.es\/blog\/wp-content\/uploads\/2017\/02\/Final-etapa-1024x329.jpg 1024w, https:\/\/www.senderosgr.es\/blog\/wp-content\/uploads\/2017\/02\/Final-etapa-600x193.jpg 600w, https:\/\/www.senderosgr.es\/blog\/wp-content\/uploads\/2017\/02\/Final-etapa-300x96.jpg 300w, https:\/\/www.senderosgr.es\/blog\/wp-content\/uploads\/2017\/02\/Final-etapa-768x247.jpg 768w, https:\/\/www.senderosgr.es\/blog\/wp-content\/uploads\/2017\/02\/Final-etapa.jpg 2000w\" sizes=\"auto, (max-width: 697px) 100vw, 697px\" \/><\/p>\n","protected":false},"excerpt":{"rendered":"<p>GR 223: Etapa 3: \u00a0Fav\u00e0ritx &#8211; Arenal d\u2019En Castell Le llega el turno a una etapa espectacular\u2026 tanto a nivel geol\u00f3gico como a nivel etnol\u00f3gico, con unas salinas en desuso dignas de admirar as\u00ed como con la finalizaci\u00f3n del tramo terrestre del Parque Natural de la Albufera d\u2019Es Grau. Una etapa de contrastes e im\u00e1genes [&hellip;]<\/p>\n","protected":false},"author":5,"featured_media":913,"comment_status":"open","ping_status":"open","sticky":false,"template":"","format":"standard","meta":{"footnotes":""},"categories":[210,221],"tags":[172,230,223,173,191,214,215],"class_list":["post-899","post","type-post","status-publish","format-standard","has-post-thumbnail","hentry","category-gerreristas","category-grmenorca","tag-gerrerista","tag-gr-223","tag-menorca","tag-senderismo","tag-senderosgr","tag-travesia","tag-trekking"],"yoast_head":"<!-- This site is optimized with the Yoast SEO plugin v26.6 - https:\/\/yoast.com\/wordpress\/plugins\/seo\/ -->\n<title>GR 223 - Fav\u00e0ritx - Arenal d&#039;En Castell<\/title>\n<meta name=\"description\" content=\"De Fav\u00e0ritx a Arenal d&#039;En Castell, etapa del GR 223 combina diversos entornos para conseguir una experiencia \u00fanica e inolvidable dentro del Cam\u00ed de Cavalls.\" \/>\n<meta name=\"robots\" content=\"index, follow, max-snippet:-1, max-image-preview:large, max-video-preview:-1\" \/>\n<link rel=\"canonical\" href=\"https:\/\/www.senderosgr.es\/blog\/2017\/02\/09\/gr-223-etapa-3\/\" \/>\n<meta property=\"og:locale\" content=\"es_ES\" \/>\n<meta property=\"og:type\" content=\"article\" \/>\n<meta property=\"og:title\" content=\"GR 223 - Fav\u00e0ritx - Arenal d&#039;En Castell\" \/>\n<meta property=\"og:description\" content=\"De Fav\u00e0ritx a Arenal d&#039;En Castell, etapa del GR 223 combina diversos entornos para conseguir una experiencia \u00fanica e inolvidable dentro del Cam\u00ed de Cavalls.\" \/>\n<meta property=\"og:url\" content=\"https:\/\/www.senderosgr.es\/blog\/2017\/02\/09\/gr-223-etapa-3\/\" \/>\n<meta property=\"og:site_name\" content=\"El Blog de SenderosGR\" \/>\n<meta property=\"article:published_time\" content=\"2017-02-09T08:07:48+00:00\" \/>\n<meta property=\"article:modified_time\" content=\"2017-04-04T17:28:02+00:00\" \/>\n<meta property=\"og:image\" content=\"https:\/\/www.senderosgr.es\/blog\/wp-content\/uploads\/2017\/02\/CdC_etapa3_panoramicaAddaia_IV.jpg\" \/>\n\t<meta property=\"og:image:width\" content=\"1500\" \/>\n\t<meta property=\"og:image:height\" content=\"1125\" \/>\n\t<meta property=\"og:image:type\" content=\"image\/jpeg\" \/>\n<meta name=\"author\" content=\"Estrella Pons\" \/>\n<meta name=\"twitter:card\" content=\"summary_large_image\" \/>\n<meta name=\"twitter:label1\" content=\"Escrito por\" \/>\n\t<meta name=\"twitter:data1\" content=\"Estrella Pons\" \/>\n\t<meta name=\"twitter:label2\" content=\"Tiempo de lectura\" \/>\n\t<meta name=\"twitter:data2\" content=\"7 minutos\" \/>\n<script type=\"application\/ld+json\" class=\"yoast-schema-graph\">{\"@context\":\"https:\/\/schema.org\",\"@graph\":[{\"@type\":\"Article\",\"@id\":\"https:\/\/www.senderosgr.es\/blog\/2017\/02\/09\/gr-223-etapa-3\/#article\",\"isPartOf\":{\"@id\":\"https:\/\/www.senderosgr.es\/blog\/2017\/02\/09\/gr-223-etapa-3\/\"},\"author\":{\"name\":\"Estrella Pons\",\"@id\":\"https:\/\/www.senderosgr.es\/blog\/#\/schema\/person\/080d1d24180630a2d404630713e0edbd\"},\"headline\":\"GR 223: Etapa 3: Fav\u00e0ritx &#8211; Arenal d\u2019En Castell\",\"datePublished\":\"2017-02-09T08:07:48+00:00\",\"dateModified\":\"2017-04-04T17:28:02+00:00\",\"mainEntityOfPage\":{\"@id\":\"https:\/\/www.senderosgr.es\/blog\/2017\/02\/09\/gr-223-etapa-3\/\"},\"wordCount\":1339,\"commentCount\":0,\"publisher\":{\"@id\":\"https:\/\/www.senderosgr.es\/blog\/#organization\"},\"image\":{\"@id\":\"https:\/\/www.senderosgr.es\/blog\/2017\/02\/09\/gr-223-etapa-3\/#primaryimage\"},\"thumbnailUrl\":\"https:\/\/www.senderosgr.es\/blog\/wp-content\/uploads\/2017\/02\/CdC_etapa3_panoramicaAddaia_IV.jpg\",\"keywords\":[\"gerrerista\",\"GR-223\",\"menorca\",\"senderismo\",\"senderosgr\",\"traves\u00eda\",\"trekking\"],\"articleSection\":[\"Gerreristas\",\"GR#Menorca\"],\"inLanguage\":\"es\",\"potentialAction\":[{\"@type\":\"CommentAction\",\"name\":\"Comment\",\"target\":[\"https:\/\/www.senderosgr.es\/blog\/2017\/02\/09\/gr-223-etapa-3\/#respond\"]}]},{\"@type\":\"WebPage\",\"@id\":\"https:\/\/www.senderosgr.es\/blog\/2017\/02\/09\/gr-223-etapa-3\/\",\"url\":\"https:\/\/www.senderosgr.es\/blog\/2017\/02\/09\/gr-223-etapa-3\/\",\"name\":\"GR 223 - Fav\u00e0ritx - Arenal d'En Castell\",\"isPartOf\":{\"@id\":\"https:\/\/www.senderosgr.es\/blog\/#website\"},\"primaryImageOfPage\":{\"@id\":\"https:\/\/www.senderosgr.es\/blog\/2017\/02\/09\/gr-223-etapa-3\/#primaryimage\"},\"image\":{\"@id\":\"https:\/\/www.senderosgr.es\/blog\/2017\/02\/09\/gr-223-etapa-3\/#primaryimage\"},\"thumbnailUrl\":\"https:\/\/www.senderosgr.es\/blog\/wp-content\/uploads\/2017\/02\/CdC_etapa3_panoramicaAddaia_IV.jpg\",\"datePublished\":\"2017-02-09T08:07:48+00:00\",\"dateModified\":\"2017-04-04T17:28:02+00:00\",\"description\":\"De Fav\u00e0ritx a Arenal d'En Castell, etapa del GR 223 combina diversos entornos para conseguir una experiencia \u00fanica e inolvidable dentro del Cam\u00ed de Cavalls.\",\"breadcrumb\":{\"@id\":\"https:\/\/www.senderosgr.es\/blog\/2017\/02\/09\/gr-223-etapa-3\/#breadcrumb\"},\"inLanguage\":\"es\",\"potentialAction\":[{\"@type\":\"ReadAction\",\"target\":[\"https:\/\/www.senderosgr.es\/blog\/2017\/02\/09\/gr-223-etapa-3\/\"]}]},{\"@type\":\"ImageObject\",\"inLanguage\":\"es\",\"@id\":\"https:\/\/www.senderosgr.es\/blog\/2017\/02\/09\/gr-223-etapa-3\/#primaryimage\",\"url\":\"https:\/\/www.senderosgr.es\/blog\/wp-content\/uploads\/2017\/02\/CdC_etapa3_panoramicaAddaia_IV.jpg\",\"contentUrl\":\"https:\/\/www.senderosgr.es\/blog\/wp-content\/uploads\/2017\/02\/CdC_etapa3_panoramicaAddaia_IV.jpg\",\"width\":1500,\"height\":1125,\"caption\":\"Addaia\"},{\"@type\":\"BreadcrumbList\",\"@id\":\"https:\/\/www.senderosgr.es\/blog\/2017\/02\/09\/gr-223-etapa-3\/#breadcrumb\",\"itemListElement\":[{\"@type\":\"ListItem\",\"position\":1,\"name\":\"Portada\",\"item\":\"https:\/\/www.senderosgr.es\/blog\/\"},{\"@type\":\"ListItem\",\"position\":2,\"name\":\"GR 223: Etapa 3: Fav\u00e0ritx &#8211; Arenal d\u2019En Castell\"}]},{\"@type\":\"WebSite\",\"@id\":\"https:\/\/www.senderosgr.es\/blog\/#website\",\"url\":\"https:\/\/www.senderosgr.es\/blog\/\",\"name\":\"El Blog de SenderosGR\",\"description\":\"Noticias, opiniones... \u00a1y mucho m\u00e1s!\",\"publisher\":{\"@id\":\"https:\/\/www.senderosgr.es\/blog\/#organization\"},\"potentialAction\":[{\"@type\":\"SearchAction\",\"target\":{\"@type\":\"EntryPoint\",\"urlTemplate\":\"https:\/\/www.senderosgr.es\/blog\/?s={search_term_string}\"},\"query-input\":{\"@type\":\"PropertyValueSpecification\",\"valueRequired\":true,\"valueName\":\"search_term_string\"}}],\"inLanguage\":\"es\"},{\"@type\":\"Organization\",\"@id\":\"https:\/\/www.senderosgr.es\/blog\/#organization\",\"name\":\"El Blog de SenderosGR\",\"url\":\"https:\/\/www.senderosgr.es\/blog\/\",\"logo\":{\"@type\":\"ImageObject\",\"inLanguage\":\"es\",\"@id\":\"https:\/\/www.senderosgr.es\/blog\/#\/schema\/logo\/image\/\",\"url\":\"https:\/\/www.senderosgr.es\/blog\/wp-content\/uploads\/2016\/06\/SGR-logo-cabecera-wordpress-copy-1.jpg\",\"contentUrl\":\"https:\/\/www.senderosgr.es\/blog\/wp-content\/uploads\/2016\/06\/SGR-logo-cabecera-wordpress-copy-1.jpg\",\"width\":240,\"height\":240,\"caption\":\"El Blog de SenderosGR\"},\"image\":{\"@id\":\"https:\/\/www.senderosgr.es\/blog\/#\/schema\/logo\/image\/\"}},{\"@type\":\"Person\",\"@id\":\"https:\/\/www.senderosgr.es\/blog\/#\/schema\/person\/080d1d24180630a2d404630713e0edbd\",\"name\":\"Estrella Pons\",\"image\":{\"@type\":\"ImageObject\",\"inLanguage\":\"es\",\"@id\":\"https:\/\/www.senderosgr.es\/blog\/#\/schema\/person\/image\/\",\"url\":\"https:\/\/secure.gravatar.com\/avatar\/ee06c440cc9a5d2fda28084c8af4b314cbaaa66ec8122f2cd564d046b8ed01f8?s=96&d=mm&r=g\",\"contentUrl\":\"https:\/\/secure.gravatar.com\/avatar\/ee06c440cc9a5d2fda28084c8af4b314cbaaa66ec8122f2cd564d046b8ed01f8?s=96&d=mm&r=g\",\"caption\":\"Estrella Pons\"},\"description\":\"\u00a1Hola! Soy Estrella y he tenido el privilegio de nacer en un para\u00edso. \u00daltimamente adem\u00e1s, la suerte de poder aportar mi grano de arena a este proyecto. Os invito a descubrir de mi pu\u00f1o y letra, el GR que tengo m\u00e1s a mano... y los que vayan poni\u00e9ndose delante de mis pies :) \u00bfPreparados?\",\"url\":\"https:\/\/www.senderosgr.es\/blog\/author\/estrella\/\"}]}<\/script>\n<!-- \/ Yoast SEO plugin. -->","yoast_head_json":{"title":"GR 223 - Fav\u00e0ritx - Arenal d'En Castell","description":"De Fav\u00e0ritx a Arenal d'En Castell, etapa del GR 223 combina diversos entornos para conseguir una experiencia \u00fanica e inolvidable dentro del Cam\u00ed de Cavalls.","robots":{"index":"index","follow":"follow","max-snippet":"max-snippet:-1","max-image-preview":"max-image-preview:large","max-video-preview":"max-video-preview:-1"},"canonical":"https:\/\/www.senderosgr.es\/blog\/2017\/02\/09\/gr-223-etapa-3\/","og_locale":"es_ES","og_type":"article","og_title":"GR 223 - Fav\u00e0ritx - Arenal d'En Castell","og_description":"De Fav\u00e0ritx a Arenal d'En Castell, etapa del GR 223 combina diversos entornos para conseguir una experiencia \u00fanica e inolvidable dentro del Cam\u00ed de Cavalls.","og_url":"https:\/\/www.senderosgr.es\/blog\/2017\/02\/09\/gr-223-etapa-3\/","og_site_name":"El Blog de SenderosGR","article_published_time":"2017-02-09T08:07:48+00:00","article_modified_time":"2017-04-04T17:28:02+00:00","og_image":[{"width":1500,"height":1125,"url":"https:\/\/www.senderosgr.es\/blog\/wp-content\/uploads\/2017\/02\/CdC_etapa3_panoramicaAddaia_IV.jpg","type":"image\/jpeg"}],"author":"Estrella Pons","twitter_card":"summary_large_image","twitter_misc":{"Escrito por":"Estrella Pons","Tiempo de lectura":"7 minutos"},"schema":{"@context":"https:\/\/schema.org","@graph":[{"@type":"Article","@id":"https:\/\/www.senderosgr.es\/blog\/2017\/02\/09\/gr-223-etapa-3\/#article","isPartOf":{"@id":"https:\/\/www.senderosgr.es\/blog\/2017\/02\/09\/gr-223-etapa-3\/"},"author":{"name":"Estrella Pons","@id":"https:\/\/www.senderosgr.es\/blog\/#\/schema\/person\/080d1d24180630a2d404630713e0edbd"},"headline":"GR 223: Etapa 3: Fav\u00e0ritx &#8211; Arenal d\u2019En Castell","datePublished":"2017-02-09T08:07:48+00:00","dateModified":"2017-04-04T17:28:02+00:00","mainEntityOfPage":{"@id":"https:\/\/www.senderosgr.es\/blog\/2017\/02\/09\/gr-223-etapa-3\/"},"wordCount":1339,"commentCount":0,"publisher":{"@id":"https:\/\/www.senderosgr.es\/blog\/#organization"},"image":{"@id":"https:\/\/www.senderosgr.es\/blog\/2017\/02\/09\/gr-223-etapa-3\/#primaryimage"},"thumbnailUrl":"https:\/\/www.senderosgr.es\/blog\/wp-content\/uploads\/2017\/02\/CdC_etapa3_panoramicaAddaia_IV.jpg","keywords":["gerrerista","GR-223","menorca","senderismo","senderosgr","traves\u00eda","trekking"],"articleSection":["Gerreristas","GR#Menorca"],"inLanguage":"es","potentialAction":[{"@type":"CommentAction","name":"Comment","target":["https:\/\/www.senderosgr.es\/blog\/2017\/02\/09\/gr-223-etapa-3\/#respond"]}]},{"@type":"WebPage","@id":"https:\/\/www.senderosgr.es\/blog\/2017\/02\/09\/gr-223-etapa-3\/","url":"https:\/\/www.senderosgr.es\/blog\/2017\/02\/09\/gr-223-etapa-3\/","name":"GR 223 - Fav\u00e0ritx - Arenal d'En Castell","isPartOf":{"@id":"https:\/\/www.senderosgr.es\/blog\/#website"},"primaryImageOfPage":{"@id":"https:\/\/www.senderosgr.es\/blog\/2017\/02\/09\/gr-223-etapa-3\/#primaryimage"},"image":{"@id":"https:\/\/www.senderosgr.es\/blog\/2017\/02\/09\/gr-223-etapa-3\/#primaryimage"},"thumbnailUrl":"https:\/\/www.senderosgr.es\/blog\/wp-content\/uploads\/2017\/02\/CdC_etapa3_panoramicaAddaia_IV.jpg","datePublished":"2017-02-09T08:07:48+00:00","dateModified":"2017-04-04T17:28:02+00:00","description":"De Fav\u00e0ritx a Arenal d'En Castell, etapa del GR 223 combina diversos entornos para conseguir una experiencia \u00fanica e inolvidable dentro del Cam\u00ed de Cavalls.","breadcrumb":{"@id":"https:\/\/www.senderosgr.es\/blog\/2017\/02\/09\/gr-223-etapa-3\/#breadcrumb"},"inLanguage":"es","potentialAction":[{"@type":"ReadAction","target":["https:\/\/www.senderosgr.es\/blog\/2017\/02\/09\/gr-223-etapa-3\/"]}]},{"@type":"ImageObject","inLanguage":"es","@id":"https:\/\/www.senderosgr.es\/blog\/2017\/02\/09\/gr-223-etapa-3\/#primaryimage","url":"https:\/\/www.senderosgr.es\/blog\/wp-content\/uploads\/2017\/02\/CdC_etapa3_panoramicaAddaia_IV.jpg","contentUrl":"https:\/\/www.senderosgr.es\/blog\/wp-content\/uploads\/2017\/02\/CdC_etapa3_panoramicaAddaia_IV.jpg","width":1500,"height":1125,"caption":"Addaia"},{"@type":"BreadcrumbList","@id":"https:\/\/www.senderosgr.es\/blog\/2017\/02\/09\/gr-223-etapa-3\/#breadcrumb","itemListElement":[{"@type":"ListItem","position":1,"name":"Portada","item":"https:\/\/www.senderosgr.es\/blog\/"},{"@type":"ListItem","position":2,"name":"GR 223: Etapa 3: Fav\u00e0ritx &#8211; Arenal d\u2019En Castell"}]},{"@type":"WebSite","@id":"https:\/\/www.senderosgr.es\/blog\/#website","url":"https:\/\/www.senderosgr.es\/blog\/","name":"El Blog de SenderosGR","description":"Noticias, opiniones... \u00a1y mucho m\u00e1s!","publisher":{"@id":"https:\/\/www.senderosgr.es\/blog\/#organization"},"potentialAction":[{"@type":"SearchAction","target":{"@type":"EntryPoint","urlTemplate":"https:\/\/www.senderosgr.es\/blog\/?s={search_term_string}"},"query-input":{"@type":"PropertyValueSpecification","valueRequired":true,"valueName":"search_term_string"}}],"inLanguage":"es"},{"@type":"Organization","@id":"https:\/\/www.senderosgr.es\/blog\/#organization","name":"El Blog de SenderosGR","url":"https:\/\/www.senderosgr.es\/blog\/","logo":{"@type":"ImageObject","inLanguage":"es","@id":"https:\/\/www.senderosgr.es\/blog\/#\/schema\/logo\/image\/","url":"https:\/\/www.senderosgr.es\/blog\/wp-content\/uploads\/2016\/06\/SGR-logo-cabecera-wordpress-copy-1.jpg","contentUrl":"https:\/\/www.senderosgr.es\/blog\/wp-content\/uploads\/2016\/06\/SGR-logo-cabecera-wordpress-copy-1.jpg","width":240,"height":240,"caption":"El Blog de SenderosGR"},"image":{"@id":"https:\/\/www.senderosgr.es\/blog\/#\/schema\/logo\/image\/"}},{"@type":"Person","@id":"https:\/\/www.senderosgr.es\/blog\/#\/schema\/person\/080d1d24180630a2d404630713e0edbd","name":"Estrella Pons","image":{"@type":"ImageObject","inLanguage":"es","@id":"https:\/\/www.senderosgr.es\/blog\/#\/schema\/person\/image\/","url":"https:\/\/secure.gravatar.com\/avatar\/ee06c440cc9a5d2fda28084c8af4b314cbaaa66ec8122f2cd564d046b8ed01f8?s=96&d=mm&r=g","contentUrl":"https:\/\/secure.gravatar.com\/avatar\/ee06c440cc9a5d2fda28084c8af4b314cbaaa66ec8122f2cd564d046b8ed01f8?s=96&d=mm&r=g","caption":"Estrella Pons"},"description":"\u00a1Hola! Soy Estrella y he tenido el privilegio de nacer en un para\u00edso. \u00daltimamente adem\u00e1s, la suerte de poder aportar mi grano de arena a este proyecto. Os invito a descubrir de mi pu\u00f1o y letra, el GR que tengo m\u00e1s a mano... y los que vayan poni\u00e9ndose delante de mis pies :) \u00bfPreparados?","url":"https:\/\/www.senderosgr.es\/blog\/author\/estrella\/"}]}},"cc_featured_image_caption":{"caption_text":false,"source_text":false,"source_url":false},"_links":{"self":[{"href":"https:\/\/www.senderosgr.es\/blog\/wp-json\/wp\/v2\/posts\/899","targetHints":{"allow":["GET"]}}],"collection":[{"href":"https:\/\/www.senderosgr.es\/blog\/wp-json\/wp\/v2\/posts"}],"about":[{"href":"https:\/\/www.senderosgr.es\/blog\/wp-json\/wp\/v2\/types\/post"}],"author":[{"embeddable":true,"href":"https:\/\/www.senderosgr.es\/blog\/wp-json\/wp\/v2\/users\/5"}],"replies":[{"embeddable":true,"href":"https:\/\/www.senderosgr.es\/blog\/wp-json\/wp\/v2\/comments?post=899"}],"version-history":[{"count":18,"href":"https:\/\/www.senderosgr.es\/blog\/wp-json\/wp\/v2\/posts\/899\/revisions"}],"predecessor-version":[{"id":1154,"href":"https:\/\/www.senderosgr.es\/blog\/wp-json\/wp\/v2\/posts\/899\/revisions\/1154"}],"wp:featuredmedia":[{"embeddable":true,"href":"https:\/\/www.senderosgr.es\/blog\/wp-json\/wp\/v2\/media\/913"}],"wp:attachment":[{"href":"https:\/\/www.senderosgr.es\/blog\/wp-json\/wp\/v2\/media?parent=899"}],"wp:term":[{"taxonomy":"category","embeddable":true,"href":"https:\/\/www.senderosgr.es\/blog\/wp-json\/wp\/v2\/categories?post=899"},{"taxonomy":"post_tag","embeddable":true,"href":"https:\/\/www.senderosgr.es\/blog\/wp-json\/wp\/v2\/tags?post=899"}],"curies":[{"name":"wp","href":"https:\/\/api.w.org\/{rel}","templated":true}]}}