{"id":75,"date":"2011-12-13T18:43:00","date_gmt":"2011-12-13T18:43:00","guid":{"rendered":"http:\/\/www.senderosgr.es\/blog\/2011\/12\/13\/lesiones-ligadas-a-tu-deporte-de-montana-pregunta-al-fisioterapeuta\/"},"modified":"2011-12-13T18:43:00","modified_gmt":"2011-12-13T18:43:00","slug":"lesiones-ligadas-a-tu-deporte-de-montana-pregunta-al-fisioterapeuta","status":"publish","type":"post","link":"https:\/\/www.senderosgr.es\/blog\/2011\/12\/13\/lesiones-ligadas-a-tu-deporte-de-montana-pregunta-al-fisioterapeuta\/","title":{"rendered":"\u00bfLesiones ligadas a tu deporte de monta\u00f1a? Pregunta al fisioterapeuta."},"content":{"rendered":"<div style=\"text-align: justify;\"><a href=\"http:\/\/2.bp.blogspot.com\/-307pNP57OhE\/TuejY7btZRI\/AAAAAAAAALU\/TIecgygcBPM\/s1600\/jorge.jpg\"><img decoding=\"async\" alt=\"\" border=\"0\" id=\"BLOGGER_PHOTO_ID_5685692703244641554\" src=\"https:\/\/2.bp.blogspot.com\/-307pNP57OhE\/TuejY7btZRI\/AAAAAAAAALU\/TIecgygcBPM\/s320\/jorge.jpg\" style=\"cursor: hand; cursor: pointer; float: left; height: 180px; margin: 0 10px 10px 0; width: 320px;\" \/><\/a><span style=\"font-family: &quot;verdana&quot;; font-size: 85%;\">La revista digital <a href=\"http:\/\/desnivel.com\/\">Desnivel.com<\/a> organiza peri\u00f3dicamente encuentros digitales que ponen en contacto a profesionales, usuarios y amantes de los deportes de monta\u00f1a. El pr\u00f3ximo 25 de diciembre llega el turno de <a href=\"http:\/\/desnivel.com\/carreras-y-raids\/jorge-rodrigo-rodriguez-fisioterapeutalas-lesiones-debidas-al-sobreentrenamiento-serian-facilmente-evitables\">Jorge Rodrigo Rodr\u00edguez<\/a>, profesor de la Universidad de Castilla-La Mancha (UCLM) y autor del libro, publicado por Desnivel, <\/span><span style=\"font-size: 85%;\"><a href=\"http:\/\/www.edicionesdesnivel.com\/fichalibro.php?id=978-84-9829-239-8\" style=\"font-family: verdana;\"><span style=\"font-style: italic;\">Fisioterapia en Deportes de Monta\u00f1a y Escalada<\/span><\/a><span style=\"font-family: &quot;verdana&quot;;\">.<\/span><\/span><\/div>\n<div style=\"text-align: justify;\">\n<div style=\"text-align: justify;\"><span style=\"font-size: 85%;\"><span style=\"font-family: &quot;verdana&quot;;\"><br \/>Con motivo de este encuentro, que tendr\u00e1 lugar a las 13 horas, la revista digital ofrece la posibillidad a sus usuarios de formular al autor cualquier pregunta al respecto de lesiones relacionadas con deportes de monta\u00f1a y escalada. As\u00ed que, si ten\u00e9is preguntas no dud\u00e9is en hacerlas antes de la fecha del <a href=\"http:\/\/desnivel.com\/encuentros\/jorge-rodrigo-rodriguez\">Encuentro Digital con Jorge Rodrigo<\/a>.<\/p>\n<p><span style=\"font-weight: bold;\">Sobre el libro<\/span><br \/><\/span><\/span><span style=\"font-size: 85%;\"><span style=\"font-family: &quot;verdana&quot;; font-style: italic;\">Fisioterapia en Deportes de Monta\u00f1a y Escalada<\/span><\/span><span style=\"font-size: 85%;\"><span style=\"font-family: &quot;verdana&quot;;\"> recoge la informaci\u00f3n b\u00e1sica que puede resultar de utilidad a los monta\u00f1eros en caso de lesiones originadas por la pr\u00e1ctica deportiva en monta\u00f1a.<\/span><\/span><span style=\"font-size: 85%;\"><span style=\"font-family: &quot;verdana&quot;;\"> Esta es la primera publicaci\u00f3n como autor \u00fanico del profesor Rodrigo, quien asegura que con ella persigue \u00abponer al alcance de todos los deportistas de monta\u00f1a, sea cual sea su nivel y la actividad que realicen, un manual eminentemente pr\u00e1ctico para prevenir, tratar y recuperar las lesiones producidas en la pr\u00e1ctica deportiva\u00bb, todo ello \u00abde una forma sencilla y comprensible\u00bb.<\/span><\/span> <\/div>\n<p><span style=\"font-size: 85%;\"><span style=\"font-family: &quot;verdana&quot;;\">El libro dispone de 16 cap\u00edtulos en los que se clasifican las lesiones seg\u00fan se ubiquen en el hombro y cintura escapular, brazo y codo, antebrazo y mu\u00f1eca, mano, cadera y pelvis, muslo y rodilla, pierna y pie.<\/span><\/span><span style=\"font-size: 85%;\"><span style=\"font-family: &quot;verdana&quot;;\"> Los esguinces de tobillo merecen un cap\u00edtulo exclusivo, al igual que los principios generales de fisioterapia, la anatom\u00eda del aparato locomotor, la recuperaci\u00f3n deportiva, el entrenamiento hip\u00f3xico o la farmacolog\u00eda antiinflamatoria.<\/span><\/span><\/p>\n<p><span style=\"font-size: 85%;\"><span style=\"font-family: &quot;verdana&quot;;\">El pr\u00f3ximo mes de enero, el profesor Rodrigo ofrecer\u00e1 en la <a href=\"http:\/\/www.libreriadesnivel.com\/\">Librer\u00eda Desnivel de Madrid<\/a> una conferencia sobre las lesiones deportivas m\u00e1s habituales en los escaladores, y presentar\u00e1n su libro el alpinista, periodista y explorador <a href=\"http:\/\/www.cesarperezdetudela.com\/\">C\u00e9sar P\u00e9rez de Tudela<\/a> y el gu\u00eda de alta monta\u00f1a y director de la Escuela Alpina de Gredos, <a href=\"http:\/\/raullora.desnivel.com\/blogs\/acerca_de\/\">Ra\u00fal Lora del Cerro<\/a>.<\/span><\/span><\/p>\n<p><span style=\"font-size: 78%; font-style: italic;\"><span style=\"font-family: &quot;verdana&quot;;\">Foto: Sergio Prieto.<\/span><\/span><\/div>\n","protected":false},"excerpt":{"rendered":"<p>La revista digital Desnivel.com organiza peri\u00f3dicamente encuentros digitales que ponen en contacto a profesionales, usuarios y amantes de los deportes de monta\u00f1a. El pr\u00f3ximo 25 de diciembre llega el turno de Jorge Rodrigo Rodr\u00edguez, profesor de la Universidad de Castilla-La Mancha (UCLM) y autor del libro, publicado por Desnivel, Fisioterapia en Deportes de Monta\u00f1a y [&hellip;]<\/p>\n","protected":false},"author":1,"featured_media":0,"comment_status":"open","ping_status":"open","sticky":false,"template":"","format":"standard","meta":{"footnotes":""},"categories":[1],"tags":[],"class_list":["post-75","post","type-post","status-publish","format-standard","hentry","category-sin-categoria"],"yoast_head":"<!-- This site is optimized with the Yoast SEO plugin v26.6 - https:\/\/yoast.com\/wordpress\/plugins\/seo\/ -->\n<title>\u00bfLesiones ligadas a tu deporte de monta\u00f1a? Pregunta al fisioterapeuta. - El Blog de SenderosGR<\/title>\n<meta name=\"robots\" content=\"index, follow, max-snippet:-1, max-image-preview:large, max-video-preview:-1\" \/>\n<link rel=\"canonical\" href=\"https:\/\/www.senderosgr.es\/blog\/2011\/12\/13\/lesiones-ligadas-a-tu-deporte-de-montana-pregunta-al-fisioterapeuta\/\" \/>\n<meta property=\"og:locale\" content=\"es_ES\" \/>\n<meta property=\"og:type\" content=\"article\" \/>\n<meta property=\"og:title\" content=\"\u00bfLesiones ligadas a tu deporte de monta\u00f1a? Pregunta al fisioterapeuta. - El Blog de SenderosGR\" \/>\n<meta property=\"og:description\" content=\"La revista digital Desnivel.com organiza peri\u00f3dicamente encuentros digitales que ponen en contacto a profesionales, usuarios y amantes de los deportes de monta\u00f1a. El pr\u00f3ximo 25 de diciembre llega el turno de Jorge Rodrigo Rodr\u00edguez, profesor de la Universidad de Castilla-La Mancha (UCLM) y autor del libro, publicado por Desnivel, Fisioterapia en Deportes de Monta\u00f1a y [&hellip;]\" \/>\n<meta property=\"og:url\" content=\"https:\/\/www.senderosgr.es\/blog\/2011\/12\/13\/lesiones-ligadas-a-tu-deporte-de-montana-pregunta-al-fisioterapeuta\/\" \/>\n<meta property=\"og:site_name\" content=\"El Blog de SenderosGR\" \/>\n<meta property=\"article:published_time\" content=\"2011-12-13T18:43:00+00:00\" \/>\n<meta property=\"og:image\" content=\"https:\/\/2.bp.blogspot.com\/-307pNP57OhE\/TuejY7btZRI\/AAAAAAAAALU\/TIecgygcBPM\/s320\/jorge.jpg\" \/>\n<meta name=\"author\" content=\"SenderosGR\" \/>\n<meta name=\"twitter:card\" content=\"summary_large_image\" \/>\n<meta name=\"twitter:label1\" content=\"Escrito por\" \/>\n\t<meta name=\"twitter:data1\" content=\"SenderosGR\" \/>\n\t<meta name=\"twitter:label2\" content=\"Tiempo de lectura\" \/>\n\t<meta name=\"twitter:data2\" content=\"2 minutos\" \/>\n<script type=\"application\/ld+json\" class=\"yoast-schema-graph\">{\"@context\":\"https:\/\/schema.org\",\"@graph\":[{\"@type\":\"Article\",\"@id\":\"https:\/\/www.senderosgr.es\/blog\/2011\/12\/13\/lesiones-ligadas-a-tu-deporte-de-montana-pregunta-al-fisioterapeuta\/#article\",\"isPartOf\":{\"@id\":\"https:\/\/www.senderosgr.es\/blog\/2011\/12\/13\/lesiones-ligadas-a-tu-deporte-de-montana-pregunta-al-fisioterapeuta\/\"},\"author\":{\"name\":\"SenderosGR\",\"@id\":\"https:\/\/www.senderosgr.es\/blog\/#\/schema\/person\/f2eef32e9aa1ea1fbc35244e3cff648f\"},\"headline\":\"\u00bfLesiones ligadas a tu deporte de monta\u00f1a? Pregunta al fisioterapeuta.\",\"datePublished\":\"2011-12-13T18:43:00+00:00\",\"mainEntityOfPage\":{\"@id\":\"https:\/\/www.senderosgr.es\/blog\/2011\/12\/13\/lesiones-ligadas-a-tu-deporte-de-montana-pregunta-al-fisioterapeuta\/\"},\"wordCount\":379,\"commentCount\":0,\"publisher\":{\"@id\":\"https:\/\/www.senderosgr.es\/blog\/#organization\"},\"image\":{\"@id\":\"https:\/\/www.senderosgr.es\/blog\/2011\/12\/13\/lesiones-ligadas-a-tu-deporte-de-montana-pregunta-al-fisioterapeuta\/#primaryimage\"},\"thumbnailUrl\":\"https:\/\/2.bp.blogspot.com\/-307pNP57OhE\/TuejY7btZRI\/AAAAAAAAALU\/TIecgygcBPM\/s320\/jorge.jpg\",\"inLanguage\":\"es\",\"potentialAction\":[{\"@type\":\"CommentAction\",\"name\":\"Comment\",\"target\":[\"https:\/\/www.senderosgr.es\/blog\/2011\/12\/13\/lesiones-ligadas-a-tu-deporte-de-montana-pregunta-al-fisioterapeuta\/#respond\"]}]},{\"@type\":\"WebPage\",\"@id\":\"https:\/\/www.senderosgr.es\/blog\/2011\/12\/13\/lesiones-ligadas-a-tu-deporte-de-montana-pregunta-al-fisioterapeuta\/\",\"url\":\"https:\/\/www.senderosgr.es\/blog\/2011\/12\/13\/lesiones-ligadas-a-tu-deporte-de-montana-pregunta-al-fisioterapeuta\/\",\"name\":\"\u00bfLesiones ligadas a tu deporte de monta\u00f1a? Pregunta al fisioterapeuta. - El Blog de SenderosGR\",\"isPartOf\":{\"@id\":\"https:\/\/www.senderosgr.es\/blog\/#website\"},\"primaryImageOfPage\":{\"@id\":\"https:\/\/www.senderosgr.es\/blog\/2011\/12\/13\/lesiones-ligadas-a-tu-deporte-de-montana-pregunta-al-fisioterapeuta\/#primaryimage\"},\"image\":{\"@id\":\"https:\/\/www.senderosgr.es\/blog\/2011\/12\/13\/lesiones-ligadas-a-tu-deporte-de-montana-pregunta-al-fisioterapeuta\/#primaryimage\"},\"thumbnailUrl\":\"https:\/\/2.bp.blogspot.com\/-307pNP57OhE\/TuejY7btZRI\/AAAAAAAAALU\/TIecgygcBPM\/s320\/jorge.jpg\",\"datePublished\":\"2011-12-13T18:43:00+00:00\",\"breadcrumb\":{\"@id\":\"https:\/\/www.senderosgr.es\/blog\/2011\/12\/13\/lesiones-ligadas-a-tu-deporte-de-montana-pregunta-al-fisioterapeuta\/#breadcrumb\"},\"inLanguage\":\"es\",\"potentialAction\":[{\"@type\":\"ReadAction\",\"target\":[\"https:\/\/www.senderosgr.es\/blog\/2011\/12\/13\/lesiones-ligadas-a-tu-deporte-de-montana-pregunta-al-fisioterapeuta\/\"]}]},{\"@type\":\"ImageObject\",\"inLanguage\":\"es\",\"@id\":\"https:\/\/www.senderosgr.es\/blog\/2011\/12\/13\/lesiones-ligadas-a-tu-deporte-de-montana-pregunta-al-fisioterapeuta\/#primaryimage\",\"url\":\"https:\/\/2.bp.blogspot.com\/-307pNP57OhE\/TuejY7btZRI\/AAAAAAAAALU\/TIecgygcBPM\/s320\/jorge.jpg\",\"contentUrl\":\"https:\/\/2.bp.blogspot.com\/-307pNP57OhE\/TuejY7btZRI\/AAAAAAAAALU\/TIecgygcBPM\/s320\/jorge.jpg\"},{\"@type\":\"BreadcrumbList\",\"@id\":\"https:\/\/www.senderosgr.es\/blog\/2011\/12\/13\/lesiones-ligadas-a-tu-deporte-de-montana-pregunta-al-fisioterapeuta\/#breadcrumb\",\"itemListElement\":[{\"@type\":\"ListItem\",\"position\":1,\"name\":\"Portada\",\"item\":\"https:\/\/www.senderosgr.es\/blog\/\"},{\"@type\":\"ListItem\",\"position\":2,\"name\":\"\u00bfLesiones ligadas a tu deporte de monta\u00f1a? Pregunta al fisioterapeuta.\"}]},{\"@type\":\"WebSite\",\"@id\":\"https:\/\/www.senderosgr.es\/blog\/#website\",\"url\":\"https:\/\/www.senderosgr.es\/blog\/\",\"name\":\"El Blog de SenderosGR\",\"description\":\"Noticias, opiniones... \u00a1y mucho m\u00e1s!\",\"publisher\":{\"@id\":\"https:\/\/www.senderosgr.es\/blog\/#organization\"},\"potentialAction\":[{\"@type\":\"SearchAction\",\"target\":{\"@type\":\"EntryPoint\",\"urlTemplate\":\"https:\/\/www.senderosgr.es\/blog\/?s={search_term_string}\"},\"query-input\":{\"@type\":\"PropertyValueSpecification\",\"valueRequired\":true,\"valueName\":\"search_term_string\"}}],\"inLanguage\":\"es\"},{\"@type\":\"Organization\",\"@id\":\"https:\/\/www.senderosgr.es\/blog\/#organization\",\"name\":\"El Blog de SenderosGR\",\"url\":\"https:\/\/www.senderosgr.es\/blog\/\",\"logo\":{\"@type\":\"ImageObject\",\"inLanguage\":\"es\",\"@id\":\"https:\/\/www.senderosgr.es\/blog\/#\/schema\/logo\/image\/\",\"url\":\"https:\/\/www.senderosgr.es\/blog\/wp-content\/uploads\/2016\/06\/SGR-logo-cabecera-wordpress-copy-1.jpg\",\"contentUrl\":\"https:\/\/www.senderosgr.es\/blog\/wp-content\/uploads\/2016\/06\/SGR-logo-cabecera-wordpress-copy-1.jpg\",\"width\":240,\"height\":240,\"caption\":\"El Blog de SenderosGR\"},\"image\":{\"@id\":\"https:\/\/www.senderosgr.es\/blog\/#\/schema\/logo\/image\/\"}},{\"@type\":\"Person\",\"@id\":\"https:\/\/www.senderosgr.es\/blog\/#\/schema\/person\/f2eef32e9aa1ea1fbc35244e3cff648f\",\"name\":\"SenderosGR\",\"image\":{\"@type\":\"ImageObject\",\"inLanguage\":\"es\",\"@id\":\"https:\/\/www.senderosgr.es\/blog\/#\/schema\/person\/image\/\",\"url\":\"https:\/\/secure.gravatar.com\/avatar\/6f52711b33f9d4b67746ba74eb5d9e349ce13d3901fd85c995aea449f2512faf?s=96&d=mm&r=g\",\"contentUrl\":\"https:\/\/secure.gravatar.com\/avatar\/6f52711b33f9d4b67746ba74eb5d9e349ce13d3901fd85c995aea449f2512faf?s=96&d=mm&r=g\",\"caption\":\"SenderosGR\"},\"description\":\"Buz\u00f3n general de SenderosGR\",\"url\":\"https:\/\/www.senderosgr.es\/blog\/author\/administrador\/\"}]}<\/script>\n<!-- \/ Yoast SEO plugin. -->","yoast_head_json":{"title":"\u00bfLesiones ligadas a tu deporte de monta\u00f1a? Pregunta al fisioterapeuta. - El Blog de SenderosGR","robots":{"index":"index","follow":"follow","max-snippet":"max-snippet:-1","max-image-preview":"max-image-preview:large","max-video-preview":"max-video-preview:-1"},"canonical":"https:\/\/www.senderosgr.es\/blog\/2011\/12\/13\/lesiones-ligadas-a-tu-deporte-de-montana-pregunta-al-fisioterapeuta\/","og_locale":"es_ES","og_type":"article","og_title":"\u00bfLesiones ligadas a tu deporte de monta\u00f1a? Pregunta al fisioterapeuta. - El Blog de SenderosGR","og_description":"La revista digital Desnivel.com organiza peri\u00f3dicamente encuentros digitales que ponen en contacto a profesionales, usuarios y amantes de los deportes de monta\u00f1a. El pr\u00f3ximo 25 de diciembre llega el turno de Jorge Rodrigo Rodr\u00edguez, profesor de la Universidad de Castilla-La Mancha (UCLM) y autor del libro, publicado por Desnivel, Fisioterapia en Deportes de Monta\u00f1a y [&hellip;]","og_url":"https:\/\/www.senderosgr.es\/blog\/2011\/12\/13\/lesiones-ligadas-a-tu-deporte-de-montana-pregunta-al-fisioterapeuta\/","og_site_name":"El Blog de SenderosGR","article_published_time":"2011-12-13T18:43:00+00:00","og_image":[{"url":"https:\/\/2.bp.blogspot.com\/-307pNP57OhE\/TuejY7btZRI\/AAAAAAAAALU\/TIecgygcBPM\/s320\/jorge.jpg","type":"","width":"","height":""}],"author":"SenderosGR","twitter_card":"summary_large_image","twitter_misc":{"Escrito por":"SenderosGR","Tiempo de lectura":"2 minutos"},"schema":{"@context":"https:\/\/schema.org","@graph":[{"@type":"Article","@id":"https:\/\/www.senderosgr.es\/blog\/2011\/12\/13\/lesiones-ligadas-a-tu-deporte-de-montana-pregunta-al-fisioterapeuta\/#article","isPartOf":{"@id":"https:\/\/www.senderosgr.es\/blog\/2011\/12\/13\/lesiones-ligadas-a-tu-deporte-de-montana-pregunta-al-fisioterapeuta\/"},"author":{"name":"SenderosGR","@id":"https:\/\/www.senderosgr.es\/blog\/#\/schema\/person\/f2eef32e9aa1ea1fbc35244e3cff648f"},"headline":"\u00bfLesiones ligadas a tu deporte de monta\u00f1a? Pregunta al fisioterapeuta.","datePublished":"2011-12-13T18:43:00+00:00","mainEntityOfPage":{"@id":"https:\/\/www.senderosgr.es\/blog\/2011\/12\/13\/lesiones-ligadas-a-tu-deporte-de-montana-pregunta-al-fisioterapeuta\/"},"wordCount":379,"commentCount":0,"publisher":{"@id":"https:\/\/www.senderosgr.es\/blog\/#organization"},"image":{"@id":"https:\/\/www.senderosgr.es\/blog\/2011\/12\/13\/lesiones-ligadas-a-tu-deporte-de-montana-pregunta-al-fisioterapeuta\/#primaryimage"},"thumbnailUrl":"https:\/\/2.bp.blogspot.com\/-307pNP57OhE\/TuejY7btZRI\/AAAAAAAAALU\/TIecgygcBPM\/s320\/jorge.jpg","inLanguage":"es","potentialAction":[{"@type":"CommentAction","name":"Comment","target":["https:\/\/www.senderosgr.es\/blog\/2011\/12\/13\/lesiones-ligadas-a-tu-deporte-de-montana-pregunta-al-fisioterapeuta\/#respond"]}]},{"@type":"WebPage","@id":"https:\/\/www.senderosgr.es\/blog\/2011\/12\/13\/lesiones-ligadas-a-tu-deporte-de-montana-pregunta-al-fisioterapeuta\/","url":"https:\/\/www.senderosgr.es\/blog\/2011\/12\/13\/lesiones-ligadas-a-tu-deporte-de-montana-pregunta-al-fisioterapeuta\/","name":"\u00bfLesiones ligadas a tu deporte de monta\u00f1a? Pregunta al fisioterapeuta. - El Blog de SenderosGR","isPartOf":{"@id":"https:\/\/www.senderosgr.es\/blog\/#website"},"primaryImageOfPage":{"@id":"https:\/\/www.senderosgr.es\/blog\/2011\/12\/13\/lesiones-ligadas-a-tu-deporte-de-montana-pregunta-al-fisioterapeuta\/#primaryimage"},"image":{"@id":"https:\/\/www.senderosgr.es\/blog\/2011\/12\/13\/lesiones-ligadas-a-tu-deporte-de-montana-pregunta-al-fisioterapeuta\/#primaryimage"},"thumbnailUrl":"https:\/\/2.bp.blogspot.com\/-307pNP57OhE\/TuejY7btZRI\/AAAAAAAAALU\/TIecgygcBPM\/s320\/jorge.jpg","datePublished":"2011-12-13T18:43:00+00:00","breadcrumb":{"@id":"https:\/\/www.senderosgr.es\/blog\/2011\/12\/13\/lesiones-ligadas-a-tu-deporte-de-montana-pregunta-al-fisioterapeuta\/#breadcrumb"},"inLanguage":"es","potentialAction":[{"@type":"ReadAction","target":["https:\/\/www.senderosgr.es\/blog\/2011\/12\/13\/lesiones-ligadas-a-tu-deporte-de-montana-pregunta-al-fisioterapeuta\/"]}]},{"@type":"ImageObject","inLanguage":"es","@id":"https:\/\/www.senderosgr.es\/blog\/2011\/12\/13\/lesiones-ligadas-a-tu-deporte-de-montana-pregunta-al-fisioterapeuta\/#primaryimage","url":"https:\/\/2.bp.blogspot.com\/-307pNP57OhE\/TuejY7btZRI\/AAAAAAAAALU\/TIecgygcBPM\/s320\/jorge.jpg","contentUrl":"https:\/\/2.bp.blogspot.com\/-307pNP57OhE\/TuejY7btZRI\/AAAAAAAAALU\/TIecgygcBPM\/s320\/jorge.jpg"},{"@type":"BreadcrumbList","@id":"https:\/\/www.senderosgr.es\/blog\/2011\/12\/13\/lesiones-ligadas-a-tu-deporte-de-montana-pregunta-al-fisioterapeuta\/#breadcrumb","itemListElement":[{"@type":"ListItem","position":1,"name":"Portada","item":"https:\/\/www.senderosgr.es\/blog\/"},{"@type":"ListItem","position":2,"name":"\u00bfLesiones ligadas a tu deporte de monta\u00f1a? Pregunta al fisioterapeuta."}]},{"@type":"WebSite","@id":"https:\/\/www.senderosgr.es\/blog\/#website","url":"https:\/\/www.senderosgr.es\/blog\/","name":"El Blog de SenderosGR","description":"Noticias, opiniones... \u00a1y mucho m\u00e1s!","publisher":{"@id":"https:\/\/www.senderosgr.es\/blog\/#organization"},"potentialAction":[{"@type":"SearchAction","target":{"@type":"EntryPoint","urlTemplate":"https:\/\/www.senderosgr.es\/blog\/?s={search_term_string}"},"query-input":{"@type":"PropertyValueSpecification","valueRequired":true,"valueName":"search_term_string"}}],"inLanguage":"es"},{"@type":"Organization","@id":"https:\/\/www.senderosgr.es\/blog\/#organization","name":"El Blog de SenderosGR","url":"https:\/\/www.senderosgr.es\/blog\/","logo":{"@type":"ImageObject","inLanguage":"es","@id":"https:\/\/www.senderosgr.es\/blog\/#\/schema\/logo\/image\/","url":"https:\/\/www.senderosgr.es\/blog\/wp-content\/uploads\/2016\/06\/SGR-logo-cabecera-wordpress-copy-1.jpg","contentUrl":"https:\/\/www.senderosgr.es\/blog\/wp-content\/uploads\/2016\/06\/SGR-logo-cabecera-wordpress-copy-1.jpg","width":240,"height":240,"caption":"El Blog de SenderosGR"},"image":{"@id":"https:\/\/www.senderosgr.es\/blog\/#\/schema\/logo\/image\/"}},{"@type":"Person","@id":"https:\/\/www.senderosgr.es\/blog\/#\/schema\/person\/f2eef32e9aa1ea1fbc35244e3cff648f","name":"SenderosGR","image":{"@type":"ImageObject","inLanguage":"es","@id":"https:\/\/www.senderosgr.es\/blog\/#\/schema\/person\/image\/","url":"https:\/\/secure.gravatar.com\/avatar\/6f52711b33f9d4b67746ba74eb5d9e349ce13d3901fd85c995aea449f2512faf?s=96&d=mm&r=g","contentUrl":"https:\/\/secure.gravatar.com\/avatar\/6f52711b33f9d4b67746ba74eb5d9e349ce13d3901fd85c995aea449f2512faf?s=96&d=mm&r=g","caption":"SenderosGR"},"description":"Buz\u00f3n general de SenderosGR","url":"https:\/\/www.senderosgr.es\/blog\/author\/administrador\/"}]}},"cc_featured_image_caption":{"caption_text":false,"source_text":false,"source_url":false},"_links":{"self":[{"href":"https:\/\/www.senderosgr.es\/blog\/wp-json\/wp\/v2\/posts\/75","targetHints":{"allow":["GET"]}}],"collection":[{"href":"https:\/\/www.senderosgr.es\/blog\/wp-json\/wp\/v2\/posts"}],"about":[{"href":"https:\/\/www.senderosgr.es\/blog\/wp-json\/wp\/v2\/types\/post"}],"author":[{"embeddable":true,"href":"https:\/\/www.senderosgr.es\/blog\/wp-json\/wp\/v2\/users\/1"}],"replies":[{"embeddable":true,"href":"https:\/\/www.senderosgr.es\/blog\/wp-json\/wp\/v2\/comments?post=75"}],"version-history":[{"count":0,"href":"https:\/\/www.senderosgr.es\/blog\/wp-json\/wp\/v2\/posts\/75\/revisions"}],"wp:attachment":[{"href":"https:\/\/www.senderosgr.es\/blog\/wp-json\/wp\/v2\/media?parent=75"}],"wp:term":[{"taxonomy":"category","embeddable":true,"href":"https:\/\/www.senderosgr.es\/blog\/wp-json\/wp\/v2\/categories?post=75"},{"taxonomy":"post_tag","embeddable":true,"href":"https:\/\/www.senderosgr.es\/blog\/wp-json\/wp\/v2\/tags?post=75"}],"curies":[{"name":"wp","href":"https:\/\/api.w.org\/{rel}","templated":true}]}}