{"id":74,"date":"2011-12-13T22:11:00","date_gmt":"2011-12-13T22:11:00","guid":{"rendered":"http:\/\/www.senderosgr.es\/blog\/2011\/12\/13\/sendero-gr-127-sendero-del-segura-completo\/"},"modified":"2016-07-05T20:43:56","modified_gmt":"2016-07-05T18:43:56","slug":"sendero-gr-127-sendero-del-segura-completo","status":"publish","type":"post","link":"https:\/\/www.senderosgr.es\/blog\/2011\/12\/13\/sendero-gr-127-sendero-del-segura-completo\/","title":{"rendered":"Sendero GR 127 \u00abSendero del Segura\u00bb (Completo)"},"content":{"rendered":"<p style=\"text-align: justify;\">Hace unos d\u00edas estuvimos haciendo las primeras etapas del Sendero GR 127, desde el Embalse del Cenajo hasta Cieza, aunque a\u00fan quedan algunas etapas por concluir vamos hacer un peque\u00f1o resumen, del que puede ser de momento unos de los mejores senderos de largo recorrido de Murcia, tanto por su se\u00f1alizaci\u00f3n como por sus impresionantes parajes. Seguramente conforme el Sendero se vaya acercando a las poblaciones mas grandes ir\u00e1 perdiendo esa belleza natural.<\/p>\n<p style=\"text-align: justify;\">Este Sendero no dispone de ninguna documentaci\u00f3n o al menos yo no he encontrado, si pod\u00e9is encontrar los<a href=\"http:\/\/www.senderismomurcia.es\/servicios.php?id=56\"> tracks para GPS<\/a><\/p>\n<p style=\"text-align: justify;\">Para empezar cabe destacar, que nuestro sentido era desde el Embalse del Cenajo a Murcia.<\/p>\n<p style=\"text-align: justify;\">La primera Etapa nos llevar\u00eda desde el Embalse del Cenajo hasta la rivera del r\u00edo donde hicimos noche, hay que llevar cuidado por que hay un punto que es dif\u00edcil encontrar la se\u00f1al.<\/p>\n<p><strong>Etapa 01: Embalse Cenajo &#8211; Rivera del Rio<\/strong><\/p>\n<p><img loading=\"lazy\" decoding=\"async\" class=\"aligncenter size-full wp-image-292\" src=\"http:\/\/www.senderosgr.es\/blog\/wp-content\/uploads\/2011\/12\/Etapa-1.jpg\" alt=\"Mapa de la etapa 1\" width=\"816\" height=\"649\" srcset=\"https:\/\/www.senderosgr.es\/blog\/wp-content\/uploads\/2011\/12\/Etapa-1.jpg 816w, https:\/\/www.senderosgr.es\/blog\/wp-content\/uploads\/2011\/12\/Etapa-1-600x477.jpg 600w, https:\/\/www.senderosgr.es\/blog\/wp-content\/uploads\/2011\/12\/Etapa-1-300x239.jpg 300w, https:\/\/www.senderosgr.es\/blog\/wp-content\/uploads\/2011\/12\/Etapa-1-768x611.jpg 768w\" sizes=\"auto, (max-width: 816px) 100vw, 816px\" \/><\/p>\n<p style=\"text-align: justify;\">El primer d\u00eda no me llev\u00f3 mucho tiempo; alrededor de unas 4 horas, con muchas paradas. Y como sal\u00ed ya tarde, y era noviembre, no me dio mucho m\u00e1s tiempo para avanzar.\u00a0De todas formas, las primeras etapas son las m\u00e1s bonitas de este sendero; y sabi\u00e9ndolo fui m\u00e1s despacio de lo normal, con el fin de aprovechar y ver este espectacular paisaje.<\/p>\n<p><strong>Punto posible de p\u00e9rdida:<\/strong><\/p>\n<p><img loading=\"lazy\" decoding=\"async\" class=\"aligncenter size-full wp-image-294\" src=\"http:\/\/www.senderosgr.es\/blog\/wp-content\/uploads\/2011\/12\/2011-10-30_09-17-25_820.jpg\" alt=\"2011-10-30_09-17-25_820\" width=\"640\" height=\"478\" srcset=\"https:\/\/www.senderosgr.es\/blog\/wp-content\/uploads\/2011\/12\/2011-10-30_09-17-25_820.jpg 640w, https:\/\/www.senderosgr.es\/blog\/wp-content\/uploads\/2011\/12\/2011-10-30_09-17-25_820-600x448.jpg 600w, https:\/\/www.senderosgr.es\/blog\/wp-content\/uploads\/2011\/12\/2011-10-30_09-17-25_820-300x224.jpg 300w\" sizes=\"auto, (max-width: 640px) 100vw, 640px\" \/><\/p>\n<p>Esta foto es lo que se ve justo de frente en el desv\u00edo del GR 127 (a la derecha), hay que estar muy atento por que pod\u00e9is saltaros la indicaci\u00f3n.<\/p>\n<p><strong>V\u00eddeos de la primera etapa<\/strong>:<br \/>\n<iframe loading=\"lazy\" src=\"https:\/\/www.youtube.com\/embed\/-SaLDqlZMKo\" width=\"640\" height=\"360\" frameborder=\"0\" allowfullscreen=\"allowfullscreen\"><\/iframe><\/p>\n<p><iframe loading=\"lazy\" src=\"https:\/\/www.youtube.com\/embed\/0u0S7IIttBk\" width=\"640\" height=\"360\" frameborder=\"0\" allowfullscreen=\"allowfullscreen\"><\/iframe><\/p>\n<p><strong>Etapa 02: Rivera del R\u00edo &#8211; Calasparra<\/strong><\/p>\n<p style=\"text-align: justify;\">Ya dejando la lluvia del primer d\u00eda, y con un sol estupendo, me dirijo a Calasparra feliz porque\u00a0hab\u00eda encontrado la se\u00f1al que estaba perdida. Avanzando por plena monta\u00f1a y valles me encuentro con un sendero cortado por la maleza, que me obliga a desviarme y dejar de poder ver una de las partes m\u00e1s bonitas del sendero GR-127.<\/p>\n<p style=\"text-align: justify;\">Si llev\u00e1is un mapa, lo cual aconsejo, podr\u00e9is tomar alternativas para no desviaros mucho del sendero GR-127. Si hac\u00e9is como yo, de no llevar mapa, llegar\u00e9is a puntos donde el camino se corta y tendr\u00e9is que deshacer lo andado.<\/p>\n<p><span style=\"font-family: 'verdana' , sans-serif; font-size: xx-small;\"><img loading=\"lazy\" decoding=\"async\" class=\"aligncenter size-large wp-image-295\" src=\"http:\/\/www.senderosgr.es\/blog\/wp-content\/uploads\/2011\/12\/alternativa-calasparra-1024x403.jpg\" alt=\"mapas\" width=\"697\" height=\"274\" srcset=\"https:\/\/www.senderosgr.es\/blog\/wp-content\/uploads\/2011\/12\/alternativa-calasparra-1024x403.jpg 1024w, https:\/\/www.senderosgr.es\/blog\/wp-content\/uploads\/2011\/12\/alternativa-calasparra-600x236.jpg 600w, https:\/\/www.senderosgr.es\/blog\/wp-content\/uploads\/2011\/12\/alternativa-calasparra-300x118.jpg 300w, https:\/\/www.senderosgr.es\/blog\/wp-content\/uploads\/2011\/12\/alternativa-calasparra-768x302.jpg 768w, https:\/\/www.senderosgr.es\/blog\/wp-content\/uploads\/2011\/12\/alternativa-calasparra.jpg 1636w\" sizes=\"auto, (max-width: 697px) 100vw, 697px\" \/><\/span><\/p>\n<p>En rojo ten\u00e9is lo que yo hice.\u00a0En verde, lo que hubiera hecho disponiendo de un mapa. Al no tener mapa no pod\u00eda saber hacia d\u00f3nde se dirig\u00eda el sendero, as\u00ed que decid\u00ed por ir a lo seguro.\u00a0La persona que hizo el Track parece que decidi\u00f3 atravesar por un punto alto, cosa que yo no consider\u00e9 por peligroso.<\/p>\n<p><strong>V\u00eddeos de la segunda etapa<\/strong>:<\/p>\n<p><iframe loading=\"lazy\" src=\"https:\/\/www.youtube.com\/embed\/tXv780OZMpg\" width=\"640\" height=\"360\" frameborder=\"0\" allowfullscreen=\"allowfullscreen\"><\/iframe><\/p>\n<p><iframe loading=\"lazy\" src=\"https:\/\/www.youtube.com\/embed\/aK_qLAbGoUQ\" width=\"640\" height=\"360\" frameborder=\"0\" allowfullscreen=\"allowfullscreen\"><\/iframe><\/p>\n<p><strong>Etapa 03: Calasparra &#8211; Cieza<\/strong><\/p>\n<p style=\"text-align: justify;\">Esta etapa fue la m\u00e1s dura, ya que volv\u00ed a encontrarme con un sendero cortado por la maleza, que me oblig\u00f3 a desviarme; y al no disponer de un mapa termine totalmente perdido. Aunque ten\u00eda la referencia del r\u00edo, las malas decisiones me llevaron a perder la referencia, a desorientarme y perderme completamente.\u00a0Al final llegu\u00e9 al embalse Alfonso XIII, lugar donde pasa el GR-7, y donde fui recogido por un amigo que me llev\u00f3 a los Almadenes.<\/p>\n<p style=\"text-align: justify;\"><img loading=\"lazy\" decoding=\"async\" class=\"aligncenter size-full wp-image-297\" src=\"http:\/\/www.senderosgr.es\/blog\/wp-content\/uploads\/2011\/12\/ruta-perdido.jpg\" alt=\"mapa\" width=\"817\" height=\"636\" srcset=\"https:\/\/www.senderosgr.es\/blog\/wp-content\/uploads\/2011\/12\/ruta-perdido.jpg 817w, https:\/\/www.senderosgr.es\/blog\/wp-content\/uploads\/2011\/12\/ruta-perdido-600x467.jpg 600w, https:\/\/www.senderosgr.es\/blog\/wp-content\/uploads\/2011\/12\/ruta-perdido-300x234.jpg 300w, https:\/\/www.senderosgr.es\/blog\/wp-content\/uploads\/2011\/12\/ruta-perdido-768x598.jpg 768w\" sizes=\"auto, (max-width: 817px) 100vw, 817px\" \/><\/p>\n<p style=\"text-align: justify;\">Aqu\u00ed pod\u00e9is ver c\u00f3mo me desvi\u00e9 por completo de la senda; algo incompresible a primera vista, pero el hecho de ver un ca\u00f1\u00f3n que se dirige al Embalse me hizo perder la orientaci\u00f3n, ya que pensaba que dicho ca\u00f1\u00f3n era el r\u00edo Segura.\u00a0As\u00ed que termin\u00e9 bastante lejos del sendero. La ruta en rojo no es exacta, ya que al <strong>n<\/strong><b>o<\/b> llevar GPS, no pude tomar los posicionamientos; es m\u00e1s o menos a ojo.<\/p>\n<p><strong>V\u00eddeos de la tercera etapa<\/strong>:<\/p>\n<p><iframe loading=\"lazy\" src=\"https:\/\/www.youtube.com\/embed\/Ij78majvM50\" width=\"640\" height=\"360\" frameborder=\"0\" allowfullscreen=\"allowfullscreen\"><\/iframe><\/p>\n<p><iframe loading=\"lazy\" src=\"https:\/\/www.youtube.com\/embed\/YcAbAByhOkU\" width=\"640\" height=\"360\" frameborder=\"0\" allowfullscreen=\"allowfullscreen\"><\/iframe><\/p>\n<p style=\"text-align: justify;\">Despu\u00e9s de ver c\u00f3mo el sendero desde Calasparra a\u00a0Cieza estaba cortado a la altura de Almadenes, a los pocos d\u00edas volvimos a realizar la ruta, pero esta vez en sentido contrario: desde Almadenes hacia Calasparra, para verificar en qu\u00e9 punto estaba cortado el sendero, y si de verdad estaba cortado o hab\u00eda cometido yo un error.\u00a0Probablemente esta etapa sea una de las m\u00e1s bonitas del Sendero GR, ya que recorre el ca\u00f1\u00f3n de Almadenes. Es una pena que se encuentre cortado por la maleza y esperamos pronto que lo recuperen.<\/p>\n<p><iframe loading=\"lazy\" src=\"https:\/\/www.youtube.com\/embed\/SiCkR2BOYwI\" width=\"640\" height=\"360\" frameborder=\"0\" allowfullscreen=\"allowfullscreen\"><\/iframe><\/p>\n<p>A pesar que se hiciera de noche, si sal\u00eds a una hora temprana no debe pasar nada no es una etapa larga, debe rondar por los 20-25 Km.<\/p>\n<p><iframe loading=\"lazy\" src=\"https:\/\/www.youtube.com\/embed\/CUGJABYCZL0\" width=\"640\" height=\"360\" frameborder=\"0\" allowfullscreen=\"allowfullscreen\"><\/iframe><\/p>\n<p><strong>Etapa 05: Cieza &#8211; Molina del Segura<\/strong><\/p>\n<p style=\"text-align: justify;\">Unas de las etapas m\u00e1s duras del Sendero GR-127, no por el terreno\u00a0en s\u00ed, sino por la distancia; estamos hablando de unos 30-35 km de distancia, que se convirtieron\u00a0 en todo un reto, ya que en invierno sabemos que a las 17:00, aproximadamente, se va haciendo de noche, y 30 km implicaban alrededor de 6 horas de camino sin paradas. La mala se\u00f1alizaci\u00f3n, y el hecho de ir grabando, hicieron que perdiera mas tiempo del normal y no pudiera llegar al destino.<\/p>\n<p><iframe loading=\"lazy\" src=\"https:\/\/www.youtube.com\/embed\/TkYnyNSGQlc\" width=\"640\" height=\"360\" frameborder=\"0\" allowfullscreen=\"allowfullscreen\"><\/iframe><\/p>\n<p>Unos de los sitios m\u00e1s bonitos de este sendero es el pueblo llamado Blanca, una verdadera preciosidad, con una playa fluvial incre\u00edble.<\/p>\n<p><iframe loading=\"lazy\" src=\"https:\/\/www.youtube.com\/embed\/9HZU61VzMx8\" width=\"640\" height=\"360\" frameborder=\"0\" allowfullscreen=\"allowfullscreen\"><\/iframe><\/p>\n<p style=\"text-align: justify;\">En este tercer v\u00eddeo vemos que, otra vez, el sendero est\u00e1 cortado a la altura de Archena, lo que nos obliga a desviarnos y no poder ver el balneario de Archena. El punto de p\u00e9rdida est\u00e1 casi entrando en Archena, donde las ca\u00f1as impiden el paso. As\u00ed que tuve que bordear la ciudad de Archena hasta encontrar otra vez el Sendero GR-127.<\/p>\n<p><iframe loading=\"lazy\" src=\"https:\/\/www.youtube.com\/embed\/z1WIdAZ6drg\" width=\"640\" height=\"360\" frameborder=\"0\" allowfullscreen=\"allowfullscreen\"><\/iframe><\/p>\n<p style=\"text-align: justify;\">Despu\u00e9s del desv\u00edo que tuvimos que tomar en Archena, y con la noche al acecho, pudimos medio salvar la jornada llegando a Lorqu\u00ed, a unos pocos kil\u00f3metros del punto de llegada, donde fuimos recogidos por el coche de apoyo.<\/p>\n<p><iframe loading=\"lazy\" src=\"https:\/\/www.youtube.com\/embed\/nU5NmZ1vhyY\" width=\"640\" height=\"360\" frameborder=\"0\" allowfullscreen=\"allowfullscreen\"><\/iframe><\/p>\n<p><strong>Etapa 06: Molina del Segura &#8211; Murcia<\/strong><\/p>\n<p style=\"text-align: justify;\">La etapa transcurre sin problemas siempre a la vera del r\u00edo. Podemos estimar que son unos 20-25km aproximadamente, completamente llano e ideal para ciclistas; andando se hace un poco aburrido, ya que entramos en unas etapas con bastante civilizaci\u00f3n y muy poca naturaleza. Esperamos que se vaya recuperando el r\u00edo Segura, y empiece a ser un verdadero Sendero GR-127 donde podamos disfrutar de su plenitud desde la primera etapa hasta la \u00faltima.<\/p>\n<p><iframe loading=\"lazy\" src=\"https:\/\/www.youtube.com\/embed\/JhVxrjUYmhQ\" width=\"640\" height=\"360\" frameborder=\"0\" allowfullscreen=\"allowfullscreen\"><\/iframe><\/p>\n<p style=\"text-align: justify;\">Y llegando a Murcia encontrar\u00e9is una zona de descanso a la vera del r\u00edo Segura, y un carril bici m\u00e1s otro de peatones bastante adecuado y documentado. L\u00e1stima que en muchos sitios no podamos disponer de\u00a0 una documentaci\u00f3n tan buena.<\/p>\n<p><iframe loading=\"lazy\" src=\"https:\/\/www.youtube.com\/embed\/JK8Rp8Md--I\" width=\"640\" height=\"360\" frameborder=\"0\" allowfullscreen=\"allowfullscreen\"><\/iframe><\/p>\n<p><strong>Etapa 07: Murcia &#8211; Orihuela<\/strong><\/p>\n<p>\u00daltima etapa que trasncurre ya por la Vega Baja, el sendero GR 127 Regi\u00f3n de Murcia termina en Beniel pero por motivos de planificaci\u00f3n log\u00edstica llegu\u00e9 a Orihuela. La etapa que discurre entre Murcia y Beniel debe de tener unos 20 km aproximadamente y sin ninguna complicaci\u00f3n.<\/p>\n<p><iframe loading=\"lazy\" src=\"https:\/\/www.youtube.com\/embed\/GNr33ZHLniI\" width=\"640\" height=\"360\" frameborder=\"0\" allowfullscreen=\"allowfullscreen\"><\/iframe><\/p>\n<p><strong>Consejos Sendero GR-127<\/strong>:<\/p>\n<ol>\n<li>Llevar tienda de campa\u00f1a (no en todos los sitios hay d\u00f3nde dormir).<\/li>\n<li>No hacerlo en verano.<\/li>\n<li>Llevar Mapa (important\u00edsimo).<\/li>\n<li>Llevar Br\u00fajula.<\/li>\n<li>Cargar agua suficiente al comienzo de cada etapa.<\/li>\n<li>Comida (yo soy defensor del camping gas).<\/li>\n<li>Botas de Trekking.<\/li>\n<\/ol>\n","protected":false},"excerpt":{"rendered":"<p>Hace unos d\u00edas estuvimos haciendo las primeras etapas del Sendero GR 127, desde el Embalse del Cenajo hasta Cieza, aunque a\u00fan quedan algunas etapas por concluir vamos hacer un peque\u00f1o resumen, del que puede ser de momento unos de los mejores senderos de largo recorrido de Murcia, tanto por su se\u00f1alizaci\u00f3n como por sus impresionantes [&hellip;]<\/p>\n","protected":false},"author":1,"featured_media":0,"comment_status":"open","ping_status":"open","sticky":false,"template":"","format":"standard","meta":{"footnotes":""},"categories":[193],"tags":[172,197,173,191],"class_list":["post-74","post","type-post","status-publish","format-standard","hentry","category-noticias","tag-gerrerista","tag-murcia","tag-senderismo","tag-senderosgr"],"yoast_head":"<!-- This site is optimized with the Yoast SEO plugin v26.6 - https:\/\/yoast.com\/wordpress\/plugins\/seo\/ -->\n<title>Sendero GR 127 &quot;Sendero del Segura&quot; (Completo) - El Blog de SenderosGR<\/title>\n<meta name=\"robots\" content=\"index, follow, max-snippet:-1, max-image-preview:large, max-video-preview:-1\" \/>\n<link rel=\"canonical\" href=\"https:\/\/www.senderosgr.es\/blog\/2011\/12\/13\/sendero-gr-127-sendero-del-segura-completo\/\" \/>\n<meta property=\"og:locale\" content=\"es_ES\" \/>\n<meta property=\"og:type\" content=\"article\" \/>\n<meta property=\"og:title\" content=\"Sendero GR 127 &quot;Sendero del Segura&quot; (Completo) - El Blog de SenderosGR\" \/>\n<meta property=\"og:description\" content=\"Hace unos d\u00edas estuvimos haciendo las primeras etapas del Sendero GR 127, desde el Embalse del Cenajo hasta Cieza, aunque a\u00fan quedan algunas etapas por concluir vamos hacer un peque\u00f1o resumen, del que puede ser de momento unos de los mejores senderos de largo recorrido de Murcia, tanto por su se\u00f1alizaci\u00f3n como por sus impresionantes [&hellip;]\" \/>\n<meta property=\"og:url\" content=\"https:\/\/www.senderosgr.es\/blog\/2011\/12\/13\/sendero-gr-127-sendero-del-segura-completo\/\" \/>\n<meta property=\"og:site_name\" content=\"El Blog de SenderosGR\" \/>\n<meta property=\"article:published_time\" content=\"2011-12-13T22:11:00+00:00\" \/>\n<meta property=\"article:modified_time\" content=\"2016-07-05T18:43:56+00:00\" \/>\n<meta property=\"og:image\" content=\"http:\/\/www.senderosgr.es\/blog\/wp-content\/uploads\/2011\/12\/Etapa-1.jpg\" \/>\n<meta name=\"author\" content=\"SenderosGR\" \/>\n<meta name=\"twitter:card\" content=\"summary_large_image\" \/>\n<meta name=\"twitter:label1\" content=\"Escrito por\" \/>\n\t<meta name=\"twitter:data1\" content=\"SenderosGR\" \/>\n\t<meta name=\"twitter:label2\" content=\"Tiempo de lectura\" \/>\n\t<meta name=\"twitter:data2\" content=\"6 minutos\" \/>\n<script type=\"application\/ld+json\" class=\"yoast-schema-graph\">{\"@context\":\"https:\/\/schema.org\",\"@graph\":[{\"@type\":\"Article\",\"@id\":\"https:\/\/www.senderosgr.es\/blog\/2011\/12\/13\/sendero-gr-127-sendero-del-segura-completo\/#article\",\"isPartOf\":{\"@id\":\"https:\/\/www.senderosgr.es\/blog\/2011\/12\/13\/sendero-gr-127-sendero-del-segura-completo\/\"},\"author\":{\"name\":\"SenderosGR\",\"@id\":\"https:\/\/www.senderosgr.es\/blog\/#\/schema\/person\/f2eef32e9aa1ea1fbc35244e3cff648f\"},\"headline\":\"Sendero GR 127 \u00abSendero del Segura\u00bb (Completo)\",\"datePublished\":\"2011-12-13T22:11:00+00:00\",\"dateModified\":\"2016-07-05T18:43:56+00:00\",\"mainEntityOfPage\":{\"@id\":\"https:\/\/www.senderosgr.es\/blog\/2011\/12\/13\/sendero-gr-127-sendero-del-segura-completo\/\"},\"wordCount\":1205,\"commentCount\":0,\"publisher\":{\"@id\":\"https:\/\/www.senderosgr.es\/blog\/#organization\"},\"image\":{\"@id\":\"https:\/\/www.senderosgr.es\/blog\/2011\/12\/13\/sendero-gr-127-sendero-del-segura-completo\/#primaryimage\"},\"thumbnailUrl\":\"http:\/\/www.senderosgr.es\/blog\/wp-content\/uploads\/2011\/12\/Etapa-1.jpg\",\"keywords\":[\"gerrerista\",\"murcia\",\"senderismo\",\"senderosgr\"],\"articleSection\":[\"Noticias\"],\"inLanguage\":\"es\",\"potentialAction\":[{\"@type\":\"CommentAction\",\"name\":\"Comment\",\"target\":[\"https:\/\/www.senderosgr.es\/blog\/2011\/12\/13\/sendero-gr-127-sendero-del-segura-completo\/#respond\"]}]},{\"@type\":\"WebPage\",\"@id\":\"https:\/\/www.senderosgr.es\/blog\/2011\/12\/13\/sendero-gr-127-sendero-del-segura-completo\/\",\"url\":\"https:\/\/www.senderosgr.es\/blog\/2011\/12\/13\/sendero-gr-127-sendero-del-segura-completo\/\",\"name\":\"Sendero GR 127 \\\"Sendero del Segura\\\" (Completo) - El Blog de SenderosGR\",\"isPartOf\":{\"@id\":\"https:\/\/www.senderosgr.es\/blog\/#website\"},\"primaryImageOfPage\":{\"@id\":\"https:\/\/www.senderosgr.es\/blog\/2011\/12\/13\/sendero-gr-127-sendero-del-segura-completo\/#primaryimage\"},\"image\":{\"@id\":\"https:\/\/www.senderosgr.es\/blog\/2011\/12\/13\/sendero-gr-127-sendero-del-segura-completo\/#primaryimage\"},\"thumbnailUrl\":\"http:\/\/www.senderosgr.es\/blog\/wp-content\/uploads\/2011\/12\/Etapa-1.jpg\",\"datePublished\":\"2011-12-13T22:11:00+00:00\",\"dateModified\":\"2016-07-05T18:43:56+00:00\",\"breadcrumb\":{\"@id\":\"https:\/\/www.senderosgr.es\/blog\/2011\/12\/13\/sendero-gr-127-sendero-del-segura-completo\/#breadcrumb\"},\"inLanguage\":\"es\",\"potentialAction\":[{\"@type\":\"ReadAction\",\"target\":[\"https:\/\/www.senderosgr.es\/blog\/2011\/12\/13\/sendero-gr-127-sendero-del-segura-completo\/\"]}]},{\"@type\":\"ImageObject\",\"inLanguage\":\"es\",\"@id\":\"https:\/\/www.senderosgr.es\/blog\/2011\/12\/13\/sendero-gr-127-sendero-del-segura-completo\/#primaryimage\",\"url\":\"https:\/\/www.senderosgr.es\/blog\/wp-content\/uploads\/2011\/12\/Etapa-1.jpg\",\"contentUrl\":\"https:\/\/www.senderosgr.es\/blog\/wp-content\/uploads\/2011\/12\/Etapa-1.jpg\",\"width\":816,\"height\":649,\"caption\":\"Mapa de la etapa 1\"},{\"@type\":\"BreadcrumbList\",\"@id\":\"https:\/\/www.senderosgr.es\/blog\/2011\/12\/13\/sendero-gr-127-sendero-del-segura-completo\/#breadcrumb\",\"itemListElement\":[{\"@type\":\"ListItem\",\"position\":1,\"name\":\"Portada\",\"item\":\"https:\/\/www.senderosgr.es\/blog\/\"},{\"@type\":\"ListItem\",\"position\":2,\"name\":\"Sendero GR 127 \u00abSendero del Segura\u00bb (Completo)\"}]},{\"@type\":\"WebSite\",\"@id\":\"https:\/\/www.senderosgr.es\/blog\/#website\",\"url\":\"https:\/\/www.senderosgr.es\/blog\/\",\"name\":\"El Blog de SenderosGR\",\"description\":\"Noticias, opiniones... \u00a1y mucho m\u00e1s!\",\"publisher\":{\"@id\":\"https:\/\/www.senderosgr.es\/blog\/#organization\"},\"potentialAction\":[{\"@type\":\"SearchAction\",\"target\":{\"@type\":\"EntryPoint\",\"urlTemplate\":\"https:\/\/www.senderosgr.es\/blog\/?s={search_term_string}\"},\"query-input\":{\"@type\":\"PropertyValueSpecification\",\"valueRequired\":true,\"valueName\":\"search_term_string\"}}],\"inLanguage\":\"es\"},{\"@type\":\"Organization\",\"@id\":\"https:\/\/www.senderosgr.es\/blog\/#organization\",\"name\":\"El Blog de SenderosGR\",\"url\":\"https:\/\/www.senderosgr.es\/blog\/\",\"logo\":{\"@type\":\"ImageObject\",\"inLanguage\":\"es\",\"@id\":\"https:\/\/www.senderosgr.es\/blog\/#\/schema\/logo\/image\/\",\"url\":\"https:\/\/www.senderosgr.es\/blog\/wp-content\/uploads\/2016\/06\/SGR-logo-cabecera-wordpress-copy-1.jpg\",\"contentUrl\":\"https:\/\/www.senderosgr.es\/blog\/wp-content\/uploads\/2016\/06\/SGR-logo-cabecera-wordpress-copy-1.jpg\",\"width\":240,\"height\":240,\"caption\":\"El Blog de SenderosGR\"},\"image\":{\"@id\":\"https:\/\/www.senderosgr.es\/blog\/#\/schema\/logo\/image\/\"}},{\"@type\":\"Person\",\"@id\":\"https:\/\/www.senderosgr.es\/blog\/#\/schema\/person\/f2eef32e9aa1ea1fbc35244e3cff648f\",\"name\":\"SenderosGR\",\"image\":{\"@type\":\"ImageObject\",\"inLanguage\":\"es\",\"@id\":\"https:\/\/www.senderosgr.es\/blog\/#\/schema\/person\/image\/\",\"url\":\"https:\/\/secure.gravatar.com\/avatar\/6f52711b33f9d4b67746ba74eb5d9e349ce13d3901fd85c995aea449f2512faf?s=96&d=mm&r=g\",\"contentUrl\":\"https:\/\/secure.gravatar.com\/avatar\/6f52711b33f9d4b67746ba74eb5d9e349ce13d3901fd85c995aea449f2512faf?s=96&d=mm&r=g\",\"caption\":\"SenderosGR\"},\"description\":\"Buz\u00f3n general de SenderosGR\",\"url\":\"https:\/\/www.senderosgr.es\/blog\/author\/administrador\/\"}]}<\/script>\n<!-- \/ Yoast SEO plugin. -->","yoast_head_json":{"title":"Sendero GR 127 \"Sendero del Segura\" (Completo) - El Blog de SenderosGR","robots":{"index":"index","follow":"follow","max-snippet":"max-snippet:-1","max-image-preview":"max-image-preview:large","max-video-preview":"max-video-preview:-1"},"canonical":"https:\/\/www.senderosgr.es\/blog\/2011\/12\/13\/sendero-gr-127-sendero-del-segura-completo\/","og_locale":"es_ES","og_type":"article","og_title":"Sendero GR 127 \"Sendero del Segura\" (Completo) - El Blog de SenderosGR","og_description":"Hace unos d\u00edas estuvimos haciendo las primeras etapas del Sendero GR 127, desde el Embalse del Cenajo hasta Cieza, aunque a\u00fan quedan algunas etapas por concluir vamos hacer un peque\u00f1o resumen, del que puede ser de momento unos de los mejores senderos de largo recorrido de Murcia, tanto por su se\u00f1alizaci\u00f3n como por sus impresionantes [&hellip;]","og_url":"https:\/\/www.senderosgr.es\/blog\/2011\/12\/13\/sendero-gr-127-sendero-del-segura-completo\/","og_site_name":"El Blog de SenderosGR","article_published_time":"2011-12-13T22:11:00+00:00","article_modified_time":"2016-07-05T18:43:56+00:00","og_image":[{"url":"http:\/\/www.senderosgr.es\/blog\/wp-content\/uploads\/2011\/12\/Etapa-1.jpg","type":"","width":"","height":""}],"author":"SenderosGR","twitter_card":"summary_large_image","twitter_misc":{"Escrito por":"SenderosGR","Tiempo de lectura":"6 minutos"},"schema":{"@context":"https:\/\/schema.org","@graph":[{"@type":"Article","@id":"https:\/\/www.senderosgr.es\/blog\/2011\/12\/13\/sendero-gr-127-sendero-del-segura-completo\/#article","isPartOf":{"@id":"https:\/\/www.senderosgr.es\/blog\/2011\/12\/13\/sendero-gr-127-sendero-del-segura-completo\/"},"author":{"name":"SenderosGR","@id":"https:\/\/www.senderosgr.es\/blog\/#\/schema\/person\/f2eef32e9aa1ea1fbc35244e3cff648f"},"headline":"Sendero GR 127 \u00abSendero del Segura\u00bb (Completo)","datePublished":"2011-12-13T22:11:00+00:00","dateModified":"2016-07-05T18:43:56+00:00","mainEntityOfPage":{"@id":"https:\/\/www.senderosgr.es\/blog\/2011\/12\/13\/sendero-gr-127-sendero-del-segura-completo\/"},"wordCount":1205,"commentCount":0,"publisher":{"@id":"https:\/\/www.senderosgr.es\/blog\/#organization"},"image":{"@id":"https:\/\/www.senderosgr.es\/blog\/2011\/12\/13\/sendero-gr-127-sendero-del-segura-completo\/#primaryimage"},"thumbnailUrl":"http:\/\/www.senderosgr.es\/blog\/wp-content\/uploads\/2011\/12\/Etapa-1.jpg","keywords":["gerrerista","murcia","senderismo","senderosgr"],"articleSection":["Noticias"],"inLanguage":"es","potentialAction":[{"@type":"CommentAction","name":"Comment","target":["https:\/\/www.senderosgr.es\/blog\/2011\/12\/13\/sendero-gr-127-sendero-del-segura-completo\/#respond"]}]},{"@type":"WebPage","@id":"https:\/\/www.senderosgr.es\/blog\/2011\/12\/13\/sendero-gr-127-sendero-del-segura-completo\/","url":"https:\/\/www.senderosgr.es\/blog\/2011\/12\/13\/sendero-gr-127-sendero-del-segura-completo\/","name":"Sendero GR 127 \"Sendero del Segura\" (Completo) - El Blog de SenderosGR","isPartOf":{"@id":"https:\/\/www.senderosgr.es\/blog\/#website"},"primaryImageOfPage":{"@id":"https:\/\/www.senderosgr.es\/blog\/2011\/12\/13\/sendero-gr-127-sendero-del-segura-completo\/#primaryimage"},"image":{"@id":"https:\/\/www.senderosgr.es\/blog\/2011\/12\/13\/sendero-gr-127-sendero-del-segura-completo\/#primaryimage"},"thumbnailUrl":"http:\/\/www.senderosgr.es\/blog\/wp-content\/uploads\/2011\/12\/Etapa-1.jpg","datePublished":"2011-12-13T22:11:00+00:00","dateModified":"2016-07-05T18:43:56+00:00","breadcrumb":{"@id":"https:\/\/www.senderosgr.es\/blog\/2011\/12\/13\/sendero-gr-127-sendero-del-segura-completo\/#breadcrumb"},"inLanguage":"es","potentialAction":[{"@type":"ReadAction","target":["https:\/\/www.senderosgr.es\/blog\/2011\/12\/13\/sendero-gr-127-sendero-del-segura-completo\/"]}]},{"@type":"ImageObject","inLanguage":"es","@id":"https:\/\/www.senderosgr.es\/blog\/2011\/12\/13\/sendero-gr-127-sendero-del-segura-completo\/#primaryimage","url":"https:\/\/www.senderosgr.es\/blog\/wp-content\/uploads\/2011\/12\/Etapa-1.jpg","contentUrl":"https:\/\/www.senderosgr.es\/blog\/wp-content\/uploads\/2011\/12\/Etapa-1.jpg","width":816,"height":649,"caption":"Mapa de la etapa 1"},{"@type":"BreadcrumbList","@id":"https:\/\/www.senderosgr.es\/blog\/2011\/12\/13\/sendero-gr-127-sendero-del-segura-completo\/#breadcrumb","itemListElement":[{"@type":"ListItem","position":1,"name":"Portada","item":"https:\/\/www.senderosgr.es\/blog\/"},{"@type":"ListItem","position":2,"name":"Sendero GR 127 \u00abSendero del Segura\u00bb (Completo)"}]},{"@type":"WebSite","@id":"https:\/\/www.senderosgr.es\/blog\/#website","url":"https:\/\/www.senderosgr.es\/blog\/","name":"El Blog de SenderosGR","description":"Noticias, opiniones... \u00a1y mucho m\u00e1s!","publisher":{"@id":"https:\/\/www.senderosgr.es\/blog\/#organization"},"potentialAction":[{"@type":"SearchAction","target":{"@type":"EntryPoint","urlTemplate":"https:\/\/www.senderosgr.es\/blog\/?s={search_term_string}"},"query-input":{"@type":"PropertyValueSpecification","valueRequired":true,"valueName":"search_term_string"}}],"inLanguage":"es"},{"@type":"Organization","@id":"https:\/\/www.senderosgr.es\/blog\/#organization","name":"El Blog de SenderosGR","url":"https:\/\/www.senderosgr.es\/blog\/","logo":{"@type":"ImageObject","inLanguage":"es","@id":"https:\/\/www.senderosgr.es\/blog\/#\/schema\/logo\/image\/","url":"https:\/\/www.senderosgr.es\/blog\/wp-content\/uploads\/2016\/06\/SGR-logo-cabecera-wordpress-copy-1.jpg","contentUrl":"https:\/\/www.senderosgr.es\/blog\/wp-content\/uploads\/2016\/06\/SGR-logo-cabecera-wordpress-copy-1.jpg","width":240,"height":240,"caption":"El Blog de SenderosGR"},"image":{"@id":"https:\/\/www.senderosgr.es\/blog\/#\/schema\/logo\/image\/"}},{"@type":"Person","@id":"https:\/\/www.senderosgr.es\/blog\/#\/schema\/person\/f2eef32e9aa1ea1fbc35244e3cff648f","name":"SenderosGR","image":{"@type":"ImageObject","inLanguage":"es","@id":"https:\/\/www.senderosgr.es\/blog\/#\/schema\/person\/image\/","url":"https:\/\/secure.gravatar.com\/avatar\/6f52711b33f9d4b67746ba74eb5d9e349ce13d3901fd85c995aea449f2512faf?s=96&d=mm&r=g","contentUrl":"https:\/\/secure.gravatar.com\/avatar\/6f52711b33f9d4b67746ba74eb5d9e349ce13d3901fd85c995aea449f2512faf?s=96&d=mm&r=g","caption":"SenderosGR"},"description":"Buz\u00f3n general de SenderosGR","url":"https:\/\/www.senderosgr.es\/blog\/author\/administrador\/"}]}},"cc_featured_image_caption":{"caption_text":false,"source_text":false,"source_url":false},"_links":{"self":[{"href":"https:\/\/www.senderosgr.es\/blog\/wp-json\/wp\/v2\/posts\/74","targetHints":{"allow":["GET"]}}],"collection":[{"href":"https:\/\/www.senderosgr.es\/blog\/wp-json\/wp\/v2\/posts"}],"about":[{"href":"https:\/\/www.senderosgr.es\/blog\/wp-json\/wp\/v2\/types\/post"}],"author":[{"embeddable":true,"href":"https:\/\/www.senderosgr.es\/blog\/wp-json\/wp\/v2\/users\/1"}],"replies":[{"embeddable":true,"href":"https:\/\/www.senderosgr.es\/blog\/wp-json\/wp\/v2\/comments?post=74"}],"version-history":[{"count":9,"href":"https:\/\/www.senderosgr.es\/blog\/wp-json\/wp\/v2\/posts\/74\/revisions"}],"predecessor-version":[{"id":300,"href":"https:\/\/www.senderosgr.es\/blog\/wp-json\/wp\/v2\/posts\/74\/revisions\/300"}],"wp:attachment":[{"href":"https:\/\/www.senderosgr.es\/blog\/wp-json\/wp\/v2\/media?parent=74"}],"wp:term":[{"taxonomy":"category","embeddable":true,"href":"https:\/\/www.senderosgr.es\/blog\/wp-json\/wp\/v2\/categories?post=74"},{"taxonomy":"post_tag","embeddable":true,"href":"https:\/\/www.senderosgr.es\/blog\/wp-json\/wp\/v2\/tags?post=74"}],"curies":[{"name":"wp","href":"https:\/\/api.w.org\/{rel}","templated":true}]}}