{"id":735,"date":"2016-12-08T08:51:53","date_gmt":"2016-12-08T07:51:53","guid":{"rendered":"http:\/\/www.senderosgr.es\/blog\/?p=735"},"modified":"2016-12-07T17:06:28","modified_gmt":"2016-12-07T16:06:28","slug":"una-tienda-senderismo-sostenible","status":"publish","type":"post","link":"https:\/\/www.senderosgr.es\/blog\/2016\/12\/08\/una-tienda-senderismo-sostenible\/","title":{"rendered":"Una tienda para el senderismo sostenible"},"content":{"rendered":"<p style=\"text-align: justify;\">Ya tenemos tienda&#8230; Nos gusta predicar con el ejemplo. Por eso no nos limitamos a condenar el uso y abuso de materiales sint\u00e9ticos y elementos contaminantes en la ropa y accesorios de monta\u00f1a, sino que nos movilizamos para promover el cambio.<\/p>\n<p style=\"text-align: justify;\">Un cambio de actitud en el senderismo que nos sit\u00fae, a los monta\u00f1eros, en el grupo de cabeza de una sociedad de consumo responsable, \u00e9tico y sostenible; que respete la naturaleza y tome de ella s\u00f3lo lo necesario para desarrollar una actividad que sirva para mejorar nuestro planeta.<\/p>\n<p style=\"text-align: justify;\">De momento empezamos con dos productos. Puede parecer poco, pero os aseguramos que el esfuerzo para cumplir con nuestro c\u00f3digo (<strong>ecol\u00f3gico, sostenible y de comercio justo<\/strong>), y lograr un producto fiable ha sido tit\u00e1nico. Nuestros gerreristas, que ya lo han probado, dan fe de ello.<\/p>\n<p><strong>Camiseta de c\u00e1\u00f1amo y algod\u00f3n org\u00e1nico<\/strong><\/p>\n<p style=\"text-align: justify;\">No te va a servir para posar en una pasarela de modelos, pero te va a ser muy \u00fatil en ruta. Palabra de gerreristas. <strong>Elaborada con c\u00e1\u00f1amo (55%) y algod\u00f3n org\u00e1nico (45%) estampada con tintes sostenibles a base de agua<\/strong>, que no suponen ning\u00fan riesgo en el contacto con la piel (<a href=\"http:\/\/www.senderosgr.es\/blog\/producto\/camiseta-canamo-algodon-organico-sgr\/\" target=\"_blank\">ver ficha del producto en tienda<\/a>).<\/p>\n<p style=\"text-align: justify;\">\u00ab<em>Su tacto al contacto con la piel es del todo agradable y confiere un confort al que ya no est\u00e1bamos acostumbrados, adem\u00e1s el origen natural de su composici\u00f3n mantiene alejadas alergias y reacciones negativas aun cuando existen compresi\u00f3n o roces intensos.<\/em><\/p>\n<p style=\"text-align: justify;\"><em>La camiseta, para aquellos que practicamos actividades en el medio natural re\u00fane un conjunto de caracter\u00edsticas que una vez que la utilizas se convierte en <strong>insustituible<\/strong><\/em>\u00bb (Carlos D\u00edaz Carl\u00fas, gu\u00eda de alta monta\u00f1a <a href=\"http:\/\/www.sendasymontanas.com\/\" target=\"_blank\"><em>Sendas y Monta\u00f1as<\/em><\/a>).<\/p>\n<p><strong>Taza del gerrerista<\/strong><\/p>\n<p style=\"text-align: justify;\">Disfrutamos con las cosas bien hechas. Por eso, para SenderosGR, no nos val\u00eda cualquier taza a la que serigrafiar nuestra imagen corporativa. <strong>Cada pieza es \u00fanica, elaborada artesanalmente<\/strong> por <a href=\"http:\/\/www.hernandezalfareros.com\/\" target=\"_blank\">Hern\u00e1ndez Alfareros<\/a> de Totana (Murcia), y viene empaquetada en una caja de cart\u00f3n decorada por usuarios del <a href=\"http:\/\/bienestarsocial.totana.es\/centro_jose_moya.asp\" target=\"_blank\">Centro de D\u00eda de Personas con Discapacidad Intelectual \u201cJos\u00e9 Moy\u00e1\u201d<\/a>. <strong>Por la compra de esta taza colaboras con este centro de discapacitados<\/strong> (<a href=\"http:\/\/www.senderosgr.es\/blog\/producto\/taza-senderos-gr-00\/\" target=\"_blank\">ver ficha del producto en tienda<\/a>).<\/p>\n","protected":false},"excerpt":{"rendered":"<p>Ya tenemos tienda&#8230; Nos gusta predicar con el ejemplo. Por eso no nos limitamos a condenar el uso y abuso de materiales sint\u00e9ticos y elementos contaminantes en la ropa y accesorios de monta\u00f1a, sino que nos movilizamos para promover el cambio. Un cambio de actitud en el senderismo que nos sit\u00fae, a los monta\u00f1eros, en [&hellip;]<\/p>\n","protected":false},"author":1,"featured_media":737,"comment_status":"open","ping_status":"open","sticky":false,"template":"","format":"standard","meta":{"footnotes":""},"categories":[193],"tags":[190,183,175,191,240],"class_list":["post-735","post","type-post","status-publish","format-standard","has-post-thumbnail","hentry","category-noticias","tag-desarrollo-sostenible","tag-discapacidad","tag-huella-ecologica","tag-senderosgr","tag-tienda"],"yoast_head":"<!-- This site is optimized with the Yoast SEO plugin v26.6 - https:\/\/yoast.com\/wordpress\/plugins\/seo\/ -->\n<title>Una tienda para el senderismo sostenible - El Blog de SenderosGR<\/title>\n<meta name=\"description\" content=\"Ya tenemos tienda... No nos limitamos a condenar el uso de contaminantes en ropa y accesorios de monta\u00f1a, sino que nos movilizamos.\" \/>\n<meta name=\"robots\" content=\"index, follow, max-snippet:-1, max-image-preview:large, max-video-preview:-1\" \/>\n<link rel=\"canonical\" href=\"https:\/\/www.senderosgr.es\/blog\/2016\/12\/08\/una-tienda-senderismo-sostenible\/\" \/>\n<meta property=\"og:locale\" content=\"es_ES\" \/>\n<meta property=\"og:type\" content=\"article\" \/>\n<meta property=\"og:title\" content=\"Una tienda para el senderismo sostenible - El Blog de SenderosGR\" \/>\n<meta property=\"og:description\" content=\"Ya tenemos tienda... No nos limitamos a condenar el uso de contaminantes en ropa y accesorios de monta\u00f1a, sino que nos movilizamos.\" \/>\n<meta property=\"og:url\" content=\"https:\/\/www.senderosgr.es\/blog\/2016\/12\/08\/una-tienda-senderismo-sostenible\/\" \/>\n<meta property=\"og:site_name\" content=\"El Blog de SenderosGR\" \/>\n<meta property=\"article:published_time\" content=\"2016-12-08T07:51:53+00:00\" \/>\n<meta property=\"og:image\" content=\"https:\/\/www.senderosgr.es\/blog\/wp-content\/uploads\/2016\/12\/camiseta-y-taza-de-senderosgr.jpg\" \/>\n\t<meta property=\"og:image:width\" content=\"1575\" \/>\n\t<meta property=\"og:image:height\" content=\"512\" \/>\n\t<meta property=\"og:image:type\" content=\"image\/jpeg\" \/>\n<meta name=\"author\" content=\"SenderosGR\" \/>\n<meta name=\"twitter:card\" content=\"summary_large_image\" \/>\n<meta name=\"twitter:label1\" content=\"Escrito por\" \/>\n\t<meta name=\"twitter:data1\" content=\"SenderosGR\" \/>\n\t<meta name=\"twitter:label2\" content=\"Tiempo de lectura\" \/>\n\t<meta name=\"twitter:data2\" content=\"2 minutos\" \/>\n<script type=\"application\/ld+json\" class=\"yoast-schema-graph\">{\"@context\":\"https:\/\/schema.org\",\"@graph\":[{\"@type\":\"Article\",\"@id\":\"https:\/\/www.senderosgr.es\/blog\/2016\/12\/08\/una-tienda-senderismo-sostenible\/#article\",\"isPartOf\":{\"@id\":\"https:\/\/www.senderosgr.es\/blog\/2016\/12\/08\/una-tienda-senderismo-sostenible\/\"},\"author\":{\"name\":\"SenderosGR\",\"@id\":\"https:\/\/www.senderosgr.es\/blog\/#\/schema\/person\/f2eef32e9aa1ea1fbc35244e3cff648f\"},\"headline\":\"Una tienda para el senderismo sostenible\",\"datePublished\":\"2016-12-08T07:51:53+00:00\",\"mainEntityOfPage\":{\"@id\":\"https:\/\/www.senderosgr.es\/blog\/2016\/12\/08\/una-tienda-senderismo-sostenible\/\"},\"wordCount\":385,\"commentCount\":0,\"publisher\":{\"@id\":\"https:\/\/www.senderosgr.es\/blog\/#organization\"},\"image\":{\"@id\":\"https:\/\/www.senderosgr.es\/blog\/2016\/12\/08\/una-tienda-senderismo-sostenible\/#primaryimage\"},\"thumbnailUrl\":\"https:\/\/www.senderosgr.es\/blog\/wp-content\/uploads\/2016\/12\/camiseta-y-taza-de-senderosgr.jpg\",\"keywords\":[\"desarrollo sostenible\",\"discapacidad\",\"huella ecol\u00f3gica\",\"senderosgr\",\"tienda\"],\"articleSection\":[\"Noticias\"],\"inLanguage\":\"es\",\"potentialAction\":[{\"@type\":\"CommentAction\",\"name\":\"Comment\",\"target\":[\"https:\/\/www.senderosgr.es\/blog\/2016\/12\/08\/una-tienda-senderismo-sostenible\/#respond\"]}]},{\"@type\":\"WebPage\",\"@id\":\"https:\/\/www.senderosgr.es\/blog\/2016\/12\/08\/una-tienda-senderismo-sostenible\/\",\"url\":\"https:\/\/www.senderosgr.es\/blog\/2016\/12\/08\/una-tienda-senderismo-sostenible\/\",\"name\":\"Una tienda para el senderismo sostenible - El Blog de SenderosGR\",\"isPartOf\":{\"@id\":\"https:\/\/www.senderosgr.es\/blog\/#website\"},\"primaryImageOfPage\":{\"@id\":\"https:\/\/www.senderosgr.es\/blog\/2016\/12\/08\/una-tienda-senderismo-sostenible\/#primaryimage\"},\"image\":{\"@id\":\"https:\/\/www.senderosgr.es\/blog\/2016\/12\/08\/una-tienda-senderismo-sostenible\/#primaryimage\"},\"thumbnailUrl\":\"https:\/\/www.senderosgr.es\/blog\/wp-content\/uploads\/2016\/12\/camiseta-y-taza-de-senderosgr.jpg\",\"datePublished\":\"2016-12-08T07:51:53+00:00\",\"description\":\"Ya tenemos tienda... No nos limitamos a condenar el uso de contaminantes en ropa y accesorios de monta\u00f1a, sino que nos movilizamos.\",\"breadcrumb\":{\"@id\":\"https:\/\/www.senderosgr.es\/blog\/2016\/12\/08\/una-tienda-senderismo-sostenible\/#breadcrumb\"},\"inLanguage\":\"es\",\"potentialAction\":[{\"@type\":\"ReadAction\",\"target\":[\"https:\/\/www.senderosgr.es\/blog\/2016\/12\/08\/una-tienda-senderismo-sostenible\/\"]}]},{\"@type\":\"ImageObject\",\"inLanguage\":\"es\",\"@id\":\"https:\/\/www.senderosgr.es\/blog\/2016\/12\/08\/una-tienda-senderismo-sostenible\/#primaryimage\",\"url\":\"https:\/\/www.senderosgr.es\/blog\/wp-content\/uploads\/2016\/12\/camiseta-y-taza-de-senderosgr.jpg\",\"contentUrl\":\"https:\/\/www.senderosgr.es\/blog\/wp-content\/uploads\/2016\/12\/camiseta-y-taza-de-senderosgr.jpg\",\"width\":1575,\"height\":512,\"caption\":\"camiseta y taza de senderosgr\"},{\"@type\":\"BreadcrumbList\",\"@id\":\"https:\/\/www.senderosgr.es\/blog\/2016\/12\/08\/una-tienda-senderismo-sostenible\/#breadcrumb\",\"itemListElement\":[{\"@type\":\"ListItem\",\"position\":1,\"name\":\"Portada\",\"item\":\"https:\/\/www.senderosgr.es\/blog\/\"},{\"@type\":\"ListItem\",\"position\":2,\"name\":\"Una tienda para el senderismo sostenible\"}]},{\"@type\":\"WebSite\",\"@id\":\"https:\/\/www.senderosgr.es\/blog\/#website\",\"url\":\"https:\/\/www.senderosgr.es\/blog\/\",\"name\":\"El Blog de SenderosGR\",\"description\":\"Noticias, opiniones... \u00a1y mucho m\u00e1s!\",\"publisher\":{\"@id\":\"https:\/\/www.senderosgr.es\/blog\/#organization\"},\"potentialAction\":[{\"@type\":\"SearchAction\",\"target\":{\"@type\":\"EntryPoint\",\"urlTemplate\":\"https:\/\/www.senderosgr.es\/blog\/?s={search_term_string}\"},\"query-input\":{\"@type\":\"PropertyValueSpecification\",\"valueRequired\":true,\"valueName\":\"search_term_string\"}}],\"inLanguage\":\"es\"},{\"@type\":\"Organization\",\"@id\":\"https:\/\/www.senderosgr.es\/blog\/#organization\",\"name\":\"El Blog de SenderosGR\",\"url\":\"https:\/\/www.senderosgr.es\/blog\/\",\"logo\":{\"@type\":\"ImageObject\",\"inLanguage\":\"es\",\"@id\":\"https:\/\/www.senderosgr.es\/blog\/#\/schema\/logo\/image\/\",\"url\":\"https:\/\/www.senderosgr.es\/blog\/wp-content\/uploads\/2016\/06\/SGR-logo-cabecera-wordpress-copy-1.jpg\",\"contentUrl\":\"https:\/\/www.senderosgr.es\/blog\/wp-content\/uploads\/2016\/06\/SGR-logo-cabecera-wordpress-copy-1.jpg\",\"width\":240,\"height\":240,\"caption\":\"El Blog de SenderosGR\"},\"image\":{\"@id\":\"https:\/\/www.senderosgr.es\/blog\/#\/schema\/logo\/image\/\"}},{\"@type\":\"Person\",\"@id\":\"https:\/\/www.senderosgr.es\/blog\/#\/schema\/person\/f2eef32e9aa1ea1fbc35244e3cff648f\",\"name\":\"SenderosGR\",\"image\":{\"@type\":\"ImageObject\",\"inLanguage\":\"es\",\"@id\":\"https:\/\/www.senderosgr.es\/blog\/#\/schema\/person\/image\/\",\"url\":\"https:\/\/secure.gravatar.com\/avatar\/6f52711b33f9d4b67746ba74eb5d9e349ce13d3901fd85c995aea449f2512faf?s=96&d=mm&r=g\",\"contentUrl\":\"https:\/\/secure.gravatar.com\/avatar\/6f52711b33f9d4b67746ba74eb5d9e349ce13d3901fd85c995aea449f2512faf?s=96&d=mm&r=g\",\"caption\":\"SenderosGR\"},\"description\":\"Buz\u00f3n general de SenderosGR\",\"url\":\"https:\/\/www.senderosgr.es\/blog\/author\/administrador\/\"}]}<\/script>\n<!-- \/ Yoast SEO plugin. -->","yoast_head_json":{"title":"Una tienda para el senderismo sostenible - El Blog de SenderosGR","description":"Ya tenemos tienda... No nos limitamos a condenar el uso de contaminantes en ropa y accesorios de monta\u00f1a, sino que nos movilizamos.","robots":{"index":"index","follow":"follow","max-snippet":"max-snippet:-1","max-image-preview":"max-image-preview:large","max-video-preview":"max-video-preview:-1"},"canonical":"https:\/\/www.senderosgr.es\/blog\/2016\/12\/08\/una-tienda-senderismo-sostenible\/","og_locale":"es_ES","og_type":"article","og_title":"Una tienda para el senderismo sostenible - El Blog de SenderosGR","og_description":"Ya tenemos tienda... No nos limitamos a condenar el uso de contaminantes en ropa y accesorios de monta\u00f1a, sino que nos movilizamos.","og_url":"https:\/\/www.senderosgr.es\/blog\/2016\/12\/08\/una-tienda-senderismo-sostenible\/","og_site_name":"El Blog de SenderosGR","article_published_time":"2016-12-08T07:51:53+00:00","og_image":[{"width":1575,"height":512,"url":"https:\/\/www.senderosgr.es\/blog\/wp-content\/uploads\/2016\/12\/camiseta-y-taza-de-senderosgr.jpg","type":"image\/jpeg"}],"author":"SenderosGR","twitter_card":"summary_large_image","twitter_misc":{"Escrito por":"SenderosGR","Tiempo de lectura":"2 minutos"},"schema":{"@context":"https:\/\/schema.org","@graph":[{"@type":"Article","@id":"https:\/\/www.senderosgr.es\/blog\/2016\/12\/08\/una-tienda-senderismo-sostenible\/#article","isPartOf":{"@id":"https:\/\/www.senderosgr.es\/blog\/2016\/12\/08\/una-tienda-senderismo-sostenible\/"},"author":{"name":"SenderosGR","@id":"https:\/\/www.senderosgr.es\/blog\/#\/schema\/person\/f2eef32e9aa1ea1fbc35244e3cff648f"},"headline":"Una tienda para el senderismo sostenible","datePublished":"2016-12-08T07:51:53+00:00","mainEntityOfPage":{"@id":"https:\/\/www.senderosgr.es\/blog\/2016\/12\/08\/una-tienda-senderismo-sostenible\/"},"wordCount":385,"commentCount":0,"publisher":{"@id":"https:\/\/www.senderosgr.es\/blog\/#organization"},"image":{"@id":"https:\/\/www.senderosgr.es\/blog\/2016\/12\/08\/una-tienda-senderismo-sostenible\/#primaryimage"},"thumbnailUrl":"https:\/\/www.senderosgr.es\/blog\/wp-content\/uploads\/2016\/12\/camiseta-y-taza-de-senderosgr.jpg","keywords":["desarrollo sostenible","discapacidad","huella ecol\u00f3gica","senderosgr","tienda"],"articleSection":["Noticias"],"inLanguage":"es","potentialAction":[{"@type":"CommentAction","name":"Comment","target":["https:\/\/www.senderosgr.es\/blog\/2016\/12\/08\/una-tienda-senderismo-sostenible\/#respond"]}]},{"@type":"WebPage","@id":"https:\/\/www.senderosgr.es\/blog\/2016\/12\/08\/una-tienda-senderismo-sostenible\/","url":"https:\/\/www.senderosgr.es\/blog\/2016\/12\/08\/una-tienda-senderismo-sostenible\/","name":"Una tienda para el senderismo sostenible - El Blog de SenderosGR","isPartOf":{"@id":"https:\/\/www.senderosgr.es\/blog\/#website"},"primaryImageOfPage":{"@id":"https:\/\/www.senderosgr.es\/blog\/2016\/12\/08\/una-tienda-senderismo-sostenible\/#primaryimage"},"image":{"@id":"https:\/\/www.senderosgr.es\/blog\/2016\/12\/08\/una-tienda-senderismo-sostenible\/#primaryimage"},"thumbnailUrl":"https:\/\/www.senderosgr.es\/blog\/wp-content\/uploads\/2016\/12\/camiseta-y-taza-de-senderosgr.jpg","datePublished":"2016-12-08T07:51:53+00:00","description":"Ya tenemos tienda... No nos limitamos a condenar el uso de contaminantes en ropa y accesorios de monta\u00f1a, sino que nos movilizamos.","breadcrumb":{"@id":"https:\/\/www.senderosgr.es\/blog\/2016\/12\/08\/una-tienda-senderismo-sostenible\/#breadcrumb"},"inLanguage":"es","potentialAction":[{"@type":"ReadAction","target":["https:\/\/www.senderosgr.es\/blog\/2016\/12\/08\/una-tienda-senderismo-sostenible\/"]}]},{"@type":"ImageObject","inLanguage":"es","@id":"https:\/\/www.senderosgr.es\/blog\/2016\/12\/08\/una-tienda-senderismo-sostenible\/#primaryimage","url":"https:\/\/www.senderosgr.es\/blog\/wp-content\/uploads\/2016\/12\/camiseta-y-taza-de-senderosgr.jpg","contentUrl":"https:\/\/www.senderosgr.es\/blog\/wp-content\/uploads\/2016\/12\/camiseta-y-taza-de-senderosgr.jpg","width":1575,"height":512,"caption":"camiseta y taza de senderosgr"},{"@type":"BreadcrumbList","@id":"https:\/\/www.senderosgr.es\/blog\/2016\/12\/08\/una-tienda-senderismo-sostenible\/#breadcrumb","itemListElement":[{"@type":"ListItem","position":1,"name":"Portada","item":"https:\/\/www.senderosgr.es\/blog\/"},{"@type":"ListItem","position":2,"name":"Una tienda para el senderismo sostenible"}]},{"@type":"WebSite","@id":"https:\/\/www.senderosgr.es\/blog\/#website","url":"https:\/\/www.senderosgr.es\/blog\/","name":"El Blog de SenderosGR","description":"Noticias, opiniones... \u00a1y mucho m\u00e1s!","publisher":{"@id":"https:\/\/www.senderosgr.es\/blog\/#organization"},"potentialAction":[{"@type":"SearchAction","target":{"@type":"EntryPoint","urlTemplate":"https:\/\/www.senderosgr.es\/blog\/?s={search_term_string}"},"query-input":{"@type":"PropertyValueSpecification","valueRequired":true,"valueName":"search_term_string"}}],"inLanguage":"es"},{"@type":"Organization","@id":"https:\/\/www.senderosgr.es\/blog\/#organization","name":"El Blog de SenderosGR","url":"https:\/\/www.senderosgr.es\/blog\/","logo":{"@type":"ImageObject","inLanguage":"es","@id":"https:\/\/www.senderosgr.es\/blog\/#\/schema\/logo\/image\/","url":"https:\/\/www.senderosgr.es\/blog\/wp-content\/uploads\/2016\/06\/SGR-logo-cabecera-wordpress-copy-1.jpg","contentUrl":"https:\/\/www.senderosgr.es\/blog\/wp-content\/uploads\/2016\/06\/SGR-logo-cabecera-wordpress-copy-1.jpg","width":240,"height":240,"caption":"El Blog de SenderosGR"},"image":{"@id":"https:\/\/www.senderosgr.es\/blog\/#\/schema\/logo\/image\/"}},{"@type":"Person","@id":"https:\/\/www.senderosgr.es\/blog\/#\/schema\/person\/f2eef32e9aa1ea1fbc35244e3cff648f","name":"SenderosGR","image":{"@type":"ImageObject","inLanguage":"es","@id":"https:\/\/www.senderosgr.es\/blog\/#\/schema\/person\/image\/","url":"https:\/\/secure.gravatar.com\/avatar\/6f52711b33f9d4b67746ba74eb5d9e349ce13d3901fd85c995aea449f2512faf?s=96&d=mm&r=g","contentUrl":"https:\/\/secure.gravatar.com\/avatar\/6f52711b33f9d4b67746ba74eb5d9e349ce13d3901fd85c995aea449f2512faf?s=96&d=mm&r=g","caption":"SenderosGR"},"description":"Buz\u00f3n general de SenderosGR","url":"https:\/\/www.senderosgr.es\/blog\/author\/administrador\/"}]}},"cc_featured_image_caption":{"caption_text":false,"source_text":false,"source_url":false},"_links":{"self":[{"href":"https:\/\/www.senderosgr.es\/blog\/wp-json\/wp\/v2\/posts\/735","targetHints":{"allow":["GET"]}}],"collection":[{"href":"https:\/\/www.senderosgr.es\/blog\/wp-json\/wp\/v2\/posts"}],"about":[{"href":"https:\/\/www.senderosgr.es\/blog\/wp-json\/wp\/v2\/types\/post"}],"author":[{"embeddable":true,"href":"https:\/\/www.senderosgr.es\/blog\/wp-json\/wp\/v2\/users\/1"}],"replies":[{"embeddable":true,"href":"https:\/\/www.senderosgr.es\/blog\/wp-json\/wp\/v2\/comments?post=735"}],"version-history":[{"count":3,"href":"https:\/\/www.senderosgr.es\/blog\/wp-json\/wp\/v2\/posts\/735\/revisions"}],"predecessor-version":[{"id":739,"href":"https:\/\/www.senderosgr.es\/blog\/wp-json\/wp\/v2\/posts\/735\/revisions\/739"}],"wp:featuredmedia":[{"embeddable":true,"href":"https:\/\/www.senderosgr.es\/blog\/wp-json\/wp\/v2\/media\/737"}],"wp:attachment":[{"href":"https:\/\/www.senderosgr.es\/blog\/wp-json\/wp\/v2\/media?parent=735"}],"wp:term":[{"taxonomy":"category","embeddable":true,"href":"https:\/\/www.senderosgr.es\/blog\/wp-json\/wp\/v2\/categories?post=735"},{"taxonomy":"post_tag","embeddable":true,"href":"https:\/\/www.senderosgr.es\/blog\/wp-json\/wp\/v2\/tags?post=735"}],"curies":[{"name":"wp","href":"https:\/\/api.w.org\/{rel}","templated":true}]}}