{"id":726,"date":"2016-12-06T10:00:24","date_gmt":"2016-12-06T09:00:24","guid":{"rendered":"http:\/\/www.senderosgr.es\/blog\/?p=726"},"modified":"2016-12-05T18:12:52","modified_gmt":"2016-12-05T17:12:52","slug":"gr-250-bullas-caravaca-la-cruz","status":"publish","type":"post","link":"https:\/\/www.senderosgr.es\/blog\/2016\/12\/06\/gr-250-bullas-caravaca-la-cruz\/","title":{"rendered":"GR 250. Camino del Ap\u00f3stol. Etapa 6. Bullas-Caravaca de la Cruz"},"content":{"rendered":"<p style=\"text-align: justify;\">Por fin ha llegado al d\u00eda en que hemos de culminar este GR que, a trav\u00e9s de sus casi 160 kil\u00f3metros, nos ha mostrado los enormes contrastes que distinguen a la Regi\u00f3n de Murcia.<\/p>\n<p style=\"text-align: justify;\">La de hoy, como no puede ser de otro modo, es una jornada especial: despu\u00e9s de tantos d\u00edas de caminar en soledad, tras tanto tiempo de disfrutar recorriendo las distintas etapas para luego sufrir la apat\u00eda y el aburrimiento que las tardes me han deparado; acumulados tantos pensamientos, recuerdos y sentimientos, se impone el romanticismo t\u00f3pico pero cierto de la llegada al destino fijado.<\/p>\n<p style=\"text-align: justify;\">Y es que los <strong>Caminos de la Cruz poco tienen que ver con el Camino de Santiago<\/strong>, cuya comparaci\u00f3n es inevitable. \u00c9ste es un recorrido milenario, y la fuerza de atracci\u00f3n ha arraigado de tal modo en toda la sociedad que es Patrimonio de la Humanidad. Nuestras peregrinaciones a Caravaca tienen un car\u00e1cter m\u00e1s modesto, <strong>aunque diversas cualidades lo hacen enriquecedor y suficiente en s\u00ed mismo para justificar plenamente su realizaci\u00f3n<\/strong>.<\/p>\n<p style=\"text-align: justify;\">Son nueve los recorridos que llevan a Caravaca de la Cruz: el <a href=\"http:\/\/www.senderosgr.es\/SenderosDetalle.aspx?IdSendero=176&amp;Tipo=1&amp;IdAsociado=176\" target=\"_blank\">GR 250<\/a> que hemos relatado aqu\u00ed; el <a href=\"http:\/\/www.senderosgr.es\/SenderosDetalle.aspx?IdSendero=160&amp;Tipo=1&amp;IdAsociado=160\" target=\"_blank\">GR 251 Camino del Altiplano<\/a>, que nace en Yecla; el <a href=\"http:\/\/www.senderosgr.es\/SenderosDetalle.aspx?IdSendero=147&amp;Tipo=1&amp;IdAsociado=147\" target=\"_blank\">GR 252 Camino del Bajo Guadalent\u00edn<\/a>, cuyo punto de inicio es Mazarr\u00f3n; el <a href=\"http:\/\/www.senderosgr.es\/SenderosDetalle.aspx?IdSendero=152&amp;Tipo=1&amp;IdAsociado=152\" target=\"_blank\">GR 253<\/a>, que da comienzo en \u00c1guilas; y luego, sin estar homologados por la Federaci\u00f3n de Monta\u00f1ismo de la Regi\u00f3n de Murcia, tenemos el Camino del Lignum Crucis, con origen en Granja Rocamora (Alicante); el Camino de Andaluc\u00eda, partiendo desde el Collado Almacil\u00f3n, l\u00edmite provincial con Andaluc\u00eda; el Camino de San Juan, desde Ca\u00f1ada de la Cruz; y el Camino del Campo de Cartagena, una alternativa a nuestro GR 250. La m\u00e1s reciente incorporaci\u00f3n es, asimismo, la m\u00e1s ambiciosa, pues propone la salida desde Puente la Reina, en Navarra.<\/p>\n<p style=\"text-align: justify;\">Ci\u00f1\u00e9ndome a <strong>los cuatro itinerarios homologados<\/strong>, que son los que he podido realizar hasta la fecha, debo decir que <strong>son absolutamente recomendables<\/strong>, si bien exigen una forma f\u00edsica apta. Y es que, repito, esto no tiene nada que ver con el Camino de Santiago. Aqu\u00ed la infraestructura es m\u00ednima (en correspondencia a la demanda, igualmente m\u00ednima, que tienen estos senderos). Esto hace que, mientras en el Camino Jacobeo disponemos de albergues en cada aldea o pueblo que vamos atravesando, cada pocos kil\u00f3metros, aqu\u00ed se reduce a opciones \u00fanicas, que incluso en ocasiones nos ha obligado a desviarnos del trazado para pernoctar o, incluso, vivaquear (esto es, dormir al raso).<\/p>\n<p style=\"text-align: justify;\">Y esto le da un valor enorme a las experiencias acumuladas al recorrer estos Caminos de la Cruz (sin caer en ninguna mitificaci\u00f3n barata). Cuando uno tiene que encarar jornadas de m\u00e1s de 30 kil\u00f3metros (y hasta 40); o desviarse 3 kil\u00f3metros (que luego hay que recuperar) \u00fanicamente para comprar agua; o dormir en una celda del jumillano Monasterio de Santa Ana, bien cuidado por sus amabil\u00edsimos monjes; o invertir cerca de una hora en encontrar la perdida senda de subida que nos permita continuar hasta Moratalla desde el r\u00edo Alh\u00e1rabe; o la propia soledad que ha dominado todas las jornadas (a excepci\u00f3n de un par de ellas, que hice acompa\u00f1ado de mi esposa). Todas estas y otras tantas experiencias enriquecen y ensanchan el alma de aqu\u00e9l cuya disposici\u00f3n es positiva; no ocurre esto en el momento que sucede, sino d\u00edas o semanas despu\u00e9s; son sensaciones que se quedan fijadas a uno, y a las que puede acudir de forma recurrente.<\/p>\n<p style=\"text-align: justify;\">Con esta disposici\u00f3n positiva hasta el entusiasmo a la que me refiero enfrentaba la \u00faltima etapa del Camino del Ap\u00f3stol, que me pondr\u00eda, tras 26 kil\u00f3metros, en el Santuario de la Sant\u00edsima y Vera Cruz de Caravaca.<\/p>\n<p style=\"text-align: justify;\">La salida de Bullas es bien conocida, pues la he transitado varias veces gracias a los distintos PR\u2019s que pasan por all\u00ed, los cuales, dicho quede, son muy recomendables. En direcci\u00f3n a El Chaparral conectamos con el trazado original de la ruta f\u00e9rrea Murcia-Caravaca en el que es, sin duda, su tramo m\u00e1s bonito y agradecido.<\/p>\n<p style=\"text-align: justify;\">A un par de kil\u00f3metros nos abandona el PR-MU 30.1, que se introduce en el incre\u00edble <strong>Barranco de la Regidora<\/strong> hacia las Bodegas Carrascalejo. Me detengo aqu\u00ed, porque estamos ante <strong>uno de los lugares m\u00e1s bonitos<\/strong> que, como senderista, he visitado por el interior de la Regi\u00f3n. Adem\u00e1s, <strong>se puede recorrer con ni\u00f1os<\/strong>, pues est\u00e1 convenientemente adaptado con pasarelas de madera, y su distancia no superar\u00e1 los dos kil\u00f3metros (de ida).<\/p>\n<p style=\"text-align: justify;\">Hoy, sin embargo, continuamos nuestro camino en direcci\u00f3n a Ceheg\u00edn. Entre un frondoso y verde bosque de pinos andamos c\u00f3modamente. S\u00f3lo el paso de coches por la cercana autov\u00eda nos recuerda la rutina de un martes cualquiera, de la que he tenido la fortuna de escapar. Pasamos por el largo puente sobre el Arroyo del Padre Pecador para, poco m\u00e1s tarde salir a campo abierto, con excelsas vistas a las verdes tierras de Ceheg\u00edn.<\/p>\n<p style=\"text-align: justify;\">Pasamos bajo las ruinas de Begastri y llegamos a las inmediaciones de la vistosa ciudad de Ceheg\u00edn, aunque la v\u00eda verde la circunda por la periferia, poco atractiva. Antes de atravesar un pol\u00edgono paro a desayunar. No tardamos en cruzar Ceheg\u00edn; a la salida nos espera el \u00faltimo t\u00fanel de esta V\u00eda Verde del Noroeste. \u00c9ste es de los largos, y est\u00e1 iluminado. A continuaci\u00f3n alcanzamos el precioso y monumental puente sobre el r\u00edo Argos. Todo el que haya ido de Ceheg\u00edn a Caravaca (o viceversa) por la carretera antigua lo habr\u00e1 admirado.<\/p>\n<p style=\"text-align: justify;\">Estamos a punto de llegar a la arboleda de entrada a Caravaca, de gran belleza gracias a la ca\u00edda de hoja propia del oto\u00f1o en que nos encontramos. A la mitad de la misma, giro a la izquierda para introducirnos brevemente por caminos de huerta, hasta que, finalmente, alcanza la estaci\u00f3n final: Caravaca de la Cruz, hoy convertida en albergue y restaurante.<\/p>\n<p style=\"text-align: justify;\">Es momento de entrar a la ciudad de Caravaca. Como siempre, el seguimiento de las se\u00f1ales se complica en n\u00facleos urbanos de entidad. Aqu\u00ed hay se\u00f1alizaci\u00f3n suficiente, pero es m\u00e1s dif\u00edcil detectarla en farolas, sem\u00e1foros y se\u00f1ales que en piedras, paredes y otros elementos naturales y rurales. Tras una subida pronunciada accedemos al centro, giramos a la izquierda y seguimos las marcas, que nos pasean por el casco antiguo presumiendo de ciudad monumental, hasta que, tras la subida final, nos planta ante la puerta del Santuario.<\/p>\n<p style=\"text-align: justify;\">He recorrido 160 kil\u00f3metros en seis d\u00edas absolutamente preciosos que quedan para el recuerdo. Espero, en el futuro, repetir este Camino del Ap\u00f3stol, esta vez acompa\u00f1ado, para comparar y compartir experiencias.<\/p>\n<p style=\"text-align: justify;\">Tras \u00e9ste habr\u00e9 de realizar otros Caminos de la Cruz que han resultado igualmente excepcionales, y de los que espero hablaros en este mismo lugar.<\/p>\n<p><span style=\"font-size: x-large;\"><b><u><span style=\"color: #0000ff; font-family: 'trebuchet ms', sans-serif;\">FICHA T\u00c9CNICA:<\/span><\/u><\/b><\/span><\/p>\n<p style=\"text-align: justify;\"><span style=\"font-size: medium;\"><span style=\"color: #ff0000; font-family: 'trebuchet ms', sans-serif;\">FECHA DE REALIZACI\u00d3N:<\/span><span style=\"font-family: 'trebuchet ms', sans-serif;\"> 25 de noviembre de 2014.<br \/>\n<span style=\"color: #ff0000;\">RECORRIDO:<\/span> Bullas-Caravaca de la Cruz.<br \/>\n<span style=\"color: #ff0000;\">DISTANCIA TOTAL:<\/span> 25\u20199 kil\u00f3metros (aprox.)<br \/>\n<span style=\"color: #ff0000;\">TIEMPO:<\/span> 6 h.<br \/>\n<span style=\"color: #ff0000;\">DESNIVEL:<\/span> 115 m. (aprox.).<br \/>\n<span style=\"color: #ff0000;\">DIFICULTAD:<\/span> Baja.<br \/>\n<span style=\"color: #ff0000;\">RECOMENDACIONES: <\/span>La V\u00eda Verde del Noroeste, en todo su esplendor hasta las ruitas de Begastri; la panor\u00e1mica de Ceheg\u00edn, aunque no entramos al n\u00facleo urbano; el t\u00fanel a la salida de Ceheg\u00edn y el largo puente sobre el r\u00edo Argos; las primeras vistas de Caravaca de la Cruz, destino de nuestra ruta de peregrinaci\u00f3n; la entrada a Caravaca por su bella arboleda; Caravaca de la Cruz, una ciudad preciosa; la llegada al Santuario de la Vera Cruz.<\/span><br \/>\n<span style=\"color: #ff0000; font-family: 'trebuchet ms', sans-serif;\">M\u00c1S INFORMACI\u00d3N:<span style=\"color: #000000;\"> <a href=\"http:\/\/www.caminosdelacruz.info\/CAMINO1_ETAPA6.html\">Los Caminos de la Cruz<\/a>; <a href=\"http:\/\/www.senderosgr.es\/SenderosDetalle.aspx?IdSendero=176&amp;Tipo=1&amp;IdAsociado=176\">Senderos GR<\/a><\/span><\/span><\/span><\/p>\n","protected":false},"excerpt":{"rendered":"<p>Por fin ha llegado al d\u00eda en que hemos de culminar este GR que, a trav\u00e9s de sus casi 160 kil\u00f3metros, nos ha mostrado los enormes contrastes que distinguen a la Regi\u00f3n de Murcia. La de hoy, como no puede ser de otro modo, es una jornada especial: despu\u00e9s de tantos d\u00edas de caminar en [&hellip;]<\/p>\n","protected":false},"author":4,"featured_media":727,"comment_status":"open","ping_status":"open","sticky":false,"template":"","format":"standard","meta":{"footnotes":""},"categories":[211,193],"tags":[172,197,173,239,214],"class_list":["post-726","post","type-post","status-publish","format-standard","has-post-thumbnail","hentry","category-grmurcia","category-noticias","tag-gerrerista","tag-murcia","tag-senderismo","tag-senderismo-con-ninos","tag-travesia"],"yoast_head":"<!-- This site is optimized with the Yoast SEO plugin v26.6 - https:\/\/yoast.com\/wordpress\/plugins\/seo\/ -->\n<title>GR 250. Camino del Ap\u00f3stol. Etapa 6. Bullas-Caravaca de la Cruz - El Blog de SenderosGR<\/title>\n<meta name=\"description\" content=\"Por fin ha llegado al d\u00eda en que hemos de culminar este GR en Caravaca de la Cruz. Espero, en el futuro, repetir este Camino del Ap\u00f3stol...\" \/>\n<meta name=\"robots\" content=\"index, follow, max-snippet:-1, max-image-preview:large, max-video-preview:-1\" \/>\n<link rel=\"canonical\" href=\"https:\/\/www.senderosgr.es\/blog\/2016\/12\/06\/gr-250-bullas-caravaca-la-cruz\/\" \/>\n<meta property=\"og:locale\" content=\"es_ES\" \/>\n<meta property=\"og:type\" content=\"article\" \/>\n<meta property=\"og:title\" content=\"GR 250. Camino del Ap\u00f3stol. Etapa 6. Bullas-Caravaca de la Cruz - El Blog de SenderosGR\" \/>\n<meta property=\"og:description\" content=\"Por fin ha llegado al d\u00eda en que hemos de culminar este GR en Caravaca de la Cruz. Espero, en el futuro, repetir este Camino del Ap\u00f3stol...\" \/>\n<meta property=\"og:url\" content=\"https:\/\/www.senderosgr.es\/blog\/2016\/12\/06\/gr-250-bullas-caravaca-la-cruz\/\" \/>\n<meta property=\"og:site_name\" content=\"El Blog de SenderosGR\" \/>\n<meta property=\"article:published_time\" content=\"2016-12-06T09:00:24+00:00\" \/>\n<meta property=\"og:image\" content=\"https:\/\/www.senderosgr.es\/blog\/wp-content\/uploads\/2016\/12\/2014-11-25-11.01.49.jpg\" \/>\n\t<meta property=\"og:image:width\" content=\"1200\" \/>\n\t<meta property=\"og:image:height\" content=\"1600\" \/>\n\t<meta property=\"og:image:type\" content=\"image\/jpeg\" \/>\n<meta name=\"author\" content=\"Miguel \u00c1ngel Mart\u00ednez\" \/>\n<meta name=\"twitter:card\" content=\"summary_large_image\" \/>\n<meta name=\"twitter:label1\" content=\"Escrito por\" \/>\n\t<meta name=\"twitter:data1\" content=\"Miguel \u00c1ngel Mart\u00ednez\" \/>\n\t<meta name=\"twitter:label2\" content=\"Tiempo de lectura\" \/>\n\t<meta name=\"twitter:data2\" content=\"7 minutos\" \/>\n<script type=\"application\/ld+json\" class=\"yoast-schema-graph\">{\"@context\":\"https:\/\/schema.org\",\"@graph\":[{\"@type\":\"Article\",\"@id\":\"https:\/\/www.senderosgr.es\/blog\/2016\/12\/06\/gr-250-bullas-caravaca-la-cruz\/#article\",\"isPartOf\":{\"@id\":\"https:\/\/www.senderosgr.es\/blog\/2016\/12\/06\/gr-250-bullas-caravaca-la-cruz\/\"},\"author\":{\"name\":\"Miguel \u00c1ngel Mart\u00ednez\",\"@id\":\"https:\/\/www.senderosgr.es\/blog\/#\/schema\/person\/1cb38560f9f0982b2d7b1e490d6cf5cc\"},\"headline\":\"GR 250. Camino del Ap\u00f3stol. Etapa 6. Bullas-Caravaca de la Cruz\",\"datePublished\":\"2016-12-06T09:00:24+00:00\",\"mainEntityOfPage\":{\"@id\":\"https:\/\/www.senderosgr.es\/blog\/2016\/12\/06\/gr-250-bullas-caravaca-la-cruz\/\"},\"wordCount\":1317,\"commentCount\":0,\"publisher\":{\"@id\":\"https:\/\/www.senderosgr.es\/blog\/#organization\"},\"image\":{\"@id\":\"https:\/\/www.senderosgr.es\/blog\/2016\/12\/06\/gr-250-bullas-caravaca-la-cruz\/#primaryimage\"},\"thumbnailUrl\":\"https:\/\/www.senderosgr.es\/blog\/wp-content\/uploads\/2016\/12\/2014-11-25-11.01.49.jpg\",\"keywords\":[\"gerrerista\",\"murcia\",\"senderismo\",\"senderismo con ni\u00f1os\",\"traves\u00eda\"],\"articleSection\":[\"GR#Murcia\",\"Noticias\"],\"inLanguage\":\"es\",\"potentialAction\":[{\"@type\":\"CommentAction\",\"name\":\"Comment\",\"target\":[\"https:\/\/www.senderosgr.es\/blog\/2016\/12\/06\/gr-250-bullas-caravaca-la-cruz\/#respond\"]}]},{\"@type\":\"WebPage\",\"@id\":\"https:\/\/www.senderosgr.es\/blog\/2016\/12\/06\/gr-250-bullas-caravaca-la-cruz\/\",\"url\":\"https:\/\/www.senderosgr.es\/blog\/2016\/12\/06\/gr-250-bullas-caravaca-la-cruz\/\",\"name\":\"GR 250. Camino del Ap\u00f3stol. Etapa 6. Bullas-Caravaca de la Cruz - El Blog de SenderosGR\",\"isPartOf\":{\"@id\":\"https:\/\/www.senderosgr.es\/blog\/#website\"},\"primaryImageOfPage\":{\"@id\":\"https:\/\/www.senderosgr.es\/blog\/2016\/12\/06\/gr-250-bullas-caravaca-la-cruz\/#primaryimage\"},\"image\":{\"@id\":\"https:\/\/www.senderosgr.es\/blog\/2016\/12\/06\/gr-250-bullas-caravaca-la-cruz\/#primaryimage\"},\"thumbnailUrl\":\"https:\/\/www.senderosgr.es\/blog\/wp-content\/uploads\/2016\/12\/2014-11-25-11.01.49.jpg\",\"datePublished\":\"2016-12-06T09:00:24+00:00\",\"description\":\"Por fin ha llegado al d\u00eda en que hemos de culminar este GR en Caravaca de la Cruz. Espero, en el futuro, repetir este Camino del Ap\u00f3stol...\",\"breadcrumb\":{\"@id\":\"https:\/\/www.senderosgr.es\/blog\/2016\/12\/06\/gr-250-bullas-caravaca-la-cruz\/#breadcrumb\"},\"inLanguage\":\"es\",\"potentialAction\":[{\"@type\":\"ReadAction\",\"target\":[\"https:\/\/www.senderosgr.es\/blog\/2016\/12\/06\/gr-250-bullas-caravaca-la-cruz\/\"]}]},{\"@type\":\"ImageObject\",\"inLanguage\":\"es\",\"@id\":\"https:\/\/www.senderosgr.es\/blog\/2016\/12\/06\/gr-250-bullas-caravaca-la-cruz\/#primaryimage\",\"url\":\"https:\/\/www.senderosgr.es\/blog\/wp-content\/uploads\/2016\/12\/2014-11-25-11.01.49.jpg\",\"contentUrl\":\"https:\/\/www.senderosgr.es\/blog\/wp-content\/uploads\/2016\/12\/2014-11-25-11.01.49.jpg\",\"width\":1200,\"height\":1600,\"caption\":\"\u00c1rboles de hoja caduca junto a camino asfaltado\"},{\"@type\":\"BreadcrumbList\",\"@id\":\"https:\/\/www.senderosgr.es\/blog\/2016\/12\/06\/gr-250-bullas-caravaca-la-cruz\/#breadcrumb\",\"itemListElement\":[{\"@type\":\"ListItem\",\"position\":1,\"name\":\"Portada\",\"item\":\"https:\/\/www.senderosgr.es\/blog\/\"},{\"@type\":\"ListItem\",\"position\":2,\"name\":\"GR 250. Camino del Ap\u00f3stol. Etapa 6. Bullas-Caravaca de la Cruz\"}]},{\"@type\":\"WebSite\",\"@id\":\"https:\/\/www.senderosgr.es\/blog\/#website\",\"url\":\"https:\/\/www.senderosgr.es\/blog\/\",\"name\":\"El Blog de SenderosGR\",\"description\":\"Noticias, opiniones... \u00a1y mucho m\u00e1s!\",\"publisher\":{\"@id\":\"https:\/\/www.senderosgr.es\/blog\/#organization\"},\"potentialAction\":[{\"@type\":\"SearchAction\",\"target\":{\"@type\":\"EntryPoint\",\"urlTemplate\":\"https:\/\/www.senderosgr.es\/blog\/?s={search_term_string}\"},\"query-input\":{\"@type\":\"PropertyValueSpecification\",\"valueRequired\":true,\"valueName\":\"search_term_string\"}}],\"inLanguage\":\"es\"},{\"@type\":\"Organization\",\"@id\":\"https:\/\/www.senderosgr.es\/blog\/#organization\",\"name\":\"El Blog de SenderosGR\",\"url\":\"https:\/\/www.senderosgr.es\/blog\/\",\"logo\":{\"@type\":\"ImageObject\",\"inLanguage\":\"es\",\"@id\":\"https:\/\/www.senderosgr.es\/blog\/#\/schema\/logo\/image\/\",\"url\":\"https:\/\/www.senderosgr.es\/blog\/wp-content\/uploads\/2016\/06\/SGR-logo-cabecera-wordpress-copy-1.jpg\",\"contentUrl\":\"https:\/\/www.senderosgr.es\/blog\/wp-content\/uploads\/2016\/06\/SGR-logo-cabecera-wordpress-copy-1.jpg\",\"width\":240,\"height\":240,\"caption\":\"El Blog de SenderosGR\"},\"image\":{\"@id\":\"https:\/\/www.senderosgr.es\/blog\/#\/schema\/logo\/image\/\"}},{\"@type\":\"Person\",\"@id\":\"https:\/\/www.senderosgr.es\/blog\/#\/schema\/person\/1cb38560f9f0982b2d7b1e490d6cf5cc\",\"name\":\"Miguel \u00c1ngel Mart\u00ednez\",\"image\":{\"@type\":\"ImageObject\",\"inLanguage\":\"es\",\"@id\":\"https:\/\/www.senderosgr.es\/blog\/#\/schema\/person\/image\/\",\"url\":\"https:\/\/secure.gravatar.com\/avatar\/852d29397f6531e4d311fe842cce8b0249b912ab21b24fad60dbf304a6f5b1ea?s=96&d=mm&r=g\",\"contentUrl\":\"https:\/\/secure.gravatar.com\/avatar\/852d29397f6531e4d311fe842cce8b0249b912ab21b24fad60dbf304a6f5b1ea?s=96&d=mm&r=g\",\"caption\":\"Miguel \u00c1ngel Mart\u00ednez\"},\"description\":\"Gerrerista. Caminador empedernido por tierras murcianas.\",\"sameAs\":[\"http:\/\/bonaelcaminador.blogspot.com\"],\"url\":\"https:\/\/www.senderosgr.es\/blog\/author\/miguela\/\"}]}<\/script>\n<!-- \/ Yoast SEO plugin. -->","yoast_head_json":{"title":"GR 250. Camino del Ap\u00f3stol. Etapa 6. Bullas-Caravaca de la Cruz - El Blog de SenderosGR","description":"Por fin ha llegado al d\u00eda en que hemos de culminar este GR en Caravaca de la Cruz. Espero, en el futuro, repetir este Camino del Ap\u00f3stol...","robots":{"index":"index","follow":"follow","max-snippet":"max-snippet:-1","max-image-preview":"max-image-preview:large","max-video-preview":"max-video-preview:-1"},"canonical":"https:\/\/www.senderosgr.es\/blog\/2016\/12\/06\/gr-250-bullas-caravaca-la-cruz\/","og_locale":"es_ES","og_type":"article","og_title":"GR 250. Camino del Ap\u00f3stol. Etapa 6. Bullas-Caravaca de la Cruz - El Blog de SenderosGR","og_description":"Por fin ha llegado al d\u00eda en que hemos de culminar este GR en Caravaca de la Cruz. Espero, en el futuro, repetir este Camino del Ap\u00f3stol...","og_url":"https:\/\/www.senderosgr.es\/blog\/2016\/12\/06\/gr-250-bullas-caravaca-la-cruz\/","og_site_name":"El Blog de SenderosGR","article_published_time":"2016-12-06T09:00:24+00:00","og_image":[{"width":1200,"height":1600,"url":"https:\/\/www.senderosgr.es\/blog\/wp-content\/uploads\/2016\/12\/2014-11-25-11.01.49.jpg","type":"image\/jpeg"}],"author":"Miguel \u00c1ngel Mart\u00ednez","twitter_card":"summary_large_image","twitter_misc":{"Escrito por":"Miguel \u00c1ngel Mart\u00ednez","Tiempo de lectura":"7 minutos"},"schema":{"@context":"https:\/\/schema.org","@graph":[{"@type":"Article","@id":"https:\/\/www.senderosgr.es\/blog\/2016\/12\/06\/gr-250-bullas-caravaca-la-cruz\/#article","isPartOf":{"@id":"https:\/\/www.senderosgr.es\/blog\/2016\/12\/06\/gr-250-bullas-caravaca-la-cruz\/"},"author":{"name":"Miguel \u00c1ngel Mart\u00ednez","@id":"https:\/\/www.senderosgr.es\/blog\/#\/schema\/person\/1cb38560f9f0982b2d7b1e490d6cf5cc"},"headline":"GR 250. Camino del Ap\u00f3stol. Etapa 6. Bullas-Caravaca de la Cruz","datePublished":"2016-12-06T09:00:24+00:00","mainEntityOfPage":{"@id":"https:\/\/www.senderosgr.es\/blog\/2016\/12\/06\/gr-250-bullas-caravaca-la-cruz\/"},"wordCount":1317,"commentCount":0,"publisher":{"@id":"https:\/\/www.senderosgr.es\/blog\/#organization"},"image":{"@id":"https:\/\/www.senderosgr.es\/blog\/2016\/12\/06\/gr-250-bullas-caravaca-la-cruz\/#primaryimage"},"thumbnailUrl":"https:\/\/www.senderosgr.es\/blog\/wp-content\/uploads\/2016\/12\/2014-11-25-11.01.49.jpg","keywords":["gerrerista","murcia","senderismo","senderismo con ni\u00f1os","traves\u00eda"],"articleSection":["GR#Murcia","Noticias"],"inLanguage":"es","potentialAction":[{"@type":"CommentAction","name":"Comment","target":["https:\/\/www.senderosgr.es\/blog\/2016\/12\/06\/gr-250-bullas-caravaca-la-cruz\/#respond"]}]},{"@type":"WebPage","@id":"https:\/\/www.senderosgr.es\/blog\/2016\/12\/06\/gr-250-bullas-caravaca-la-cruz\/","url":"https:\/\/www.senderosgr.es\/blog\/2016\/12\/06\/gr-250-bullas-caravaca-la-cruz\/","name":"GR 250. Camino del Ap\u00f3stol. Etapa 6. Bullas-Caravaca de la Cruz - El Blog de SenderosGR","isPartOf":{"@id":"https:\/\/www.senderosgr.es\/blog\/#website"},"primaryImageOfPage":{"@id":"https:\/\/www.senderosgr.es\/blog\/2016\/12\/06\/gr-250-bullas-caravaca-la-cruz\/#primaryimage"},"image":{"@id":"https:\/\/www.senderosgr.es\/blog\/2016\/12\/06\/gr-250-bullas-caravaca-la-cruz\/#primaryimage"},"thumbnailUrl":"https:\/\/www.senderosgr.es\/blog\/wp-content\/uploads\/2016\/12\/2014-11-25-11.01.49.jpg","datePublished":"2016-12-06T09:00:24+00:00","description":"Por fin ha llegado al d\u00eda en que hemos de culminar este GR en Caravaca de la Cruz. Espero, en el futuro, repetir este Camino del Ap\u00f3stol...","breadcrumb":{"@id":"https:\/\/www.senderosgr.es\/blog\/2016\/12\/06\/gr-250-bullas-caravaca-la-cruz\/#breadcrumb"},"inLanguage":"es","potentialAction":[{"@type":"ReadAction","target":["https:\/\/www.senderosgr.es\/blog\/2016\/12\/06\/gr-250-bullas-caravaca-la-cruz\/"]}]},{"@type":"ImageObject","inLanguage":"es","@id":"https:\/\/www.senderosgr.es\/blog\/2016\/12\/06\/gr-250-bullas-caravaca-la-cruz\/#primaryimage","url":"https:\/\/www.senderosgr.es\/blog\/wp-content\/uploads\/2016\/12\/2014-11-25-11.01.49.jpg","contentUrl":"https:\/\/www.senderosgr.es\/blog\/wp-content\/uploads\/2016\/12\/2014-11-25-11.01.49.jpg","width":1200,"height":1600,"caption":"\u00c1rboles de hoja caduca junto a camino asfaltado"},{"@type":"BreadcrumbList","@id":"https:\/\/www.senderosgr.es\/blog\/2016\/12\/06\/gr-250-bullas-caravaca-la-cruz\/#breadcrumb","itemListElement":[{"@type":"ListItem","position":1,"name":"Portada","item":"https:\/\/www.senderosgr.es\/blog\/"},{"@type":"ListItem","position":2,"name":"GR 250. Camino del Ap\u00f3stol. Etapa 6. Bullas-Caravaca de la Cruz"}]},{"@type":"WebSite","@id":"https:\/\/www.senderosgr.es\/blog\/#website","url":"https:\/\/www.senderosgr.es\/blog\/","name":"El Blog de SenderosGR","description":"Noticias, opiniones... \u00a1y mucho m\u00e1s!","publisher":{"@id":"https:\/\/www.senderosgr.es\/blog\/#organization"},"potentialAction":[{"@type":"SearchAction","target":{"@type":"EntryPoint","urlTemplate":"https:\/\/www.senderosgr.es\/blog\/?s={search_term_string}"},"query-input":{"@type":"PropertyValueSpecification","valueRequired":true,"valueName":"search_term_string"}}],"inLanguage":"es"},{"@type":"Organization","@id":"https:\/\/www.senderosgr.es\/blog\/#organization","name":"El Blog de SenderosGR","url":"https:\/\/www.senderosgr.es\/blog\/","logo":{"@type":"ImageObject","inLanguage":"es","@id":"https:\/\/www.senderosgr.es\/blog\/#\/schema\/logo\/image\/","url":"https:\/\/www.senderosgr.es\/blog\/wp-content\/uploads\/2016\/06\/SGR-logo-cabecera-wordpress-copy-1.jpg","contentUrl":"https:\/\/www.senderosgr.es\/blog\/wp-content\/uploads\/2016\/06\/SGR-logo-cabecera-wordpress-copy-1.jpg","width":240,"height":240,"caption":"El Blog de SenderosGR"},"image":{"@id":"https:\/\/www.senderosgr.es\/blog\/#\/schema\/logo\/image\/"}},{"@type":"Person","@id":"https:\/\/www.senderosgr.es\/blog\/#\/schema\/person\/1cb38560f9f0982b2d7b1e490d6cf5cc","name":"Miguel \u00c1ngel Mart\u00ednez","image":{"@type":"ImageObject","inLanguage":"es","@id":"https:\/\/www.senderosgr.es\/blog\/#\/schema\/person\/image\/","url":"https:\/\/secure.gravatar.com\/avatar\/852d29397f6531e4d311fe842cce8b0249b912ab21b24fad60dbf304a6f5b1ea?s=96&d=mm&r=g","contentUrl":"https:\/\/secure.gravatar.com\/avatar\/852d29397f6531e4d311fe842cce8b0249b912ab21b24fad60dbf304a6f5b1ea?s=96&d=mm&r=g","caption":"Miguel \u00c1ngel Mart\u00ednez"},"description":"Gerrerista. Caminador empedernido por tierras murcianas.","sameAs":["http:\/\/bonaelcaminador.blogspot.com"],"url":"https:\/\/www.senderosgr.es\/blog\/author\/miguela\/"}]}},"cc_featured_image_caption":{"caption_text":false,"source_text":false,"source_url":false},"_links":{"self":[{"href":"https:\/\/www.senderosgr.es\/blog\/wp-json\/wp\/v2\/posts\/726","targetHints":{"allow":["GET"]}}],"collection":[{"href":"https:\/\/www.senderosgr.es\/blog\/wp-json\/wp\/v2\/posts"}],"about":[{"href":"https:\/\/www.senderosgr.es\/blog\/wp-json\/wp\/v2\/types\/post"}],"author":[{"embeddable":true,"href":"https:\/\/www.senderosgr.es\/blog\/wp-json\/wp\/v2\/users\/4"}],"replies":[{"embeddable":true,"href":"https:\/\/www.senderosgr.es\/blog\/wp-json\/wp\/v2\/comments?post=726"}],"version-history":[{"count":5,"href":"https:\/\/www.senderosgr.es\/blog\/wp-json\/wp\/v2\/posts\/726\/revisions"}],"predecessor-version":[{"id":733,"href":"https:\/\/www.senderosgr.es\/blog\/wp-json\/wp\/v2\/posts\/726\/revisions\/733"}],"wp:featuredmedia":[{"embeddable":true,"href":"https:\/\/www.senderosgr.es\/blog\/wp-json\/wp\/v2\/media\/727"}],"wp:attachment":[{"href":"https:\/\/www.senderosgr.es\/blog\/wp-json\/wp\/v2\/media?parent=726"}],"wp:term":[{"taxonomy":"category","embeddable":true,"href":"https:\/\/www.senderosgr.es\/blog\/wp-json\/wp\/v2\/categories?post=726"},{"taxonomy":"post_tag","embeddable":true,"href":"https:\/\/www.senderosgr.es\/blog\/wp-json\/wp\/v2\/tags?post=726"}],"curies":[{"name":"wp","href":"https:\/\/api.w.org\/{rel}","templated":true}]}}