{"id":72,"date":"2011-12-15T17:41:00","date_gmt":"2011-12-15T17:41:00","guid":{"rendered":"http:\/\/www.senderosgr.es\/blog\/2011\/12\/15\/this-is-my-winter-testigos-de-un-invierno-de-hazanas-increibles\/"},"modified":"2011-12-15T17:41:00","modified_gmt":"2011-12-15T17:41:00","slug":"this-is-my-winter-testigos-de-un-invierno-de-hazanas-increibles","status":"publish","type":"post","link":"https:\/\/www.senderosgr.es\/blog\/2011\/12\/15\/this-is-my-winter-testigos-de-un-invierno-de-hazanas-increibles\/","title":{"rendered":"This is my Winter: testigos de un invierno de haza\u00f1as incre\u00edbles"},"content":{"rendered":"<div style=\"text-align: justify;\"><a href=\"http:\/\/4.bp.blogspot.com\/-LWRMoEFYxcg\/TuoxUHJ73uI\/AAAAAAAAALs\/QUPo2pL06-g\/s1600\/this%2Bis.jpg\"><img decoding=\"async\" alt=\"\" border=\"0\" id=\"BLOGGER_PHOTO_ID_5686411701096537826\" src=\"https:\/\/4.bp.blogspot.com\/-LWRMoEFYxcg\/TuoxUHJ73uI\/AAAAAAAAALs\/QUPo2pL06-g\/s320\/this%2Bis.jpg\" style=\"cursor: hand; cursor: pointer; float: left; height: 320px; margin: 0 10px 10px 0; width: 226px;\" \/><\/a><span style=\"font-size: 85%;\"><span style=\"font-family: &quot;verdana&quot;;\">El campe\u00f3n de snowboardcross Xavier de la Rue, de la mano de TimeLine Film, ha presentado su primer proyecto documental sobre <a href=\"http:\/\/es.wikipedia.org\/wiki\/Snowboarding\">freeride extremo<\/a>, la pel\u00edcula <span style=\"font-style: italic;\">This is my Winter<\/span>. La <a href=\"http:\/\/www.blogger.com\/El%20campe%C3%83%C2%B3n%20de%20snowboardcross%20Xavier%20de%20la%20Rue,%20de%20la%20mano%20de%20TimeLine%20Film,%20ha%20presentado%20su%20primer%20proyecto%20documental%20sobre%20Freeride%20Extremo,%20la%20pel%C3%83%C2%ADcula%20This%20is%20my%20Winter.%20La%20productora%20TimeLine%20Film%20debuta%20con%20este%20largo%20tras%20su%20serie%20de%20ocho%20cap%C3%83%C2%ADtulos%20sobre%20lo%20que%20se%20esconde%20detr%C3%83%C2%A1s%20de%20la%20temporada.%20%20http:\/\/www.timelinemissions.com\">productora TimeLine Film<\/a> debuta con este largo, tras su serie de ocho cap\u00edtulos sobre lo que se esconde detr\u00e1s de la temporada.<\/span><br \/><span style=\"font-family: &quot;verdana&quot;;\"><a href=\"http:\/\/www.timelinemissions.com\/a-propos\/\">Xavier de Le Rue<\/a> es ante todo un amante de la monta\u00f1a que ha logrado gran \u00e9xito y prestigio compitiendo en distintas disciplinas de snowboard. Campe\u00f3n del <a href=\"http:\/\/en.wikipedia.org\/wiki\/Freeride_World_Tour\">Freeride World Tour<\/a> en tres ocasiones consecutivas, cuenta, entre otros premios, con varias medallas de oro en los <a href=\"http:\/\/es.wikipedia.org\/wiki\/X_Games\">X Games<\/a>.<\/span><\/p>\n<p><span style=\"font-family: &quot;verdana&quot;;\">La \u00faltima aventura de este franc\u00e9s de 32 a\u00f1os, nacido en los Pirineos (Saint Lary), est\u00e1 motivada, como \u00e9l mismo asegura, por su profundo amor a la monta\u00f1a. No surge de la nada, se fue gestando a lo largo de sus colaboraciones en proyectos cinematogr\u00e1ficos como <a href=\"http:\/\/www.tetongravity.com\/deeper\/\"><span style=\"font-style: italic;\">Deeper<\/span><\/a> de Jeremy Jones y Teton Gravity Research y el que no duda en llamar el mejor viaje de su vida, a la Ant\u00e1rtida, para grabar <a href=\"http:\/\/www.relentlessenergy.com\/film\/lives-of-the-artists.html\"><span style=\"font-style: italic;\">Lives of the Artists<\/span><\/a> de Ross Cairns.<\/span><\/p>\n<p><span style=\"font-family: &quot;verdana&quot;;\">Estas experiencias le han llevado a poner en marcha un proyecto como <span style=\"font-style: italic;\">This is my Winter<\/span> y de paso crear su propia productora, TimeLine Film, junto a Guido Perrini y Tero Repo, tras las c\u00e1maras, y Matthieu Crepel.<\/span><span style=\"font-family: &quot;verdana&quot;;\">Mientras los ocho episodios contaban las an\u00e9cdotas de la preparaci\u00f3n y sus logros a lo largo de la temporada, <span style=\"font-style: italic;\">This is My Winter<\/span> ofrece el paquete completo, la b\u00fasqueda de la nieve de Europa a Alaska: cumbres imposibles, retos \u00fanicos, momentos de v\u00e9rtigo e im\u00e1genes de una belleza incalculable que muestran una naturaleza que parece parar el tiempo y a un grupo de locos que intentan luchar contra ella.<\/span><span style=\"font-family: &quot;verdana&quot;;\">En la web de la productora (<a href=\"http:\/\/www.timelinemissions.com\/\">www.timelinemissions.com<\/a>) tambi\u00e9n se encuentran algunos <a href=\"http:\/\/www.timelinemissions.com\/bonus-timelapse-timeline\/\">regalos como el de Guido<\/a>, c\u00e1mara inseparable de Xavier, mostrando en unos breves cinco minutos las maravillas que se pueden grabar con los <a href=\"http:\/\/es.wikipedia.org\/wiki\/Time-lapse\"><span style=\"font-style: italic;\">time-lapse<\/span><\/a>.<\/span><\/p>\n<p><span style=\"font-family: &quot;verdana&quot;;\">Os dejamos con la pel\u00edcula completa. De momento s\u00f3lo est\u00e1 disponible en ingl\u00e9s y franc\u00e9s. \u00a1Disfrutad!<\/span><\/span><\/div>\n<p><iframe loading=\"lazy\" allowfullscreen=\"\" frameborder=\"0\" height=\"225\" mozallowfullscreen=\"\" src=\"http:\/\/player.vimeo.com\/video\/31572650?portrait=0&amp;color=edf3f5\" webkitallowfullscreen=\"\" width=\"400\"><\/iframe><\/p>\n<div style=\"font-family: verdana;\"><span style=\"font-size: 78%;\"><a href=\"http:\/\/vimeo.com\/31572650\">THIS IS MY WINTER (full movie english)<\/a> from <a href=\"http:\/\/vimeo.com\/timelinefilm\">TimeLine Film<\/a> on <a href=\"http:\/\/vimeo.com\/\">Vimeo<\/a>.<\/span><\/div>\n","protected":false},"excerpt":{"rendered":"<p>El campe\u00f3n de snowboardcross Xavier de la Rue, de la mano de TimeLine Film, ha presentado su primer proyecto documental sobre freeride extremo, la pel\u00edcula This is my Winter. La productora TimeLine Film debuta con este largo, tras su serie de ocho cap\u00edtulos sobre lo que se esconde detr\u00e1s de la temporada.Xavier de Le Rue [&hellip;]<\/p>\n","protected":false},"author":1,"featured_media":0,"comment_status":"open","ping_status":"open","sticky":false,"template":"","format":"standard","meta":{"footnotes":""},"categories":[1],"tags":[],"class_list":["post-72","post","type-post","status-publish","format-standard","hentry","category-sin-categoria"],"yoast_head":"<!-- This site is optimized with the Yoast SEO plugin v26.6 - https:\/\/yoast.com\/wordpress\/plugins\/seo\/ -->\n<title>This is my Winter: testigos de un invierno de haza\u00f1as incre\u00edbles - El Blog de SenderosGR<\/title>\n<meta name=\"robots\" content=\"index, follow, max-snippet:-1, max-image-preview:large, max-video-preview:-1\" \/>\n<link rel=\"canonical\" href=\"https:\/\/www.senderosgr.es\/blog\/2011\/12\/15\/this-is-my-winter-testigos-de-un-invierno-de-hazanas-increibles\/\" \/>\n<meta property=\"og:locale\" content=\"es_ES\" \/>\n<meta property=\"og:type\" content=\"article\" \/>\n<meta property=\"og:title\" content=\"This is my Winter: testigos de un invierno de haza\u00f1as incre\u00edbles - El Blog de SenderosGR\" \/>\n<meta property=\"og:description\" content=\"El campe\u00f3n de snowboardcross Xavier de la Rue, de la mano de TimeLine Film, ha presentado su primer proyecto documental sobre freeride extremo, la pel\u00edcula This is my Winter. La productora TimeLine Film debuta con este largo, tras su serie de ocho cap\u00edtulos sobre lo que se esconde detr\u00e1s de la temporada.Xavier de Le Rue [&hellip;]\" \/>\n<meta property=\"og:url\" content=\"https:\/\/www.senderosgr.es\/blog\/2011\/12\/15\/this-is-my-winter-testigos-de-un-invierno-de-hazanas-increibles\/\" \/>\n<meta property=\"og:site_name\" content=\"El Blog de SenderosGR\" \/>\n<meta property=\"article:published_time\" content=\"2011-12-15T17:41:00+00:00\" \/>\n<meta property=\"og:image\" content=\"https:\/\/4.bp.blogspot.com\/-LWRMoEFYxcg\/TuoxUHJ73uI\/AAAAAAAAALs\/QUPo2pL06-g\/s320\/this%2Bis.jpg\" \/>\n<meta name=\"author\" content=\"SenderosGR\" \/>\n<meta name=\"twitter:card\" content=\"summary_large_image\" \/>\n<meta name=\"twitter:label1\" content=\"Escrito por\" \/>\n\t<meta name=\"twitter:data1\" content=\"SenderosGR\" \/>\n\t<meta name=\"twitter:label2\" content=\"Tiempo de lectura\" \/>\n\t<meta name=\"twitter:data2\" content=\"2 minutos\" \/>\n<script type=\"application\/ld+json\" class=\"yoast-schema-graph\">{\"@context\":\"https:\/\/schema.org\",\"@graph\":[{\"@type\":\"Article\",\"@id\":\"https:\/\/www.senderosgr.es\/blog\/2011\/12\/15\/this-is-my-winter-testigos-de-un-invierno-de-hazanas-increibles\/#article\",\"isPartOf\":{\"@id\":\"https:\/\/www.senderosgr.es\/blog\/2011\/12\/15\/this-is-my-winter-testigos-de-un-invierno-de-hazanas-increibles\/\"},\"author\":{\"name\":\"SenderosGR\",\"@id\":\"https:\/\/www.senderosgr.es\/blog\/#\/schema\/person\/f2eef32e9aa1ea1fbc35244e3cff648f\"},\"headline\":\"This is my Winter: testigos de un invierno de haza\u00f1as incre\u00edbles\",\"datePublished\":\"2011-12-15T17:41:00+00:00\",\"mainEntityOfPage\":{\"@id\":\"https:\/\/www.senderosgr.es\/blog\/2011\/12\/15\/this-is-my-winter-testigos-de-un-invierno-de-hazanas-increibles\/\"},\"wordCount\":385,\"commentCount\":0,\"publisher\":{\"@id\":\"https:\/\/www.senderosgr.es\/blog\/#organization\"},\"image\":{\"@id\":\"https:\/\/www.senderosgr.es\/blog\/2011\/12\/15\/this-is-my-winter-testigos-de-un-invierno-de-hazanas-increibles\/#primaryimage\"},\"thumbnailUrl\":\"https:\/\/4.bp.blogspot.com\/-LWRMoEFYxcg\/TuoxUHJ73uI\/AAAAAAAAALs\/QUPo2pL06-g\/s320\/this%2Bis.jpg\",\"inLanguage\":\"es\",\"potentialAction\":[{\"@type\":\"CommentAction\",\"name\":\"Comment\",\"target\":[\"https:\/\/www.senderosgr.es\/blog\/2011\/12\/15\/this-is-my-winter-testigos-de-un-invierno-de-hazanas-increibles\/#respond\"]}]},{\"@type\":\"WebPage\",\"@id\":\"https:\/\/www.senderosgr.es\/blog\/2011\/12\/15\/this-is-my-winter-testigos-de-un-invierno-de-hazanas-increibles\/\",\"url\":\"https:\/\/www.senderosgr.es\/blog\/2011\/12\/15\/this-is-my-winter-testigos-de-un-invierno-de-hazanas-increibles\/\",\"name\":\"This is my Winter: testigos de un invierno de haza\u00f1as incre\u00edbles - El Blog de SenderosGR\",\"isPartOf\":{\"@id\":\"https:\/\/www.senderosgr.es\/blog\/#website\"},\"primaryImageOfPage\":{\"@id\":\"https:\/\/www.senderosgr.es\/blog\/2011\/12\/15\/this-is-my-winter-testigos-de-un-invierno-de-hazanas-increibles\/#primaryimage\"},\"image\":{\"@id\":\"https:\/\/www.senderosgr.es\/blog\/2011\/12\/15\/this-is-my-winter-testigos-de-un-invierno-de-hazanas-increibles\/#primaryimage\"},\"thumbnailUrl\":\"https:\/\/4.bp.blogspot.com\/-LWRMoEFYxcg\/TuoxUHJ73uI\/AAAAAAAAALs\/QUPo2pL06-g\/s320\/this%2Bis.jpg\",\"datePublished\":\"2011-12-15T17:41:00+00:00\",\"breadcrumb\":{\"@id\":\"https:\/\/www.senderosgr.es\/blog\/2011\/12\/15\/this-is-my-winter-testigos-de-un-invierno-de-hazanas-increibles\/#breadcrumb\"},\"inLanguage\":\"es\",\"potentialAction\":[{\"@type\":\"ReadAction\",\"target\":[\"https:\/\/www.senderosgr.es\/blog\/2011\/12\/15\/this-is-my-winter-testigos-de-un-invierno-de-hazanas-increibles\/\"]}]},{\"@type\":\"ImageObject\",\"inLanguage\":\"es\",\"@id\":\"https:\/\/www.senderosgr.es\/blog\/2011\/12\/15\/this-is-my-winter-testigos-de-un-invierno-de-hazanas-increibles\/#primaryimage\",\"url\":\"https:\/\/4.bp.blogspot.com\/-LWRMoEFYxcg\/TuoxUHJ73uI\/AAAAAAAAALs\/QUPo2pL06-g\/s320\/this%2Bis.jpg\",\"contentUrl\":\"https:\/\/4.bp.blogspot.com\/-LWRMoEFYxcg\/TuoxUHJ73uI\/AAAAAAAAALs\/QUPo2pL06-g\/s320\/this%2Bis.jpg\"},{\"@type\":\"BreadcrumbList\",\"@id\":\"https:\/\/www.senderosgr.es\/blog\/2011\/12\/15\/this-is-my-winter-testigos-de-un-invierno-de-hazanas-increibles\/#breadcrumb\",\"itemListElement\":[{\"@type\":\"ListItem\",\"position\":1,\"name\":\"Portada\",\"item\":\"https:\/\/www.senderosgr.es\/blog\/\"},{\"@type\":\"ListItem\",\"position\":2,\"name\":\"This is my Winter: testigos de un invierno de haza\u00f1as incre\u00edbles\"}]},{\"@type\":\"WebSite\",\"@id\":\"https:\/\/www.senderosgr.es\/blog\/#website\",\"url\":\"https:\/\/www.senderosgr.es\/blog\/\",\"name\":\"El Blog de SenderosGR\",\"description\":\"Noticias, opiniones... \u00a1y mucho m\u00e1s!\",\"publisher\":{\"@id\":\"https:\/\/www.senderosgr.es\/blog\/#organization\"},\"potentialAction\":[{\"@type\":\"SearchAction\",\"target\":{\"@type\":\"EntryPoint\",\"urlTemplate\":\"https:\/\/www.senderosgr.es\/blog\/?s={search_term_string}\"},\"query-input\":{\"@type\":\"PropertyValueSpecification\",\"valueRequired\":true,\"valueName\":\"search_term_string\"}}],\"inLanguage\":\"es\"},{\"@type\":\"Organization\",\"@id\":\"https:\/\/www.senderosgr.es\/blog\/#organization\",\"name\":\"El Blog de SenderosGR\",\"url\":\"https:\/\/www.senderosgr.es\/blog\/\",\"logo\":{\"@type\":\"ImageObject\",\"inLanguage\":\"es\",\"@id\":\"https:\/\/www.senderosgr.es\/blog\/#\/schema\/logo\/image\/\",\"url\":\"https:\/\/www.senderosgr.es\/blog\/wp-content\/uploads\/2016\/06\/SGR-logo-cabecera-wordpress-copy-1.jpg\",\"contentUrl\":\"https:\/\/www.senderosgr.es\/blog\/wp-content\/uploads\/2016\/06\/SGR-logo-cabecera-wordpress-copy-1.jpg\",\"width\":240,\"height\":240,\"caption\":\"El Blog de SenderosGR\"},\"image\":{\"@id\":\"https:\/\/www.senderosgr.es\/blog\/#\/schema\/logo\/image\/\"}},{\"@type\":\"Person\",\"@id\":\"https:\/\/www.senderosgr.es\/blog\/#\/schema\/person\/f2eef32e9aa1ea1fbc35244e3cff648f\",\"name\":\"SenderosGR\",\"image\":{\"@type\":\"ImageObject\",\"inLanguage\":\"es\",\"@id\":\"https:\/\/www.senderosgr.es\/blog\/#\/schema\/person\/image\/\",\"url\":\"https:\/\/secure.gravatar.com\/avatar\/6f52711b33f9d4b67746ba74eb5d9e349ce13d3901fd85c995aea449f2512faf?s=96&d=mm&r=g\",\"contentUrl\":\"https:\/\/secure.gravatar.com\/avatar\/6f52711b33f9d4b67746ba74eb5d9e349ce13d3901fd85c995aea449f2512faf?s=96&d=mm&r=g\",\"caption\":\"SenderosGR\"},\"description\":\"Buz\u00f3n general de SenderosGR\",\"url\":\"https:\/\/www.senderosgr.es\/blog\/author\/administrador\/\"}]}<\/script>\n<!-- \/ Yoast SEO plugin. -->","yoast_head_json":{"title":"This is my Winter: testigos de un invierno de haza\u00f1as incre\u00edbles - El Blog de SenderosGR","robots":{"index":"index","follow":"follow","max-snippet":"max-snippet:-1","max-image-preview":"max-image-preview:large","max-video-preview":"max-video-preview:-1"},"canonical":"https:\/\/www.senderosgr.es\/blog\/2011\/12\/15\/this-is-my-winter-testigos-de-un-invierno-de-hazanas-increibles\/","og_locale":"es_ES","og_type":"article","og_title":"This is my Winter: testigos de un invierno de haza\u00f1as incre\u00edbles - El Blog de SenderosGR","og_description":"El campe\u00f3n de snowboardcross Xavier de la Rue, de la mano de TimeLine Film, ha presentado su primer proyecto documental sobre freeride extremo, la pel\u00edcula This is my Winter. La productora TimeLine Film debuta con este largo, tras su serie de ocho cap\u00edtulos sobre lo que se esconde detr\u00e1s de la temporada.Xavier de Le Rue [&hellip;]","og_url":"https:\/\/www.senderosgr.es\/blog\/2011\/12\/15\/this-is-my-winter-testigos-de-un-invierno-de-hazanas-increibles\/","og_site_name":"El Blog de SenderosGR","article_published_time":"2011-12-15T17:41:00+00:00","og_image":[{"url":"https:\/\/4.bp.blogspot.com\/-LWRMoEFYxcg\/TuoxUHJ73uI\/AAAAAAAAALs\/QUPo2pL06-g\/s320\/this%2Bis.jpg","type":"","width":"","height":""}],"author":"SenderosGR","twitter_card":"summary_large_image","twitter_misc":{"Escrito por":"SenderosGR","Tiempo de lectura":"2 minutos"},"schema":{"@context":"https:\/\/schema.org","@graph":[{"@type":"Article","@id":"https:\/\/www.senderosgr.es\/blog\/2011\/12\/15\/this-is-my-winter-testigos-de-un-invierno-de-hazanas-increibles\/#article","isPartOf":{"@id":"https:\/\/www.senderosgr.es\/blog\/2011\/12\/15\/this-is-my-winter-testigos-de-un-invierno-de-hazanas-increibles\/"},"author":{"name":"SenderosGR","@id":"https:\/\/www.senderosgr.es\/blog\/#\/schema\/person\/f2eef32e9aa1ea1fbc35244e3cff648f"},"headline":"This is my Winter: testigos de un invierno de haza\u00f1as incre\u00edbles","datePublished":"2011-12-15T17:41:00+00:00","mainEntityOfPage":{"@id":"https:\/\/www.senderosgr.es\/blog\/2011\/12\/15\/this-is-my-winter-testigos-de-un-invierno-de-hazanas-increibles\/"},"wordCount":385,"commentCount":0,"publisher":{"@id":"https:\/\/www.senderosgr.es\/blog\/#organization"},"image":{"@id":"https:\/\/www.senderosgr.es\/blog\/2011\/12\/15\/this-is-my-winter-testigos-de-un-invierno-de-hazanas-increibles\/#primaryimage"},"thumbnailUrl":"https:\/\/4.bp.blogspot.com\/-LWRMoEFYxcg\/TuoxUHJ73uI\/AAAAAAAAALs\/QUPo2pL06-g\/s320\/this%2Bis.jpg","inLanguage":"es","potentialAction":[{"@type":"CommentAction","name":"Comment","target":["https:\/\/www.senderosgr.es\/blog\/2011\/12\/15\/this-is-my-winter-testigos-de-un-invierno-de-hazanas-increibles\/#respond"]}]},{"@type":"WebPage","@id":"https:\/\/www.senderosgr.es\/blog\/2011\/12\/15\/this-is-my-winter-testigos-de-un-invierno-de-hazanas-increibles\/","url":"https:\/\/www.senderosgr.es\/blog\/2011\/12\/15\/this-is-my-winter-testigos-de-un-invierno-de-hazanas-increibles\/","name":"This is my Winter: testigos de un invierno de haza\u00f1as incre\u00edbles - El Blog de SenderosGR","isPartOf":{"@id":"https:\/\/www.senderosgr.es\/blog\/#website"},"primaryImageOfPage":{"@id":"https:\/\/www.senderosgr.es\/blog\/2011\/12\/15\/this-is-my-winter-testigos-de-un-invierno-de-hazanas-increibles\/#primaryimage"},"image":{"@id":"https:\/\/www.senderosgr.es\/blog\/2011\/12\/15\/this-is-my-winter-testigos-de-un-invierno-de-hazanas-increibles\/#primaryimage"},"thumbnailUrl":"https:\/\/4.bp.blogspot.com\/-LWRMoEFYxcg\/TuoxUHJ73uI\/AAAAAAAAALs\/QUPo2pL06-g\/s320\/this%2Bis.jpg","datePublished":"2011-12-15T17:41:00+00:00","breadcrumb":{"@id":"https:\/\/www.senderosgr.es\/blog\/2011\/12\/15\/this-is-my-winter-testigos-de-un-invierno-de-hazanas-increibles\/#breadcrumb"},"inLanguage":"es","potentialAction":[{"@type":"ReadAction","target":["https:\/\/www.senderosgr.es\/blog\/2011\/12\/15\/this-is-my-winter-testigos-de-un-invierno-de-hazanas-increibles\/"]}]},{"@type":"ImageObject","inLanguage":"es","@id":"https:\/\/www.senderosgr.es\/blog\/2011\/12\/15\/this-is-my-winter-testigos-de-un-invierno-de-hazanas-increibles\/#primaryimage","url":"https:\/\/4.bp.blogspot.com\/-LWRMoEFYxcg\/TuoxUHJ73uI\/AAAAAAAAALs\/QUPo2pL06-g\/s320\/this%2Bis.jpg","contentUrl":"https:\/\/4.bp.blogspot.com\/-LWRMoEFYxcg\/TuoxUHJ73uI\/AAAAAAAAALs\/QUPo2pL06-g\/s320\/this%2Bis.jpg"},{"@type":"BreadcrumbList","@id":"https:\/\/www.senderosgr.es\/blog\/2011\/12\/15\/this-is-my-winter-testigos-de-un-invierno-de-hazanas-increibles\/#breadcrumb","itemListElement":[{"@type":"ListItem","position":1,"name":"Portada","item":"https:\/\/www.senderosgr.es\/blog\/"},{"@type":"ListItem","position":2,"name":"This is my Winter: testigos de un invierno de haza\u00f1as incre\u00edbles"}]},{"@type":"WebSite","@id":"https:\/\/www.senderosgr.es\/blog\/#website","url":"https:\/\/www.senderosgr.es\/blog\/","name":"El Blog de SenderosGR","description":"Noticias, opiniones... \u00a1y mucho m\u00e1s!","publisher":{"@id":"https:\/\/www.senderosgr.es\/blog\/#organization"},"potentialAction":[{"@type":"SearchAction","target":{"@type":"EntryPoint","urlTemplate":"https:\/\/www.senderosgr.es\/blog\/?s={search_term_string}"},"query-input":{"@type":"PropertyValueSpecification","valueRequired":true,"valueName":"search_term_string"}}],"inLanguage":"es"},{"@type":"Organization","@id":"https:\/\/www.senderosgr.es\/blog\/#organization","name":"El Blog de SenderosGR","url":"https:\/\/www.senderosgr.es\/blog\/","logo":{"@type":"ImageObject","inLanguage":"es","@id":"https:\/\/www.senderosgr.es\/blog\/#\/schema\/logo\/image\/","url":"https:\/\/www.senderosgr.es\/blog\/wp-content\/uploads\/2016\/06\/SGR-logo-cabecera-wordpress-copy-1.jpg","contentUrl":"https:\/\/www.senderosgr.es\/blog\/wp-content\/uploads\/2016\/06\/SGR-logo-cabecera-wordpress-copy-1.jpg","width":240,"height":240,"caption":"El Blog de SenderosGR"},"image":{"@id":"https:\/\/www.senderosgr.es\/blog\/#\/schema\/logo\/image\/"}},{"@type":"Person","@id":"https:\/\/www.senderosgr.es\/blog\/#\/schema\/person\/f2eef32e9aa1ea1fbc35244e3cff648f","name":"SenderosGR","image":{"@type":"ImageObject","inLanguage":"es","@id":"https:\/\/www.senderosgr.es\/blog\/#\/schema\/person\/image\/","url":"https:\/\/secure.gravatar.com\/avatar\/6f52711b33f9d4b67746ba74eb5d9e349ce13d3901fd85c995aea449f2512faf?s=96&d=mm&r=g","contentUrl":"https:\/\/secure.gravatar.com\/avatar\/6f52711b33f9d4b67746ba74eb5d9e349ce13d3901fd85c995aea449f2512faf?s=96&d=mm&r=g","caption":"SenderosGR"},"description":"Buz\u00f3n general de SenderosGR","url":"https:\/\/www.senderosgr.es\/blog\/author\/administrador\/"}]}},"cc_featured_image_caption":{"caption_text":false,"source_text":false,"source_url":false},"_links":{"self":[{"href":"https:\/\/www.senderosgr.es\/blog\/wp-json\/wp\/v2\/posts\/72","targetHints":{"allow":["GET"]}}],"collection":[{"href":"https:\/\/www.senderosgr.es\/blog\/wp-json\/wp\/v2\/posts"}],"about":[{"href":"https:\/\/www.senderosgr.es\/blog\/wp-json\/wp\/v2\/types\/post"}],"author":[{"embeddable":true,"href":"https:\/\/www.senderosgr.es\/blog\/wp-json\/wp\/v2\/users\/1"}],"replies":[{"embeddable":true,"href":"https:\/\/www.senderosgr.es\/blog\/wp-json\/wp\/v2\/comments?post=72"}],"version-history":[{"count":0,"href":"https:\/\/www.senderosgr.es\/blog\/wp-json\/wp\/v2\/posts\/72\/revisions"}],"wp:attachment":[{"href":"https:\/\/www.senderosgr.es\/blog\/wp-json\/wp\/v2\/media?parent=72"}],"wp:term":[{"taxonomy":"category","embeddable":true,"href":"https:\/\/www.senderosgr.es\/blog\/wp-json\/wp\/v2\/categories?post=72"},{"taxonomy":"post_tag","embeddable":true,"href":"https:\/\/www.senderosgr.es\/blog\/wp-json\/wp\/v2\/tags?post=72"}],"curies":[{"name":"wp","href":"https:\/\/api.w.org\/{rel}","templated":true}]}}