{"id":712,"date":"2016-12-01T09:14:21","date_gmt":"2016-12-01T08:14:21","guid":{"rendered":"http:\/\/www.senderosgr.es\/blog\/?p=712"},"modified":"2016-12-12T13:03:08","modified_gmt":"2016-12-12T12:03:08","slug":"pfcs-lo-no-te-contaron-la-ropa-montana","status":"publish","type":"post","link":"https:\/\/www.senderosgr.es\/blog\/2016\/12\/01\/pfcs-lo-no-te-contaron-la-ropa-montana\/","title":{"rendered":"PFCs: lo que no te contaron de la ropa de monta\u00f1a"},"content":{"rendered":"<p style=\"text-align: justify;\">Una de las cosas que m\u00e1s me llam\u00f3 la atenci\u00f3n cuando comenc\u00e9 a hacer senderismo de monta\u00f1a fue la contradicci\u00f3n esencial que hay entre este ejercicio saludable y la forma en que se aborda su pr\u00e1ctica. Es curioso que una actividad que se realiza principalmente en entornos naturales, se haga por la mayor\u00eda de los usuarios de un modo tan destructivo en muchos aspectos.<\/p>\n<p style=\"text-align: justify;\">De ah\u00ed que cada vez que alguien comente en una conversaci\u00f3n, o en un programa de televisi\u00f3n, lo sostenible que es la pr\u00e1ctica del senderismo, no pueda contener una sonrisa socarrona. De hecho, <strong>pocas actividades me resultan m\u00e1s insostenibles que el senderismo<\/strong>; al menos tal cual lo hace el personal el su mayor\u00eda.<\/p>\n<p style=\"text-align: justify;\">\u00bfPor qu\u00e9 digo esto? Porque como toda persona que se inicia en la pr\u00e1ctica de cualquier ejercicio, lo primero que hice fue equiparme, o intentarlo al menos. <strong>La toxicidad de los materiales empleados en la ropa de monta\u00f1a y la provocada durante su confecci\u00f3n es medioambientalmente espeluznante<\/strong>. Esto sin entrar en toda suerte de artilugios y complementos de alpinismo, donde ya abordar\u00e9 a saco el tema en un art\u00edculo m\u00e1s adelante.<\/p>\n<p style=\"text-align: justify;\">En la fabricaci\u00f3n de material t\u00e9cnico de monta\u00f1a se utiliza de forma generalizada de los <a href=\"http:\/\/www.prtr-es.es\/PFC-perfluorocarburos,15596,11,2007.html\" target=\"_blank\">Perfluorocarbonos<\/a> (PFCs), unos compuestos sint\u00e9ticos que contienen solamente \u00e1tomos de fl\u00faor y de carbono, gracias a los cuales se confeccionan materiales impermeables, antiadherentes e ign\u00edfugos. Es precisamente en estas tres cualidades tras las que se parapetan monta\u00f1eros y fabricantes para justificar su recurrente uso. <strong>North Face, Marmot, Vaude&#8230; usan PFCs en mayor o menor medida<\/strong>.<\/p>\n<p style=\"text-align: justify;\">Al margen de las <a href=\"http:\/\/www.nikwax.com\/es-es\/environment\/fluorocarbons.php\" target=\"_blank\">consecuencias para la salud<\/a> que pueden tener estos compuestos, que es algo secundario, pues por encima de la raza humana est\u00e1 el planeta, \u00ab<em>el principal problema medioambiental que concierne a <strong>los PFC<\/strong>, es que <strong>una vez liberados, algunos de ellos son muy activos como agentes intensificadores del efecto invernadero<\/strong>. Como resultado de su larga vida en la atm\u00f3sfera, las emisiones que se han producido en los \u00faltimos 20 \u00f3 30 a\u00f1os continuar\u00e1n teniendo un impacto ambiental significativo durante mucho tiemp<\/em>o\u00bb (Ministerio de Agricultura y Pesca, Alimentaci\u00f3n y Medio Ambiente). Imaginad su f\u00e1cil propagaci\u00f3n merced a los vertidos (a trav\u00e9s del agua) de estos compuestos durante la cadena de producci\u00f3n. El informe de Greenpeace <a href=\"https:\/\/drive.google.com\/file\/d\/0B_OdVljFKsG7bnV3VVpZQWhubGc\/view?usp=sharing\" target=\"_blank\"><em>Huellas en la nieve<\/em><\/a> es un buen punto de partida para medir la atrocidad que cometemos al consumir productos en los que se emplean los PFCs.<\/p>\n<p style=\"text-align: justify;\">Pero \u00bfhay alternativas? Pues claro. Tenemos dos opciones: la que han tomado empresas como <a href=\"http:\/\/www.fjallraven.com\/\" target=\"_blank\">Fjallraven<\/a> (Suecia), <a href=\"http:\/\/www.pyua.de\/\" target=\"_blank\">Pyua<\/a> (Alemania), <a href=\"http:\/\/www.radys.com\/\" target=\"_blank\">Radys<\/a> (Suiza)\u00a0y\u00a0<a href=\"https:\/\/rotauf.ch\/eur_en\/?___from_store=chf_de\" target=\"_blank\">Rotauf<\/a> (Suiza), que han dejado de emplear los PFCs y los han sustituido por otros compuestos menos t\u00f3xicos aunque tambi\u00e9n sint\u00e9ticos; o <strong>la v\u00eda ecologista<\/strong> que <strong>consiste en emplear tejidos naturales, aunque no tan eficaces para combatir el fr\u00edo y la humedad<\/strong>. Yo me inclino por lo segundo.<\/p>\n<p style=\"text-align: justify;\"><strong>Durante un mill\u00f3n de a\u00f1os el ser humano ha subido y bajado monta\u00f1as, y ha hecho frente a los inviernos sin necesidad de ba\u00f1ar en t\u00f3xicos el medio natural<\/strong>. Y si las condiciones son muy adversas, lo l\u00f3gico es quedarse en casa. Para muchos puede resultar de lo m\u00e1s imb\u00e9cil por mi parte salir a la monta\u00f1a con mi camiseta de c\u00e1\u00f1amo, mis calcetines de lana, etc. Es evidente que hay inclemencias a las que s\u00f3lo puedo responder mediante el cobijo de una lumbre y un techado, pero para m\u00ed es m\u00e1s importante el planeta que dejo como legado a mi hija, que d\u00e1rmelas de pan y manteca\u00a0en un blog sobre lo cojonudo que soy por haber subido tal o cual monta\u00f1a bajo bajo una brutal tempestad. Eso, adem\u00e1s de ego\u00edsta y mezquino, s\u00ed que me parece una gilipollez.<\/p>\n","protected":false},"excerpt":{"rendered":"<p>Una de las cosas que m\u00e1s me llam\u00f3 la atenci\u00f3n cuando comenc\u00e9 a hacer senderismo de monta\u00f1a fue la contradicci\u00f3n esencial que hay entre este ejercicio saludable y la forma en que se aborda su pr\u00e1ctica. Es curioso que una actividad que se realiza principalmente en entornos naturales, se haga por la mayor\u00eda de los [&hellip;]<\/p>\n","protected":false},"author":3,"featured_media":724,"comment_status":"open","ping_status":"open","sticky":false,"template":"","format":"standard","meta":{"footnotes":""},"categories":[193],"tags":[190,175,177,237,173],"class_list":["post-712","post","type-post","status-publish","format-standard","has-post-thumbnail","hentry","category-noticias","tag-desarrollo-sostenible","tag-huella-ecologica","tag-naturaleza","tag-ropa-de-montana","tag-senderismo"],"yoast_head":"<!-- This site is optimized with the Yoast SEO plugin v26.6 - https:\/\/yoast.com\/wordpress\/plugins\/seo\/ -->\n<title>PFCs: lo que no te contaron de la ropa de monta\u00f1a - El Blog de SenderosGR<\/title>\n<meta name=\"description\" content=\"En la fabricaci\u00f3n de material t\u00e9cnico de monta\u00f1a se utiliza de forma generalizada de los PFCs, unos compuestos sint\u00e9ticos altamente t\u00f3xicos que...\" \/>\n<meta name=\"robots\" content=\"index, follow, max-snippet:-1, max-image-preview:large, max-video-preview:-1\" \/>\n<link rel=\"canonical\" href=\"https:\/\/www.senderosgr.es\/blog\/2016\/12\/01\/pfcs-lo-no-te-contaron-la-ropa-montana\/\" \/>\n<meta property=\"og:locale\" content=\"es_ES\" \/>\n<meta property=\"og:type\" content=\"article\" \/>\n<meta property=\"og:title\" content=\"PFCs: lo que no te contaron de la ropa de monta\u00f1a - El Blog de SenderosGR\" \/>\n<meta property=\"og:description\" content=\"En la fabricaci\u00f3n de material t\u00e9cnico de monta\u00f1a se utiliza de forma generalizada de los PFCs, unos compuestos sint\u00e9ticos altamente t\u00f3xicos que...\" \/>\n<meta property=\"og:url\" content=\"https:\/\/www.senderosgr.es\/blog\/2016\/12\/01\/pfcs-lo-no-te-contaron-la-ropa-montana\/\" \/>\n<meta property=\"og:site_name\" content=\"El Blog de SenderosGR\" \/>\n<meta property=\"article:published_time\" content=\"2016-12-01T08:14:21+00:00\" \/>\n<meta property=\"article:modified_time\" content=\"2016-12-12T12:03:08+00:00\" \/>\n<meta property=\"og:image\" content=\"https:\/\/www.senderosgr.es\/blog\/wp-content\/uploads\/2016\/12\/Grupo-con-equipacion-de-montana.jpg\" \/>\n\t<meta property=\"og:image:width\" content=\"2048\" \/>\n\t<meta property=\"og:image:height\" content=\"1536\" \/>\n\t<meta property=\"og:image:type\" content=\"image\/jpeg\" \/>\n<meta name=\"author\" content=\"Javier Villamor Villarino\" \/>\n<meta name=\"twitter:card\" content=\"summary_large_image\" \/>\n<meta name=\"twitter:label1\" content=\"Escrito por\" \/>\n\t<meta name=\"twitter:data1\" content=\"Javier Villamor Villarino\" \/>\n\t<meta name=\"twitter:label2\" content=\"Tiempo de lectura\" \/>\n\t<meta name=\"twitter:data2\" content=\"3 minutos\" \/>\n<script type=\"application\/ld+json\" class=\"yoast-schema-graph\">{\"@context\":\"https:\/\/schema.org\",\"@graph\":[{\"@type\":\"Article\",\"@id\":\"https:\/\/www.senderosgr.es\/blog\/2016\/12\/01\/pfcs-lo-no-te-contaron-la-ropa-montana\/#article\",\"isPartOf\":{\"@id\":\"https:\/\/www.senderosgr.es\/blog\/2016\/12\/01\/pfcs-lo-no-te-contaron-la-ropa-montana\/\"},\"author\":{\"name\":\"Javier Villamor Villarino\",\"@id\":\"https:\/\/www.senderosgr.es\/blog\/#\/schema\/person\/eaf5871c640d4c9810cb17953eb31bd1\"},\"headline\":\"PFCs: lo que no te contaron de la ropa de monta\u00f1a\",\"datePublished\":\"2016-12-01T08:14:21+00:00\",\"dateModified\":\"2016-12-12T12:03:08+00:00\",\"mainEntityOfPage\":{\"@id\":\"https:\/\/www.senderosgr.es\/blog\/2016\/12\/01\/pfcs-lo-no-te-contaron-la-ropa-montana\/\"},\"wordCount\":671,\"commentCount\":4,\"publisher\":{\"@id\":\"https:\/\/www.senderosgr.es\/blog\/#organization\"},\"image\":{\"@id\":\"https:\/\/www.senderosgr.es\/blog\/2016\/12\/01\/pfcs-lo-no-te-contaron-la-ropa-montana\/#primaryimage\"},\"thumbnailUrl\":\"https:\/\/www.senderosgr.es\/blog\/wp-content\/uploads\/2016\/12\/Grupo-con-equipacion-de-montana.jpg\",\"keywords\":[\"desarrollo sostenible\",\"huella ecol\u00f3gica\",\"naturaleza\",\"ropa de monta\u00f1a\",\"senderismo\"],\"articleSection\":[\"Noticias\"],\"inLanguage\":\"es\",\"potentialAction\":[{\"@type\":\"CommentAction\",\"name\":\"Comment\",\"target\":[\"https:\/\/www.senderosgr.es\/blog\/2016\/12\/01\/pfcs-lo-no-te-contaron-la-ropa-montana\/#respond\"]}]},{\"@type\":\"WebPage\",\"@id\":\"https:\/\/www.senderosgr.es\/blog\/2016\/12\/01\/pfcs-lo-no-te-contaron-la-ropa-montana\/\",\"url\":\"https:\/\/www.senderosgr.es\/blog\/2016\/12\/01\/pfcs-lo-no-te-contaron-la-ropa-montana\/\",\"name\":\"PFCs: lo que no te contaron de la ropa de monta\u00f1a - El Blog de SenderosGR\",\"isPartOf\":{\"@id\":\"https:\/\/www.senderosgr.es\/blog\/#website\"},\"primaryImageOfPage\":{\"@id\":\"https:\/\/www.senderosgr.es\/blog\/2016\/12\/01\/pfcs-lo-no-te-contaron-la-ropa-montana\/#primaryimage\"},\"image\":{\"@id\":\"https:\/\/www.senderosgr.es\/blog\/2016\/12\/01\/pfcs-lo-no-te-contaron-la-ropa-montana\/#primaryimage\"},\"thumbnailUrl\":\"https:\/\/www.senderosgr.es\/blog\/wp-content\/uploads\/2016\/12\/Grupo-con-equipacion-de-montana.jpg\",\"datePublished\":\"2016-12-01T08:14:21+00:00\",\"dateModified\":\"2016-12-12T12:03:08+00:00\",\"description\":\"En la fabricaci\u00f3n de material t\u00e9cnico de monta\u00f1a se utiliza de forma generalizada de los PFCs, unos compuestos sint\u00e9ticos altamente t\u00f3xicos que...\",\"breadcrumb\":{\"@id\":\"https:\/\/www.senderosgr.es\/blog\/2016\/12\/01\/pfcs-lo-no-te-contaron-la-ropa-montana\/#breadcrumb\"},\"inLanguage\":\"es\",\"potentialAction\":[{\"@type\":\"ReadAction\",\"target\":[\"https:\/\/www.senderosgr.es\/blog\/2016\/12\/01\/pfcs-lo-no-te-contaron-la-ropa-montana\/\"]}]},{\"@type\":\"ImageObject\",\"inLanguage\":\"es\",\"@id\":\"https:\/\/www.senderosgr.es\/blog\/2016\/12\/01\/pfcs-lo-no-te-contaron-la-ropa-montana\/#primaryimage\",\"url\":\"https:\/\/www.senderosgr.es\/blog\/wp-content\/uploads\/2016\/12\/Grupo-con-equipacion-de-montana.jpg\",\"contentUrl\":\"https:\/\/www.senderosgr.es\/blog\/wp-content\/uploads\/2016\/12\/Grupo-con-equipacion-de-montana.jpg\",\"width\":2048,\"height\":1536,\"caption\":\"Grupo con equipaci\u00f3n de monta\u00f1a\"},{\"@type\":\"BreadcrumbList\",\"@id\":\"https:\/\/www.senderosgr.es\/blog\/2016\/12\/01\/pfcs-lo-no-te-contaron-la-ropa-montana\/#breadcrumb\",\"itemListElement\":[{\"@type\":\"ListItem\",\"position\":1,\"name\":\"Portada\",\"item\":\"https:\/\/www.senderosgr.es\/blog\/\"},{\"@type\":\"ListItem\",\"position\":2,\"name\":\"PFCs: lo que no te contaron de la ropa de monta\u00f1a\"}]},{\"@type\":\"WebSite\",\"@id\":\"https:\/\/www.senderosgr.es\/blog\/#website\",\"url\":\"https:\/\/www.senderosgr.es\/blog\/\",\"name\":\"El Blog de SenderosGR\",\"description\":\"Noticias, opiniones... \u00a1y mucho m\u00e1s!\",\"publisher\":{\"@id\":\"https:\/\/www.senderosgr.es\/blog\/#organization\"},\"potentialAction\":[{\"@type\":\"SearchAction\",\"target\":{\"@type\":\"EntryPoint\",\"urlTemplate\":\"https:\/\/www.senderosgr.es\/blog\/?s={search_term_string}\"},\"query-input\":{\"@type\":\"PropertyValueSpecification\",\"valueRequired\":true,\"valueName\":\"search_term_string\"}}],\"inLanguage\":\"es\"},{\"@type\":\"Organization\",\"@id\":\"https:\/\/www.senderosgr.es\/blog\/#organization\",\"name\":\"El Blog de SenderosGR\",\"url\":\"https:\/\/www.senderosgr.es\/blog\/\",\"logo\":{\"@type\":\"ImageObject\",\"inLanguage\":\"es\",\"@id\":\"https:\/\/www.senderosgr.es\/blog\/#\/schema\/logo\/image\/\",\"url\":\"https:\/\/www.senderosgr.es\/blog\/wp-content\/uploads\/2016\/06\/SGR-logo-cabecera-wordpress-copy-1.jpg\",\"contentUrl\":\"https:\/\/www.senderosgr.es\/blog\/wp-content\/uploads\/2016\/06\/SGR-logo-cabecera-wordpress-copy-1.jpg\",\"width\":240,\"height\":240,\"caption\":\"El Blog de SenderosGR\"},\"image\":{\"@id\":\"https:\/\/www.senderosgr.es\/blog\/#\/schema\/logo\/image\/\"}},{\"@type\":\"Person\",\"@id\":\"https:\/\/www.senderosgr.es\/blog\/#\/schema\/person\/eaf5871c640d4c9810cb17953eb31bd1\",\"name\":\"Javier Villamor Villarino\",\"image\":{\"@type\":\"ImageObject\",\"inLanguage\":\"es\",\"@id\":\"https:\/\/www.senderosgr.es\/blog\/#\/schema\/person\/image\/\",\"url\":\"https:\/\/secure.gravatar.com\/avatar\/89575554a776ad0b857340973da57a071b2c408c47023adc3229e6f6cdfff710?s=96&d=mm&r=g\",\"contentUrl\":\"https:\/\/secure.gravatar.com\/avatar\/89575554a776ad0b857340973da57a071b2c408c47023adc3229e6f6cdfff710?s=96&d=mm&r=g\",\"caption\":\"Javier Villamor Villarino\"},\"url\":\"https:\/\/www.senderosgr.es\/blog\/author\/javier\/\"}]}<\/script>\n<!-- \/ Yoast SEO plugin. -->","yoast_head_json":{"title":"PFCs: lo que no te contaron de la ropa de monta\u00f1a - El Blog de SenderosGR","description":"En la fabricaci\u00f3n de material t\u00e9cnico de monta\u00f1a se utiliza de forma generalizada de los PFCs, unos compuestos sint\u00e9ticos altamente t\u00f3xicos que...","robots":{"index":"index","follow":"follow","max-snippet":"max-snippet:-1","max-image-preview":"max-image-preview:large","max-video-preview":"max-video-preview:-1"},"canonical":"https:\/\/www.senderosgr.es\/blog\/2016\/12\/01\/pfcs-lo-no-te-contaron-la-ropa-montana\/","og_locale":"es_ES","og_type":"article","og_title":"PFCs: lo que no te contaron de la ropa de monta\u00f1a - El Blog de SenderosGR","og_description":"En la fabricaci\u00f3n de material t\u00e9cnico de monta\u00f1a se utiliza de forma generalizada de los PFCs, unos compuestos sint\u00e9ticos altamente t\u00f3xicos que...","og_url":"https:\/\/www.senderosgr.es\/blog\/2016\/12\/01\/pfcs-lo-no-te-contaron-la-ropa-montana\/","og_site_name":"El Blog de SenderosGR","article_published_time":"2016-12-01T08:14:21+00:00","article_modified_time":"2016-12-12T12:03:08+00:00","og_image":[{"width":2048,"height":1536,"url":"https:\/\/www.senderosgr.es\/blog\/wp-content\/uploads\/2016\/12\/Grupo-con-equipacion-de-montana.jpg","type":"image\/jpeg"}],"author":"Javier Villamor Villarino","twitter_card":"summary_large_image","twitter_misc":{"Escrito por":"Javier Villamor Villarino","Tiempo de lectura":"3 minutos"},"schema":{"@context":"https:\/\/schema.org","@graph":[{"@type":"Article","@id":"https:\/\/www.senderosgr.es\/blog\/2016\/12\/01\/pfcs-lo-no-te-contaron-la-ropa-montana\/#article","isPartOf":{"@id":"https:\/\/www.senderosgr.es\/blog\/2016\/12\/01\/pfcs-lo-no-te-contaron-la-ropa-montana\/"},"author":{"name":"Javier Villamor Villarino","@id":"https:\/\/www.senderosgr.es\/blog\/#\/schema\/person\/eaf5871c640d4c9810cb17953eb31bd1"},"headline":"PFCs: lo que no te contaron de la ropa de monta\u00f1a","datePublished":"2016-12-01T08:14:21+00:00","dateModified":"2016-12-12T12:03:08+00:00","mainEntityOfPage":{"@id":"https:\/\/www.senderosgr.es\/blog\/2016\/12\/01\/pfcs-lo-no-te-contaron-la-ropa-montana\/"},"wordCount":671,"commentCount":4,"publisher":{"@id":"https:\/\/www.senderosgr.es\/blog\/#organization"},"image":{"@id":"https:\/\/www.senderosgr.es\/blog\/2016\/12\/01\/pfcs-lo-no-te-contaron-la-ropa-montana\/#primaryimage"},"thumbnailUrl":"https:\/\/www.senderosgr.es\/blog\/wp-content\/uploads\/2016\/12\/Grupo-con-equipacion-de-montana.jpg","keywords":["desarrollo sostenible","huella ecol\u00f3gica","naturaleza","ropa de monta\u00f1a","senderismo"],"articleSection":["Noticias"],"inLanguage":"es","potentialAction":[{"@type":"CommentAction","name":"Comment","target":["https:\/\/www.senderosgr.es\/blog\/2016\/12\/01\/pfcs-lo-no-te-contaron-la-ropa-montana\/#respond"]}]},{"@type":"WebPage","@id":"https:\/\/www.senderosgr.es\/blog\/2016\/12\/01\/pfcs-lo-no-te-contaron-la-ropa-montana\/","url":"https:\/\/www.senderosgr.es\/blog\/2016\/12\/01\/pfcs-lo-no-te-contaron-la-ropa-montana\/","name":"PFCs: lo que no te contaron de la ropa de monta\u00f1a - El Blog de SenderosGR","isPartOf":{"@id":"https:\/\/www.senderosgr.es\/blog\/#website"},"primaryImageOfPage":{"@id":"https:\/\/www.senderosgr.es\/blog\/2016\/12\/01\/pfcs-lo-no-te-contaron-la-ropa-montana\/#primaryimage"},"image":{"@id":"https:\/\/www.senderosgr.es\/blog\/2016\/12\/01\/pfcs-lo-no-te-contaron-la-ropa-montana\/#primaryimage"},"thumbnailUrl":"https:\/\/www.senderosgr.es\/blog\/wp-content\/uploads\/2016\/12\/Grupo-con-equipacion-de-montana.jpg","datePublished":"2016-12-01T08:14:21+00:00","dateModified":"2016-12-12T12:03:08+00:00","description":"En la fabricaci\u00f3n de material t\u00e9cnico de monta\u00f1a se utiliza de forma generalizada de los PFCs, unos compuestos sint\u00e9ticos altamente t\u00f3xicos que...","breadcrumb":{"@id":"https:\/\/www.senderosgr.es\/blog\/2016\/12\/01\/pfcs-lo-no-te-contaron-la-ropa-montana\/#breadcrumb"},"inLanguage":"es","potentialAction":[{"@type":"ReadAction","target":["https:\/\/www.senderosgr.es\/blog\/2016\/12\/01\/pfcs-lo-no-te-contaron-la-ropa-montana\/"]}]},{"@type":"ImageObject","inLanguage":"es","@id":"https:\/\/www.senderosgr.es\/blog\/2016\/12\/01\/pfcs-lo-no-te-contaron-la-ropa-montana\/#primaryimage","url":"https:\/\/www.senderosgr.es\/blog\/wp-content\/uploads\/2016\/12\/Grupo-con-equipacion-de-montana.jpg","contentUrl":"https:\/\/www.senderosgr.es\/blog\/wp-content\/uploads\/2016\/12\/Grupo-con-equipacion-de-montana.jpg","width":2048,"height":1536,"caption":"Grupo con equipaci\u00f3n de monta\u00f1a"},{"@type":"BreadcrumbList","@id":"https:\/\/www.senderosgr.es\/blog\/2016\/12\/01\/pfcs-lo-no-te-contaron-la-ropa-montana\/#breadcrumb","itemListElement":[{"@type":"ListItem","position":1,"name":"Portada","item":"https:\/\/www.senderosgr.es\/blog\/"},{"@type":"ListItem","position":2,"name":"PFCs: lo que no te contaron de la ropa de monta\u00f1a"}]},{"@type":"WebSite","@id":"https:\/\/www.senderosgr.es\/blog\/#website","url":"https:\/\/www.senderosgr.es\/blog\/","name":"El Blog de SenderosGR","description":"Noticias, opiniones... \u00a1y mucho m\u00e1s!","publisher":{"@id":"https:\/\/www.senderosgr.es\/blog\/#organization"},"potentialAction":[{"@type":"SearchAction","target":{"@type":"EntryPoint","urlTemplate":"https:\/\/www.senderosgr.es\/blog\/?s={search_term_string}"},"query-input":{"@type":"PropertyValueSpecification","valueRequired":true,"valueName":"search_term_string"}}],"inLanguage":"es"},{"@type":"Organization","@id":"https:\/\/www.senderosgr.es\/blog\/#organization","name":"El Blog de SenderosGR","url":"https:\/\/www.senderosgr.es\/blog\/","logo":{"@type":"ImageObject","inLanguage":"es","@id":"https:\/\/www.senderosgr.es\/blog\/#\/schema\/logo\/image\/","url":"https:\/\/www.senderosgr.es\/blog\/wp-content\/uploads\/2016\/06\/SGR-logo-cabecera-wordpress-copy-1.jpg","contentUrl":"https:\/\/www.senderosgr.es\/blog\/wp-content\/uploads\/2016\/06\/SGR-logo-cabecera-wordpress-copy-1.jpg","width":240,"height":240,"caption":"El Blog de SenderosGR"},"image":{"@id":"https:\/\/www.senderosgr.es\/blog\/#\/schema\/logo\/image\/"}},{"@type":"Person","@id":"https:\/\/www.senderosgr.es\/blog\/#\/schema\/person\/eaf5871c640d4c9810cb17953eb31bd1","name":"Javier Villamor Villarino","image":{"@type":"ImageObject","inLanguage":"es","@id":"https:\/\/www.senderosgr.es\/blog\/#\/schema\/person\/image\/","url":"https:\/\/secure.gravatar.com\/avatar\/89575554a776ad0b857340973da57a071b2c408c47023adc3229e6f6cdfff710?s=96&d=mm&r=g","contentUrl":"https:\/\/secure.gravatar.com\/avatar\/89575554a776ad0b857340973da57a071b2c408c47023adc3229e6f6cdfff710?s=96&d=mm&r=g","caption":"Javier Villamor Villarino"},"url":"https:\/\/www.senderosgr.es\/blog\/author\/javier\/"}]}},"cc_featured_image_caption":{"caption_text":false,"source_text":false,"source_url":false},"_links":{"self":[{"href":"https:\/\/www.senderosgr.es\/blog\/wp-json\/wp\/v2\/posts\/712","targetHints":{"allow":["GET"]}}],"collection":[{"href":"https:\/\/www.senderosgr.es\/blog\/wp-json\/wp\/v2\/posts"}],"about":[{"href":"https:\/\/www.senderosgr.es\/blog\/wp-json\/wp\/v2\/types\/post"}],"author":[{"embeddable":true,"href":"https:\/\/www.senderosgr.es\/blog\/wp-json\/wp\/v2\/users\/3"}],"replies":[{"embeddable":true,"href":"https:\/\/www.senderosgr.es\/blog\/wp-json\/wp\/v2\/comments?post=712"}],"version-history":[{"count":4,"href":"https:\/\/www.senderosgr.es\/blog\/wp-json\/wp\/v2\/posts\/712\/revisions"}],"predecessor-version":[{"id":743,"href":"https:\/\/www.senderosgr.es\/blog\/wp-json\/wp\/v2\/posts\/712\/revisions\/743"}],"wp:featuredmedia":[{"embeddable":true,"href":"https:\/\/www.senderosgr.es\/blog\/wp-json\/wp\/v2\/media\/724"}],"wp:attachment":[{"href":"https:\/\/www.senderosgr.es\/blog\/wp-json\/wp\/v2\/media?parent=712"}],"wp:term":[{"taxonomy":"category","embeddable":true,"href":"https:\/\/www.senderosgr.es\/blog\/wp-json\/wp\/v2\/categories?post=712"},{"taxonomy":"post_tag","embeddable":true,"href":"https:\/\/www.senderosgr.es\/blog\/wp-json\/wp\/v2\/tags?post=712"}],"curies":[{"name":"wp","href":"https:\/\/api.w.org\/{rel}","templated":true}]}}