{"id":69,"date":"2011-12-27T11:27:00","date_gmt":"2011-12-27T11:27:00","guid":{"rendered":"http:\/\/www.senderosgr.es\/blog\/2011\/12\/27\/ideas-para-recorrer-la-isla-de-gran-canaria-en-2012\/"},"modified":"2011-12-27T11:27:00","modified_gmt":"2011-12-27T11:27:00","slug":"ideas-para-recorrer-la-isla-de-gran-canaria-en-2012","status":"publish","type":"post","link":"https:\/\/www.senderosgr.es\/blog\/2011\/12\/27\/ideas-para-recorrer-la-isla-de-gran-canaria-en-2012\/","title":{"rendered":"Ideas para recorrer la isla de Gran Canaria en 2012"},"content":{"rendered":"<div style=\"text-align: justify;\"><a href=\"http:\/\/2.bp.blogspot.com\/-vYM3zJ8iJTU\/Tvmslp9YZII\/AAAAAAAAAMU\/4wWt4XhUGVo\/s1600\/turcon.jpg\"><img decoding=\"async\" alt=\"\" border=\"0\" id=\"BLOGGER_PHOTO_ID_5690769367077774466\" src=\"https:\/\/2.bp.blogspot.com\/-vYM3zJ8iJTU\/Tvmslp9YZII\/AAAAAAAAAMU\/4wWt4XhUGVo\/s320\/turcon.jpg\" style=\"cursor: hand; cursor: pointer; float: left; height: 320px; margin: 0 10px 10px 0; width: 161px;\" \/><\/a><span style=\"font-size: 85%;\"><span style=\"font-family: &quot;verdana&quot;;\">El colectivo de Gran Canaria <a href=\"http:\/\/www.turcon.org\/\">Turc\u00f3n-Ecologistas en Acci\u00f3n<\/a> ha presentado un nuevo programa para el pr\u00f3ximo a\u00f1o que contempla un total de 32 actividades, entre rutas de senderismo, campamentos y viajes, con los que celebrar en 2012 su 30 Aniversario.<\/span><\/span><\/p>\n<p><span style=\"font-size: 85%;\"><span style=\"font-family: &quot;verdana&quot;;\"><a href=\"http:\/\/www.grancanaria.com\/\">Gran Canaria<\/a> cuenta, en teor\u00eda, con dos senderos de gran recorrido: el GR-131 (74.1 km), que recorre las Islas y est\u00e1 integrado en el <a href=\"http:\/\/www.era-ewv-ferp.com\/index.php?topmenu_id=29&amp;id=29&amp;page_id=111&amp;module=text\">europeo E7<\/a>, y el GR-134 (168.2 km). El problema es que en la pr\u00e1ctica est\u00e1n pendientes de se\u00f1alizaci\u00f3n u homologaci\u00f3n y pocos saben de su existencia. El GR-131 vuelve a ser popular en islas como La Palma, El Hierro o Tenerife pero falta trabajo en la <a href=\"http:\/\/es.wikipedia.org\/wiki\/Provincia_de_Las_Palmas\">provincia de Las Palmas<\/a>.<\/p>\n<p>El GR-134, por ejemplo, aparece en los planes del nuevo <a href=\"http:\/\/www.tourmac.info\/es\/actividades\/pdf\/juan_carlos_moreno.pdf\">marco jur\u00eddico del senderismo en Canarias<\/a> pero parece un fantasma cuando se realiza una b\u00fasqueda en Internet o en la web de la <a href=\"http:\/\/www.fedme.es\/\">Federaci\u00f3n Espa\u00f1ola de Deportes de Monta\u00f1a y Escalada (FEDME)<\/a>.<\/span><\/span><\/p>\n<p><span style=\"font-size: 85%;\"><span style=\"font-family: &quot;verdana&quot;;\">Ante esta situaci\u00f3n, la mejor opci\u00f3n es recurrir a <a href=\"http:\/\/senderosgc.blogspot.com\/\">grupos locales de senderismo y monta\u00f1a<\/a>. El <a href=\"http:\/\/turcon.wordpress.com\/2011\/12\/19\/turcon-ecologistas-en-accion-lanza-su-programa-de-actividades-2012\/\">programa anual de actividades de Turc\u00f3n<\/a> ha sido incrementado para facilitar la pr\u00e1ctica del senderismo, como h\u00e1bito saludable y actividad educativa, recreativa y de ocio. Adem\u00e1s, incluye el nuevo proyecto <span style=\"font-style: italic;\">El litoral de Gran Canaria, al golpito<\/span>, que permitir\u00e1 recorrer cada metro de las costas <span style=\"font-style: italic;\">canarionas<\/span>, descubriendo sus maravillas y denunciando los abusos y malas pr\u00e1cticas en el litoral de cada municipio. <\/span><\/span><\/p>\n<p><span style=\"font-size: 85%;\"><span style=\"font-family: &quot;verdana&quot;;\">El objetivo de este proyecto es circunvalar la isla utilizando las v\u00edas m\u00e1s pr\u00f3ximas a la costa. As\u00ed, el recorrido se realiza en el sentido de las agujas del reloj, comenzando por Telde, manteniendo una visi\u00f3n continua del oc\u00e9ano y encontrando algunas dificultades,  al recorrer las peque\u00f1as franjas del norte y sur de la isla, donde la orograf\u00eda es m\u00e1s escarpada.<\/span><\/span> <span style=\"font-size: 85%;\"><span style=\"font-family: &quot;verdana&quot;;\"><\/p>\n<p>El colectivo mueve anualmente una media de mil personas en las actividades que organiza, cifra que se persigue duplicar el pr\u00f3ximo a\u00f1o gracias a un programa que la organizaci\u00f3n no duda en describir como <span style=\"font-style: italic;\">cargado de nuevas y variadas rutas que se alternan con senderos familiares e itinerarios m\u00e1s atrevidos y dificultosos para aquellos que son amantes de la aventura y los nuevos descubrimientos<\/span>.<br \/><\/span><\/span><span style=\"font-size: 85%;\"><span style=\"font-family: &quot;verdana&quot;;\">El colectivo Turc\u00f3n-Ecologistas en Acci\u00f3n es una asociaci\u00f3n de referencia en Gran Canaria, un grupo medioambiental que realiza acciones y tareas de concienciaci\u00f3n, preservaci\u00f3n y divulgativas relacionadas con el conocimiento del medio natural.<\/span><\/span> <span style=\"font-size: 85%;\"><span style=\"font-family: &quot;verdana&quot;;\"><\/p>\n<p>Pod\u00e9is descargar el <a href=\"http:\/\/turcon.wordpress.com\/2011\/12\/19\/turcon-ecologistas-en-accion-lanza-su-programa-de-actividades-2012\/\">programa anual con o sin fotos<\/a>, en funci\u00f3n de la velocidad de descarga deseada. All\u00ed encontrar\u00e9is los precios (12 euros normalmente) y las condiciones para apuntarse a cada una de las actividades.<\/span><\/span><\/div>\n","protected":false},"excerpt":{"rendered":"<p>El colectivo de Gran Canaria Turc\u00f3n-Ecologistas en Acci\u00f3n ha presentado un nuevo programa para el pr\u00f3ximo a\u00f1o que contempla un total de 32 actividades, entre rutas de senderismo, campamentos y viajes, con los que celebrar en 2012 su 30 Aniversario. Gran Canaria cuenta, en teor\u00eda, con dos senderos de gran recorrido: el GR-131 (74.1 km), [&hellip;]<\/p>\n","protected":false},"author":1,"featured_media":0,"comment_status":"open","ping_status":"open","sticky":false,"template":"","format":"standard","meta":{"footnotes":""},"categories":[1],"tags":[],"class_list":["post-69","post","type-post","status-publish","format-standard","hentry","category-sin-categoria"],"yoast_head":"<!-- This site is optimized with the Yoast SEO plugin v26.6 - https:\/\/yoast.com\/wordpress\/plugins\/seo\/ -->\n<title>Ideas para recorrer la isla de Gran Canaria en 2012 - El Blog de SenderosGR<\/title>\n<meta name=\"robots\" content=\"index, follow, max-snippet:-1, max-image-preview:large, max-video-preview:-1\" \/>\n<link rel=\"canonical\" href=\"https:\/\/www.senderosgr.es\/blog\/2011\/12\/27\/ideas-para-recorrer-la-isla-de-gran-canaria-en-2012\/\" \/>\n<meta property=\"og:locale\" content=\"es_ES\" \/>\n<meta property=\"og:type\" content=\"article\" \/>\n<meta property=\"og:title\" content=\"Ideas para recorrer la isla de Gran Canaria en 2012 - El Blog de SenderosGR\" \/>\n<meta property=\"og:description\" content=\"El colectivo de Gran Canaria Turc\u00f3n-Ecologistas en Acci\u00f3n ha presentado un nuevo programa para el pr\u00f3ximo a\u00f1o que contempla un total de 32 actividades, entre rutas de senderismo, campamentos y viajes, con los que celebrar en 2012 su 30 Aniversario. Gran Canaria cuenta, en teor\u00eda, con dos senderos de gran recorrido: el GR-131 (74.1 km), [&hellip;]\" \/>\n<meta property=\"og:url\" content=\"https:\/\/www.senderosgr.es\/blog\/2011\/12\/27\/ideas-para-recorrer-la-isla-de-gran-canaria-en-2012\/\" \/>\n<meta property=\"og:site_name\" content=\"El Blog de SenderosGR\" \/>\n<meta property=\"article:published_time\" content=\"2011-12-27T11:27:00+00:00\" \/>\n<meta property=\"og:image\" content=\"https:\/\/2.bp.blogspot.com\/-vYM3zJ8iJTU\/Tvmslp9YZII\/AAAAAAAAAMU\/4wWt4XhUGVo\/s320\/turcon.jpg\" \/>\n<meta name=\"author\" content=\"SenderosGR\" \/>\n<meta name=\"twitter:card\" content=\"summary_large_image\" \/>\n<meta name=\"twitter:label1\" content=\"Escrito por\" \/>\n\t<meta name=\"twitter:data1\" content=\"SenderosGR\" \/>\n\t<meta name=\"twitter:label2\" content=\"Tiempo de lectura\" \/>\n\t<meta name=\"twitter:data2\" content=\"2 minutos\" \/>\n<script type=\"application\/ld+json\" class=\"yoast-schema-graph\">{\"@context\":\"https:\/\/schema.org\",\"@graph\":[{\"@type\":\"Article\",\"@id\":\"https:\/\/www.senderosgr.es\/blog\/2011\/12\/27\/ideas-para-recorrer-la-isla-de-gran-canaria-en-2012\/#article\",\"isPartOf\":{\"@id\":\"https:\/\/www.senderosgr.es\/blog\/2011\/12\/27\/ideas-para-recorrer-la-isla-de-gran-canaria-en-2012\/\"},\"author\":{\"name\":\"SenderosGR\",\"@id\":\"https:\/\/www.senderosgr.es\/blog\/#\/schema\/person\/f2eef32e9aa1ea1fbc35244e3cff648f\"},\"headline\":\"Ideas para recorrer la isla de Gran Canaria en 2012\",\"datePublished\":\"2011-12-27T11:27:00+00:00\",\"mainEntityOfPage\":{\"@id\":\"https:\/\/www.senderosgr.es\/blog\/2011\/12\/27\/ideas-para-recorrer-la-isla-de-gran-canaria-en-2012\/\"},\"wordCount\":473,\"commentCount\":0,\"publisher\":{\"@id\":\"https:\/\/www.senderosgr.es\/blog\/#organization\"},\"image\":{\"@id\":\"https:\/\/www.senderosgr.es\/blog\/2011\/12\/27\/ideas-para-recorrer-la-isla-de-gran-canaria-en-2012\/#primaryimage\"},\"thumbnailUrl\":\"https:\/\/2.bp.blogspot.com\/-vYM3zJ8iJTU\/Tvmslp9YZII\/AAAAAAAAAMU\/4wWt4XhUGVo\/s320\/turcon.jpg\",\"inLanguage\":\"es\",\"potentialAction\":[{\"@type\":\"CommentAction\",\"name\":\"Comment\",\"target\":[\"https:\/\/www.senderosgr.es\/blog\/2011\/12\/27\/ideas-para-recorrer-la-isla-de-gran-canaria-en-2012\/#respond\"]}]},{\"@type\":\"WebPage\",\"@id\":\"https:\/\/www.senderosgr.es\/blog\/2011\/12\/27\/ideas-para-recorrer-la-isla-de-gran-canaria-en-2012\/\",\"url\":\"https:\/\/www.senderosgr.es\/blog\/2011\/12\/27\/ideas-para-recorrer-la-isla-de-gran-canaria-en-2012\/\",\"name\":\"Ideas para recorrer la isla de Gran Canaria en 2012 - El Blog de SenderosGR\",\"isPartOf\":{\"@id\":\"https:\/\/www.senderosgr.es\/blog\/#website\"},\"primaryImageOfPage\":{\"@id\":\"https:\/\/www.senderosgr.es\/blog\/2011\/12\/27\/ideas-para-recorrer-la-isla-de-gran-canaria-en-2012\/#primaryimage\"},\"image\":{\"@id\":\"https:\/\/www.senderosgr.es\/blog\/2011\/12\/27\/ideas-para-recorrer-la-isla-de-gran-canaria-en-2012\/#primaryimage\"},\"thumbnailUrl\":\"https:\/\/2.bp.blogspot.com\/-vYM3zJ8iJTU\/Tvmslp9YZII\/AAAAAAAAAMU\/4wWt4XhUGVo\/s320\/turcon.jpg\",\"datePublished\":\"2011-12-27T11:27:00+00:00\",\"breadcrumb\":{\"@id\":\"https:\/\/www.senderosgr.es\/blog\/2011\/12\/27\/ideas-para-recorrer-la-isla-de-gran-canaria-en-2012\/#breadcrumb\"},\"inLanguage\":\"es\",\"potentialAction\":[{\"@type\":\"ReadAction\",\"target\":[\"https:\/\/www.senderosgr.es\/blog\/2011\/12\/27\/ideas-para-recorrer-la-isla-de-gran-canaria-en-2012\/\"]}]},{\"@type\":\"ImageObject\",\"inLanguage\":\"es\",\"@id\":\"https:\/\/www.senderosgr.es\/blog\/2011\/12\/27\/ideas-para-recorrer-la-isla-de-gran-canaria-en-2012\/#primaryimage\",\"url\":\"https:\/\/2.bp.blogspot.com\/-vYM3zJ8iJTU\/Tvmslp9YZII\/AAAAAAAAAMU\/4wWt4XhUGVo\/s320\/turcon.jpg\",\"contentUrl\":\"https:\/\/2.bp.blogspot.com\/-vYM3zJ8iJTU\/Tvmslp9YZII\/AAAAAAAAAMU\/4wWt4XhUGVo\/s320\/turcon.jpg\"},{\"@type\":\"BreadcrumbList\",\"@id\":\"https:\/\/www.senderosgr.es\/blog\/2011\/12\/27\/ideas-para-recorrer-la-isla-de-gran-canaria-en-2012\/#breadcrumb\",\"itemListElement\":[{\"@type\":\"ListItem\",\"position\":1,\"name\":\"Portada\",\"item\":\"https:\/\/www.senderosgr.es\/blog\/\"},{\"@type\":\"ListItem\",\"position\":2,\"name\":\"Ideas para recorrer la isla de Gran Canaria en 2012\"}]},{\"@type\":\"WebSite\",\"@id\":\"https:\/\/www.senderosgr.es\/blog\/#website\",\"url\":\"https:\/\/www.senderosgr.es\/blog\/\",\"name\":\"El Blog de SenderosGR\",\"description\":\"Noticias, opiniones... \u00a1y mucho m\u00e1s!\",\"publisher\":{\"@id\":\"https:\/\/www.senderosgr.es\/blog\/#organization\"},\"potentialAction\":[{\"@type\":\"SearchAction\",\"target\":{\"@type\":\"EntryPoint\",\"urlTemplate\":\"https:\/\/www.senderosgr.es\/blog\/?s={search_term_string}\"},\"query-input\":{\"@type\":\"PropertyValueSpecification\",\"valueRequired\":true,\"valueName\":\"search_term_string\"}}],\"inLanguage\":\"es\"},{\"@type\":\"Organization\",\"@id\":\"https:\/\/www.senderosgr.es\/blog\/#organization\",\"name\":\"El Blog de SenderosGR\",\"url\":\"https:\/\/www.senderosgr.es\/blog\/\",\"logo\":{\"@type\":\"ImageObject\",\"inLanguage\":\"es\",\"@id\":\"https:\/\/www.senderosgr.es\/blog\/#\/schema\/logo\/image\/\",\"url\":\"https:\/\/www.senderosgr.es\/blog\/wp-content\/uploads\/2016\/06\/SGR-logo-cabecera-wordpress-copy-1.jpg\",\"contentUrl\":\"https:\/\/www.senderosgr.es\/blog\/wp-content\/uploads\/2016\/06\/SGR-logo-cabecera-wordpress-copy-1.jpg\",\"width\":240,\"height\":240,\"caption\":\"El Blog de SenderosGR\"},\"image\":{\"@id\":\"https:\/\/www.senderosgr.es\/blog\/#\/schema\/logo\/image\/\"}},{\"@type\":\"Person\",\"@id\":\"https:\/\/www.senderosgr.es\/blog\/#\/schema\/person\/f2eef32e9aa1ea1fbc35244e3cff648f\",\"name\":\"SenderosGR\",\"image\":{\"@type\":\"ImageObject\",\"inLanguage\":\"es\",\"@id\":\"https:\/\/www.senderosgr.es\/blog\/#\/schema\/person\/image\/\",\"url\":\"https:\/\/secure.gravatar.com\/avatar\/6f52711b33f9d4b67746ba74eb5d9e349ce13d3901fd85c995aea449f2512faf?s=96&d=mm&r=g\",\"contentUrl\":\"https:\/\/secure.gravatar.com\/avatar\/6f52711b33f9d4b67746ba74eb5d9e349ce13d3901fd85c995aea449f2512faf?s=96&d=mm&r=g\",\"caption\":\"SenderosGR\"},\"description\":\"Buz\u00f3n general de SenderosGR\",\"url\":\"https:\/\/www.senderosgr.es\/blog\/author\/administrador\/\"}]}<\/script>\n<!-- \/ Yoast SEO plugin. -->","yoast_head_json":{"title":"Ideas para recorrer la isla de Gran Canaria en 2012 - El Blog de SenderosGR","robots":{"index":"index","follow":"follow","max-snippet":"max-snippet:-1","max-image-preview":"max-image-preview:large","max-video-preview":"max-video-preview:-1"},"canonical":"https:\/\/www.senderosgr.es\/blog\/2011\/12\/27\/ideas-para-recorrer-la-isla-de-gran-canaria-en-2012\/","og_locale":"es_ES","og_type":"article","og_title":"Ideas para recorrer la isla de Gran Canaria en 2012 - El Blog de SenderosGR","og_description":"El colectivo de Gran Canaria Turc\u00f3n-Ecologistas en Acci\u00f3n ha presentado un nuevo programa para el pr\u00f3ximo a\u00f1o que contempla un total de 32 actividades, entre rutas de senderismo, campamentos y viajes, con los que celebrar en 2012 su 30 Aniversario. Gran Canaria cuenta, en teor\u00eda, con dos senderos de gran recorrido: el GR-131 (74.1 km), [&hellip;]","og_url":"https:\/\/www.senderosgr.es\/blog\/2011\/12\/27\/ideas-para-recorrer-la-isla-de-gran-canaria-en-2012\/","og_site_name":"El Blog de SenderosGR","article_published_time":"2011-12-27T11:27:00+00:00","og_image":[{"url":"https:\/\/2.bp.blogspot.com\/-vYM3zJ8iJTU\/Tvmslp9YZII\/AAAAAAAAAMU\/4wWt4XhUGVo\/s320\/turcon.jpg","type":"","width":"","height":""}],"author":"SenderosGR","twitter_card":"summary_large_image","twitter_misc":{"Escrito por":"SenderosGR","Tiempo de lectura":"2 minutos"},"schema":{"@context":"https:\/\/schema.org","@graph":[{"@type":"Article","@id":"https:\/\/www.senderosgr.es\/blog\/2011\/12\/27\/ideas-para-recorrer-la-isla-de-gran-canaria-en-2012\/#article","isPartOf":{"@id":"https:\/\/www.senderosgr.es\/blog\/2011\/12\/27\/ideas-para-recorrer-la-isla-de-gran-canaria-en-2012\/"},"author":{"name":"SenderosGR","@id":"https:\/\/www.senderosgr.es\/blog\/#\/schema\/person\/f2eef32e9aa1ea1fbc35244e3cff648f"},"headline":"Ideas para recorrer la isla de Gran Canaria en 2012","datePublished":"2011-12-27T11:27:00+00:00","mainEntityOfPage":{"@id":"https:\/\/www.senderosgr.es\/blog\/2011\/12\/27\/ideas-para-recorrer-la-isla-de-gran-canaria-en-2012\/"},"wordCount":473,"commentCount":0,"publisher":{"@id":"https:\/\/www.senderosgr.es\/blog\/#organization"},"image":{"@id":"https:\/\/www.senderosgr.es\/blog\/2011\/12\/27\/ideas-para-recorrer-la-isla-de-gran-canaria-en-2012\/#primaryimage"},"thumbnailUrl":"https:\/\/2.bp.blogspot.com\/-vYM3zJ8iJTU\/Tvmslp9YZII\/AAAAAAAAAMU\/4wWt4XhUGVo\/s320\/turcon.jpg","inLanguage":"es","potentialAction":[{"@type":"CommentAction","name":"Comment","target":["https:\/\/www.senderosgr.es\/blog\/2011\/12\/27\/ideas-para-recorrer-la-isla-de-gran-canaria-en-2012\/#respond"]}]},{"@type":"WebPage","@id":"https:\/\/www.senderosgr.es\/blog\/2011\/12\/27\/ideas-para-recorrer-la-isla-de-gran-canaria-en-2012\/","url":"https:\/\/www.senderosgr.es\/blog\/2011\/12\/27\/ideas-para-recorrer-la-isla-de-gran-canaria-en-2012\/","name":"Ideas para recorrer la isla de Gran Canaria en 2012 - El Blog de SenderosGR","isPartOf":{"@id":"https:\/\/www.senderosgr.es\/blog\/#website"},"primaryImageOfPage":{"@id":"https:\/\/www.senderosgr.es\/blog\/2011\/12\/27\/ideas-para-recorrer-la-isla-de-gran-canaria-en-2012\/#primaryimage"},"image":{"@id":"https:\/\/www.senderosgr.es\/blog\/2011\/12\/27\/ideas-para-recorrer-la-isla-de-gran-canaria-en-2012\/#primaryimage"},"thumbnailUrl":"https:\/\/2.bp.blogspot.com\/-vYM3zJ8iJTU\/Tvmslp9YZII\/AAAAAAAAAMU\/4wWt4XhUGVo\/s320\/turcon.jpg","datePublished":"2011-12-27T11:27:00+00:00","breadcrumb":{"@id":"https:\/\/www.senderosgr.es\/blog\/2011\/12\/27\/ideas-para-recorrer-la-isla-de-gran-canaria-en-2012\/#breadcrumb"},"inLanguage":"es","potentialAction":[{"@type":"ReadAction","target":["https:\/\/www.senderosgr.es\/blog\/2011\/12\/27\/ideas-para-recorrer-la-isla-de-gran-canaria-en-2012\/"]}]},{"@type":"ImageObject","inLanguage":"es","@id":"https:\/\/www.senderosgr.es\/blog\/2011\/12\/27\/ideas-para-recorrer-la-isla-de-gran-canaria-en-2012\/#primaryimage","url":"https:\/\/2.bp.blogspot.com\/-vYM3zJ8iJTU\/Tvmslp9YZII\/AAAAAAAAAMU\/4wWt4XhUGVo\/s320\/turcon.jpg","contentUrl":"https:\/\/2.bp.blogspot.com\/-vYM3zJ8iJTU\/Tvmslp9YZII\/AAAAAAAAAMU\/4wWt4XhUGVo\/s320\/turcon.jpg"},{"@type":"BreadcrumbList","@id":"https:\/\/www.senderosgr.es\/blog\/2011\/12\/27\/ideas-para-recorrer-la-isla-de-gran-canaria-en-2012\/#breadcrumb","itemListElement":[{"@type":"ListItem","position":1,"name":"Portada","item":"https:\/\/www.senderosgr.es\/blog\/"},{"@type":"ListItem","position":2,"name":"Ideas para recorrer la isla de Gran Canaria en 2012"}]},{"@type":"WebSite","@id":"https:\/\/www.senderosgr.es\/blog\/#website","url":"https:\/\/www.senderosgr.es\/blog\/","name":"El Blog de SenderosGR","description":"Noticias, opiniones... \u00a1y mucho m\u00e1s!","publisher":{"@id":"https:\/\/www.senderosgr.es\/blog\/#organization"},"potentialAction":[{"@type":"SearchAction","target":{"@type":"EntryPoint","urlTemplate":"https:\/\/www.senderosgr.es\/blog\/?s={search_term_string}"},"query-input":{"@type":"PropertyValueSpecification","valueRequired":true,"valueName":"search_term_string"}}],"inLanguage":"es"},{"@type":"Organization","@id":"https:\/\/www.senderosgr.es\/blog\/#organization","name":"El Blog de SenderosGR","url":"https:\/\/www.senderosgr.es\/blog\/","logo":{"@type":"ImageObject","inLanguage":"es","@id":"https:\/\/www.senderosgr.es\/blog\/#\/schema\/logo\/image\/","url":"https:\/\/www.senderosgr.es\/blog\/wp-content\/uploads\/2016\/06\/SGR-logo-cabecera-wordpress-copy-1.jpg","contentUrl":"https:\/\/www.senderosgr.es\/blog\/wp-content\/uploads\/2016\/06\/SGR-logo-cabecera-wordpress-copy-1.jpg","width":240,"height":240,"caption":"El Blog de SenderosGR"},"image":{"@id":"https:\/\/www.senderosgr.es\/blog\/#\/schema\/logo\/image\/"}},{"@type":"Person","@id":"https:\/\/www.senderosgr.es\/blog\/#\/schema\/person\/f2eef32e9aa1ea1fbc35244e3cff648f","name":"SenderosGR","image":{"@type":"ImageObject","inLanguage":"es","@id":"https:\/\/www.senderosgr.es\/blog\/#\/schema\/person\/image\/","url":"https:\/\/secure.gravatar.com\/avatar\/6f52711b33f9d4b67746ba74eb5d9e349ce13d3901fd85c995aea449f2512faf?s=96&d=mm&r=g","contentUrl":"https:\/\/secure.gravatar.com\/avatar\/6f52711b33f9d4b67746ba74eb5d9e349ce13d3901fd85c995aea449f2512faf?s=96&d=mm&r=g","caption":"SenderosGR"},"description":"Buz\u00f3n general de SenderosGR","url":"https:\/\/www.senderosgr.es\/blog\/author\/administrador\/"}]}},"cc_featured_image_caption":{"caption_text":false,"source_text":false,"source_url":false},"_links":{"self":[{"href":"https:\/\/www.senderosgr.es\/blog\/wp-json\/wp\/v2\/posts\/69","targetHints":{"allow":["GET"]}}],"collection":[{"href":"https:\/\/www.senderosgr.es\/blog\/wp-json\/wp\/v2\/posts"}],"about":[{"href":"https:\/\/www.senderosgr.es\/blog\/wp-json\/wp\/v2\/types\/post"}],"author":[{"embeddable":true,"href":"https:\/\/www.senderosgr.es\/blog\/wp-json\/wp\/v2\/users\/1"}],"replies":[{"embeddable":true,"href":"https:\/\/www.senderosgr.es\/blog\/wp-json\/wp\/v2\/comments?post=69"}],"version-history":[{"count":0,"href":"https:\/\/www.senderosgr.es\/blog\/wp-json\/wp\/v2\/posts\/69\/revisions"}],"wp:attachment":[{"href":"https:\/\/www.senderosgr.es\/blog\/wp-json\/wp\/v2\/media?parent=69"}],"wp:term":[{"taxonomy":"category","embeddable":true,"href":"https:\/\/www.senderosgr.es\/blog\/wp-json\/wp\/v2\/categories?post=69"},{"taxonomy":"post_tag","embeddable":true,"href":"https:\/\/www.senderosgr.es\/blog\/wp-json\/wp\/v2\/tags?post=69"}],"curies":[{"name":"wp","href":"https:\/\/api.w.org\/{rel}","templated":true}]}}