{"id":65,"date":"2012-01-09T13:17:00","date_gmt":"2012-01-09T13:17:00","guid":{"rendered":"http:\/\/www.senderosgr.es\/blog\/2012\/01\/09\/serie-documental-sobre-senderos-de-gran-recorrido-en-television-espanola\/"},"modified":"2012-01-09T13:17:00","modified_gmt":"2012-01-09T13:17:00","slug":"serie-documental-sobre-senderos-de-gran-recorrido-en-television-espanola","status":"publish","type":"post","link":"https:\/\/www.senderosgr.es\/blog\/2012\/01\/09\/serie-documental-sobre-senderos-de-gran-recorrido-en-television-espanola\/","title":{"rendered":"Serie documental sobre Senderos de Gran Recorrido en Televisi\u00f3n Espa\u00f1ola"},"content":{"rendered":"<p><\/p>\n<div style=\"clear: both; text-align: center;\"><a href=\"http:\/\/2.bp.blogspot.com\/-7pQmpFWMV6s\/Twrh3CS42AI\/AAAAAAAAAPg\/DTyQBWlStMA\/s1600\/RTVE.jpg\" style=\"clear: left; float: left; margin-bottom: 1em; margin-right: 1em;\"><img loading=\"lazy\" decoding=\"async\" border=\"0\" height=\"176\" src=\"https:\/\/2.bp.blogspot.com\/-7pQmpFWMV6s\/Twrh3CS42AI\/AAAAAAAAAPg\/DTyQBWlStMA\/s320\/RTVE.jpg\" width=\"320\" \/><\/a><\/div>\n<div style=\"font-family: Verdana,sans-serif; text-align: justify;\"><span style=\"font-size: x-small;\">Senderos de Gran Recorrido es una serie documental de <a href=\"http:\/\/www.rtve.es\/\" target=\"_blank\">Televisi\u00f3n Espa\u00f1ola<\/a>, en colaboraci\u00f3n con Norte Lambert, emitida en La 2 en 2010. En origen estaba compuesta de diversas temporadas, pero tras emitirse la primera no hemos vuelto a saber de ella. La primera temporada est\u00e1 compuesta de un total de ocho cap\u00edtulos que invitan a recorrer a pie o en bicicleta distintas zonas de&nbsp; la geograf\u00eda espa\u00f1ola.<\/span><\/div>\n<div style=\"font-family: Verdana,sans-serif; text-align: justify;\"><span style=\"font-size: x-small;\"><br \/>A continuaci\u00f3n os dejamos con una lista de los reportajes emitidos, su fecha de emisi\u00f3n y el enlace para que pod\u00e1is verlos en la <a href=\"http:\/\/www.rtve.es\/alacarta\/\" target=\"_blank\">web de rtve.es, a trav\u00e9s de Televisi\u00f3n a la carta<\/a>. En la p\u00e1gina web de Norte Lambert <a href=\"http:\/\/nortelambert.es\/\" target=\"_blank\">pod\u00e9is decargar los tracks <\/a>de los senderos recogidos en la serie documental:<\/p>\n<p><b>GR 85 (Burgos). La ruta de los sentidos.<\/b><br \/>El GR 85 es un sendero que transcurre por la comarca de <a href=\"http:\/\/www.lasmerindades.com\/\" target=\"_blank\">Las Merindades<\/a>, en el norte de la provincia de Burgos. Preciosos paisajes, encantadores pueblos, iglesias, ermitas y la belleza del propio camino sorprender\u00e1n a senderistas y ciclistas.<br \/>&nbsp;<\/span><\/div>\n<div style=\"font-family: Verdana,sans-serif; text-align: justify;\"><span style=\"font-size: x-small;\">Cap\u00edtulo emitido el 2 de mayo de 2010.<br \/>Ver <a href=\"http:\/\/www.rtve.es\/alacarta\/videos\/programa\/senderos-gran-recorrido-gr-85-ruta-sentidos\/759971\/\" target=\"_blank\">reportaje aqu\u00ed<\/a>. <br \/>&nbsp;&nbsp; <br \/><b>GR 175 (L\u00e9rida). La ruta del C\u00edster.<\/b><br \/>Tras los muros de las abad\u00edas del C\u00edster encontramos una comunidad viva de monjes y siglos de historia tallados en la piedra. En las provincias de Tarragona y Lleida el GR 175 recorre tres de los monasterios m\u00e1s significativos de Catalu\u00f1a, los de <a href=\"http:\/\/www.monestirs.cat\/monst\/alcamp\/cac01creu.htm\" target=\"_blank\">Santes Creus<\/a>, <a href=\"http:\/\/www.monestirs.cat\/monst\/conca\/cco22pobl.htm\" target=\"_blank\">Poblet<\/a> y <a href=\"http:\/\/www.monestirs.cat\/monst\/urgell\/cur18mari.htm\" target=\"_blank\">Vallbona de Monges<\/a>.<br \/>&nbsp;<\/span><\/div>\n<div style=\"font-family: Verdana,sans-serif; text-align: justify;\"><span style=\"font-size: x-small;\">Cap\u00edtulo emitido el 9 de mayo de 2010.<br \/>Ver <a href=\"http:\/\/www.rtve.es\/alacarta\/videos\/programa\/senderos-gran-recorrido-gr-175-ruta-del-cister\/766251\/\" target=\"_blank\">reportaje aqu\u00ed<\/a>. <\/p>\n<p><b>GR 229 (Vizcaya). Sendero Mikeldi.<\/b><br \/>Un nuevo recorrido senderista ha nacido en el coraz\u00f3n de Bizkaia: el GR 229 \u00abMikeldi\u00bb, que discurre por el <a href=\"http:\/\/www.guiabizkaia.com\/comarcas\/duranguesado\/duranguesado.php\" target=\"_blank\">Duranguesado<\/a>, atravesando todos los pueblos que configuran la comarca.<br \/>&nbsp;<\/span><\/div>\n<div style=\"font-family: Verdana,sans-serif; text-align: justify;\"><span style=\"font-size: x-small;\">Cap\u00edtulo emitido el 16 de mayo de 2010.<br \/>Ver <a href=\"http:\/\/www.rtve.es\/alacarta\/videos\/programa\/senderos-gran-recorrido-gr-229-sendero-mikeldi\/772965\/\" target=\"_blank\">reportaje aqu\u00ed<\/a>. <\/p>\n<p><b>GR 88 (Madrid-Segovia). Las dos provincias.<\/b><br \/>El GR 88 Segoviano tiene 8 etapas que recorren un total de 140 km. Este tramo madrile\u00f1o del sendero transcurre por la denominada <a href=\"http:\/\/www.sierranortemadrid.org\/\" target=\"_blank\">Sierra Norte de Madrid<\/a>, durante mucho tiempo olvidada por los monta\u00f1eros y hoy justamente revalorizada.<br \/>&nbsp;<\/span><\/div>\n<div style=\"font-family: Verdana,sans-serif; text-align: justify;\"><span style=\"font-size: x-small;\">Cap\u00edtulo emitido el 23 de mayo de 2010.<br \/>Ver <a href=\"http:\/\/www.rtve.es\/alacarta\/videos\/programa\/senderos-gran-recorrido-gr-88-dos-provincias\/779777\/\" target=\"_blank\">reportaje aqu\u00ed<\/a>.<\/p>\n<p><b>GR 140 (Almer\u00eda). De la nieve a la arena.<\/b><br \/>Almer\u00eda (de Sierra Nevada al Cabo de Gata). De la nieve a la arena, el sendero de Gran Recorrido 140 recorre Almer\u00eda desde <a href=\"http:\/\/www.juntadeandalucia.es\/medioambiente\/servtc5\/ventana\/mostrarFicha.do;jsessionid=6D0EC9DF7438610B56C13300EB15EA12?idEspacio=7429\" target=\"_blank\">Sierra Nevada<\/a> hasta el <a href=\"http:\/\/www.degata.com\/\" target=\"_blank\">Cabo de Gata<\/a>, pasando por la <a href=\"http:\/\/www.sierradegador.org\/com\/index.php\" target=\"_blank\">Sierra de G\u00e1dor<\/a>.<br \/>&nbsp;<\/span><\/div>\n<div style=\"font-family: Verdana,sans-serif; text-align: justify;\"><span style=\"font-size: x-small;\">Cap\u00edtulo emitido el 13 de junio de 2010.<br \/>Ver <a href=\"http:\/\/www.rtve.es\/alacarta\/videos\/programa\/senderos-gran-recorrido-gr-140-nieve-arena\/798455\/\" target=\"_blank\">reportaje aqu\u00ed<\/a>.<\/p>\n<p><b>GR 131 (La Palma). El Bast\u00f3n.<\/b><br \/>Fuera de la pen\u00ednsula, en el archipi\u00e9lago Canario, se encuentra uno de los senderos de gran recorrido m\u00e1s exigentes, el GR 131.<br \/>&nbsp;<\/span><\/div>\n<div style=\"font-family: Verdana,sans-serif; text-align: justify;\"><span style=\"font-size: x-small;\">Cap\u00edtulo emitido el 20 de junio de 2010.<br \/>Ver <a href=\"http:\/\/www.rtve.es\/alacarta\/videos\/programa\/senderos-gran-recorrido-gr-131-baston\/805797\/\" target=\"_blank\">reportaje aqu\u00ed<\/a>.<\/p>\n<p><b>GR 36 (Castell\u00f3n). La Trans-Espad\u00e0.<\/b><br \/>La <a href=\"http:\/\/parquesnaturales.gva.es\/web\/indice.aspx?nodo=2982\" target=\"_blank\">Sierra de Espad\u00e1n<\/a> recorre la provincia de Castell\u00f3 de oeste a este, enmarcada entre el cauce del r\u00edo Mijares y el r\u00edo Palancia. A pesar de que su cota m\u00e1s alta apenas supera los mil metros, es un paraje cautivador.<br \/>&nbsp;<\/span><\/div>\n<div style=\"font-family: Verdana,sans-serif; text-align: justify;\"><span style=\"font-size: x-small;\">Cap\u00edtulo emitido el 27 de junio de 2010.<br \/>Ver <a href=\"http:\/\/www.rtve.es\/alacarta\/videos\/programa\/senderos-gran-recorrido-gr-36-trans-espada\/812685\/\" target=\"_blank\">reportaje aqu\u00ed<\/a>.<\/p>\n<p><b>GR 66 (Cuenca). Por la Serran\u00eda.<\/b><br \/>El Sendero de Gran recorrido GR 66 tiene su comienzo en el Puente de Martinete, sobre el r\u00edo Tajo, que sirve de frontera natural entre <a href=\"http:\/\/www.senderosdecuenca.org\/\" target=\"_blank\">Cuenca<\/a> y <a href=\"http:\/\/caminosdeguadalajara.es\/index.html\" target=\"_blank\">Guadalajara<\/a>.<br \/>&nbsp;<\/span><\/div>\n<div style=\"font-family: Verdana,sans-serif; text-align: justify;\"><span style=\"font-size: x-small;\">Cap\u00edtulo emitido el 4 de julio de 2010.<br \/>Ver <a href=\"http:\/\/www.rtve.es\/alacarta\/videos\/programa\/senderos-gran-recorrido-gr-66-serrania\/819743\/\" target=\"_blank\">reportaje aqu\u00ed<\/a>.<\/span><\/div>\n<p><\/p>\n","protected":false},"excerpt":{"rendered":"<p>Senderos de Gran Recorrido es una serie documental de Televisi\u00f3n Espa\u00f1ola, en colaboraci\u00f3n con Norte Lambert, emitida en La 2 en 2010. En origen estaba compuesta de diversas temporadas, pero tras emitirse la primera no hemos vuelto a saber de ella. La primera temporada est\u00e1 compuesta de un total de ocho cap\u00edtulos que invitan a [&hellip;]<\/p>\n","protected":false},"author":1,"featured_media":0,"comment_status":"open","ping_status":"open","sticky":false,"template":"","format":"standard","meta":{"footnotes":""},"categories":[1],"tags":[],"class_list":["post-65","post","type-post","status-publish","format-standard","hentry","category-sin-categoria"],"yoast_head":"<!-- This site is optimized with the Yoast SEO plugin v26.6 - https:\/\/yoast.com\/wordpress\/plugins\/seo\/ -->\n<title>Serie documental sobre Senderos de Gran Recorrido en Televisi\u00f3n Espa\u00f1ola - El Blog de SenderosGR<\/title>\n<meta name=\"robots\" content=\"index, follow, max-snippet:-1, max-image-preview:large, max-video-preview:-1\" \/>\n<link rel=\"canonical\" href=\"https:\/\/www.senderosgr.es\/blog\/2012\/01\/09\/serie-documental-sobre-senderos-de-gran-recorrido-en-television-espanola\/\" \/>\n<meta property=\"og:locale\" content=\"es_ES\" \/>\n<meta property=\"og:type\" content=\"article\" \/>\n<meta property=\"og:title\" content=\"Serie documental sobre Senderos de Gran Recorrido en Televisi\u00f3n Espa\u00f1ola - El Blog de SenderosGR\" \/>\n<meta property=\"og:description\" content=\"Senderos de Gran Recorrido es una serie documental de Televisi\u00f3n Espa\u00f1ola, en colaboraci\u00f3n con Norte Lambert, emitida en La 2 en 2010. En origen estaba compuesta de diversas temporadas, pero tras emitirse la primera no hemos vuelto a saber de ella. La primera temporada est\u00e1 compuesta de un total de ocho cap\u00edtulos que invitan a [&hellip;]\" \/>\n<meta property=\"og:url\" content=\"https:\/\/www.senderosgr.es\/blog\/2012\/01\/09\/serie-documental-sobre-senderos-de-gran-recorrido-en-television-espanola\/\" \/>\n<meta property=\"og:site_name\" content=\"El Blog de SenderosGR\" \/>\n<meta property=\"article:published_time\" content=\"2012-01-09T13:17:00+00:00\" \/>\n<meta property=\"og:image\" content=\"https:\/\/2.bp.blogspot.com\/-7pQmpFWMV6s\/Twrh3CS42AI\/AAAAAAAAAPg\/DTyQBWlStMA\/s320\/RTVE.jpg\" \/>\n<meta name=\"author\" content=\"SenderosGR\" \/>\n<meta name=\"twitter:card\" content=\"summary_large_image\" \/>\n<meta name=\"twitter:label1\" content=\"Escrito por\" \/>\n\t<meta name=\"twitter:data1\" content=\"SenderosGR\" \/>\n\t<meta name=\"twitter:label2\" content=\"Tiempo de lectura\" \/>\n\t<meta name=\"twitter:data2\" content=\"3 minutos\" \/>\n<script type=\"application\/ld+json\" class=\"yoast-schema-graph\">{\"@context\":\"https:\/\/schema.org\",\"@graph\":[{\"@type\":\"Article\",\"@id\":\"https:\/\/www.senderosgr.es\/blog\/2012\/01\/09\/serie-documental-sobre-senderos-de-gran-recorrido-en-television-espanola\/#article\",\"isPartOf\":{\"@id\":\"https:\/\/www.senderosgr.es\/blog\/2012\/01\/09\/serie-documental-sobre-senderos-de-gran-recorrido-en-television-espanola\/\"},\"author\":{\"name\":\"SenderosGR\",\"@id\":\"https:\/\/www.senderosgr.es\/blog\/#\/schema\/person\/f2eef32e9aa1ea1fbc35244e3cff648f\"},\"headline\":\"Serie documental sobre Senderos de Gran Recorrido en Televisi\u00f3n Espa\u00f1ola\",\"datePublished\":\"2012-01-09T13:17:00+00:00\",\"mainEntityOfPage\":{\"@id\":\"https:\/\/www.senderosgr.es\/blog\/2012\/01\/09\/serie-documental-sobre-senderos-de-gran-recorrido-en-television-espanola\/\"},\"wordCount\":577,\"commentCount\":0,\"publisher\":{\"@id\":\"https:\/\/www.senderosgr.es\/blog\/#organization\"},\"image\":{\"@id\":\"https:\/\/www.senderosgr.es\/blog\/2012\/01\/09\/serie-documental-sobre-senderos-de-gran-recorrido-en-television-espanola\/#primaryimage\"},\"thumbnailUrl\":\"https:\/\/2.bp.blogspot.com\/-7pQmpFWMV6s\/Twrh3CS42AI\/AAAAAAAAAPg\/DTyQBWlStMA\/s320\/RTVE.jpg\",\"inLanguage\":\"es\",\"potentialAction\":[{\"@type\":\"CommentAction\",\"name\":\"Comment\",\"target\":[\"https:\/\/www.senderosgr.es\/blog\/2012\/01\/09\/serie-documental-sobre-senderos-de-gran-recorrido-en-television-espanola\/#respond\"]}]},{\"@type\":\"WebPage\",\"@id\":\"https:\/\/www.senderosgr.es\/blog\/2012\/01\/09\/serie-documental-sobre-senderos-de-gran-recorrido-en-television-espanola\/\",\"url\":\"https:\/\/www.senderosgr.es\/blog\/2012\/01\/09\/serie-documental-sobre-senderos-de-gran-recorrido-en-television-espanola\/\",\"name\":\"Serie documental sobre Senderos de Gran Recorrido en Televisi\u00f3n Espa\u00f1ola - El Blog de SenderosGR\",\"isPartOf\":{\"@id\":\"https:\/\/www.senderosgr.es\/blog\/#website\"},\"primaryImageOfPage\":{\"@id\":\"https:\/\/www.senderosgr.es\/blog\/2012\/01\/09\/serie-documental-sobre-senderos-de-gran-recorrido-en-television-espanola\/#primaryimage\"},\"image\":{\"@id\":\"https:\/\/www.senderosgr.es\/blog\/2012\/01\/09\/serie-documental-sobre-senderos-de-gran-recorrido-en-television-espanola\/#primaryimage\"},\"thumbnailUrl\":\"https:\/\/2.bp.blogspot.com\/-7pQmpFWMV6s\/Twrh3CS42AI\/AAAAAAAAAPg\/DTyQBWlStMA\/s320\/RTVE.jpg\",\"datePublished\":\"2012-01-09T13:17:00+00:00\",\"breadcrumb\":{\"@id\":\"https:\/\/www.senderosgr.es\/blog\/2012\/01\/09\/serie-documental-sobre-senderos-de-gran-recorrido-en-television-espanola\/#breadcrumb\"},\"inLanguage\":\"es\",\"potentialAction\":[{\"@type\":\"ReadAction\",\"target\":[\"https:\/\/www.senderosgr.es\/blog\/2012\/01\/09\/serie-documental-sobre-senderos-de-gran-recorrido-en-television-espanola\/\"]}]},{\"@type\":\"ImageObject\",\"inLanguage\":\"es\",\"@id\":\"https:\/\/www.senderosgr.es\/blog\/2012\/01\/09\/serie-documental-sobre-senderos-de-gran-recorrido-en-television-espanola\/#primaryimage\",\"url\":\"https:\/\/2.bp.blogspot.com\/-7pQmpFWMV6s\/Twrh3CS42AI\/AAAAAAAAAPg\/DTyQBWlStMA\/s320\/RTVE.jpg\",\"contentUrl\":\"https:\/\/2.bp.blogspot.com\/-7pQmpFWMV6s\/Twrh3CS42AI\/AAAAAAAAAPg\/DTyQBWlStMA\/s320\/RTVE.jpg\"},{\"@type\":\"BreadcrumbList\",\"@id\":\"https:\/\/www.senderosgr.es\/blog\/2012\/01\/09\/serie-documental-sobre-senderos-de-gran-recorrido-en-television-espanola\/#breadcrumb\",\"itemListElement\":[{\"@type\":\"ListItem\",\"position\":1,\"name\":\"Portada\",\"item\":\"https:\/\/www.senderosgr.es\/blog\/\"},{\"@type\":\"ListItem\",\"position\":2,\"name\":\"Serie documental sobre Senderos de Gran Recorrido en Televisi\u00f3n Espa\u00f1ola\"}]},{\"@type\":\"WebSite\",\"@id\":\"https:\/\/www.senderosgr.es\/blog\/#website\",\"url\":\"https:\/\/www.senderosgr.es\/blog\/\",\"name\":\"El Blog de SenderosGR\",\"description\":\"Noticias, opiniones... \u00a1y mucho m\u00e1s!\",\"publisher\":{\"@id\":\"https:\/\/www.senderosgr.es\/blog\/#organization\"},\"potentialAction\":[{\"@type\":\"SearchAction\",\"target\":{\"@type\":\"EntryPoint\",\"urlTemplate\":\"https:\/\/www.senderosgr.es\/blog\/?s={search_term_string}\"},\"query-input\":{\"@type\":\"PropertyValueSpecification\",\"valueRequired\":true,\"valueName\":\"search_term_string\"}}],\"inLanguage\":\"es\"},{\"@type\":\"Organization\",\"@id\":\"https:\/\/www.senderosgr.es\/blog\/#organization\",\"name\":\"El Blog de SenderosGR\",\"url\":\"https:\/\/www.senderosgr.es\/blog\/\",\"logo\":{\"@type\":\"ImageObject\",\"inLanguage\":\"es\",\"@id\":\"https:\/\/www.senderosgr.es\/blog\/#\/schema\/logo\/image\/\",\"url\":\"https:\/\/www.senderosgr.es\/blog\/wp-content\/uploads\/2016\/06\/SGR-logo-cabecera-wordpress-copy-1.jpg\",\"contentUrl\":\"https:\/\/www.senderosgr.es\/blog\/wp-content\/uploads\/2016\/06\/SGR-logo-cabecera-wordpress-copy-1.jpg\",\"width\":240,\"height\":240,\"caption\":\"El Blog de SenderosGR\"},\"image\":{\"@id\":\"https:\/\/www.senderosgr.es\/blog\/#\/schema\/logo\/image\/\"}},{\"@type\":\"Person\",\"@id\":\"https:\/\/www.senderosgr.es\/blog\/#\/schema\/person\/f2eef32e9aa1ea1fbc35244e3cff648f\",\"name\":\"SenderosGR\",\"image\":{\"@type\":\"ImageObject\",\"inLanguage\":\"es\",\"@id\":\"https:\/\/www.senderosgr.es\/blog\/#\/schema\/person\/image\/\",\"url\":\"https:\/\/secure.gravatar.com\/avatar\/6f52711b33f9d4b67746ba74eb5d9e349ce13d3901fd85c995aea449f2512faf?s=96&d=mm&r=g\",\"contentUrl\":\"https:\/\/secure.gravatar.com\/avatar\/6f52711b33f9d4b67746ba74eb5d9e349ce13d3901fd85c995aea449f2512faf?s=96&d=mm&r=g\",\"caption\":\"SenderosGR\"},\"description\":\"Buz\u00f3n general de SenderosGR\",\"url\":\"https:\/\/www.senderosgr.es\/blog\/author\/administrador\/\"}]}<\/script>\n<!-- \/ Yoast SEO plugin. -->","yoast_head_json":{"title":"Serie documental sobre Senderos de Gran Recorrido en Televisi\u00f3n Espa\u00f1ola - El Blog de SenderosGR","robots":{"index":"index","follow":"follow","max-snippet":"max-snippet:-1","max-image-preview":"max-image-preview:large","max-video-preview":"max-video-preview:-1"},"canonical":"https:\/\/www.senderosgr.es\/blog\/2012\/01\/09\/serie-documental-sobre-senderos-de-gran-recorrido-en-television-espanola\/","og_locale":"es_ES","og_type":"article","og_title":"Serie documental sobre Senderos de Gran Recorrido en Televisi\u00f3n Espa\u00f1ola - El Blog de SenderosGR","og_description":"Senderos de Gran Recorrido es una serie documental de Televisi\u00f3n Espa\u00f1ola, en colaboraci\u00f3n con Norte Lambert, emitida en La 2 en 2010. En origen estaba compuesta de diversas temporadas, pero tras emitirse la primera no hemos vuelto a saber de ella. La primera temporada est\u00e1 compuesta de un total de ocho cap\u00edtulos que invitan a [&hellip;]","og_url":"https:\/\/www.senderosgr.es\/blog\/2012\/01\/09\/serie-documental-sobre-senderos-de-gran-recorrido-en-television-espanola\/","og_site_name":"El Blog de SenderosGR","article_published_time":"2012-01-09T13:17:00+00:00","og_image":[{"url":"https:\/\/2.bp.blogspot.com\/-7pQmpFWMV6s\/Twrh3CS42AI\/AAAAAAAAAPg\/DTyQBWlStMA\/s320\/RTVE.jpg","type":"","width":"","height":""}],"author":"SenderosGR","twitter_card":"summary_large_image","twitter_misc":{"Escrito por":"SenderosGR","Tiempo de lectura":"3 minutos"},"schema":{"@context":"https:\/\/schema.org","@graph":[{"@type":"Article","@id":"https:\/\/www.senderosgr.es\/blog\/2012\/01\/09\/serie-documental-sobre-senderos-de-gran-recorrido-en-television-espanola\/#article","isPartOf":{"@id":"https:\/\/www.senderosgr.es\/blog\/2012\/01\/09\/serie-documental-sobre-senderos-de-gran-recorrido-en-television-espanola\/"},"author":{"name":"SenderosGR","@id":"https:\/\/www.senderosgr.es\/blog\/#\/schema\/person\/f2eef32e9aa1ea1fbc35244e3cff648f"},"headline":"Serie documental sobre Senderos de Gran Recorrido en Televisi\u00f3n Espa\u00f1ola","datePublished":"2012-01-09T13:17:00+00:00","mainEntityOfPage":{"@id":"https:\/\/www.senderosgr.es\/blog\/2012\/01\/09\/serie-documental-sobre-senderos-de-gran-recorrido-en-television-espanola\/"},"wordCount":577,"commentCount":0,"publisher":{"@id":"https:\/\/www.senderosgr.es\/blog\/#organization"},"image":{"@id":"https:\/\/www.senderosgr.es\/blog\/2012\/01\/09\/serie-documental-sobre-senderos-de-gran-recorrido-en-television-espanola\/#primaryimage"},"thumbnailUrl":"https:\/\/2.bp.blogspot.com\/-7pQmpFWMV6s\/Twrh3CS42AI\/AAAAAAAAAPg\/DTyQBWlStMA\/s320\/RTVE.jpg","inLanguage":"es","potentialAction":[{"@type":"CommentAction","name":"Comment","target":["https:\/\/www.senderosgr.es\/blog\/2012\/01\/09\/serie-documental-sobre-senderos-de-gran-recorrido-en-television-espanola\/#respond"]}]},{"@type":"WebPage","@id":"https:\/\/www.senderosgr.es\/blog\/2012\/01\/09\/serie-documental-sobre-senderos-de-gran-recorrido-en-television-espanola\/","url":"https:\/\/www.senderosgr.es\/blog\/2012\/01\/09\/serie-documental-sobre-senderos-de-gran-recorrido-en-television-espanola\/","name":"Serie documental sobre Senderos de Gran Recorrido en Televisi\u00f3n Espa\u00f1ola - El Blog de SenderosGR","isPartOf":{"@id":"https:\/\/www.senderosgr.es\/blog\/#website"},"primaryImageOfPage":{"@id":"https:\/\/www.senderosgr.es\/blog\/2012\/01\/09\/serie-documental-sobre-senderos-de-gran-recorrido-en-television-espanola\/#primaryimage"},"image":{"@id":"https:\/\/www.senderosgr.es\/blog\/2012\/01\/09\/serie-documental-sobre-senderos-de-gran-recorrido-en-television-espanola\/#primaryimage"},"thumbnailUrl":"https:\/\/2.bp.blogspot.com\/-7pQmpFWMV6s\/Twrh3CS42AI\/AAAAAAAAAPg\/DTyQBWlStMA\/s320\/RTVE.jpg","datePublished":"2012-01-09T13:17:00+00:00","breadcrumb":{"@id":"https:\/\/www.senderosgr.es\/blog\/2012\/01\/09\/serie-documental-sobre-senderos-de-gran-recorrido-en-television-espanola\/#breadcrumb"},"inLanguage":"es","potentialAction":[{"@type":"ReadAction","target":["https:\/\/www.senderosgr.es\/blog\/2012\/01\/09\/serie-documental-sobre-senderos-de-gran-recorrido-en-television-espanola\/"]}]},{"@type":"ImageObject","inLanguage":"es","@id":"https:\/\/www.senderosgr.es\/blog\/2012\/01\/09\/serie-documental-sobre-senderos-de-gran-recorrido-en-television-espanola\/#primaryimage","url":"https:\/\/2.bp.blogspot.com\/-7pQmpFWMV6s\/Twrh3CS42AI\/AAAAAAAAAPg\/DTyQBWlStMA\/s320\/RTVE.jpg","contentUrl":"https:\/\/2.bp.blogspot.com\/-7pQmpFWMV6s\/Twrh3CS42AI\/AAAAAAAAAPg\/DTyQBWlStMA\/s320\/RTVE.jpg"},{"@type":"BreadcrumbList","@id":"https:\/\/www.senderosgr.es\/blog\/2012\/01\/09\/serie-documental-sobre-senderos-de-gran-recorrido-en-television-espanola\/#breadcrumb","itemListElement":[{"@type":"ListItem","position":1,"name":"Portada","item":"https:\/\/www.senderosgr.es\/blog\/"},{"@type":"ListItem","position":2,"name":"Serie documental sobre Senderos de Gran Recorrido en Televisi\u00f3n Espa\u00f1ola"}]},{"@type":"WebSite","@id":"https:\/\/www.senderosgr.es\/blog\/#website","url":"https:\/\/www.senderosgr.es\/blog\/","name":"El Blog de SenderosGR","description":"Noticias, opiniones... \u00a1y mucho m\u00e1s!","publisher":{"@id":"https:\/\/www.senderosgr.es\/blog\/#organization"},"potentialAction":[{"@type":"SearchAction","target":{"@type":"EntryPoint","urlTemplate":"https:\/\/www.senderosgr.es\/blog\/?s={search_term_string}"},"query-input":{"@type":"PropertyValueSpecification","valueRequired":true,"valueName":"search_term_string"}}],"inLanguage":"es"},{"@type":"Organization","@id":"https:\/\/www.senderosgr.es\/blog\/#organization","name":"El Blog de SenderosGR","url":"https:\/\/www.senderosgr.es\/blog\/","logo":{"@type":"ImageObject","inLanguage":"es","@id":"https:\/\/www.senderosgr.es\/blog\/#\/schema\/logo\/image\/","url":"https:\/\/www.senderosgr.es\/blog\/wp-content\/uploads\/2016\/06\/SGR-logo-cabecera-wordpress-copy-1.jpg","contentUrl":"https:\/\/www.senderosgr.es\/blog\/wp-content\/uploads\/2016\/06\/SGR-logo-cabecera-wordpress-copy-1.jpg","width":240,"height":240,"caption":"El Blog de SenderosGR"},"image":{"@id":"https:\/\/www.senderosgr.es\/blog\/#\/schema\/logo\/image\/"}},{"@type":"Person","@id":"https:\/\/www.senderosgr.es\/blog\/#\/schema\/person\/f2eef32e9aa1ea1fbc35244e3cff648f","name":"SenderosGR","image":{"@type":"ImageObject","inLanguage":"es","@id":"https:\/\/www.senderosgr.es\/blog\/#\/schema\/person\/image\/","url":"https:\/\/secure.gravatar.com\/avatar\/6f52711b33f9d4b67746ba74eb5d9e349ce13d3901fd85c995aea449f2512faf?s=96&d=mm&r=g","contentUrl":"https:\/\/secure.gravatar.com\/avatar\/6f52711b33f9d4b67746ba74eb5d9e349ce13d3901fd85c995aea449f2512faf?s=96&d=mm&r=g","caption":"SenderosGR"},"description":"Buz\u00f3n general de SenderosGR","url":"https:\/\/www.senderosgr.es\/blog\/author\/administrador\/"}]}},"cc_featured_image_caption":{"caption_text":false,"source_text":false,"source_url":false},"_links":{"self":[{"href":"https:\/\/www.senderosgr.es\/blog\/wp-json\/wp\/v2\/posts\/65","targetHints":{"allow":["GET"]}}],"collection":[{"href":"https:\/\/www.senderosgr.es\/blog\/wp-json\/wp\/v2\/posts"}],"about":[{"href":"https:\/\/www.senderosgr.es\/blog\/wp-json\/wp\/v2\/types\/post"}],"author":[{"embeddable":true,"href":"https:\/\/www.senderosgr.es\/blog\/wp-json\/wp\/v2\/users\/1"}],"replies":[{"embeddable":true,"href":"https:\/\/www.senderosgr.es\/blog\/wp-json\/wp\/v2\/comments?post=65"}],"version-history":[{"count":0,"href":"https:\/\/www.senderosgr.es\/blog\/wp-json\/wp\/v2\/posts\/65\/revisions"}],"wp:attachment":[{"href":"https:\/\/www.senderosgr.es\/blog\/wp-json\/wp\/v2\/media?parent=65"}],"wp:term":[{"taxonomy":"category","embeddable":true,"href":"https:\/\/www.senderosgr.es\/blog\/wp-json\/wp\/v2\/categories?post=65"},{"taxonomy":"post_tag","embeddable":true,"href":"https:\/\/www.senderosgr.es\/blog\/wp-json\/wp\/v2\/tags?post=65"}],"curies":[{"name":"wp","href":"https:\/\/api.w.org\/{rel}","templated":true}]}}