{"id":64,"date":"2012-01-12T12:47:00","date_gmt":"2012-01-12T12:47:00","guid":{"rendered":"http:\/\/www.senderosgr.es\/blog\/2012\/01\/12\/aigues-celebra-el-dia-del-senderista-de-la-comunidad-valenciana\/"},"modified":"2012-01-12T12:47:00","modified_gmt":"2012-01-12T12:47:00","slug":"aigues-celebra-el-dia-del-senderista-de-la-comunidad-valenciana","status":"publish","type":"post","link":"https:\/\/www.senderosgr.es\/blog\/2012\/01\/12\/aigues-celebra-el-dia-del-senderista-de-la-comunidad-valenciana\/","title":{"rendered":"Aig\u00fces celebra el D\u00eda del Senderista de la Comunidad Valenciana"},"content":{"rendered":"<div style=\"clear: both; text-align: center;\"><a href=\"http:\/\/2.bp.blogspot.com\/-VqoLgVHi_3U\/Tw7Vwk-XozI\/AAAAAAAAAP4\/-n0PoioQUJU\/s1600\/Dia+del+Senderista%252C+C.V+Cartel.jpg\" style=\"clear: left; float: left; margin-bottom: 1em; margin-right: 1em;\"><img loading=\"lazy\" decoding=\"async\" border=\"0\" height=\"320\" src=\"https:\/\/2.bp.blogspot.com\/-VqoLgVHi_3U\/Tw7Vwk-XozI\/AAAAAAAAAP4\/-n0PoioQUJU\/s320\/Dia+del+Senderista%252C+C.V+Cartel.jpg\" width=\"224\" \/><\/a><\/div>\n<div style=\"font-family: Verdana,sans-serif; text-align: justify;\"><span style=\"font-size: x-small;\">La <a href=\"http:\/\/www.ladipu.com\/\" target=\"_blank\">Diputaci\u00f3n de Alicante<\/a>, el <a href=\"http:\/\/www.15cumbres.com\/index.asp\" target=\"_blank\">Club 15 Cumbres<\/a> y la <a href=\"http:\/\/caminantesaigues.blogspot.com\/\" target=\"_blank\">Asociaci\u00f3n de Caminantes de Aig\u00fces<\/a> han organizado, para el pr\u00f3ximo 22 de enero, una ruta de senderismo con motivo de la celebraci\u00f3n del <b>D\u00eda del Senderista de la Comunidad Valenciana<\/b>.<\/p>\n<p>La ruta tendr\u00e1 lugar en Aig\u00fces y discurrir\u00e1 por el <a href=\"http:\/\/www.femecv.com\/senderos\/pr-cv-243\" target=\"_blank\"><i>Cam\u00ed de la Bacorera<\/i>, correspondiente al sendero PR-CV 243<\/a>. Al finalizar el recorrido se proceder\u00e1 al acto de clausura, que tendr\u00e1 lugar en el <a href=\"http:\/\/www.aigues.es\/get.ashx?IDS=4c487624-68dd-4001-be29-af07292c4459&amp;SERVICIO=PORTALVER.CONTENIDO&amp;ID1=3004&amp;TEXTO=DIRECTORIO\" target=\"_blank\">Polideportivo de Aig\u00fces<\/a> y donde se ofrecer\u00e1 un <i>picaeta<\/i>, adem\u00e1s de la entrega de trofeos a los senderistas m\u00e1s veteranos, m\u00e1s j\u00f3venes, al club m\u00e1s lejano y al que haya asistido con mayor participaci\u00f3n.&nbsp;<\/span><\/div>\n<div style=\"font-family: Verdana,sans-serif; text-align: justify;\"><span style=\"font-size: x-small;\"><br \/>Para realizar la ruta es imprescindible inscribirse. Las plazas son limitadas y la actividad es gratuita para los federados, con un coste de 8 euros para los no federados. La inscripci\u00f3n debe realizarse en la p\u00e1gina web de <a href=\"http:\/\/www.15cumbres.com\/eventos\/diadelsenderista\/index.asp\" target=\"_blank\">15 cumbres<\/a>.<\/p>\n<p><b>Programa<\/b><br \/>&nbsp;<\/span><\/div>\n<div style=\"font-family: Verdana,sans-serif; text-align: justify;\"><span style=\"font-size: x-small;\">De 8h00 a 9h30: entrega de dorsales a los ya inscritos e inscripci\u00f3n de los que no lo hayan hecho v\u00eda online. Se har\u00e1 entrega de una camiseta conmemorativa, un pin del Club que organiza el evento, unas frutas y agua. La organizaci\u00f3n no se hace responsable de la posible falta de regalos a los que se inscriban el mismo d\u00eda, por no tener previsi\u00f3n del n\u00famero de participantes.<br \/>&nbsp;<\/span><\/div>\n<div style=\"font-family: Verdana,sans-serif; text-align: justify;\"><span style=\"font-size: x-small;\">9h30: inicio de la ruta por el Sendero PR-CV 243 \u00abCam\u00ed de la Bacorera\u00bb.<br \/>&nbsp;<\/span><\/div>\n<div style=\"font-family: Verdana,sans-serif; text-align: justify;\"><span style=\"font-size: x-small;\">11h00: Llegada a la collada de la sierra Salmitre donde se producir\u00e1 una parada para el almuerzo.<br \/>&nbsp;<\/span><\/div>\n<div style=\"font-family: Verdana,sans-serif; text-align: justify;\"><span style=\"font-size: x-small;\">13h00: finalizaci\u00f3n en el Polideportivo de Aig\u00fces. Acto de clausura yy ennttrega de trofeos.<br \/>&nbsp;<\/span><\/div>\n<div style=\"font-family: Verdana,sans-serif; text-align: justify;\"><span style=\"font-size: x-small;\"><b>Descripci\u00f3n del recorrido<\/b><\/span><\/div>\n<div style=\"font-family: Verdana,sans-serif; text-align: justify;\"><span style=\"font-size: x-small;\"><b><br \/><\/b>Distancia total: 10 Km.<br \/>Altura m\u00e1xima: 675 m.<br \/>Duraci\u00f3n del recorrido: 3 horas y media.<br \/>Desnivel acumulado: 200 m.<\/p>\n<p><\/span><\/div>\n<p><\/p>\n","protected":false},"excerpt":{"rendered":"<p>La Diputaci\u00f3n de Alicante, el Club 15 Cumbres y la Asociaci\u00f3n de Caminantes de Aig\u00fces han organizado, para el pr\u00f3ximo 22 de enero, una ruta de senderismo con motivo de la celebraci\u00f3n del D\u00eda del Senderista de la Comunidad Valenciana. La ruta tendr\u00e1 lugar en Aig\u00fces y discurrir\u00e1 por el Cam\u00ed de la Bacorera, correspondiente [&hellip;]<\/p>\n","protected":false},"author":1,"featured_media":0,"comment_status":"open","ping_status":"open","sticky":false,"template":"","format":"standard","meta":{"footnotes":""},"categories":[1],"tags":[],"class_list":["post-64","post","type-post","status-publish","format-standard","hentry","category-sin-categoria"],"yoast_head":"<!-- This site is optimized with the Yoast SEO plugin v26.6 - https:\/\/yoast.com\/wordpress\/plugins\/seo\/ -->\n<title>Aig\u00fces celebra el D\u00eda del Senderista de la Comunidad Valenciana - El Blog de SenderosGR<\/title>\n<meta name=\"robots\" content=\"index, follow, max-snippet:-1, max-image-preview:large, max-video-preview:-1\" \/>\n<link rel=\"canonical\" href=\"https:\/\/www.senderosgr.es\/blog\/2012\/01\/12\/aigues-celebra-el-dia-del-senderista-de-la-comunidad-valenciana\/\" \/>\n<meta property=\"og:locale\" content=\"es_ES\" \/>\n<meta property=\"og:type\" content=\"article\" \/>\n<meta property=\"og:title\" content=\"Aig\u00fces celebra el D\u00eda del Senderista de la Comunidad Valenciana - El Blog de SenderosGR\" \/>\n<meta property=\"og:description\" content=\"La Diputaci\u00f3n de Alicante, el Club 15 Cumbres y la Asociaci\u00f3n de Caminantes de Aig\u00fces han organizado, para el pr\u00f3ximo 22 de enero, una ruta de senderismo con motivo de la celebraci\u00f3n del D\u00eda del Senderista de la Comunidad Valenciana. La ruta tendr\u00e1 lugar en Aig\u00fces y discurrir\u00e1 por el Cam\u00ed de la Bacorera, correspondiente [&hellip;]\" \/>\n<meta property=\"og:url\" content=\"https:\/\/www.senderosgr.es\/blog\/2012\/01\/12\/aigues-celebra-el-dia-del-senderista-de-la-comunidad-valenciana\/\" \/>\n<meta property=\"og:site_name\" content=\"El Blog de SenderosGR\" \/>\n<meta property=\"article:published_time\" content=\"2012-01-12T12:47:00+00:00\" \/>\n<meta property=\"og:image\" content=\"https:\/\/2.bp.blogspot.com\/-VqoLgVHi_3U\/Tw7Vwk-XozI\/AAAAAAAAAP4\/-n0PoioQUJU\/s320\/Dia+del+Senderista%252C+C.V+Cartel.jpg\" \/>\n<meta name=\"author\" content=\"SenderosGR\" \/>\n<meta name=\"twitter:card\" content=\"summary_large_image\" \/>\n<meta name=\"twitter:label1\" content=\"Escrito por\" \/>\n\t<meta name=\"twitter:data1\" content=\"SenderosGR\" \/>\n\t<meta name=\"twitter:label2\" content=\"Tiempo de lectura\" \/>\n\t<meta name=\"twitter:data2\" content=\"2 minutos\" \/>\n<script type=\"application\/ld+json\" class=\"yoast-schema-graph\">{\"@context\":\"https:\/\/schema.org\",\"@graph\":[{\"@type\":\"Article\",\"@id\":\"https:\/\/www.senderosgr.es\/blog\/2012\/01\/12\/aigues-celebra-el-dia-del-senderista-de-la-comunidad-valenciana\/#article\",\"isPartOf\":{\"@id\":\"https:\/\/www.senderosgr.es\/blog\/2012\/01\/12\/aigues-celebra-el-dia-del-senderista-de-la-comunidad-valenciana\/\"},\"author\":{\"name\":\"SenderosGR\",\"@id\":\"https:\/\/www.senderosgr.es\/blog\/#\/schema\/person\/f2eef32e9aa1ea1fbc35244e3cff648f\"},\"headline\":\"Aig\u00fces celebra el D\u00eda del Senderista de la Comunidad Valenciana\",\"datePublished\":\"2012-01-12T12:47:00+00:00\",\"mainEntityOfPage\":{\"@id\":\"https:\/\/www.senderosgr.es\/blog\/2012\/01\/12\/aigues-celebra-el-dia-del-senderista-de-la-comunidad-valenciana\/\"},\"wordCount\":320,\"commentCount\":0,\"publisher\":{\"@id\":\"https:\/\/www.senderosgr.es\/blog\/#organization\"},\"image\":{\"@id\":\"https:\/\/www.senderosgr.es\/blog\/2012\/01\/12\/aigues-celebra-el-dia-del-senderista-de-la-comunidad-valenciana\/#primaryimage\"},\"thumbnailUrl\":\"https:\/\/2.bp.blogspot.com\/-VqoLgVHi_3U\/Tw7Vwk-XozI\/AAAAAAAAAP4\/-n0PoioQUJU\/s320\/Dia+del+Senderista%252C+C.V+Cartel.jpg\",\"inLanguage\":\"es\",\"potentialAction\":[{\"@type\":\"CommentAction\",\"name\":\"Comment\",\"target\":[\"https:\/\/www.senderosgr.es\/blog\/2012\/01\/12\/aigues-celebra-el-dia-del-senderista-de-la-comunidad-valenciana\/#respond\"]}]},{\"@type\":\"WebPage\",\"@id\":\"https:\/\/www.senderosgr.es\/blog\/2012\/01\/12\/aigues-celebra-el-dia-del-senderista-de-la-comunidad-valenciana\/\",\"url\":\"https:\/\/www.senderosgr.es\/blog\/2012\/01\/12\/aigues-celebra-el-dia-del-senderista-de-la-comunidad-valenciana\/\",\"name\":\"Aig\u00fces celebra el D\u00eda del Senderista de la Comunidad Valenciana - El Blog de SenderosGR\",\"isPartOf\":{\"@id\":\"https:\/\/www.senderosgr.es\/blog\/#website\"},\"primaryImageOfPage\":{\"@id\":\"https:\/\/www.senderosgr.es\/blog\/2012\/01\/12\/aigues-celebra-el-dia-del-senderista-de-la-comunidad-valenciana\/#primaryimage\"},\"image\":{\"@id\":\"https:\/\/www.senderosgr.es\/blog\/2012\/01\/12\/aigues-celebra-el-dia-del-senderista-de-la-comunidad-valenciana\/#primaryimage\"},\"thumbnailUrl\":\"https:\/\/2.bp.blogspot.com\/-VqoLgVHi_3U\/Tw7Vwk-XozI\/AAAAAAAAAP4\/-n0PoioQUJU\/s320\/Dia+del+Senderista%252C+C.V+Cartel.jpg\",\"datePublished\":\"2012-01-12T12:47:00+00:00\",\"breadcrumb\":{\"@id\":\"https:\/\/www.senderosgr.es\/blog\/2012\/01\/12\/aigues-celebra-el-dia-del-senderista-de-la-comunidad-valenciana\/#breadcrumb\"},\"inLanguage\":\"es\",\"potentialAction\":[{\"@type\":\"ReadAction\",\"target\":[\"https:\/\/www.senderosgr.es\/blog\/2012\/01\/12\/aigues-celebra-el-dia-del-senderista-de-la-comunidad-valenciana\/\"]}]},{\"@type\":\"ImageObject\",\"inLanguage\":\"es\",\"@id\":\"https:\/\/www.senderosgr.es\/blog\/2012\/01\/12\/aigues-celebra-el-dia-del-senderista-de-la-comunidad-valenciana\/#primaryimage\",\"url\":\"https:\/\/2.bp.blogspot.com\/-VqoLgVHi_3U\/Tw7Vwk-XozI\/AAAAAAAAAP4\/-n0PoioQUJU\/s320\/Dia+del+Senderista%252C+C.V+Cartel.jpg\",\"contentUrl\":\"https:\/\/2.bp.blogspot.com\/-VqoLgVHi_3U\/Tw7Vwk-XozI\/AAAAAAAAAP4\/-n0PoioQUJU\/s320\/Dia+del+Senderista%252C+C.V+Cartel.jpg\"},{\"@type\":\"BreadcrumbList\",\"@id\":\"https:\/\/www.senderosgr.es\/blog\/2012\/01\/12\/aigues-celebra-el-dia-del-senderista-de-la-comunidad-valenciana\/#breadcrumb\",\"itemListElement\":[{\"@type\":\"ListItem\",\"position\":1,\"name\":\"Portada\",\"item\":\"https:\/\/www.senderosgr.es\/blog\/\"},{\"@type\":\"ListItem\",\"position\":2,\"name\":\"Aig\u00fces celebra el D\u00eda del Senderista de la Comunidad Valenciana\"}]},{\"@type\":\"WebSite\",\"@id\":\"https:\/\/www.senderosgr.es\/blog\/#website\",\"url\":\"https:\/\/www.senderosgr.es\/blog\/\",\"name\":\"El Blog de SenderosGR\",\"description\":\"Noticias, opiniones... \u00a1y mucho m\u00e1s!\",\"publisher\":{\"@id\":\"https:\/\/www.senderosgr.es\/blog\/#organization\"},\"potentialAction\":[{\"@type\":\"SearchAction\",\"target\":{\"@type\":\"EntryPoint\",\"urlTemplate\":\"https:\/\/www.senderosgr.es\/blog\/?s={search_term_string}\"},\"query-input\":{\"@type\":\"PropertyValueSpecification\",\"valueRequired\":true,\"valueName\":\"search_term_string\"}}],\"inLanguage\":\"es\"},{\"@type\":\"Organization\",\"@id\":\"https:\/\/www.senderosgr.es\/blog\/#organization\",\"name\":\"El Blog de SenderosGR\",\"url\":\"https:\/\/www.senderosgr.es\/blog\/\",\"logo\":{\"@type\":\"ImageObject\",\"inLanguage\":\"es\",\"@id\":\"https:\/\/www.senderosgr.es\/blog\/#\/schema\/logo\/image\/\",\"url\":\"https:\/\/www.senderosgr.es\/blog\/wp-content\/uploads\/2016\/06\/SGR-logo-cabecera-wordpress-copy-1.jpg\",\"contentUrl\":\"https:\/\/www.senderosgr.es\/blog\/wp-content\/uploads\/2016\/06\/SGR-logo-cabecera-wordpress-copy-1.jpg\",\"width\":240,\"height\":240,\"caption\":\"El Blog de SenderosGR\"},\"image\":{\"@id\":\"https:\/\/www.senderosgr.es\/blog\/#\/schema\/logo\/image\/\"}},{\"@type\":\"Person\",\"@id\":\"https:\/\/www.senderosgr.es\/blog\/#\/schema\/person\/f2eef32e9aa1ea1fbc35244e3cff648f\",\"name\":\"SenderosGR\",\"image\":{\"@type\":\"ImageObject\",\"inLanguage\":\"es\",\"@id\":\"https:\/\/www.senderosgr.es\/blog\/#\/schema\/person\/image\/\",\"url\":\"https:\/\/secure.gravatar.com\/avatar\/6f52711b33f9d4b67746ba74eb5d9e349ce13d3901fd85c995aea449f2512faf?s=96&d=mm&r=g\",\"contentUrl\":\"https:\/\/secure.gravatar.com\/avatar\/6f52711b33f9d4b67746ba74eb5d9e349ce13d3901fd85c995aea449f2512faf?s=96&d=mm&r=g\",\"caption\":\"SenderosGR\"},\"description\":\"Buz\u00f3n general de SenderosGR\",\"url\":\"https:\/\/www.senderosgr.es\/blog\/author\/administrador\/\"}]}<\/script>\n<!-- \/ Yoast SEO plugin. -->","yoast_head_json":{"title":"Aig\u00fces celebra el D\u00eda del Senderista de la Comunidad Valenciana - El Blog de SenderosGR","robots":{"index":"index","follow":"follow","max-snippet":"max-snippet:-1","max-image-preview":"max-image-preview:large","max-video-preview":"max-video-preview:-1"},"canonical":"https:\/\/www.senderosgr.es\/blog\/2012\/01\/12\/aigues-celebra-el-dia-del-senderista-de-la-comunidad-valenciana\/","og_locale":"es_ES","og_type":"article","og_title":"Aig\u00fces celebra el D\u00eda del Senderista de la Comunidad Valenciana - El Blog de SenderosGR","og_description":"La Diputaci\u00f3n de Alicante, el Club 15 Cumbres y la Asociaci\u00f3n de Caminantes de Aig\u00fces han organizado, para el pr\u00f3ximo 22 de enero, una ruta de senderismo con motivo de la celebraci\u00f3n del D\u00eda del Senderista de la Comunidad Valenciana. La ruta tendr\u00e1 lugar en Aig\u00fces y discurrir\u00e1 por el Cam\u00ed de la Bacorera, correspondiente [&hellip;]","og_url":"https:\/\/www.senderosgr.es\/blog\/2012\/01\/12\/aigues-celebra-el-dia-del-senderista-de-la-comunidad-valenciana\/","og_site_name":"El Blog de SenderosGR","article_published_time":"2012-01-12T12:47:00+00:00","og_image":[{"url":"https:\/\/2.bp.blogspot.com\/-VqoLgVHi_3U\/Tw7Vwk-XozI\/AAAAAAAAAP4\/-n0PoioQUJU\/s320\/Dia+del+Senderista%252C+C.V+Cartel.jpg","type":"","width":"","height":""}],"author":"SenderosGR","twitter_card":"summary_large_image","twitter_misc":{"Escrito por":"SenderosGR","Tiempo de lectura":"2 minutos"},"schema":{"@context":"https:\/\/schema.org","@graph":[{"@type":"Article","@id":"https:\/\/www.senderosgr.es\/blog\/2012\/01\/12\/aigues-celebra-el-dia-del-senderista-de-la-comunidad-valenciana\/#article","isPartOf":{"@id":"https:\/\/www.senderosgr.es\/blog\/2012\/01\/12\/aigues-celebra-el-dia-del-senderista-de-la-comunidad-valenciana\/"},"author":{"name":"SenderosGR","@id":"https:\/\/www.senderosgr.es\/blog\/#\/schema\/person\/f2eef32e9aa1ea1fbc35244e3cff648f"},"headline":"Aig\u00fces celebra el D\u00eda del Senderista de la Comunidad Valenciana","datePublished":"2012-01-12T12:47:00+00:00","mainEntityOfPage":{"@id":"https:\/\/www.senderosgr.es\/blog\/2012\/01\/12\/aigues-celebra-el-dia-del-senderista-de-la-comunidad-valenciana\/"},"wordCount":320,"commentCount":0,"publisher":{"@id":"https:\/\/www.senderosgr.es\/blog\/#organization"},"image":{"@id":"https:\/\/www.senderosgr.es\/blog\/2012\/01\/12\/aigues-celebra-el-dia-del-senderista-de-la-comunidad-valenciana\/#primaryimage"},"thumbnailUrl":"https:\/\/2.bp.blogspot.com\/-VqoLgVHi_3U\/Tw7Vwk-XozI\/AAAAAAAAAP4\/-n0PoioQUJU\/s320\/Dia+del+Senderista%252C+C.V+Cartel.jpg","inLanguage":"es","potentialAction":[{"@type":"CommentAction","name":"Comment","target":["https:\/\/www.senderosgr.es\/blog\/2012\/01\/12\/aigues-celebra-el-dia-del-senderista-de-la-comunidad-valenciana\/#respond"]}]},{"@type":"WebPage","@id":"https:\/\/www.senderosgr.es\/blog\/2012\/01\/12\/aigues-celebra-el-dia-del-senderista-de-la-comunidad-valenciana\/","url":"https:\/\/www.senderosgr.es\/blog\/2012\/01\/12\/aigues-celebra-el-dia-del-senderista-de-la-comunidad-valenciana\/","name":"Aig\u00fces celebra el D\u00eda del Senderista de la Comunidad Valenciana - El Blog de SenderosGR","isPartOf":{"@id":"https:\/\/www.senderosgr.es\/blog\/#website"},"primaryImageOfPage":{"@id":"https:\/\/www.senderosgr.es\/blog\/2012\/01\/12\/aigues-celebra-el-dia-del-senderista-de-la-comunidad-valenciana\/#primaryimage"},"image":{"@id":"https:\/\/www.senderosgr.es\/blog\/2012\/01\/12\/aigues-celebra-el-dia-del-senderista-de-la-comunidad-valenciana\/#primaryimage"},"thumbnailUrl":"https:\/\/2.bp.blogspot.com\/-VqoLgVHi_3U\/Tw7Vwk-XozI\/AAAAAAAAAP4\/-n0PoioQUJU\/s320\/Dia+del+Senderista%252C+C.V+Cartel.jpg","datePublished":"2012-01-12T12:47:00+00:00","breadcrumb":{"@id":"https:\/\/www.senderosgr.es\/blog\/2012\/01\/12\/aigues-celebra-el-dia-del-senderista-de-la-comunidad-valenciana\/#breadcrumb"},"inLanguage":"es","potentialAction":[{"@type":"ReadAction","target":["https:\/\/www.senderosgr.es\/blog\/2012\/01\/12\/aigues-celebra-el-dia-del-senderista-de-la-comunidad-valenciana\/"]}]},{"@type":"ImageObject","inLanguage":"es","@id":"https:\/\/www.senderosgr.es\/blog\/2012\/01\/12\/aigues-celebra-el-dia-del-senderista-de-la-comunidad-valenciana\/#primaryimage","url":"https:\/\/2.bp.blogspot.com\/-VqoLgVHi_3U\/Tw7Vwk-XozI\/AAAAAAAAAP4\/-n0PoioQUJU\/s320\/Dia+del+Senderista%252C+C.V+Cartel.jpg","contentUrl":"https:\/\/2.bp.blogspot.com\/-VqoLgVHi_3U\/Tw7Vwk-XozI\/AAAAAAAAAP4\/-n0PoioQUJU\/s320\/Dia+del+Senderista%252C+C.V+Cartel.jpg"},{"@type":"BreadcrumbList","@id":"https:\/\/www.senderosgr.es\/blog\/2012\/01\/12\/aigues-celebra-el-dia-del-senderista-de-la-comunidad-valenciana\/#breadcrumb","itemListElement":[{"@type":"ListItem","position":1,"name":"Portada","item":"https:\/\/www.senderosgr.es\/blog\/"},{"@type":"ListItem","position":2,"name":"Aig\u00fces celebra el D\u00eda del Senderista de la Comunidad Valenciana"}]},{"@type":"WebSite","@id":"https:\/\/www.senderosgr.es\/blog\/#website","url":"https:\/\/www.senderosgr.es\/blog\/","name":"El Blog de SenderosGR","description":"Noticias, opiniones... \u00a1y mucho m\u00e1s!","publisher":{"@id":"https:\/\/www.senderosgr.es\/blog\/#organization"},"potentialAction":[{"@type":"SearchAction","target":{"@type":"EntryPoint","urlTemplate":"https:\/\/www.senderosgr.es\/blog\/?s={search_term_string}"},"query-input":{"@type":"PropertyValueSpecification","valueRequired":true,"valueName":"search_term_string"}}],"inLanguage":"es"},{"@type":"Organization","@id":"https:\/\/www.senderosgr.es\/blog\/#organization","name":"El Blog de SenderosGR","url":"https:\/\/www.senderosgr.es\/blog\/","logo":{"@type":"ImageObject","inLanguage":"es","@id":"https:\/\/www.senderosgr.es\/blog\/#\/schema\/logo\/image\/","url":"https:\/\/www.senderosgr.es\/blog\/wp-content\/uploads\/2016\/06\/SGR-logo-cabecera-wordpress-copy-1.jpg","contentUrl":"https:\/\/www.senderosgr.es\/blog\/wp-content\/uploads\/2016\/06\/SGR-logo-cabecera-wordpress-copy-1.jpg","width":240,"height":240,"caption":"El Blog de SenderosGR"},"image":{"@id":"https:\/\/www.senderosgr.es\/blog\/#\/schema\/logo\/image\/"}},{"@type":"Person","@id":"https:\/\/www.senderosgr.es\/blog\/#\/schema\/person\/f2eef32e9aa1ea1fbc35244e3cff648f","name":"SenderosGR","image":{"@type":"ImageObject","inLanguage":"es","@id":"https:\/\/www.senderosgr.es\/blog\/#\/schema\/person\/image\/","url":"https:\/\/secure.gravatar.com\/avatar\/6f52711b33f9d4b67746ba74eb5d9e349ce13d3901fd85c995aea449f2512faf?s=96&d=mm&r=g","contentUrl":"https:\/\/secure.gravatar.com\/avatar\/6f52711b33f9d4b67746ba74eb5d9e349ce13d3901fd85c995aea449f2512faf?s=96&d=mm&r=g","caption":"SenderosGR"},"description":"Buz\u00f3n general de SenderosGR","url":"https:\/\/www.senderosgr.es\/blog\/author\/administrador\/"}]}},"cc_featured_image_caption":{"caption_text":false,"source_text":false,"source_url":false},"_links":{"self":[{"href":"https:\/\/www.senderosgr.es\/blog\/wp-json\/wp\/v2\/posts\/64","targetHints":{"allow":["GET"]}}],"collection":[{"href":"https:\/\/www.senderosgr.es\/blog\/wp-json\/wp\/v2\/posts"}],"about":[{"href":"https:\/\/www.senderosgr.es\/blog\/wp-json\/wp\/v2\/types\/post"}],"author":[{"embeddable":true,"href":"https:\/\/www.senderosgr.es\/blog\/wp-json\/wp\/v2\/users\/1"}],"replies":[{"embeddable":true,"href":"https:\/\/www.senderosgr.es\/blog\/wp-json\/wp\/v2\/comments?post=64"}],"version-history":[{"count":0,"href":"https:\/\/www.senderosgr.es\/blog\/wp-json\/wp\/v2\/posts\/64\/revisions"}],"wp:attachment":[{"href":"https:\/\/www.senderosgr.es\/blog\/wp-json\/wp\/v2\/media?parent=64"}],"wp:term":[{"taxonomy":"category","embeddable":true,"href":"https:\/\/www.senderosgr.es\/blog\/wp-json\/wp\/v2\/categories?post=64"},{"taxonomy":"post_tag","embeddable":true,"href":"https:\/\/www.senderosgr.es\/blog\/wp-json\/wp\/v2\/tags?post=64"}],"curies":[{"name":"wp","href":"https:\/\/api.w.org\/{rel}","templated":true}]}}