{"id":47,"date":"2012-04-03T14:34:00","date_gmt":"2012-04-03T14:34:00","guid":{"rendered":"http:\/\/www.senderosgr.es\/blog\/2012\/04\/03\/la-muerte-tenia-un-precio-as-fragas-do-eume\/"},"modified":"2012-04-03T14:34:00","modified_gmt":"2012-04-03T14:34:00","slug":"la-muerte-tenia-un-precio-as-fragas-do-eume","status":"publish","type":"post","link":"https:\/\/www.senderosgr.es\/blog\/2012\/04\/03\/la-muerte-tenia-un-precio-as-fragas-do-eume\/","title":{"rendered":"La muerte ten\u00eda un precio: As Fragas do Eume"},"content":{"rendered":"<table align=\"center\" cellpadding=\"0\" cellspacing=\"0\" style=\"margin-left: auto; margin-right: auto; text-align: center;\">\n<tbody>\n<tr>\n<td style=\"text-align: center;\"><a href=\"http:\/\/www.blogger.com\/goog_1450158393\" style=\"margin-left: auto; margin-right: auto;\"><img loading=\"lazy\" decoding=\"async\" border=\"0\" src=\"http:\/\/www.magrama.gob.es\/es\/biodiversidad\/temas\/defensa-contra-incendios-forestales\/mapa_1_tcm7-25944.jpg\" height=\"275\" width=\"320\" \/><\/a><\/td>\n<\/tr>\n<tr style=\"color: #741b47;\">\n<td style=\"text-align: center;\"><a href=\"http:\/\/www.magrama.gob.es\/es\/biodiversidad\/temas\/defensa-contra-incendios-forestales\/estadisticas-de-incendios-forestales\/\" target=\"_blank\">Incendios Espa\u00f1a 2012<\/a><\/td>\n<\/tr>\n<\/tbody>\n<\/table>\n<div style=\"font-family: Verdana,sans-serif; text-align: justify;\"><span style=\"font-size: x-small;\">La verdad es que apetecerme hablar de este tema <\/span><span style=\"font-size: x-small;\">no me apetece<\/span><span style=\"font-size: x-small;\">, ya que me entristece mucho pensar c\u00f3mo hemos llegado hasta aqu\u00ed. Los incendios no son nada nuevo en este pa\u00eds, que por siglos fue el \u00abfinal de la tierra\u00bb. Cada verano son noticia, como lo puede ser cualquier otro fen\u00f3meno, incluidas las llamadas <a href=\"http:\/\/es.wikipedia.org\/wiki\/Serpiente_de_verano\" target=\"_blank\">serpientes de verano<\/a>, lo que ha llevado a dejar de valorar el significado de la noticia de un incendio. Muchos cambiaremos de canal, otros girar\u00e1n la cara y la mayor\u00eda lo ver\u00e1n, asumiendo el acontecimiento y asintiendo con la cabeza, como queriendo decir \u00abotro m\u00e1s\u00bb.<\/span><\/p>\n<p><span style=\"font-size: x-small;\">Y aqu\u00ed supongo que reside el problema. Muchos de nosotros no somos conscientes de lo que tenemos y c\u00f3mo debemos cuidarlo. No quiero discutir sobre si el provocador de un incendio merece una pena mas dura o m\u00e1s leve, no quiero quedarme en la forma, sino que quiero ir al fondo. Cuando una persona hace algo as\u00ed, \u00bfqu\u00e9 beneficios espera sacar de ello?<\/span><\/div>\n<p><a name='more'><\/a><span style=\"font-size: x-small;\"><br \/><\/span><\/p>\n<div style=\"font-family: Verdana,sans-serif; text-align: justify;\"><span style=\"font-size: x-small;\">Recuerdo en mi traves\u00eda por el <a href=\"http:\/\/www.youtube.com\/watch?v=4DY8SqkSYR8&amp;feature=relmfu\" style=\"color: red;\" target=\"_blank\">GR 7 Regi\u00f3n de Murcia<\/a>, cuando pude cruzar la Sierra del Molino, camino de Cieza a Calasparra, camin\u00e9 por el lugar m\u00e1s desolador que he podido observar hasta el momento. Dicha sierra fue quemada, seg\u00fan cuentan en el pueblo, en la \u00e9poca de las fiestas de Calasparra, de tal manera que cuando se dio la noticia el pueblo entero se fue a ayudar en las labores de extinci\u00f3n, momento en el cual los provocadores de dicho incendio aprovecharon para realizar hurtos en las casas de los vecinos.<\/span><\/div>\n<div style=\"font-family: Verdana,sans-serif; text-align: justify;\"><span style=\"font-size: x-small;\">Este es el problema cuando una persona pone su bien o su satisfacci\u00f3n por encima del bien com\u00fan. Y esto no es un problema de un pir\u00f3mano, esto es un problema de educaci\u00f3n, de la educaci\u00f3n que debemos dar a nuestros hijos y amigos.<\/span><\/p>\n<\/div>\n<div style=\"font-family: Verdana,sans-serif; text-align: justify;\"><span style=\"font-size: x-small;\">Cuando salgo de traves\u00eda, y muchos de vosotros lo hab\u00e9is visto en mis v\u00eddeos, encuentro mucha basura en el camino. Mucha de esa basura son colillas y cristales que son capaces de crear un incendio. Esto ya no ser\u00eda un incendio provocado esto, simplemente, ser\u00eda dejadez de los que salimos al monte.<\/span><\/p>\n<\/div>\n<div style=\"clear: both; text-align: center;\"><object width=\"320\" height=\"266\" id=\"BLOG_video-6022dba47b976a23\" class codebase=\"http:\/\/download.macromedia.com\/pub\/shockwave\/cabs\/flash\/swflash.cab#version=6,0,40,0\"><param name=\"movie\" value=\"\/\/www.youtube.com\/get_player\"><param name=\"bgcolor\" value=\"#FFFFFF\"><param name=\"allowfullscreen\" value=\"true\"><param name=\"flashvars\" value=\"flvurl=http:\/\/redirector.googlevideo.com\/videoplayback?id%3D6022dba47b976a23%26itag%3D5%26source%3Dblogger%26app%3Dblogger%26cmo%3Dsensitive_content%253Dyes%26ip%3D0.0.0.0%26ipbits%3D0%26expire%3D1469366619%26sparams%3Did,itag,source,ip,ipbits,expire%26signature%3D3446275CF0275365922C06C0389F20529D77930D.578922091C94C5659DAE1B08E89472B123349601%26key%3Dck2&amp;iurl=http:\/\/video.google.com\/ThumbnailServer2?app%3Dblogger%26contentid%3D6022dba47b976a23%26offsetms%3D5000%26itag%3Dw160%26sigh%3Deb1_LCxzkkpsW_KDonNAmest3Mc&amp;autoplay=0&amp;ps=blogger\"><embed src=\"\/\/www.youtube.com\/get_player\" type=\"application\/x-shockwave-flash\" width=\"320\" height=\"266\" bgcolor=\"#FFFFFF\" flashvars=\"flvurl=http:\/\/redirector.googlevideo.com\/videoplayback?id%3D6022dba47b976a23%26itag%3D5%26source%3Dblogger%26app%3Dblogger%26cmo%3Dsensitive_content%253Dyes%26ip%3D0.0.0.0%26ipbits%3D0%26expire%3D1469366619%26sparams%3Did,itag,source,ip,ipbits,expire%26signature%3D3446275CF0275365922C06C0389F20529D77930D.578922091C94C5659DAE1B08E89472B123349601%26key%3Dck2&#038;iurl=http:\/\/video.google.com\/ThumbnailServer2?app%3Dblogger%26contentid%3D6022dba47b976a23%26offsetms%3D5000%26itag%3Dw160%26sigh%3Deb1_LCxzkkpsW_KDonNAmest3Mc&#038;autoplay=0&#038;ps=blogger\" allowFullScreen=\"true\" \/><\/object><\/div>\n<div style=\"font-family: Verdana,sans-serif; text-align: justify;\"><\/div>\n<div style=\"font-family: Verdana,sans-serif; text-align: justify;\"><span style=\"font-size: x-small;\">Esto es un problema de educaci\u00f3n, de que no sabemos respetar el medio en el que vivimos, medio que nos ha sido regalado, que es el mejor bien que podemos tener. Sin embargo es nuestro ego\u00edsmo el que nos lleva a pensar que somos el centro del universo y a hacernos creer que podemos modificar y destruir a nuestro antojo porque somos capaces de volverlo a crear.<\/span><\/p>\n<\/div>\n<div style=\"font-family: Verdana,sans-serif; text-align: justify;\"><span style=\"font-size: x-small;\">Las mismas personas que tiran una colilla por la ventanilla del coche o en el monte o una bolsa de basura en la calle son aquellas cuya irresponsabilidad provoca incendios y destruye miles de hect\u00e1reas de biodiversidad. Por el simple hecho de pensar que el es hombre est\u00e1 por encima de la naturaleza.<\/span><\/div>\n<div style=\"font-family: Verdana,sans-serif; text-align: justify;\"><span style=\"font-size: x-small;\"><br \/><\/span><\/div>\n<div style=\"font-family: Verdana,sans-serif; text-align: justify;\"><span style=\"font-size: x-small;\">La muerte ten\u00eda un precio. La muerte por las llamas de cualquier entorno natural conlleva la muerte de animales y plantas que dejan de existir en el ciclo de la vida y conlleva la contaminaci\u00f3n de los r\u00edos por la ceniza acumulada y las desertizaci\u00f3n de la tierra.<\/span><\/p>\n<\/div>\n<div style=\"font-family: Verdana,sans-serif; text-align: justify;\"><span style=\"font-size: x-small;\">La muerte de <i>As Fragas do Eume<\/i> tiene un precio que supera con creces la pena m\u00e1xima que se pueda aplicar a sus responsables: delincuentes o terroristas. Y no sabremos nunca de qu\u00e9 precio hablamos hasta que sea demasiado tarde.&nbsp;<\/span><\/p>\n<p><span style=\"font-size: x-small;\">Los atentados contra la naturaleza no se pueden evaluar como evaluamos la p\u00e9rdida de un coche, unas acciones o una casa. La naturaleza tiene un valor incalculable, por eso muchos de nosotros somos incapaces de valorar lo que tenemos.<\/span><\/div>\n<div style=\"font-family: Verdana,sans-serif; text-align: justify;\"><span style=\"font-size: x-small;\"><br \/><\/span><\/div>\n<div style=\"font-family: Verdana,sans-serif; text-align: justify;\"><span style=\"font-size: x-small;\">Me gustar\u00eda felicitar a todas las personas que se levantan cada ma\u00f1ana para ayudar en la extinci\u00f3n de incendios y dar mi m\u00e1s sincero reconocimiento a aquellos que murieron por salvar la naturaleza. Senderos GR est\u00e1 con todos ellos y les felicita. Gracias a todos por vuestro trabajo.<\/span><\/div>\n<div style=\"font-family: Verdana,sans-serif;\"><span style=\"font-size: x-small;\"><br \/><\/span><\/div>\n<p><span style=\"font-family: &quot;verdana&quot; , sans-serif; font-size: x-small;\"><a href=\"http:\/\/www.magrama.gob.es\/es\/biodiversidad\/temas\/defensa-contra-incendios-forestales\/estadisticas-de-incendios-forestales\/\" style=\"color: red;\">Algunos datos de inter\u00e9s:<\/a><\/span><\/p>\n<ul>\n<li style=\"font-family: Verdana,sans-serif;\"><span style=\"font-size: x-small;\">Numero de incendios en 2012: 3.092<\/span><\/li>\n<li style=\"font-family: Verdana,sans-serif;\"><span style=\"font-size: x-small;\">Media de Incendios 2002-2011: 1.991 (<\/span><span style=\"font-size: x-small;\">Datos a fechas constantes 01-01 a 29-02)<\/span><\/li>\n<li style=\"font-family: Verdana,sans-serif;\"><span style=\"font-size: x-small;\">Superficie en hect\u00e1reas: 13.541<\/span><\/li>\n<li><span style=\"font-family: &quot;verdana&quot; , sans-serif; font-size: x-small;\">Incendios de m\u00e1s de 500 hect\u00e1reas: 2<\/span><\/li>\n<\/ul>\n<p>&nbsp; <br \/>&nbsp; <\/p>\n","protected":false},"excerpt":{"rendered":"<p>Incendios Espa\u00f1a 2012 La verdad es que apetecerme hablar de este tema no me apetece, ya que me entristece mucho pensar c\u00f3mo hemos llegado hasta aqu\u00ed. Los incendios no son nada nuevo en este pa\u00eds, que por siglos fue el \u00abfinal de la tierra\u00bb. Cada verano son noticia, como lo puede ser cualquier otro fen\u00f3meno, [&hellip;]<\/p>\n","protected":false},"author":1,"featured_media":0,"comment_status":"open","ping_status":"open","sticky":false,"template":"","format":"standard","meta":{"footnotes":""},"categories":[1],"tags":[],"class_list":["post-47","post","type-post","status-publish","format-standard","hentry","category-sin-categoria"],"yoast_head":"<!-- This site is optimized with the Yoast SEO plugin v26.6 - https:\/\/yoast.com\/wordpress\/plugins\/seo\/ -->\n<title>La muerte ten\u00eda un precio: As Fragas do Eume - El Blog de SenderosGR<\/title>\n<meta name=\"robots\" content=\"index, follow, max-snippet:-1, max-image-preview:large, max-video-preview:-1\" \/>\n<link rel=\"canonical\" href=\"https:\/\/www.senderosgr.es\/blog\/2012\/04\/03\/la-muerte-tenia-un-precio-as-fragas-do-eume\/\" \/>\n<meta property=\"og:locale\" content=\"es_ES\" \/>\n<meta property=\"og:type\" content=\"article\" \/>\n<meta property=\"og:title\" content=\"La muerte ten\u00eda un precio: As Fragas do Eume - El Blog de SenderosGR\" \/>\n<meta property=\"og:description\" content=\"Incendios Espa\u00f1a 2012 La verdad es que apetecerme hablar de este tema no me apetece, ya que me entristece mucho pensar c\u00f3mo hemos llegado hasta aqu\u00ed. Los incendios no son nada nuevo en este pa\u00eds, que por siglos fue el \u00abfinal de la tierra\u00bb. Cada verano son noticia, como lo puede ser cualquier otro fen\u00f3meno, [&hellip;]\" \/>\n<meta property=\"og:url\" content=\"https:\/\/www.senderosgr.es\/blog\/2012\/04\/03\/la-muerte-tenia-un-precio-as-fragas-do-eume\/\" \/>\n<meta property=\"og:site_name\" content=\"El Blog de SenderosGR\" \/>\n<meta property=\"article:published_time\" content=\"2012-04-03T14:34:00+00:00\" \/>\n<meta property=\"og:image\" content=\"http:\/\/www.magrama.gob.es\/es\/biodiversidad\/temas\/defensa-contra-incendios-forestales\/mapa_1_tcm7-25944.jpg\" \/>\n<meta name=\"author\" content=\"SenderosGR\" \/>\n<meta name=\"twitter:card\" content=\"summary_large_image\" \/>\n<meta name=\"twitter:label1\" content=\"Escrito por\" \/>\n\t<meta name=\"twitter:data1\" content=\"SenderosGR\" \/>\n\t<meta name=\"twitter:label2\" content=\"Tiempo de lectura\" \/>\n\t<meta name=\"twitter:data2\" content=\"4 minutos\" \/>\n<script type=\"application\/ld+json\" class=\"yoast-schema-graph\">{\"@context\":\"https:\/\/schema.org\",\"@graph\":[{\"@type\":\"Article\",\"@id\":\"https:\/\/www.senderosgr.es\/blog\/2012\/04\/03\/la-muerte-tenia-un-precio-as-fragas-do-eume\/#article\",\"isPartOf\":{\"@id\":\"https:\/\/www.senderosgr.es\/blog\/2012\/04\/03\/la-muerte-tenia-un-precio-as-fragas-do-eume\/\"},\"author\":{\"name\":\"SenderosGR\",\"@id\":\"https:\/\/www.senderosgr.es\/blog\/#\/schema\/person\/f2eef32e9aa1ea1fbc35244e3cff648f\"},\"headline\":\"La muerte ten\u00eda un precio: As Fragas do Eume\",\"datePublished\":\"2012-04-03T14:34:00+00:00\",\"mainEntityOfPage\":{\"@id\":\"https:\/\/www.senderosgr.es\/blog\/2012\/04\/03\/la-muerte-tenia-un-precio-as-fragas-do-eume\/\"},\"wordCount\":730,\"commentCount\":0,\"publisher\":{\"@id\":\"https:\/\/www.senderosgr.es\/blog\/#organization\"},\"image\":{\"@id\":\"https:\/\/www.senderosgr.es\/blog\/2012\/04\/03\/la-muerte-tenia-un-precio-as-fragas-do-eume\/#primaryimage\"},\"thumbnailUrl\":\"http:\/\/www.magrama.gob.es\/es\/biodiversidad\/temas\/defensa-contra-incendios-forestales\/mapa_1_tcm7-25944.jpg\",\"inLanguage\":\"es\",\"potentialAction\":[{\"@type\":\"CommentAction\",\"name\":\"Comment\",\"target\":[\"https:\/\/www.senderosgr.es\/blog\/2012\/04\/03\/la-muerte-tenia-un-precio-as-fragas-do-eume\/#respond\"]}]},{\"@type\":\"WebPage\",\"@id\":\"https:\/\/www.senderosgr.es\/blog\/2012\/04\/03\/la-muerte-tenia-un-precio-as-fragas-do-eume\/\",\"url\":\"https:\/\/www.senderosgr.es\/blog\/2012\/04\/03\/la-muerte-tenia-un-precio-as-fragas-do-eume\/\",\"name\":\"La muerte ten\u00eda un precio: As Fragas do Eume - El Blog de SenderosGR\",\"isPartOf\":{\"@id\":\"https:\/\/www.senderosgr.es\/blog\/#website\"},\"primaryImageOfPage\":{\"@id\":\"https:\/\/www.senderosgr.es\/blog\/2012\/04\/03\/la-muerte-tenia-un-precio-as-fragas-do-eume\/#primaryimage\"},\"image\":{\"@id\":\"https:\/\/www.senderosgr.es\/blog\/2012\/04\/03\/la-muerte-tenia-un-precio-as-fragas-do-eume\/#primaryimage\"},\"thumbnailUrl\":\"http:\/\/www.magrama.gob.es\/es\/biodiversidad\/temas\/defensa-contra-incendios-forestales\/mapa_1_tcm7-25944.jpg\",\"datePublished\":\"2012-04-03T14:34:00+00:00\",\"breadcrumb\":{\"@id\":\"https:\/\/www.senderosgr.es\/blog\/2012\/04\/03\/la-muerte-tenia-un-precio-as-fragas-do-eume\/#breadcrumb\"},\"inLanguage\":\"es\",\"potentialAction\":[{\"@type\":\"ReadAction\",\"target\":[\"https:\/\/www.senderosgr.es\/blog\/2012\/04\/03\/la-muerte-tenia-un-precio-as-fragas-do-eume\/\"]}]},{\"@type\":\"ImageObject\",\"inLanguage\":\"es\",\"@id\":\"https:\/\/www.senderosgr.es\/blog\/2012\/04\/03\/la-muerte-tenia-un-precio-as-fragas-do-eume\/#primaryimage\",\"url\":\"http:\/\/www.magrama.gob.es\/es\/biodiversidad\/temas\/defensa-contra-incendios-forestales\/mapa_1_tcm7-25944.jpg\",\"contentUrl\":\"http:\/\/www.magrama.gob.es\/es\/biodiversidad\/temas\/defensa-contra-incendios-forestales\/mapa_1_tcm7-25944.jpg\"},{\"@type\":\"BreadcrumbList\",\"@id\":\"https:\/\/www.senderosgr.es\/blog\/2012\/04\/03\/la-muerte-tenia-un-precio-as-fragas-do-eume\/#breadcrumb\",\"itemListElement\":[{\"@type\":\"ListItem\",\"position\":1,\"name\":\"Portada\",\"item\":\"https:\/\/www.senderosgr.es\/blog\/\"},{\"@type\":\"ListItem\",\"position\":2,\"name\":\"La muerte ten\u00eda un precio: As Fragas do Eume\"}]},{\"@type\":\"WebSite\",\"@id\":\"https:\/\/www.senderosgr.es\/blog\/#website\",\"url\":\"https:\/\/www.senderosgr.es\/blog\/\",\"name\":\"El Blog de SenderosGR\",\"description\":\"Noticias, opiniones... \u00a1y mucho m\u00e1s!\",\"publisher\":{\"@id\":\"https:\/\/www.senderosgr.es\/blog\/#organization\"},\"potentialAction\":[{\"@type\":\"SearchAction\",\"target\":{\"@type\":\"EntryPoint\",\"urlTemplate\":\"https:\/\/www.senderosgr.es\/blog\/?s={search_term_string}\"},\"query-input\":{\"@type\":\"PropertyValueSpecification\",\"valueRequired\":true,\"valueName\":\"search_term_string\"}}],\"inLanguage\":\"es\"},{\"@type\":\"Organization\",\"@id\":\"https:\/\/www.senderosgr.es\/blog\/#organization\",\"name\":\"El Blog de SenderosGR\",\"url\":\"https:\/\/www.senderosgr.es\/blog\/\",\"logo\":{\"@type\":\"ImageObject\",\"inLanguage\":\"es\",\"@id\":\"https:\/\/www.senderosgr.es\/blog\/#\/schema\/logo\/image\/\",\"url\":\"https:\/\/www.senderosgr.es\/blog\/wp-content\/uploads\/2016\/06\/SGR-logo-cabecera-wordpress-copy-1.jpg\",\"contentUrl\":\"https:\/\/www.senderosgr.es\/blog\/wp-content\/uploads\/2016\/06\/SGR-logo-cabecera-wordpress-copy-1.jpg\",\"width\":240,\"height\":240,\"caption\":\"El Blog de SenderosGR\"},\"image\":{\"@id\":\"https:\/\/www.senderosgr.es\/blog\/#\/schema\/logo\/image\/\"}},{\"@type\":\"Person\",\"@id\":\"https:\/\/www.senderosgr.es\/blog\/#\/schema\/person\/f2eef32e9aa1ea1fbc35244e3cff648f\",\"name\":\"SenderosGR\",\"image\":{\"@type\":\"ImageObject\",\"inLanguage\":\"es\",\"@id\":\"https:\/\/www.senderosgr.es\/blog\/#\/schema\/person\/image\/\",\"url\":\"https:\/\/secure.gravatar.com\/avatar\/6f52711b33f9d4b67746ba74eb5d9e349ce13d3901fd85c995aea449f2512faf?s=96&d=mm&r=g\",\"contentUrl\":\"https:\/\/secure.gravatar.com\/avatar\/6f52711b33f9d4b67746ba74eb5d9e349ce13d3901fd85c995aea449f2512faf?s=96&d=mm&r=g\",\"caption\":\"SenderosGR\"},\"description\":\"Buz\u00f3n general de SenderosGR\",\"url\":\"https:\/\/www.senderosgr.es\/blog\/author\/administrador\/\"}]}<\/script>\n<!-- \/ Yoast SEO plugin. -->","yoast_head_json":{"title":"La muerte ten\u00eda un precio: As Fragas do Eume - El Blog de SenderosGR","robots":{"index":"index","follow":"follow","max-snippet":"max-snippet:-1","max-image-preview":"max-image-preview:large","max-video-preview":"max-video-preview:-1"},"canonical":"https:\/\/www.senderosgr.es\/blog\/2012\/04\/03\/la-muerte-tenia-un-precio-as-fragas-do-eume\/","og_locale":"es_ES","og_type":"article","og_title":"La muerte ten\u00eda un precio: As Fragas do Eume - El Blog de SenderosGR","og_description":"Incendios Espa\u00f1a 2012 La verdad es que apetecerme hablar de este tema no me apetece, ya que me entristece mucho pensar c\u00f3mo hemos llegado hasta aqu\u00ed. Los incendios no son nada nuevo en este pa\u00eds, que por siglos fue el \u00abfinal de la tierra\u00bb. Cada verano son noticia, como lo puede ser cualquier otro fen\u00f3meno, [&hellip;]","og_url":"https:\/\/www.senderosgr.es\/blog\/2012\/04\/03\/la-muerte-tenia-un-precio-as-fragas-do-eume\/","og_site_name":"El Blog de SenderosGR","article_published_time":"2012-04-03T14:34:00+00:00","og_image":[{"url":"http:\/\/www.magrama.gob.es\/es\/biodiversidad\/temas\/defensa-contra-incendios-forestales\/mapa_1_tcm7-25944.jpg","type":"","width":"","height":""}],"author":"SenderosGR","twitter_card":"summary_large_image","twitter_misc":{"Escrito por":"SenderosGR","Tiempo de lectura":"4 minutos"},"schema":{"@context":"https:\/\/schema.org","@graph":[{"@type":"Article","@id":"https:\/\/www.senderosgr.es\/blog\/2012\/04\/03\/la-muerte-tenia-un-precio-as-fragas-do-eume\/#article","isPartOf":{"@id":"https:\/\/www.senderosgr.es\/blog\/2012\/04\/03\/la-muerte-tenia-un-precio-as-fragas-do-eume\/"},"author":{"name":"SenderosGR","@id":"https:\/\/www.senderosgr.es\/blog\/#\/schema\/person\/f2eef32e9aa1ea1fbc35244e3cff648f"},"headline":"La muerte ten\u00eda un precio: As Fragas do Eume","datePublished":"2012-04-03T14:34:00+00:00","mainEntityOfPage":{"@id":"https:\/\/www.senderosgr.es\/blog\/2012\/04\/03\/la-muerte-tenia-un-precio-as-fragas-do-eume\/"},"wordCount":730,"commentCount":0,"publisher":{"@id":"https:\/\/www.senderosgr.es\/blog\/#organization"},"image":{"@id":"https:\/\/www.senderosgr.es\/blog\/2012\/04\/03\/la-muerte-tenia-un-precio-as-fragas-do-eume\/#primaryimage"},"thumbnailUrl":"http:\/\/www.magrama.gob.es\/es\/biodiversidad\/temas\/defensa-contra-incendios-forestales\/mapa_1_tcm7-25944.jpg","inLanguage":"es","potentialAction":[{"@type":"CommentAction","name":"Comment","target":["https:\/\/www.senderosgr.es\/blog\/2012\/04\/03\/la-muerte-tenia-un-precio-as-fragas-do-eume\/#respond"]}]},{"@type":"WebPage","@id":"https:\/\/www.senderosgr.es\/blog\/2012\/04\/03\/la-muerte-tenia-un-precio-as-fragas-do-eume\/","url":"https:\/\/www.senderosgr.es\/blog\/2012\/04\/03\/la-muerte-tenia-un-precio-as-fragas-do-eume\/","name":"La muerte ten\u00eda un precio: As Fragas do Eume - El Blog de SenderosGR","isPartOf":{"@id":"https:\/\/www.senderosgr.es\/blog\/#website"},"primaryImageOfPage":{"@id":"https:\/\/www.senderosgr.es\/blog\/2012\/04\/03\/la-muerte-tenia-un-precio-as-fragas-do-eume\/#primaryimage"},"image":{"@id":"https:\/\/www.senderosgr.es\/blog\/2012\/04\/03\/la-muerte-tenia-un-precio-as-fragas-do-eume\/#primaryimage"},"thumbnailUrl":"http:\/\/www.magrama.gob.es\/es\/biodiversidad\/temas\/defensa-contra-incendios-forestales\/mapa_1_tcm7-25944.jpg","datePublished":"2012-04-03T14:34:00+00:00","breadcrumb":{"@id":"https:\/\/www.senderosgr.es\/blog\/2012\/04\/03\/la-muerte-tenia-un-precio-as-fragas-do-eume\/#breadcrumb"},"inLanguage":"es","potentialAction":[{"@type":"ReadAction","target":["https:\/\/www.senderosgr.es\/blog\/2012\/04\/03\/la-muerte-tenia-un-precio-as-fragas-do-eume\/"]}]},{"@type":"ImageObject","inLanguage":"es","@id":"https:\/\/www.senderosgr.es\/blog\/2012\/04\/03\/la-muerte-tenia-un-precio-as-fragas-do-eume\/#primaryimage","url":"http:\/\/www.magrama.gob.es\/es\/biodiversidad\/temas\/defensa-contra-incendios-forestales\/mapa_1_tcm7-25944.jpg","contentUrl":"http:\/\/www.magrama.gob.es\/es\/biodiversidad\/temas\/defensa-contra-incendios-forestales\/mapa_1_tcm7-25944.jpg"},{"@type":"BreadcrumbList","@id":"https:\/\/www.senderosgr.es\/blog\/2012\/04\/03\/la-muerte-tenia-un-precio-as-fragas-do-eume\/#breadcrumb","itemListElement":[{"@type":"ListItem","position":1,"name":"Portada","item":"https:\/\/www.senderosgr.es\/blog\/"},{"@type":"ListItem","position":2,"name":"La muerte ten\u00eda un precio: As Fragas do Eume"}]},{"@type":"WebSite","@id":"https:\/\/www.senderosgr.es\/blog\/#website","url":"https:\/\/www.senderosgr.es\/blog\/","name":"El Blog de SenderosGR","description":"Noticias, opiniones... \u00a1y mucho m\u00e1s!","publisher":{"@id":"https:\/\/www.senderosgr.es\/blog\/#organization"},"potentialAction":[{"@type":"SearchAction","target":{"@type":"EntryPoint","urlTemplate":"https:\/\/www.senderosgr.es\/blog\/?s={search_term_string}"},"query-input":{"@type":"PropertyValueSpecification","valueRequired":true,"valueName":"search_term_string"}}],"inLanguage":"es"},{"@type":"Organization","@id":"https:\/\/www.senderosgr.es\/blog\/#organization","name":"El Blog de SenderosGR","url":"https:\/\/www.senderosgr.es\/blog\/","logo":{"@type":"ImageObject","inLanguage":"es","@id":"https:\/\/www.senderosgr.es\/blog\/#\/schema\/logo\/image\/","url":"https:\/\/www.senderosgr.es\/blog\/wp-content\/uploads\/2016\/06\/SGR-logo-cabecera-wordpress-copy-1.jpg","contentUrl":"https:\/\/www.senderosgr.es\/blog\/wp-content\/uploads\/2016\/06\/SGR-logo-cabecera-wordpress-copy-1.jpg","width":240,"height":240,"caption":"El Blog de SenderosGR"},"image":{"@id":"https:\/\/www.senderosgr.es\/blog\/#\/schema\/logo\/image\/"}},{"@type":"Person","@id":"https:\/\/www.senderosgr.es\/blog\/#\/schema\/person\/f2eef32e9aa1ea1fbc35244e3cff648f","name":"SenderosGR","image":{"@type":"ImageObject","inLanguage":"es","@id":"https:\/\/www.senderosgr.es\/blog\/#\/schema\/person\/image\/","url":"https:\/\/secure.gravatar.com\/avatar\/6f52711b33f9d4b67746ba74eb5d9e349ce13d3901fd85c995aea449f2512faf?s=96&d=mm&r=g","contentUrl":"https:\/\/secure.gravatar.com\/avatar\/6f52711b33f9d4b67746ba74eb5d9e349ce13d3901fd85c995aea449f2512faf?s=96&d=mm&r=g","caption":"SenderosGR"},"description":"Buz\u00f3n general de SenderosGR","url":"https:\/\/www.senderosgr.es\/blog\/author\/administrador\/"}]}},"cc_featured_image_caption":{"caption_text":false,"source_text":false,"source_url":false},"_links":{"self":[{"href":"https:\/\/www.senderosgr.es\/blog\/wp-json\/wp\/v2\/posts\/47","targetHints":{"allow":["GET"]}}],"collection":[{"href":"https:\/\/www.senderosgr.es\/blog\/wp-json\/wp\/v2\/posts"}],"about":[{"href":"https:\/\/www.senderosgr.es\/blog\/wp-json\/wp\/v2\/types\/post"}],"author":[{"embeddable":true,"href":"https:\/\/www.senderosgr.es\/blog\/wp-json\/wp\/v2\/users\/1"}],"replies":[{"embeddable":true,"href":"https:\/\/www.senderosgr.es\/blog\/wp-json\/wp\/v2\/comments?post=47"}],"version-history":[{"count":0,"href":"https:\/\/www.senderosgr.es\/blog\/wp-json\/wp\/v2\/posts\/47\/revisions"}],"wp:attachment":[{"href":"https:\/\/www.senderosgr.es\/blog\/wp-json\/wp\/v2\/media?parent=47"}],"wp:term":[{"taxonomy":"category","embeddable":true,"href":"https:\/\/www.senderosgr.es\/blog\/wp-json\/wp\/v2\/categories?post=47"},{"taxonomy":"post_tag","embeddable":true,"href":"https:\/\/www.senderosgr.es\/blog\/wp-json\/wp\/v2\/tags?post=47"}],"curies":[{"name":"wp","href":"https:\/\/api.w.org\/{rel}","templated":true}]}}