{"id":46,"date":"2012-04-19T11:00:00","date_gmt":"2012-04-19T11:00:00","guid":{"rendered":"http:\/\/www.senderosgr.es\/blog\/2012\/04\/19\/aplazada-a-2013-la-campana-mundial-de-recogida-de-basura-vamosahacerlo\/"},"modified":"2012-04-19T11:00:00","modified_gmt":"2012-04-19T11:00:00","slug":"aplazada-a-2013-la-campana-mundial-de-recogida-de-basura-vamosahacerlo","status":"publish","type":"post","link":"https:\/\/www.senderosgr.es\/blog\/2012\/04\/19\/aplazada-a-2013-la-campana-mundial-de-recogida-de-basura-vamosahacerlo\/","title":{"rendered":"Aplazada a 2013 la campa\u00f1a mundial de recogida de basura Vamosahacerlo"},"content":{"rendered":"<div style=\"clear: both; text-align: center;\"><a href=\"http:\/\/1.bp.blogspot.com\/-QYO8opH58xk\/TvMZmQ-2cSI\/AAAAAAAAAMI\/KjPnvvsN1i0\/s1600\/vamos.jpg\" style=\"clear: left; float: left; margin-bottom: 1em; margin-right: 1em;\"><img loading=\"lazy\" decoding=\"async\" border=\"0\" height=\"140\" src=\"https:\/\/1.bp.blogspot.com\/-QYO8opH58xk\/TvMZmQ-2cSI\/AAAAAAAAAMI\/KjPnvvsN1i0\/s320\/vamos.jpg\" width=\"320\" \/><\/a><\/div>\n<p>La campa\u00f1a mundial de limpieza, organizada desde <a href=\"http:\/\/vamosahacerlo.org\/\">Vamosahacerlo.org<\/a> y que <a href=\"http:\/\/senderosgr.blogspot.com.es\/2011\/12\/accion-voluntaria-de-limpieza-mundial.html\">anunciamos en este blog en el mes de diciembre<\/a>, ha sido aplazada al 27 de abril de 2013 en Espa\u00f1a. No conocemos las razones de tal aplazamiento pero suponemos que la organizaci\u00f3n ha considerado que se necesita m\u00e1s tiempo para que la gente localice todos los vertederos ilegales en el mapa a fin de limpiarlos y alcanzar los objetivos previstos como contar con 500.000 voluntarios ese d\u00eda.<\/p>\n<p>La acci\u00f3n es voluntaria y ayudar\u00e1 a localizar los vertederos ilegales y a limpiarlos en una jornada a imitaci\u00f3n de la campa\u00f1a realizada en Estonia en 2008, cuando se recogieron 10.000 toneladas de basura en 5 horas. <\/p>\n<p>Os recordamos que la acci\u00f3n se coordina a trav\u00e9s de <a href=\"http:\/\/vamosahacerlo.org\/info\/grupos-locales-de-accion\" target=\"_blank\">grupos en Facebook<\/a>. Si no existe grupo en tu localidad, est\u00e1s invitado a <a href=\"http:\/\/vamosahacerlo.org\/contacto\" target=\"_blank\">proponerte como coordinador<\/a> o, simplemente, pedir que se cree uno. Asimismo, se pide a los voluntarios que ayuden a localizar en el <a href=\"http:\/\/vamosahacerlo.org\/mapa\" target=\"_blank\">mapa<\/a> los vertederos ilegales (lugares donde la gente acumula la basura de forma espont\u00e1nea e ilegal) y que promocionen la acci\u00f3n entre colegas, amigos y familiares.<\/p>\n","protected":false},"excerpt":{"rendered":"<p>La campa\u00f1a mundial de limpieza, organizada desde Vamosahacerlo.org y que anunciamos en este blog en el mes de diciembre, ha sido aplazada al 27 de abril de 2013 en Espa\u00f1a. No conocemos las razones de tal aplazamiento pero suponemos que la organizaci\u00f3n ha considerado que se necesita m\u00e1s tiempo para que la gente localice todos [&hellip;]<\/p>\n","protected":false},"author":1,"featured_media":0,"comment_status":"open","ping_status":"open","sticky":false,"template":"","format":"standard","meta":{"footnotes":""},"categories":[1],"tags":[],"class_list":["post-46","post","type-post","status-publish","format-standard","hentry","category-sin-categoria"],"yoast_head":"<!-- This site is optimized with the Yoast SEO plugin v26.6 - https:\/\/yoast.com\/wordpress\/plugins\/seo\/ -->\n<title>Aplazada a 2013 la campa\u00f1a mundial de recogida de basura Vamosahacerlo - El Blog de SenderosGR<\/title>\n<meta name=\"robots\" content=\"index, follow, max-snippet:-1, max-image-preview:large, max-video-preview:-1\" \/>\n<link rel=\"canonical\" href=\"https:\/\/www.senderosgr.es\/blog\/2012\/04\/19\/aplazada-a-2013-la-campana-mundial-de-recogida-de-basura-vamosahacerlo\/\" \/>\n<meta property=\"og:locale\" content=\"es_ES\" \/>\n<meta property=\"og:type\" content=\"article\" \/>\n<meta property=\"og:title\" content=\"Aplazada a 2013 la campa\u00f1a mundial de recogida de basura Vamosahacerlo - El Blog de SenderosGR\" \/>\n<meta property=\"og:description\" content=\"La campa\u00f1a mundial de limpieza, organizada desde Vamosahacerlo.org y que anunciamos en este blog en el mes de diciembre, ha sido aplazada al 27 de abril de 2013 en Espa\u00f1a. No conocemos las razones de tal aplazamiento pero suponemos que la organizaci\u00f3n ha considerado que se necesita m\u00e1s tiempo para que la gente localice todos [&hellip;]\" \/>\n<meta property=\"og:url\" content=\"https:\/\/www.senderosgr.es\/blog\/2012\/04\/19\/aplazada-a-2013-la-campana-mundial-de-recogida-de-basura-vamosahacerlo\/\" \/>\n<meta property=\"og:site_name\" content=\"El Blog de SenderosGR\" \/>\n<meta property=\"article:published_time\" content=\"2012-04-19T11:00:00+00:00\" \/>\n<meta property=\"og:image\" content=\"https:\/\/1.bp.blogspot.com\/-QYO8opH58xk\/TvMZmQ-2cSI\/AAAAAAAAAMI\/KjPnvvsN1i0\/s320\/vamos.jpg\" \/>\n<meta name=\"author\" content=\"SenderosGR\" \/>\n<meta name=\"twitter:card\" content=\"summary_large_image\" \/>\n<meta name=\"twitter:label1\" content=\"Escrito por\" \/>\n\t<meta name=\"twitter:data1\" content=\"SenderosGR\" \/>\n\t<meta name=\"twitter:label2\" content=\"Tiempo de lectura\" \/>\n\t<meta name=\"twitter:data2\" content=\"1 minuto\" \/>\n<script type=\"application\/ld+json\" class=\"yoast-schema-graph\">{\"@context\":\"https:\/\/schema.org\",\"@graph\":[{\"@type\":\"Article\",\"@id\":\"https:\/\/www.senderosgr.es\/blog\/2012\/04\/19\/aplazada-a-2013-la-campana-mundial-de-recogida-de-basura-vamosahacerlo\/#article\",\"isPartOf\":{\"@id\":\"https:\/\/www.senderosgr.es\/blog\/2012\/04\/19\/aplazada-a-2013-la-campana-mundial-de-recogida-de-basura-vamosahacerlo\/\"},\"author\":{\"name\":\"SenderosGR\",\"@id\":\"https:\/\/www.senderosgr.es\/blog\/#\/schema\/person\/f2eef32e9aa1ea1fbc35244e3cff648f\"},\"headline\":\"Aplazada a 2013 la campa\u00f1a mundial de recogida de basura Vamosahacerlo\",\"datePublished\":\"2012-04-19T11:00:00+00:00\",\"mainEntityOfPage\":{\"@id\":\"https:\/\/www.senderosgr.es\/blog\/2012\/04\/19\/aplazada-a-2013-la-campana-mundial-de-recogida-de-basura-vamosahacerlo\/\"},\"wordCount\":204,\"commentCount\":0,\"publisher\":{\"@id\":\"https:\/\/www.senderosgr.es\/blog\/#organization\"},\"image\":{\"@id\":\"https:\/\/www.senderosgr.es\/blog\/2012\/04\/19\/aplazada-a-2013-la-campana-mundial-de-recogida-de-basura-vamosahacerlo\/#primaryimage\"},\"thumbnailUrl\":\"https:\/\/1.bp.blogspot.com\/-QYO8opH58xk\/TvMZmQ-2cSI\/AAAAAAAAAMI\/KjPnvvsN1i0\/s320\/vamos.jpg\",\"inLanguage\":\"es\",\"potentialAction\":[{\"@type\":\"CommentAction\",\"name\":\"Comment\",\"target\":[\"https:\/\/www.senderosgr.es\/blog\/2012\/04\/19\/aplazada-a-2013-la-campana-mundial-de-recogida-de-basura-vamosahacerlo\/#respond\"]}]},{\"@type\":\"WebPage\",\"@id\":\"https:\/\/www.senderosgr.es\/blog\/2012\/04\/19\/aplazada-a-2013-la-campana-mundial-de-recogida-de-basura-vamosahacerlo\/\",\"url\":\"https:\/\/www.senderosgr.es\/blog\/2012\/04\/19\/aplazada-a-2013-la-campana-mundial-de-recogida-de-basura-vamosahacerlo\/\",\"name\":\"Aplazada a 2013 la campa\u00f1a mundial de recogida de basura Vamosahacerlo - El Blog de SenderosGR\",\"isPartOf\":{\"@id\":\"https:\/\/www.senderosgr.es\/blog\/#website\"},\"primaryImageOfPage\":{\"@id\":\"https:\/\/www.senderosgr.es\/blog\/2012\/04\/19\/aplazada-a-2013-la-campana-mundial-de-recogida-de-basura-vamosahacerlo\/#primaryimage\"},\"image\":{\"@id\":\"https:\/\/www.senderosgr.es\/blog\/2012\/04\/19\/aplazada-a-2013-la-campana-mundial-de-recogida-de-basura-vamosahacerlo\/#primaryimage\"},\"thumbnailUrl\":\"https:\/\/1.bp.blogspot.com\/-QYO8opH58xk\/TvMZmQ-2cSI\/AAAAAAAAAMI\/KjPnvvsN1i0\/s320\/vamos.jpg\",\"datePublished\":\"2012-04-19T11:00:00+00:00\",\"breadcrumb\":{\"@id\":\"https:\/\/www.senderosgr.es\/blog\/2012\/04\/19\/aplazada-a-2013-la-campana-mundial-de-recogida-de-basura-vamosahacerlo\/#breadcrumb\"},\"inLanguage\":\"es\",\"potentialAction\":[{\"@type\":\"ReadAction\",\"target\":[\"https:\/\/www.senderosgr.es\/blog\/2012\/04\/19\/aplazada-a-2013-la-campana-mundial-de-recogida-de-basura-vamosahacerlo\/\"]}]},{\"@type\":\"ImageObject\",\"inLanguage\":\"es\",\"@id\":\"https:\/\/www.senderosgr.es\/blog\/2012\/04\/19\/aplazada-a-2013-la-campana-mundial-de-recogida-de-basura-vamosahacerlo\/#primaryimage\",\"url\":\"https:\/\/1.bp.blogspot.com\/-QYO8opH58xk\/TvMZmQ-2cSI\/AAAAAAAAAMI\/KjPnvvsN1i0\/s320\/vamos.jpg\",\"contentUrl\":\"https:\/\/1.bp.blogspot.com\/-QYO8opH58xk\/TvMZmQ-2cSI\/AAAAAAAAAMI\/KjPnvvsN1i0\/s320\/vamos.jpg\"},{\"@type\":\"BreadcrumbList\",\"@id\":\"https:\/\/www.senderosgr.es\/blog\/2012\/04\/19\/aplazada-a-2013-la-campana-mundial-de-recogida-de-basura-vamosahacerlo\/#breadcrumb\",\"itemListElement\":[{\"@type\":\"ListItem\",\"position\":1,\"name\":\"Portada\",\"item\":\"https:\/\/www.senderosgr.es\/blog\/\"},{\"@type\":\"ListItem\",\"position\":2,\"name\":\"Aplazada a 2013 la campa\u00f1a mundial de recogida de basura Vamosahacerlo\"}]},{\"@type\":\"WebSite\",\"@id\":\"https:\/\/www.senderosgr.es\/blog\/#website\",\"url\":\"https:\/\/www.senderosgr.es\/blog\/\",\"name\":\"El Blog de SenderosGR\",\"description\":\"Noticias, opiniones... \u00a1y mucho m\u00e1s!\",\"publisher\":{\"@id\":\"https:\/\/www.senderosgr.es\/blog\/#organization\"},\"potentialAction\":[{\"@type\":\"SearchAction\",\"target\":{\"@type\":\"EntryPoint\",\"urlTemplate\":\"https:\/\/www.senderosgr.es\/blog\/?s={search_term_string}\"},\"query-input\":{\"@type\":\"PropertyValueSpecification\",\"valueRequired\":true,\"valueName\":\"search_term_string\"}}],\"inLanguage\":\"es\"},{\"@type\":\"Organization\",\"@id\":\"https:\/\/www.senderosgr.es\/blog\/#organization\",\"name\":\"El Blog de SenderosGR\",\"url\":\"https:\/\/www.senderosgr.es\/blog\/\",\"logo\":{\"@type\":\"ImageObject\",\"inLanguage\":\"es\",\"@id\":\"https:\/\/www.senderosgr.es\/blog\/#\/schema\/logo\/image\/\",\"url\":\"https:\/\/www.senderosgr.es\/blog\/wp-content\/uploads\/2016\/06\/SGR-logo-cabecera-wordpress-copy-1.jpg\",\"contentUrl\":\"https:\/\/www.senderosgr.es\/blog\/wp-content\/uploads\/2016\/06\/SGR-logo-cabecera-wordpress-copy-1.jpg\",\"width\":240,\"height\":240,\"caption\":\"El Blog de SenderosGR\"},\"image\":{\"@id\":\"https:\/\/www.senderosgr.es\/blog\/#\/schema\/logo\/image\/\"}},{\"@type\":\"Person\",\"@id\":\"https:\/\/www.senderosgr.es\/blog\/#\/schema\/person\/f2eef32e9aa1ea1fbc35244e3cff648f\",\"name\":\"SenderosGR\",\"image\":{\"@type\":\"ImageObject\",\"inLanguage\":\"es\",\"@id\":\"https:\/\/www.senderosgr.es\/blog\/#\/schema\/person\/image\/\",\"url\":\"https:\/\/secure.gravatar.com\/avatar\/6f52711b33f9d4b67746ba74eb5d9e349ce13d3901fd85c995aea449f2512faf?s=96&d=mm&r=g\",\"contentUrl\":\"https:\/\/secure.gravatar.com\/avatar\/6f52711b33f9d4b67746ba74eb5d9e349ce13d3901fd85c995aea449f2512faf?s=96&d=mm&r=g\",\"caption\":\"SenderosGR\"},\"description\":\"Buz\u00f3n general de SenderosGR\",\"url\":\"https:\/\/www.senderosgr.es\/blog\/author\/administrador\/\"}]}<\/script>\n<!-- \/ Yoast SEO plugin. -->","yoast_head_json":{"title":"Aplazada a 2013 la campa\u00f1a mundial de recogida de basura Vamosahacerlo - El Blog de SenderosGR","robots":{"index":"index","follow":"follow","max-snippet":"max-snippet:-1","max-image-preview":"max-image-preview:large","max-video-preview":"max-video-preview:-1"},"canonical":"https:\/\/www.senderosgr.es\/blog\/2012\/04\/19\/aplazada-a-2013-la-campana-mundial-de-recogida-de-basura-vamosahacerlo\/","og_locale":"es_ES","og_type":"article","og_title":"Aplazada a 2013 la campa\u00f1a mundial de recogida de basura Vamosahacerlo - El Blog de SenderosGR","og_description":"La campa\u00f1a mundial de limpieza, organizada desde Vamosahacerlo.org y que anunciamos en este blog en el mes de diciembre, ha sido aplazada al 27 de abril de 2013 en Espa\u00f1a. No conocemos las razones de tal aplazamiento pero suponemos que la organizaci\u00f3n ha considerado que se necesita m\u00e1s tiempo para que la gente localice todos [&hellip;]","og_url":"https:\/\/www.senderosgr.es\/blog\/2012\/04\/19\/aplazada-a-2013-la-campana-mundial-de-recogida-de-basura-vamosahacerlo\/","og_site_name":"El Blog de SenderosGR","article_published_time":"2012-04-19T11:00:00+00:00","og_image":[{"url":"https:\/\/1.bp.blogspot.com\/-QYO8opH58xk\/TvMZmQ-2cSI\/AAAAAAAAAMI\/KjPnvvsN1i0\/s320\/vamos.jpg","type":"","width":"","height":""}],"author":"SenderosGR","twitter_card":"summary_large_image","twitter_misc":{"Escrito por":"SenderosGR","Tiempo de lectura":"1 minuto"},"schema":{"@context":"https:\/\/schema.org","@graph":[{"@type":"Article","@id":"https:\/\/www.senderosgr.es\/blog\/2012\/04\/19\/aplazada-a-2013-la-campana-mundial-de-recogida-de-basura-vamosahacerlo\/#article","isPartOf":{"@id":"https:\/\/www.senderosgr.es\/blog\/2012\/04\/19\/aplazada-a-2013-la-campana-mundial-de-recogida-de-basura-vamosahacerlo\/"},"author":{"name":"SenderosGR","@id":"https:\/\/www.senderosgr.es\/blog\/#\/schema\/person\/f2eef32e9aa1ea1fbc35244e3cff648f"},"headline":"Aplazada a 2013 la campa\u00f1a mundial de recogida de basura Vamosahacerlo","datePublished":"2012-04-19T11:00:00+00:00","mainEntityOfPage":{"@id":"https:\/\/www.senderosgr.es\/blog\/2012\/04\/19\/aplazada-a-2013-la-campana-mundial-de-recogida-de-basura-vamosahacerlo\/"},"wordCount":204,"commentCount":0,"publisher":{"@id":"https:\/\/www.senderosgr.es\/blog\/#organization"},"image":{"@id":"https:\/\/www.senderosgr.es\/blog\/2012\/04\/19\/aplazada-a-2013-la-campana-mundial-de-recogida-de-basura-vamosahacerlo\/#primaryimage"},"thumbnailUrl":"https:\/\/1.bp.blogspot.com\/-QYO8opH58xk\/TvMZmQ-2cSI\/AAAAAAAAAMI\/KjPnvvsN1i0\/s320\/vamos.jpg","inLanguage":"es","potentialAction":[{"@type":"CommentAction","name":"Comment","target":["https:\/\/www.senderosgr.es\/blog\/2012\/04\/19\/aplazada-a-2013-la-campana-mundial-de-recogida-de-basura-vamosahacerlo\/#respond"]}]},{"@type":"WebPage","@id":"https:\/\/www.senderosgr.es\/blog\/2012\/04\/19\/aplazada-a-2013-la-campana-mundial-de-recogida-de-basura-vamosahacerlo\/","url":"https:\/\/www.senderosgr.es\/blog\/2012\/04\/19\/aplazada-a-2013-la-campana-mundial-de-recogida-de-basura-vamosahacerlo\/","name":"Aplazada a 2013 la campa\u00f1a mundial de recogida de basura Vamosahacerlo - El Blog de SenderosGR","isPartOf":{"@id":"https:\/\/www.senderosgr.es\/blog\/#website"},"primaryImageOfPage":{"@id":"https:\/\/www.senderosgr.es\/blog\/2012\/04\/19\/aplazada-a-2013-la-campana-mundial-de-recogida-de-basura-vamosahacerlo\/#primaryimage"},"image":{"@id":"https:\/\/www.senderosgr.es\/blog\/2012\/04\/19\/aplazada-a-2013-la-campana-mundial-de-recogida-de-basura-vamosahacerlo\/#primaryimage"},"thumbnailUrl":"https:\/\/1.bp.blogspot.com\/-QYO8opH58xk\/TvMZmQ-2cSI\/AAAAAAAAAMI\/KjPnvvsN1i0\/s320\/vamos.jpg","datePublished":"2012-04-19T11:00:00+00:00","breadcrumb":{"@id":"https:\/\/www.senderosgr.es\/blog\/2012\/04\/19\/aplazada-a-2013-la-campana-mundial-de-recogida-de-basura-vamosahacerlo\/#breadcrumb"},"inLanguage":"es","potentialAction":[{"@type":"ReadAction","target":["https:\/\/www.senderosgr.es\/blog\/2012\/04\/19\/aplazada-a-2013-la-campana-mundial-de-recogida-de-basura-vamosahacerlo\/"]}]},{"@type":"ImageObject","inLanguage":"es","@id":"https:\/\/www.senderosgr.es\/blog\/2012\/04\/19\/aplazada-a-2013-la-campana-mundial-de-recogida-de-basura-vamosahacerlo\/#primaryimage","url":"https:\/\/1.bp.blogspot.com\/-QYO8opH58xk\/TvMZmQ-2cSI\/AAAAAAAAAMI\/KjPnvvsN1i0\/s320\/vamos.jpg","contentUrl":"https:\/\/1.bp.blogspot.com\/-QYO8opH58xk\/TvMZmQ-2cSI\/AAAAAAAAAMI\/KjPnvvsN1i0\/s320\/vamos.jpg"},{"@type":"BreadcrumbList","@id":"https:\/\/www.senderosgr.es\/blog\/2012\/04\/19\/aplazada-a-2013-la-campana-mundial-de-recogida-de-basura-vamosahacerlo\/#breadcrumb","itemListElement":[{"@type":"ListItem","position":1,"name":"Portada","item":"https:\/\/www.senderosgr.es\/blog\/"},{"@type":"ListItem","position":2,"name":"Aplazada a 2013 la campa\u00f1a mundial de recogida de basura Vamosahacerlo"}]},{"@type":"WebSite","@id":"https:\/\/www.senderosgr.es\/blog\/#website","url":"https:\/\/www.senderosgr.es\/blog\/","name":"El Blog de SenderosGR","description":"Noticias, opiniones... \u00a1y mucho m\u00e1s!","publisher":{"@id":"https:\/\/www.senderosgr.es\/blog\/#organization"},"potentialAction":[{"@type":"SearchAction","target":{"@type":"EntryPoint","urlTemplate":"https:\/\/www.senderosgr.es\/blog\/?s={search_term_string}"},"query-input":{"@type":"PropertyValueSpecification","valueRequired":true,"valueName":"search_term_string"}}],"inLanguage":"es"},{"@type":"Organization","@id":"https:\/\/www.senderosgr.es\/blog\/#organization","name":"El Blog de SenderosGR","url":"https:\/\/www.senderosgr.es\/blog\/","logo":{"@type":"ImageObject","inLanguage":"es","@id":"https:\/\/www.senderosgr.es\/blog\/#\/schema\/logo\/image\/","url":"https:\/\/www.senderosgr.es\/blog\/wp-content\/uploads\/2016\/06\/SGR-logo-cabecera-wordpress-copy-1.jpg","contentUrl":"https:\/\/www.senderosgr.es\/blog\/wp-content\/uploads\/2016\/06\/SGR-logo-cabecera-wordpress-copy-1.jpg","width":240,"height":240,"caption":"El Blog de SenderosGR"},"image":{"@id":"https:\/\/www.senderosgr.es\/blog\/#\/schema\/logo\/image\/"}},{"@type":"Person","@id":"https:\/\/www.senderosgr.es\/blog\/#\/schema\/person\/f2eef32e9aa1ea1fbc35244e3cff648f","name":"SenderosGR","image":{"@type":"ImageObject","inLanguage":"es","@id":"https:\/\/www.senderosgr.es\/blog\/#\/schema\/person\/image\/","url":"https:\/\/secure.gravatar.com\/avatar\/6f52711b33f9d4b67746ba74eb5d9e349ce13d3901fd85c995aea449f2512faf?s=96&d=mm&r=g","contentUrl":"https:\/\/secure.gravatar.com\/avatar\/6f52711b33f9d4b67746ba74eb5d9e349ce13d3901fd85c995aea449f2512faf?s=96&d=mm&r=g","caption":"SenderosGR"},"description":"Buz\u00f3n general de SenderosGR","url":"https:\/\/www.senderosgr.es\/blog\/author\/administrador\/"}]}},"cc_featured_image_caption":{"caption_text":false,"source_text":false,"source_url":false},"_links":{"self":[{"href":"https:\/\/www.senderosgr.es\/blog\/wp-json\/wp\/v2\/posts\/46","targetHints":{"allow":["GET"]}}],"collection":[{"href":"https:\/\/www.senderosgr.es\/blog\/wp-json\/wp\/v2\/posts"}],"about":[{"href":"https:\/\/www.senderosgr.es\/blog\/wp-json\/wp\/v2\/types\/post"}],"author":[{"embeddable":true,"href":"https:\/\/www.senderosgr.es\/blog\/wp-json\/wp\/v2\/users\/1"}],"replies":[{"embeddable":true,"href":"https:\/\/www.senderosgr.es\/blog\/wp-json\/wp\/v2\/comments?post=46"}],"version-history":[{"count":0,"href":"https:\/\/www.senderosgr.es\/blog\/wp-json\/wp\/v2\/posts\/46\/revisions"}],"wp:attachment":[{"href":"https:\/\/www.senderosgr.es\/blog\/wp-json\/wp\/v2\/media?parent=46"}],"wp:term":[{"taxonomy":"category","embeddable":true,"href":"https:\/\/www.senderosgr.es\/blog\/wp-json\/wp\/v2\/categories?post=46"},{"taxonomy":"post_tag","embeddable":true,"href":"https:\/\/www.senderosgr.es\/blog\/wp-json\/wp\/v2\/tags?post=46"}],"curies":[{"name":"wp","href":"https:\/\/api.w.org\/{rel}","templated":true}]}}