{"id":45,"date":"2012-04-19T13:04:00","date_gmt":"2012-04-19T13:04:00","guid":{"rendered":"http:\/\/www.senderosgr.es\/blog\/2012\/04\/19\/jornada-de-senderismo-por-la-ruta-de-los-templarios\/"},"modified":"2012-04-19T13:04:00","modified_gmt":"2012-04-19T13:04:00","slug":"jornada-de-senderismo-por-la-ruta-de-los-templarios","status":"publish","type":"post","link":"https:\/\/www.senderosgr.es\/blog\/2012\/04\/19\/jornada-de-senderismo-por-la-ruta-de-los-templarios\/","title":{"rendered":"Jornada de senderismo por la Ruta de los Templarios"},"content":{"rendered":"<div style=\"clear: both; text-align: center;\"><a href=\"http:\/\/4.bp.blogspot.com\/-owzAcEyol7M\/T5ANLxyw10I\/AAAAAAAAAcw\/mQs-VBPUrq4\/s1600\/templarios.JPG\" style=\"clear: left; float: left; margin-bottom: 1em; margin-right: 1em;\"><img loading=\"lazy\" decoding=\"async\" border=\"0\" height=\"320\" src=\"http:\/\/4.bp.blogspot.com\/-owzAcEyol7M\/T5ANLxyw10I\/AAAAAAAAAcw\/mQs-VBPUrq4\/s320\/templarios.JPG\" width=\"257\" \/><\/a><\/div>\n<p>El ayuntamiento de <a href=\"http:\/\/www.jerezcaballeros.es\/\" target=\"_blank\">Jerez de los Caballeros<\/a>, en colaboraci\u00f3n con el <a href=\"http:\/\/senderismoxerez.wordpress.com\/\" target=\"_blank\">Club de Senderismo Xerez<\/a>, ha puesto en marcha la <a href=\"http:\/\/www.fexme.com\/portal\/LinkClick.aspx?fileticket=yN79FMoCAQc%3D&amp;tabid=58\" target=\"_blank\">IV Edici\u00f3n de la Ruta Templaria<\/a>. Se trata de una ruta que ha sido organizada por el t\u00e9rmino municipal \u201cTerritorio Templario\u201d y que forma parte de las rutas incluidas en el calendario anual del Club y en el <a href=\"http:\/\/www.deportextremadura.org\/index.php\/actualidad\/482-circuito-extremeno-de-rutas-senderistas-2012%20\" target=\"_blank\">Circuito Extreme\u00f1o de Rutas Senderistas<\/a>.<\/p>\n<p>La cita tendr\u00e1 lugar el pr\u00f3ximo d\u00eda 1 de mayo. La participaci\u00f3n es abierta y la inscripci\u00f3n es gratuita. El per\u00edodo de inscripci\u00f3n finaliza el pr\u00f3ximo 27 de abril, a las 22 horas. <\/p>\n<p>El recorrido consta de una ruta circular de 25 kil\u00f3metros, que pasa por Jerez de los Caballeros, Camino de Salvatierra, Malos Grillos, Chiota, Camino del Casta\u00f1o, Valle de Matamoros, Valle de Santa Ana, La Margarita, La Vaquilla y finaliza de nuevo en Jerez de los Caballeros. Adem\u00e1s, la jornada cuenta con una ruta alternativa m\u00e1s corta, de 19 kil\u00f3metros, tambi\u00e9n circular.<\/p>\n<p>Para m\u00e1s informaci\u00f3n e inscripciones:<br \/><a href=\"http:\/\/www.fexme.com\/portal\/Noticias\/tabid\/58\/articleType\/ArticleView\/articleId\/367\/10-Prueba-Circuito-Extremeno-de-Rutas-Senderistas.aspx\" target=\"_blank\">Federaci\u00f3n Extreme\u00f1a de Monta\u00f1a y Escalada<\/a><br \/>senderismo.xerez@hotmail.com <br \/>Tel: 924750303 <\/p>\n<p><\/p>\n","protected":false},"excerpt":{"rendered":"<p>El ayuntamiento de Jerez de los Caballeros, en colaboraci\u00f3n con el Club de Senderismo Xerez, ha puesto en marcha la IV Edici\u00f3n de la Ruta Templaria. Se trata de una ruta que ha sido organizada por el t\u00e9rmino municipal \u201cTerritorio Templario\u201d y que forma parte de las rutas incluidas en el calendario anual del Club [&hellip;]<\/p>\n","protected":false},"author":1,"featured_media":0,"comment_status":"open","ping_status":"open","sticky":false,"template":"","format":"standard","meta":{"footnotes":""},"categories":[1],"tags":[],"class_list":["post-45","post","type-post","status-publish","format-standard","hentry","category-sin-categoria"],"yoast_head":"<!-- This site is optimized with the Yoast SEO plugin v26.6 - https:\/\/yoast.com\/wordpress\/plugins\/seo\/ -->\n<title>Jornada de senderismo por la Ruta de los Templarios - El Blog de SenderosGR<\/title>\n<meta name=\"robots\" content=\"index, follow, max-snippet:-1, max-image-preview:large, max-video-preview:-1\" \/>\n<link rel=\"canonical\" href=\"https:\/\/www.senderosgr.es\/blog\/2012\/04\/19\/jornada-de-senderismo-por-la-ruta-de-los-templarios\/\" \/>\n<meta property=\"og:locale\" content=\"es_ES\" \/>\n<meta property=\"og:type\" content=\"article\" \/>\n<meta property=\"og:title\" content=\"Jornada de senderismo por la Ruta de los Templarios - El Blog de SenderosGR\" \/>\n<meta property=\"og:description\" content=\"El ayuntamiento de Jerez de los Caballeros, en colaboraci\u00f3n con el Club de Senderismo Xerez, ha puesto en marcha la IV Edici\u00f3n de la Ruta Templaria. Se trata de una ruta que ha sido organizada por el t\u00e9rmino municipal \u201cTerritorio Templario\u201d y que forma parte de las rutas incluidas en el calendario anual del Club [&hellip;]\" \/>\n<meta property=\"og:url\" content=\"https:\/\/www.senderosgr.es\/blog\/2012\/04\/19\/jornada-de-senderismo-por-la-ruta-de-los-templarios\/\" \/>\n<meta property=\"og:site_name\" content=\"El Blog de SenderosGR\" \/>\n<meta property=\"article:published_time\" content=\"2012-04-19T13:04:00+00:00\" \/>\n<meta property=\"og:image\" content=\"http:\/\/4.bp.blogspot.com\/-owzAcEyol7M\/T5ANLxyw10I\/AAAAAAAAAcw\/mQs-VBPUrq4\/s320\/templarios.JPG\" \/>\n<meta name=\"author\" content=\"SenderosGR\" \/>\n<meta name=\"twitter:card\" content=\"summary_large_image\" \/>\n<meta name=\"twitter:label1\" content=\"Escrito por\" \/>\n\t<meta name=\"twitter:data1\" content=\"SenderosGR\" \/>\n\t<meta name=\"twitter:label2\" content=\"Tiempo de lectura\" \/>\n\t<meta name=\"twitter:data2\" content=\"1 minuto\" \/>\n<script type=\"application\/ld+json\" class=\"yoast-schema-graph\">{\"@context\":\"https:\/\/schema.org\",\"@graph\":[{\"@type\":\"Article\",\"@id\":\"https:\/\/www.senderosgr.es\/blog\/2012\/04\/19\/jornada-de-senderismo-por-la-ruta-de-los-templarios\/#article\",\"isPartOf\":{\"@id\":\"https:\/\/www.senderosgr.es\/blog\/2012\/04\/19\/jornada-de-senderismo-por-la-ruta-de-los-templarios\/\"},\"author\":{\"name\":\"SenderosGR\",\"@id\":\"https:\/\/www.senderosgr.es\/blog\/#\/schema\/person\/f2eef32e9aa1ea1fbc35244e3cff648f\"},\"headline\":\"Jornada de senderismo por la Ruta de los Templarios\",\"datePublished\":\"2012-04-19T13:04:00+00:00\",\"mainEntityOfPage\":{\"@id\":\"https:\/\/www.senderosgr.es\/blog\/2012\/04\/19\/jornada-de-senderismo-por-la-ruta-de-los-templarios\/\"},\"wordCount\":199,\"commentCount\":0,\"publisher\":{\"@id\":\"https:\/\/www.senderosgr.es\/blog\/#organization\"},\"image\":{\"@id\":\"https:\/\/www.senderosgr.es\/blog\/2012\/04\/19\/jornada-de-senderismo-por-la-ruta-de-los-templarios\/#primaryimage\"},\"thumbnailUrl\":\"http:\/\/4.bp.blogspot.com\/-owzAcEyol7M\/T5ANLxyw10I\/AAAAAAAAAcw\/mQs-VBPUrq4\/s320\/templarios.JPG\",\"inLanguage\":\"es\",\"potentialAction\":[{\"@type\":\"CommentAction\",\"name\":\"Comment\",\"target\":[\"https:\/\/www.senderosgr.es\/blog\/2012\/04\/19\/jornada-de-senderismo-por-la-ruta-de-los-templarios\/#respond\"]}]},{\"@type\":\"WebPage\",\"@id\":\"https:\/\/www.senderosgr.es\/blog\/2012\/04\/19\/jornada-de-senderismo-por-la-ruta-de-los-templarios\/\",\"url\":\"https:\/\/www.senderosgr.es\/blog\/2012\/04\/19\/jornada-de-senderismo-por-la-ruta-de-los-templarios\/\",\"name\":\"Jornada de senderismo por la Ruta de los Templarios - El Blog de SenderosGR\",\"isPartOf\":{\"@id\":\"https:\/\/www.senderosgr.es\/blog\/#website\"},\"primaryImageOfPage\":{\"@id\":\"https:\/\/www.senderosgr.es\/blog\/2012\/04\/19\/jornada-de-senderismo-por-la-ruta-de-los-templarios\/#primaryimage\"},\"image\":{\"@id\":\"https:\/\/www.senderosgr.es\/blog\/2012\/04\/19\/jornada-de-senderismo-por-la-ruta-de-los-templarios\/#primaryimage\"},\"thumbnailUrl\":\"http:\/\/4.bp.blogspot.com\/-owzAcEyol7M\/T5ANLxyw10I\/AAAAAAAAAcw\/mQs-VBPUrq4\/s320\/templarios.JPG\",\"datePublished\":\"2012-04-19T13:04:00+00:00\",\"breadcrumb\":{\"@id\":\"https:\/\/www.senderosgr.es\/blog\/2012\/04\/19\/jornada-de-senderismo-por-la-ruta-de-los-templarios\/#breadcrumb\"},\"inLanguage\":\"es\",\"potentialAction\":[{\"@type\":\"ReadAction\",\"target\":[\"https:\/\/www.senderosgr.es\/blog\/2012\/04\/19\/jornada-de-senderismo-por-la-ruta-de-los-templarios\/\"]}]},{\"@type\":\"ImageObject\",\"inLanguage\":\"es\",\"@id\":\"https:\/\/www.senderosgr.es\/blog\/2012\/04\/19\/jornada-de-senderismo-por-la-ruta-de-los-templarios\/#primaryimage\",\"url\":\"http:\/\/4.bp.blogspot.com\/-owzAcEyol7M\/T5ANLxyw10I\/AAAAAAAAAcw\/mQs-VBPUrq4\/s320\/templarios.JPG\",\"contentUrl\":\"http:\/\/4.bp.blogspot.com\/-owzAcEyol7M\/T5ANLxyw10I\/AAAAAAAAAcw\/mQs-VBPUrq4\/s320\/templarios.JPG\"},{\"@type\":\"BreadcrumbList\",\"@id\":\"https:\/\/www.senderosgr.es\/blog\/2012\/04\/19\/jornada-de-senderismo-por-la-ruta-de-los-templarios\/#breadcrumb\",\"itemListElement\":[{\"@type\":\"ListItem\",\"position\":1,\"name\":\"Portada\",\"item\":\"https:\/\/www.senderosgr.es\/blog\/\"},{\"@type\":\"ListItem\",\"position\":2,\"name\":\"Jornada de senderismo por la Ruta de los Templarios\"}]},{\"@type\":\"WebSite\",\"@id\":\"https:\/\/www.senderosgr.es\/blog\/#website\",\"url\":\"https:\/\/www.senderosgr.es\/blog\/\",\"name\":\"El Blog de SenderosGR\",\"description\":\"Noticias, opiniones... \u00a1y mucho m\u00e1s!\",\"publisher\":{\"@id\":\"https:\/\/www.senderosgr.es\/blog\/#organization\"},\"potentialAction\":[{\"@type\":\"SearchAction\",\"target\":{\"@type\":\"EntryPoint\",\"urlTemplate\":\"https:\/\/www.senderosgr.es\/blog\/?s={search_term_string}\"},\"query-input\":{\"@type\":\"PropertyValueSpecification\",\"valueRequired\":true,\"valueName\":\"search_term_string\"}}],\"inLanguage\":\"es\"},{\"@type\":\"Organization\",\"@id\":\"https:\/\/www.senderosgr.es\/blog\/#organization\",\"name\":\"El Blog de SenderosGR\",\"url\":\"https:\/\/www.senderosgr.es\/blog\/\",\"logo\":{\"@type\":\"ImageObject\",\"inLanguage\":\"es\",\"@id\":\"https:\/\/www.senderosgr.es\/blog\/#\/schema\/logo\/image\/\",\"url\":\"https:\/\/www.senderosgr.es\/blog\/wp-content\/uploads\/2016\/06\/SGR-logo-cabecera-wordpress-copy-1.jpg\",\"contentUrl\":\"https:\/\/www.senderosgr.es\/blog\/wp-content\/uploads\/2016\/06\/SGR-logo-cabecera-wordpress-copy-1.jpg\",\"width\":240,\"height\":240,\"caption\":\"El Blog de SenderosGR\"},\"image\":{\"@id\":\"https:\/\/www.senderosgr.es\/blog\/#\/schema\/logo\/image\/\"}},{\"@type\":\"Person\",\"@id\":\"https:\/\/www.senderosgr.es\/blog\/#\/schema\/person\/f2eef32e9aa1ea1fbc35244e3cff648f\",\"name\":\"SenderosGR\",\"image\":{\"@type\":\"ImageObject\",\"inLanguage\":\"es\",\"@id\":\"https:\/\/www.senderosgr.es\/blog\/#\/schema\/person\/image\/\",\"url\":\"https:\/\/secure.gravatar.com\/avatar\/6f52711b33f9d4b67746ba74eb5d9e349ce13d3901fd85c995aea449f2512faf?s=96&d=mm&r=g\",\"contentUrl\":\"https:\/\/secure.gravatar.com\/avatar\/6f52711b33f9d4b67746ba74eb5d9e349ce13d3901fd85c995aea449f2512faf?s=96&d=mm&r=g\",\"caption\":\"SenderosGR\"},\"description\":\"Buz\u00f3n general de SenderosGR\",\"url\":\"https:\/\/www.senderosgr.es\/blog\/author\/administrador\/\"}]}<\/script>\n<!-- \/ Yoast SEO plugin. -->","yoast_head_json":{"title":"Jornada de senderismo por la Ruta de los Templarios - El Blog de SenderosGR","robots":{"index":"index","follow":"follow","max-snippet":"max-snippet:-1","max-image-preview":"max-image-preview:large","max-video-preview":"max-video-preview:-1"},"canonical":"https:\/\/www.senderosgr.es\/blog\/2012\/04\/19\/jornada-de-senderismo-por-la-ruta-de-los-templarios\/","og_locale":"es_ES","og_type":"article","og_title":"Jornada de senderismo por la Ruta de los Templarios - El Blog de SenderosGR","og_description":"El ayuntamiento de Jerez de los Caballeros, en colaboraci\u00f3n con el Club de Senderismo Xerez, ha puesto en marcha la IV Edici\u00f3n de la Ruta Templaria. Se trata de una ruta que ha sido organizada por el t\u00e9rmino municipal \u201cTerritorio Templario\u201d y que forma parte de las rutas incluidas en el calendario anual del Club [&hellip;]","og_url":"https:\/\/www.senderosgr.es\/blog\/2012\/04\/19\/jornada-de-senderismo-por-la-ruta-de-los-templarios\/","og_site_name":"El Blog de SenderosGR","article_published_time":"2012-04-19T13:04:00+00:00","og_image":[{"url":"http:\/\/4.bp.blogspot.com\/-owzAcEyol7M\/T5ANLxyw10I\/AAAAAAAAAcw\/mQs-VBPUrq4\/s320\/templarios.JPG","type":"","width":"","height":""}],"author":"SenderosGR","twitter_card":"summary_large_image","twitter_misc":{"Escrito por":"SenderosGR","Tiempo de lectura":"1 minuto"},"schema":{"@context":"https:\/\/schema.org","@graph":[{"@type":"Article","@id":"https:\/\/www.senderosgr.es\/blog\/2012\/04\/19\/jornada-de-senderismo-por-la-ruta-de-los-templarios\/#article","isPartOf":{"@id":"https:\/\/www.senderosgr.es\/blog\/2012\/04\/19\/jornada-de-senderismo-por-la-ruta-de-los-templarios\/"},"author":{"name":"SenderosGR","@id":"https:\/\/www.senderosgr.es\/blog\/#\/schema\/person\/f2eef32e9aa1ea1fbc35244e3cff648f"},"headline":"Jornada de senderismo por la Ruta de los Templarios","datePublished":"2012-04-19T13:04:00+00:00","mainEntityOfPage":{"@id":"https:\/\/www.senderosgr.es\/blog\/2012\/04\/19\/jornada-de-senderismo-por-la-ruta-de-los-templarios\/"},"wordCount":199,"commentCount":0,"publisher":{"@id":"https:\/\/www.senderosgr.es\/blog\/#organization"},"image":{"@id":"https:\/\/www.senderosgr.es\/blog\/2012\/04\/19\/jornada-de-senderismo-por-la-ruta-de-los-templarios\/#primaryimage"},"thumbnailUrl":"http:\/\/4.bp.blogspot.com\/-owzAcEyol7M\/T5ANLxyw10I\/AAAAAAAAAcw\/mQs-VBPUrq4\/s320\/templarios.JPG","inLanguage":"es","potentialAction":[{"@type":"CommentAction","name":"Comment","target":["https:\/\/www.senderosgr.es\/blog\/2012\/04\/19\/jornada-de-senderismo-por-la-ruta-de-los-templarios\/#respond"]}]},{"@type":"WebPage","@id":"https:\/\/www.senderosgr.es\/blog\/2012\/04\/19\/jornada-de-senderismo-por-la-ruta-de-los-templarios\/","url":"https:\/\/www.senderosgr.es\/blog\/2012\/04\/19\/jornada-de-senderismo-por-la-ruta-de-los-templarios\/","name":"Jornada de senderismo por la Ruta de los Templarios - El Blog de SenderosGR","isPartOf":{"@id":"https:\/\/www.senderosgr.es\/blog\/#website"},"primaryImageOfPage":{"@id":"https:\/\/www.senderosgr.es\/blog\/2012\/04\/19\/jornada-de-senderismo-por-la-ruta-de-los-templarios\/#primaryimage"},"image":{"@id":"https:\/\/www.senderosgr.es\/blog\/2012\/04\/19\/jornada-de-senderismo-por-la-ruta-de-los-templarios\/#primaryimage"},"thumbnailUrl":"http:\/\/4.bp.blogspot.com\/-owzAcEyol7M\/T5ANLxyw10I\/AAAAAAAAAcw\/mQs-VBPUrq4\/s320\/templarios.JPG","datePublished":"2012-04-19T13:04:00+00:00","breadcrumb":{"@id":"https:\/\/www.senderosgr.es\/blog\/2012\/04\/19\/jornada-de-senderismo-por-la-ruta-de-los-templarios\/#breadcrumb"},"inLanguage":"es","potentialAction":[{"@type":"ReadAction","target":["https:\/\/www.senderosgr.es\/blog\/2012\/04\/19\/jornada-de-senderismo-por-la-ruta-de-los-templarios\/"]}]},{"@type":"ImageObject","inLanguage":"es","@id":"https:\/\/www.senderosgr.es\/blog\/2012\/04\/19\/jornada-de-senderismo-por-la-ruta-de-los-templarios\/#primaryimage","url":"http:\/\/4.bp.blogspot.com\/-owzAcEyol7M\/T5ANLxyw10I\/AAAAAAAAAcw\/mQs-VBPUrq4\/s320\/templarios.JPG","contentUrl":"http:\/\/4.bp.blogspot.com\/-owzAcEyol7M\/T5ANLxyw10I\/AAAAAAAAAcw\/mQs-VBPUrq4\/s320\/templarios.JPG"},{"@type":"BreadcrumbList","@id":"https:\/\/www.senderosgr.es\/blog\/2012\/04\/19\/jornada-de-senderismo-por-la-ruta-de-los-templarios\/#breadcrumb","itemListElement":[{"@type":"ListItem","position":1,"name":"Portada","item":"https:\/\/www.senderosgr.es\/blog\/"},{"@type":"ListItem","position":2,"name":"Jornada de senderismo por la Ruta de los Templarios"}]},{"@type":"WebSite","@id":"https:\/\/www.senderosgr.es\/blog\/#website","url":"https:\/\/www.senderosgr.es\/blog\/","name":"El Blog de SenderosGR","description":"Noticias, opiniones... \u00a1y mucho m\u00e1s!","publisher":{"@id":"https:\/\/www.senderosgr.es\/blog\/#organization"},"potentialAction":[{"@type":"SearchAction","target":{"@type":"EntryPoint","urlTemplate":"https:\/\/www.senderosgr.es\/blog\/?s={search_term_string}"},"query-input":{"@type":"PropertyValueSpecification","valueRequired":true,"valueName":"search_term_string"}}],"inLanguage":"es"},{"@type":"Organization","@id":"https:\/\/www.senderosgr.es\/blog\/#organization","name":"El Blog de SenderosGR","url":"https:\/\/www.senderosgr.es\/blog\/","logo":{"@type":"ImageObject","inLanguage":"es","@id":"https:\/\/www.senderosgr.es\/blog\/#\/schema\/logo\/image\/","url":"https:\/\/www.senderosgr.es\/blog\/wp-content\/uploads\/2016\/06\/SGR-logo-cabecera-wordpress-copy-1.jpg","contentUrl":"https:\/\/www.senderosgr.es\/blog\/wp-content\/uploads\/2016\/06\/SGR-logo-cabecera-wordpress-copy-1.jpg","width":240,"height":240,"caption":"El Blog de SenderosGR"},"image":{"@id":"https:\/\/www.senderosgr.es\/blog\/#\/schema\/logo\/image\/"}},{"@type":"Person","@id":"https:\/\/www.senderosgr.es\/blog\/#\/schema\/person\/f2eef32e9aa1ea1fbc35244e3cff648f","name":"SenderosGR","image":{"@type":"ImageObject","inLanguage":"es","@id":"https:\/\/www.senderosgr.es\/blog\/#\/schema\/person\/image\/","url":"https:\/\/secure.gravatar.com\/avatar\/6f52711b33f9d4b67746ba74eb5d9e349ce13d3901fd85c995aea449f2512faf?s=96&d=mm&r=g","contentUrl":"https:\/\/secure.gravatar.com\/avatar\/6f52711b33f9d4b67746ba74eb5d9e349ce13d3901fd85c995aea449f2512faf?s=96&d=mm&r=g","caption":"SenderosGR"},"description":"Buz\u00f3n general de SenderosGR","url":"https:\/\/www.senderosgr.es\/blog\/author\/administrador\/"}]}},"cc_featured_image_caption":{"caption_text":false,"source_text":false,"source_url":false},"_links":{"self":[{"href":"https:\/\/www.senderosgr.es\/blog\/wp-json\/wp\/v2\/posts\/45","targetHints":{"allow":["GET"]}}],"collection":[{"href":"https:\/\/www.senderosgr.es\/blog\/wp-json\/wp\/v2\/posts"}],"about":[{"href":"https:\/\/www.senderosgr.es\/blog\/wp-json\/wp\/v2\/types\/post"}],"author":[{"embeddable":true,"href":"https:\/\/www.senderosgr.es\/blog\/wp-json\/wp\/v2\/users\/1"}],"replies":[{"embeddable":true,"href":"https:\/\/www.senderosgr.es\/blog\/wp-json\/wp\/v2\/comments?post=45"}],"version-history":[{"count":0,"href":"https:\/\/www.senderosgr.es\/blog\/wp-json\/wp\/v2\/posts\/45\/revisions"}],"wp:attachment":[{"href":"https:\/\/www.senderosgr.es\/blog\/wp-json\/wp\/v2\/media?parent=45"}],"wp:term":[{"taxonomy":"category","embeddable":true,"href":"https:\/\/www.senderosgr.es\/blog\/wp-json\/wp\/v2\/categories?post=45"},{"taxonomy":"post_tag","embeddable":true,"href":"https:\/\/www.senderosgr.es\/blog\/wp-json\/wp\/v2\/tags?post=45"}],"curies":[{"name":"wp","href":"https:\/\/api.w.org\/{rel}","templated":true}]}}