{"id":449,"date":"2016-11-09T09:00:15","date_gmt":"2016-11-09T08:00:15","guid":{"rendered":"http:\/\/www.senderosgr.es\/blog\/?p=449"},"modified":"2018-01-31T18:10:04","modified_gmt":"2018-01-31T17:10:04","slug":"gr-223-cami-de-cavalls-generalidades","status":"publish","type":"post","link":"https:\/\/www.senderosgr.es\/blog\/2016\/11\/09\/gr-223-cami-de-cavalls-generalidades\/","title":{"rendered":"GR 223 \u2013 Cam\u00ed de Cavalls: Generalidades"},"content":{"rendered":"<p style=\"text-align: justify\">\u00bfTe acuerdas de la introducci\u00f3n del <strong>GR 223 &#8211; Cam\u00ed de Cavalls<\/strong>? si quieres refrescar la memoria o si te la perdiste, puedes releerla <a href=\"http:\/\/www.senderosgr.es\/blog\/2016\/10\/31\/gr-223-cami-de-cavalls-introduccion\/\">aqu\u00ed<\/a>.<\/p>\n<p style=\"text-align: justify\">Si tienes en mente como empezamos y quieres seguir descubriendo aspectos de este\u00a0GR que rodea la isla de Menorca, sigue leyendo&#8230;<\/p>\n<p style=\"text-align: justify\">Ante todo, centr\u00e9monos y dejemos algunos\u00a0conceptos lo m\u00e1s claros posible antes de empezar.<\/p>\n<p style=\"text-align: justify\">El <b>Cam\u00ed de Cavalls, homologado como GR 223 en enero de 2.010<\/b>\u00a0es una ruta circular, por lo que puedes empezar en la etapa que prefieras e incluso dar la vuelta en el sentido que m\u00e1s te apetezca.<\/p>\n<p style=\"text-align: justify\">Si haces primero el norte y despu\u00e9s el sur, o si encadenas primero este y luego oeste, las im\u00e1genes que te encontrar\u00e1s a tu paso y las sensaciones que te asaltar\u00e1n en el camino ser\u00e1n siempre diferentes pero maravillosas en cada una de esas\u00a0opciones.<\/p>\n<p style=\"text-align: justify\">Tambi\u00e9n si haces la ruta en primavera o en invierno, el paisaje y la luz que encontrar\u00e1s a tu paso te ofrecer\u00e1n diversidad de im\u00e1genes m\u00e1gicas y espl\u00e9ndidas.<\/p>\n<p style=\"text-align: justify\">De igual forma si caminas al amanecer o al anochecer&#8230; es algo as\u00ed como una misma pel\u00edcula vista en diferentes \u00e9pocas de tu vida, \u00a1siempre te aporta algo nuevo!<\/p>\n<p style=\"text-align: justify\"><img loading=\"lazy\" decoding=\"async\" class=\"aligncenter wp-image-561 size-large\" title=\"Panor\u00e1mica de la costa\" src=\"http:\/\/www.senderosgr.es\/blog\/wp-content\/uploads\/2016\/11\/Paissatge-platja-1024x685.jpg\" alt=\"Paissatge platja\" width=\"697\" height=\"466\" srcset=\"https:\/\/www.senderosgr.es\/blog\/wp-content\/uploads\/2016\/11\/Paissatge-platja-1024x685.jpg 1024w, https:\/\/www.senderosgr.es\/blog\/wp-content\/uploads\/2016\/11\/Paissatge-platja-600x402.jpg 600w, https:\/\/www.senderosgr.es\/blog\/wp-content\/uploads\/2016\/11\/Paissatge-platja-300x201.jpg 300w, https:\/\/www.senderosgr.es\/blog\/wp-content\/uploads\/2016\/11\/Paissatge-platja-768x514.jpg 768w, https:\/\/www.senderosgr.es\/blog\/wp-content\/uploads\/2016\/11\/Paissatge-platja-330x220.jpg 330w\" sizes=\"auto, (max-width: 697px) 100vw, 697px\" \/><\/p>\n<h3 style=\"text-align: justify\"><strong>\u00bfC\u00f3mo?<\/strong><\/h3>\n<p style=\"text-align: justify\">Sencillo\u2026 a pie, en BTT\u00a0o a caballo.<\/p>\n<p style=\"text-align: justify\">Durante tu traves\u00eda, puedes cruzarte con corredores, ciclistas, jinetes, senderistas&#8230; entre todos hacemos el camino.<\/p>\n<p style=\"text-align: justify\">Puntualicemos, si bien las etapas son de corta duraci\u00f3n en cuanto a distancia, hay que tener muy presente que estamos en una isla.<\/p>\n<p style=\"text-align: justify\">El transporte p\u00fablico, a no ser que sea en plena temporada tur\u00edstica, es bastante escaso y mal organizado.<\/p>\n<p style=\"text-align: justify\">La \u00fanica forma de regresar al punto de inicio para recuperar el medio de transporte con el que has llegado al inicio de tu etapa, es regresando sobre tus pasos (con lo que la etapa se doblar\u00eda en cuanto a n\u00famero de km\u2019s), disponer de coche de apoyo o solicitar el servicio de un taxi que estar\u00e1 encantado de llevarte de vuelta donde le digas.<\/p>\n<p style=\"text-align: justify\">Tambi\u00e9n existe la opci\u00f3n de contratar los servicios de alguna empresa que se dedica, precisamente, a facilitar la vida a los senderistas que nos visitan.<\/p>\n<p style=\"text-align: justify\">La acampada libre est\u00e1 prohibida en toda la isla por lo que la posibilidad de pernoctar con tienda est\u00e1 prohibida.<\/p>\n<p style=\"text-align: justify\">La opci\u00f3n del vivac es una alternativa, pero recuerda no utilizarla para pasar la noche en propiedades particulares, opta en cambio por playas o pinares cercanos a \u00e9stas.<\/p>\n<p style=\"text-align: justify\">Recuerda que el <strong>Cam\u00ed de Cavalls<\/strong> discurre en m\u00faltiples ocasiones por fincas privadas, simplemente, resp\u00e9talas.<\/p>\n<h3 style=\"text-align: justify\"><strong>\u00bfCu\u00e1ndo?<\/strong><\/h3>\n<p style=\"text-align: justify\"><strong>Olv\u00eddate de los meses de julio y agosto<\/strong> si realmente quieres disfrutar de este GR.<\/p>\n<p style=\"text-align: justify\">En Menorca, los veranos son calurosos, mucho. Si a eso le a\u00f1adimos un ambiente h\u00famedo, hacer senderismo en verano se convierte en un infierno.<\/p>\n<p style=\"text-align: justify\">Nada recomendable a no ser que tu idea de \u2018conocer\u2019 el <strong>Cam\u00ed de Cavalls<\/strong> se limite a una forma alternativa para llegar andando a algunas playas v\u00edrgenes.<\/p>\n<p style=\"text-align: justify\">No vas a encontrar agua, ni pozos, ni fuentes para refrescarte por el camino, salvo contadas excepciones.<\/p>\n<p style=\"text-align: justify\">Has de ser autosuficiente en todo lo que se refiere a comida y bebida.<\/p>\n<p style=\"text-align: justify\">No obstante, en cada una de las etapas, iremos concretando las opciones de conseguir repostar v\u00edveres al paso por alg\u00fan pueblo o urbanizaci\u00f3n.<\/p>\n<p style=\"text-align: justify\">Tambi\u00e9n <strong>deber\u00edas evitar las fechas<\/strong> que corresponden a las dos competiciones deportivas m\u00e1s multitudinarias que implican directamente el Cam\u00ed de Cavalls.<\/p>\n<p style=\"text-align: justify\">Consulta sus respectivas p\u00e1ginas web para verificar las fechas.<\/p>\n<p style=\"text-align: justify\">No por nada, simplemente por no verte saturado por una vor\u00e1gine de deportistas que entorpecer\u00e1n tu experiencia.<\/p>\n<p style=\"padding-left: 30px;text-align: justify\"><a href=\"http:\/\/www.trailmenorca.com\">Trail Menorca Cam\u00ed de Cavalls<\/a><\/p>\n<p style=\"padding-left: 30px;text-align: justify\"><a href=\"http:\/\/www.camidecavalls360.com\/es\/\">Cam\u00ed de Cavalls 360\u00ba<\/a><\/p>\n<h3 style=\"text-align: justify\"><strong>\u00bfPor qu\u00e9?<\/strong><\/h3>\n<p>Porque a pesar de que &#8216;no te viene de paso&#8217;, habr\u00e1 un antes y un despu\u00e9s del <strong>Cam\u00ed de Cavalls<\/strong>.<\/p>\n<p>Porque engloba muchos escenarios diferentes que te dejar\u00e1n con la boca abierta.<\/p>\n<p>Porque probablemente no se parezca a ning\u00fan GR que hayas recorrido hasta la fecha.<\/p>\n<p>Porque estamos muy seguros que por poco inter\u00e9s que le pongas, no te arrepentir\u00e1s de tu elecci\u00f3n.<\/p>\n<h3><strong>Situ\u00e1ndonos\u2026<\/strong><\/h3>\n<p style=\"text-align: justify\">Si vas a seguir\u00a0las etapas establecidas oficialmente, recuerda que el mar siempre vas a dejarlo a tu derecha. Este peque\u00f1o detalle puede servirte de orientaci\u00f3n si en alg\u00fan momento pierdes de vista el camino.<\/p>\n<p style=\"text-align: justify\">El norte es abrupto, apenas sin sombra, con grandes acantilados y con playas de arena gruesa y tirando a rojiza.<\/p>\n<p style=\"text-align: justify\">El sur es m\u00e1s llano, m\u00e1s urbanizado, con tramos por interior con su correspondiente zona de sombra, atravesando barrancos y con playas de arena blanca y fina.<\/p>\n<h3 style=\"text-align: justify\"><strong>Particularidades<\/strong><\/h3>\n<p style=\"text-align: justify\">Dos elementos que hasta el momento no tienen relevancia para ti pero que tras entrar en contacto con el <strong>GR 223<\/strong> la tendr\u00e1n.<\/p>\n<h4 style=\"text-align: justify\"><strong><em>Las barreras de acebuche:<\/em><\/strong><\/h4>\n<p style=\"text-align: justify\"><img loading=\"lazy\" decoding=\"async\" class=\"alignleft wp-image-450 size-medium\" title=\"Barrera acebuche GR223\" src=\"http:\/\/www.senderosgr.es\/blog\/wp-content\/uploads\/2016\/10\/Barrera-300x225.jpg\" alt=\"Barrera acebuche GR223\" width=\"300\" height=\"225\" srcset=\"https:\/\/www.senderosgr.es\/blog\/wp-content\/uploads\/2016\/10\/Barrera-300x225.jpg 300w, https:\/\/www.senderosgr.es\/blog\/wp-content\/uploads\/2016\/10\/Barrera-600x450.jpg 600w, https:\/\/www.senderosgr.es\/blog\/wp-content\/uploads\/2016\/10\/Barrera-768x576.jpg 768w, https:\/\/www.senderosgr.es\/blog\/wp-content\/uploads\/2016\/10\/Barrera-1024x768.jpg 1024w, https:\/\/www.senderosgr.es\/blog\/wp-content\/uploads\/2016\/10\/Barrera-640x480.jpg 640w\" sizes=\"auto, (max-width: 300px) 100vw, 300px\" \/><\/p>\n<p style=\"text-align: justify\">Es sencillo\u2026 \u00e1brela, pasa, ci\u00e9rrala.<\/p>\n<p style=\"text-align: justify\">Sobre todo, ante todo, por favor, ci\u00e9rrala, aunque la hayas encontrado abierta.<\/p>\n<p style=\"text-align: justify\">Encontrar\u00e1s muchas de estas barreras a lo largo del GR, sirven para cruzar las diferentes parcelas de terreno y est\u00e1n cerradas para evitar que el ganado que puede pastar suelto, se escape.<\/p>\n<h4 style=\"text-align: justify\"><\/h4>\n<h4 style=\"text-align: justify\"><\/h4>\n<h4 style=\"text-align: justify\"><strong><em>Los hitos de madera:<\/em><\/strong><\/h4>\n<p style=\"text-align: justify\"><img loading=\"lazy\" decoding=\"async\" class=\"alignright wp-image-451\" title=\"Hito madera GR223\" src=\"http:\/\/www.senderosgr.es\/blog\/wp-content\/uploads\/2016\/10\/Fita-300x225.jpg\" alt=\"Hito madera GR223\" width=\"351\" height=\"263\" srcset=\"https:\/\/www.senderosgr.es\/blog\/wp-content\/uploads\/2016\/10\/Fita-300x225.jpg 300w, https:\/\/www.senderosgr.es\/blog\/wp-content\/uploads\/2016\/10\/Fita-600x450.jpg 600w, https:\/\/www.senderosgr.es\/blog\/wp-content\/uploads\/2016\/10\/Fita-768x576.jpg 768w, https:\/\/www.senderosgr.es\/blog\/wp-content\/uploads\/2016\/10\/Fita-1024x768.jpg 1024w, https:\/\/www.senderosgr.es\/blog\/wp-content\/uploads\/2016\/10\/Fita-640x480.jpg 640w\" sizes=\"auto, (max-width: 351px) 100vw, 351px\" \/>Estos hitos ser\u00e1n los responsables de tu seguridad, los que har\u00e1n que no te pierdas. Conf\u00eda en ellos. S\u00edguelos.<\/p>\n<p style=\"text-align: justify\">Son las se\u00f1ales que vas a encontrar en este GR en terreno r\u00fastico en lugar de la t\u00edpica marca blanca y roja o los hitos de piedras.<\/p>\n<p style=\"text-align: justify\">Siempre desde un hito ver\u00e1s el siguiente a no ser que el camino sea completamente recto o sin posibilidad de p\u00e9rdida.<\/p>\n<p style=\"text-align: justify\">Si en alg\u00fan momento te das cuenta de que llevas un rato sin ver alguno\u00a0de estos hitos. P\u00e1rate, b\u00fascalo y si no lo encuentras, da media vuelta y vuelve sobre tus pasos en busca de alguno.<\/p>\n<p style=\"text-align: justify\">Tienen un porqu\u00e9 y una utilidad\u2026 el n\u00famero de la parte superior indica la etapa en la que te encuentras, el n\u00famero inferior indica el n\u00famero de hito dentro de esa etapa.<\/p>\n<p style=\"text-align: justify\">Esta informaci\u00f3n a priori no es importante ni relevante, a no ser que precises de ayuda en tu camino y tengas que recurrir al <strong>112<\/strong>.<\/p>\n<p style=\"text-align: justify\">En ese caso esta informaci\u00f3n es de vital importancia para que la ayuda pueda llegar a ti lo antes posible.<\/p>\n<p style=\"text-align: justify\">Estos hitos con su correspondiente numeraci\u00f3n est\u00e1n geolocalizados por los equipos de emergencia que se coordinar\u00e1n para hacerte llegar en cada momento la ayuda que precises.<\/p>\n<p style=\"text-align: justify\">Recuerda que <strong>durante el GR habr\u00e1 zonas sin cobertura telef\u00f3nica<\/strong> y\/o de dif\u00edcil acceso para ambulancias o bomberos. Cuanto m\u00e1s precisa sea la posici\u00f3n que puedas facilitar en caso de emergencia, antes te localizar\u00e1n.<\/p>\n<p style=\"text-align: justify\">Cuando el GR discurra por carretera, urbanizaciones o pueblos la se\u00f1alizaci\u00f3n\u00a0ser\u00e1 la t\u00edpica blanca y roja de cualquier GR o en su defecto el t\u00edpico cartel rojo indicando que es un <strong>Camino Natural.<\/strong><\/p>\n<p style=\"text-align: justify\">Como curiosidad y gracias a los organizadores de la <a href=\"http:\/\/www.trailmenorca.com\"><strong>Trail Menorca Cam\u00ed de Cavalls<\/strong><\/a>, los hitos tienen, en cada uno de sus laterales, dos distintivos reflectantes que nos ayudar\u00e1n a localizar el camino en caso de que se nos haga de noche o estemos realizando una ruta nocturna.<\/p>\n<h3 style=\"text-align: justify\"><strong>Etapas<\/strong><\/h3>\n<p style=\"text-align: justify\">Como ya sabr\u00e1s, el recorrido est\u00e1 oficialmente dividido en 20 etapas que pueden reducirse,\u00a0juntando algunas de ellas, para conseguir hacer el recorrido completo en menos d\u00edas.<\/p>\n<p style=\"text-align: justify\">Es tu aventura, es tu decisi\u00f3n.<\/p>\n<p style=\"text-align: justify\"><strong>Informaci\u00f3n de inter\u00e9s<\/strong><\/p>\n<p style=\"text-align: justify\">Tel\u00e9fono emergencias: <strong>112<\/strong><\/p>\n<ul style=\"text-align: justify\">\n<li><strong>Recomendaciones generales <a href=\"http:\/\/www.menorca.es\/contingut.aspx?idpub=8924\">aqu\u00ed<\/a>.<\/strong><\/li>\n<li><strong>Documentaci\u00f3n e informaci\u00f3n del GR 223\u00a0<a href=\"http:\/\/www.senderosgr.es\/SenderosDetalle.aspx?IdSendero=210&amp;Tipo=1&amp;IdAsociado=210\" target=\"_blank\" rel=\"noopener\">aqu\u00ed<\/a>.<\/strong><\/li>\n<\/ul>\n<p>&nbsp;<\/p>\n<p style=\"text-align: justify\">Si encuentras alg\u00fan tipo de desperfecto durante tus rutas o se\u00f1alizaci\u00f3n err\u00f3nea, por favor, h\u00e1znoslo saber e informaremos convenientemente al ente gestor del GR.<\/p>\n<p style=\"text-align: justify\">Puedes dejar el comentario en el apartado correspondiente en cada una de las etapas o hacernos llegar un <strong><a href=\"http:\/\/www.senderosgr.es\/Contacto.aspx?Pag=21&amp;Menu=19&amp;SubMenu=20\">mensaje privado<\/a>.<\/strong><\/p>\n<p style=\"text-align: justify\">\u00bfTe apetece ense\u00f1arnos porqu\u00e9 te has enamorado de\u00a0este GR? \u00a1Comparte tus fotograf\u00edas con nosotros (<a href=\"mailto:info@senderosgr.es\">info@senderosgr.es<\/a>)! \u00a1Nos encantar\u00e1 verlas!<\/p>\n<p style=\"text-align: justify\">De momento esto es un resumen de lo que deber\u00edas saber antes de adentrarte en esta nueva aventura\u2026 iremos actualizando esta informaci\u00f3n cuando sea necesario\u2026 \u00bfpreparado?&#8230;. mochila a la espalda y empezamos, \u00bfnos acompa\u00f1as? s\u00f3lo tienes que seguir nuestras huellas&#8230;<\/p>\n<p style=\"text-align: justify\"><img loading=\"lazy\" decoding=\"async\" class=\"aligncenter size-medium wp-image-557\" src=\"http:\/\/www.senderosgr.es\/blog\/wp-content\/uploads\/2016\/11\/DSC08385-201x300.jpg\" alt=\"Pisadas arena\" width=\"201\" height=\"300\" srcset=\"https:\/\/www.senderosgr.es\/blog\/wp-content\/uploads\/2016\/11\/DSC08385-201x300.jpg 201w, https:\/\/www.senderosgr.es\/blog\/wp-content\/uploads\/2016\/11\/DSC08385-600x896.jpg 600w, https:\/\/www.senderosgr.es\/blog\/wp-content\/uploads\/2016\/11\/DSC08385-768x1147.jpg 768w, https:\/\/www.senderosgr.es\/blog\/wp-content\/uploads\/2016\/11\/DSC08385-685x1024.jpg 685w, https:\/\/www.senderosgr.es\/blog\/wp-content\/uploads\/2016\/11\/DSC08385-scaled.jpg 1714w\" sizes=\"auto, (max-width: 201px) 100vw, 201px\" \/><\/p>\n","protected":false},"excerpt":{"rendered":"<p>\u00bfTe acuerdas de la introducci\u00f3n del GR 223 &#8211; Cam\u00ed de Cavalls? si quieres refrescar la memoria o si te la perdiste, puedes releerla aqu\u00ed. Si tienes en mente como empezamos y quieres seguir descubriendo aspectos de este\u00a0GR que rodea la isla de Menorca, sigue leyendo&#8230; Ante todo, centr\u00e9monos y dejemos algunos\u00a0conceptos lo m\u00e1s claros [&hellip;]<\/p>\n","protected":false},"author":5,"featured_media":579,"comment_status":"open","ping_status":"open","sticky":false,"template":"","format":"standard","meta":{"footnotes":""},"categories":[210,221,193],"tags":[172,223,173,191,214,215],"class_list":["post-449","post","type-post","status-publish","format-standard","has-post-thumbnail","hentry","category-gerreristas","category-grmenorca","category-noticias","tag-gerrerista","tag-menorca","tag-senderismo","tag-senderosgr","tag-travesia","tag-trekking"],"yoast_head":"<!-- This site is optimized with the Yoast SEO plugin v26.6 - https:\/\/yoast.com\/wordpress\/plugins\/seo\/ -->\n<title>GR 223 \u2013 Cam\u00ed de Cavalls: Generalidades - El Blog de SenderosGR<\/title>\n<meta name=\"description\" content=\"Generalidades varias comunes a todo el GR-223 - Cam\u00ed de Cavalls, para que tu experiencia descubri\u00e9ndolo sea lo m\u00e1s positiva posible.\" \/>\n<meta name=\"robots\" content=\"index, follow, max-snippet:-1, max-image-preview:large, max-video-preview:-1\" \/>\n<link rel=\"canonical\" href=\"https:\/\/www.senderosgr.es\/blog\/2016\/11\/09\/gr-223-cami-de-cavalls-generalidades\/\" \/>\n<meta property=\"og:locale\" content=\"es_ES\" \/>\n<meta property=\"og:type\" content=\"article\" \/>\n<meta property=\"og:title\" content=\"GR 223 \u2013 Cam\u00ed de Cavalls: Generalidades - El Blog de SenderosGR\" \/>\n<meta property=\"og:description\" content=\"Generalidades varias comunes a todo el GR-223 - Cam\u00ed de Cavalls, para que tu experiencia descubri\u00e9ndolo sea lo m\u00e1s positiva posible.\" \/>\n<meta property=\"og:url\" content=\"https:\/\/www.senderosgr.es\/blog\/2016\/11\/09\/gr-223-cami-de-cavalls-generalidades\/\" \/>\n<meta property=\"og:site_name\" content=\"El Blog de SenderosGR\" \/>\n<meta property=\"article:published_time\" content=\"2016-11-09T08:00:15+00:00\" \/>\n<meta property=\"article:modified_time\" content=\"2018-01-31T17:10:04+00:00\" \/>\n<meta property=\"og:image\" content=\"https:\/\/www.senderosgr.es\/blog\/wp-content\/uploads\/2016\/11\/2016-10-29-10.45.09-1024x768.jpg\" \/>\n\t<meta property=\"og:image:width\" content=\"1024\" \/>\n\t<meta property=\"og:image:height\" content=\"768\" \/>\n\t<meta property=\"og:image:type\" content=\"image\/jpeg\" \/>\n<meta name=\"author\" content=\"Estrella Pons\" \/>\n<meta name=\"twitter:card\" content=\"summary_large_image\" \/>\n<meta name=\"twitter:label1\" content=\"Escrito por\" \/>\n\t<meta name=\"twitter:data1\" content=\"Estrella Pons\" \/>\n\t<meta name=\"twitter:label2\" content=\"Tiempo de lectura\" \/>\n\t<meta name=\"twitter:data2\" content=\"7 minutos\" \/>\n<script type=\"application\/ld+json\" class=\"yoast-schema-graph\">{\"@context\":\"https:\/\/schema.org\",\"@graph\":[{\"@type\":\"Article\",\"@id\":\"https:\/\/www.senderosgr.es\/blog\/2016\/11\/09\/gr-223-cami-de-cavalls-generalidades\/#article\",\"isPartOf\":{\"@id\":\"https:\/\/www.senderosgr.es\/blog\/2016\/11\/09\/gr-223-cami-de-cavalls-generalidades\/\"},\"author\":{\"name\":\"Estrella Pons\",\"@id\":\"https:\/\/www.senderosgr.es\/blog\/#\/schema\/person\/080d1d24180630a2d404630713e0edbd\"},\"headline\":\"GR 223 \u2013 Cam\u00ed de Cavalls: Generalidades\",\"datePublished\":\"2016-11-09T08:00:15+00:00\",\"dateModified\":\"2018-01-31T17:10:04+00:00\",\"mainEntityOfPage\":{\"@id\":\"https:\/\/www.senderosgr.es\/blog\/2016\/11\/09\/gr-223-cami-de-cavalls-generalidades\/\"},\"wordCount\":1410,\"commentCount\":1,\"publisher\":{\"@id\":\"https:\/\/www.senderosgr.es\/blog\/#organization\"},\"image\":{\"@id\":\"https:\/\/www.senderosgr.es\/blog\/2016\/11\/09\/gr-223-cami-de-cavalls-generalidades\/#primaryimage\"},\"thumbnailUrl\":\"https:\/\/www.senderosgr.es\/blog\/wp-content\/uploads\/2016\/11\/2016-10-29-10.45.09-scaled.jpg\",\"keywords\":[\"gerrerista\",\"menorca\",\"senderismo\",\"senderosgr\",\"traves\u00eda\",\"trekking\"],\"articleSection\":[\"Gerreristas\",\"GR#Menorca\",\"Noticias\"],\"inLanguage\":\"es\",\"potentialAction\":[{\"@type\":\"CommentAction\",\"name\":\"Comment\",\"target\":[\"https:\/\/www.senderosgr.es\/blog\/2016\/11\/09\/gr-223-cami-de-cavalls-generalidades\/#respond\"]}]},{\"@type\":\"WebPage\",\"@id\":\"https:\/\/www.senderosgr.es\/blog\/2016\/11\/09\/gr-223-cami-de-cavalls-generalidades\/\",\"url\":\"https:\/\/www.senderosgr.es\/blog\/2016\/11\/09\/gr-223-cami-de-cavalls-generalidades\/\",\"name\":\"GR 223 \u2013 Cam\u00ed de Cavalls: Generalidades - El Blog de SenderosGR\",\"isPartOf\":{\"@id\":\"https:\/\/www.senderosgr.es\/blog\/#website\"},\"primaryImageOfPage\":{\"@id\":\"https:\/\/www.senderosgr.es\/blog\/2016\/11\/09\/gr-223-cami-de-cavalls-generalidades\/#primaryimage\"},\"image\":{\"@id\":\"https:\/\/www.senderosgr.es\/blog\/2016\/11\/09\/gr-223-cami-de-cavalls-generalidades\/#primaryimage\"},\"thumbnailUrl\":\"https:\/\/www.senderosgr.es\/blog\/wp-content\/uploads\/2016\/11\/2016-10-29-10.45.09-scaled.jpg\",\"datePublished\":\"2016-11-09T08:00:15+00:00\",\"dateModified\":\"2018-01-31T17:10:04+00:00\",\"description\":\"Generalidades varias comunes a todo el GR-223 - Cam\u00ed de Cavalls, para que tu experiencia descubri\u00e9ndolo sea lo m\u00e1s positiva posible.\",\"breadcrumb\":{\"@id\":\"https:\/\/www.senderosgr.es\/blog\/2016\/11\/09\/gr-223-cami-de-cavalls-generalidades\/#breadcrumb\"},\"inLanguage\":\"es\",\"potentialAction\":[{\"@type\":\"ReadAction\",\"target\":[\"https:\/\/www.senderosgr.es\/blog\/2016\/11\/09\/gr-223-cami-de-cavalls-generalidades\/\"]}]},{\"@type\":\"ImageObject\",\"inLanguage\":\"es\",\"@id\":\"https:\/\/www.senderosgr.es\/blog\/2016\/11\/09\/gr-223-cami-de-cavalls-generalidades\/#primaryimage\",\"url\":\"https:\/\/www.senderosgr.es\/blog\/wp-content\/uploads\/2016\/11\/2016-10-29-10.45.09-scaled.jpg\",\"contentUrl\":\"https:\/\/www.senderosgr.es\/blog\/wp-content\/uploads\/2016\/11\/2016-10-29-10.45.09-scaled.jpg\",\"width\":2560,\"height\":1920,\"caption\":\"GR223 - Panor\u00e1mica\"},{\"@type\":\"BreadcrumbList\",\"@id\":\"https:\/\/www.senderosgr.es\/blog\/2016\/11\/09\/gr-223-cami-de-cavalls-generalidades\/#breadcrumb\",\"itemListElement\":[{\"@type\":\"ListItem\",\"position\":1,\"name\":\"Portada\",\"item\":\"https:\/\/www.senderosgr.es\/blog\/\"},{\"@type\":\"ListItem\",\"position\":2,\"name\":\"GR 223 \u2013 Cam\u00ed de Cavalls: Generalidades\"}]},{\"@type\":\"WebSite\",\"@id\":\"https:\/\/www.senderosgr.es\/blog\/#website\",\"url\":\"https:\/\/www.senderosgr.es\/blog\/\",\"name\":\"El Blog de SenderosGR\",\"description\":\"Noticias, opiniones... \u00a1y mucho m\u00e1s!\",\"publisher\":{\"@id\":\"https:\/\/www.senderosgr.es\/blog\/#organization\"},\"potentialAction\":[{\"@type\":\"SearchAction\",\"target\":{\"@type\":\"EntryPoint\",\"urlTemplate\":\"https:\/\/www.senderosgr.es\/blog\/?s={search_term_string}\"},\"query-input\":{\"@type\":\"PropertyValueSpecification\",\"valueRequired\":true,\"valueName\":\"search_term_string\"}}],\"inLanguage\":\"es\"},{\"@type\":\"Organization\",\"@id\":\"https:\/\/www.senderosgr.es\/blog\/#organization\",\"name\":\"El Blog de SenderosGR\",\"url\":\"https:\/\/www.senderosgr.es\/blog\/\",\"logo\":{\"@type\":\"ImageObject\",\"inLanguage\":\"es\",\"@id\":\"https:\/\/www.senderosgr.es\/blog\/#\/schema\/logo\/image\/\",\"url\":\"https:\/\/www.senderosgr.es\/blog\/wp-content\/uploads\/2016\/06\/SGR-logo-cabecera-wordpress-copy-1.jpg\",\"contentUrl\":\"https:\/\/www.senderosgr.es\/blog\/wp-content\/uploads\/2016\/06\/SGR-logo-cabecera-wordpress-copy-1.jpg\",\"width\":240,\"height\":240,\"caption\":\"El Blog de SenderosGR\"},\"image\":{\"@id\":\"https:\/\/www.senderosgr.es\/blog\/#\/schema\/logo\/image\/\"}},{\"@type\":\"Person\",\"@id\":\"https:\/\/www.senderosgr.es\/blog\/#\/schema\/person\/080d1d24180630a2d404630713e0edbd\",\"name\":\"Estrella Pons\",\"image\":{\"@type\":\"ImageObject\",\"inLanguage\":\"es\",\"@id\":\"https:\/\/www.senderosgr.es\/blog\/#\/schema\/person\/image\/\",\"url\":\"https:\/\/secure.gravatar.com\/avatar\/ee06c440cc9a5d2fda28084c8af4b314cbaaa66ec8122f2cd564d046b8ed01f8?s=96&d=mm&r=g\",\"contentUrl\":\"https:\/\/secure.gravatar.com\/avatar\/ee06c440cc9a5d2fda28084c8af4b314cbaaa66ec8122f2cd564d046b8ed01f8?s=96&d=mm&r=g\",\"caption\":\"Estrella Pons\"},\"description\":\"\u00a1Hola! Soy Estrella y he tenido el privilegio de nacer en un para\u00edso. \u00daltimamente adem\u00e1s, la suerte de poder aportar mi grano de arena a este proyecto. Os invito a descubrir de mi pu\u00f1o y letra, el GR que tengo m\u00e1s a mano... y los que vayan poni\u00e9ndose delante de mis pies :) \u00bfPreparados?\",\"url\":\"https:\/\/www.senderosgr.es\/blog\/author\/estrella\/\"}]}<\/script>\n<!-- \/ Yoast SEO plugin. -->","yoast_head_json":{"title":"GR 223 \u2013 Cam\u00ed de Cavalls: Generalidades - El Blog de SenderosGR","description":"Generalidades varias comunes a todo el GR-223 - Cam\u00ed de Cavalls, para que tu experiencia descubri\u00e9ndolo sea lo m\u00e1s positiva posible.","robots":{"index":"index","follow":"follow","max-snippet":"max-snippet:-1","max-image-preview":"max-image-preview:large","max-video-preview":"max-video-preview:-1"},"canonical":"https:\/\/www.senderosgr.es\/blog\/2016\/11\/09\/gr-223-cami-de-cavalls-generalidades\/","og_locale":"es_ES","og_type":"article","og_title":"GR 223 \u2013 Cam\u00ed de Cavalls: Generalidades - El Blog de SenderosGR","og_description":"Generalidades varias comunes a todo el GR-223 - Cam\u00ed de Cavalls, para que tu experiencia descubri\u00e9ndolo sea lo m\u00e1s positiva posible.","og_url":"https:\/\/www.senderosgr.es\/blog\/2016\/11\/09\/gr-223-cami-de-cavalls-generalidades\/","og_site_name":"El Blog de SenderosGR","article_published_time":"2016-11-09T08:00:15+00:00","article_modified_time":"2018-01-31T17:10:04+00:00","og_image":[{"width":1024,"height":768,"url":"https:\/\/www.senderosgr.es\/blog\/wp-content\/uploads\/2016\/11\/2016-10-29-10.45.09-1024x768.jpg","type":"image\/jpeg"}],"author":"Estrella Pons","twitter_card":"summary_large_image","twitter_misc":{"Escrito por":"Estrella Pons","Tiempo de lectura":"7 minutos"},"schema":{"@context":"https:\/\/schema.org","@graph":[{"@type":"Article","@id":"https:\/\/www.senderosgr.es\/blog\/2016\/11\/09\/gr-223-cami-de-cavalls-generalidades\/#article","isPartOf":{"@id":"https:\/\/www.senderosgr.es\/blog\/2016\/11\/09\/gr-223-cami-de-cavalls-generalidades\/"},"author":{"name":"Estrella Pons","@id":"https:\/\/www.senderosgr.es\/blog\/#\/schema\/person\/080d1d24180630a2d404630713e0edbd"},"headline":"GR 223 \u2013 Cam\u00ed de Cavalls: Generalidades","datePublished":"2016-11-09T08:00:15+00:00","dateModified":"2018-01-31T17:10:04+00:00","mainEntityOfPage":{"@id":"https:\/\/www.senderosgr.es\/blog\/2016\/11\/09\/gr-223-cami-de-cavalls-generalidades\/"},"wordCount":1410,"commentCount":1,"publisher":{"@id":"https:\/\/www.senderosgr.es\/blog\/#organization"},"image":{"@id":"https:\/\/www.senderosgr.es\/blog\/2016\/11\/09\/gr-223-cami-de-cavalls-generalidades\/#primaryimage"},"thumbnailUrl":"https:\/\/www.senderosgr.es\/blog\/wp-content\/uploads\/2016\/11\/2016-10-29-10.45.09-scaled.jpg","keywords":["gerrerista","menorca","senderismo","senderosgr","traves\u00eda","trekking"],"articleSection":["Gerreristas","GR#Menorca","Noticias"],"inLanguage":"es","potentialAction":[{"@type":"CommentAction","name":"Comment","target":["https:\/\/www.senderosgr.es\/blog\/2016\/11\/09\/gr-223-cami-de-cavalls-generalidades\/#respond"]}]},{"@type":"WebPage","@id":"https:\/\/www.senderosgr.es\/blog\/2016\/11\/09\/gr-223-cami-de-cavalls-generalidades\/","url":"https:\/\/www.senderosgr.es\/blog\/2016\/11\/09\/gr-223-cami-de-cavalls-generalidades\/","name":"GR 223 \u2013 Cam\u00ed de Cavalls: Generalidades - El Blog de SenderosGR","isPartOf":{"@id":"https:\/\/www.senderosgr.es\/blog\/#website"},"primaryImageOfPage":{"@id":"https:\/\/www.senderosgr.es\/blog\/2016\/11\/09\/gr-223-cami-de-cavalls-generalidades\/#primaryimage"},"image":{"@id":"https:\/\/www.senderosgr.es\/blog\/2016\/11\/09\/gr-223-cami-de-cavalls-generalidades\/#primaryimage"},"thumbnailUrl":"https:\/\/www.senderosgr.es\/blog\/wp-content\/uploads\/2016\/11\/2016-10-29-10.45.09-scaled.jpg","datePublished":"2016-11-09T08:00:15+00:00","dateModified":"2018-01-31T17:10:04+00:00","description":"Generalidades varias comunes a todo el GR-223 - Cam\u00ed de Cavalls, para que tu experiencia descubri\u00e9ndolo sea lo m\u00e1s positiva posible.","breadcrumb":{"@id":"https:\/\/www.senderosgr.es\/blog\/2016\/11\/09\/gr-223-cami-de-cavalls-generalidades\/#breadcrumb"},"inLanguage":"es","potentialAction":[{"@type":"ReadAction","target":["https:\/\/www.senderosgr.es\/blog\/2016\/11\/09\/gr-223-cami-de-cavalls-generalidades\/"]}]},{"@type":"ImageObject","inLanguage":"es","@id":"https:\/\/www.senderosgr.es\/blog\/2016\/11\/09\/gr-223-cami-de-cavalls-generalidades\/#primaryimage","url":"https:\/\/www.senderosgr.es\/blog\/wp-content\/uploads\/2016\/11\/2016-10-29-10.45.09-scaled.jpg","contentUrl":"https:\/\/www.senderosgr.es\/blog\/wp-content\/uploads\/2016\/11\/2016-10-29-10.45.09-scaled.jpg","width":2560,"height":1920,"caption":"GR223 - Panor\u00e1mica"},{"@type":"BreadcrumbList","@id":"https:\/\/www.senderosgr.es\/blog\/2016\/11\/09\/gr-223-cami-de-cavalls-generalidades\/#breadcrumb","itemListElement":[{"@type":"ListItem","position":1,"name":"Portada","item":"https:\/\/www.senderosgr.es\/blog\/"},{"@type":"ListItem","position":2,"name":"GR 223 \u2013 Cam\u00ed de Cavalls: Generalidades"}]},{"@type":"WebSite","@id":"https:\/\/www.senderosgr.es\/blog\/#website","url":"https:\/\/www.senderosgr.es\/blog\/","name":"El Blog de SenderosGR","description":"Noticias, opiniones... \u00a1y mucho m\u00e1s!","publisher":{"@id":"https:\/\/www.senderosgr.es\/blog\/#organization"},"potentialAction":[{"@type":"SearchAction","target":{"@type":"EntryPoint","urlTemplate":"https:\/\/www.senderosgr.es\/blog\/?s={search_term_string}"},"query-input":{"@type":"PropertyValueSpecification","valueRequired":true,"valueName":"search_term_string"}}],"inLanguage":"es"},{"@type":"Organization","@id":"https:\/\/www.senderosgr.es\/blog\/#organization","name":"El Blog de SenderosGR","url":"https:\/\/www.senderosgr.es\/blog\/","logo":{"@type":"ImageObject","inLanguage":"es","@id":"https:\/\/www.senderosgr.es\/blog\/#\/schema\/logo\/image\/","url":"https:\/\/www.senderosgr.es\/blog\/wp-content\/uploads\/2016\/06\/SGR-logo-cabecera-wordpress-copy-1.jpg","contentUrl":"https:\/\/www.senderosgr.es\/blog\/wp-content\/uploads\/2016\/06\/SGR-logo-cabecera-wordpress-copy-1.jpg","width":240,"height":240,"caption":"El Blog de SenderosGR"},"image":{"@id":"https:\/\/www.senderosgr.es\/blog\/#\/schema\/logo\/image\/"}},{"@type":"Person","@id":"https:\/\/www.senderosgr.es\/blog\/#\/schema\/person\/080d1d24180630a2d404630713e0edbd","name":"Estrella Pons","image":{"@type":"ImageObject","inLanguage":"es","@id":"https:\/\/www.senderosgr.es\/blog\/#\/schema\/person\/image\/","url":"https:\/\/secure.gravatar.com\/avatar\/ee06c440cc9a5d2fda28084c8af4b314cbaaa66ec8122f2cd564d046b8ed01f8?s=96&d=mm&r=g","contentUrl":"https:\/\/secure.gravatar.com\/avatar\/ee06c440cc9a5d2fda28084c8af4b314cbaaa66ec8122f2cd564d046b8ed01f8?s=96&d=mm&r=g","caption":"Estrella Pons"},"description":"\u00a1Hola! Soy Estrella y he tenido el privilegio de nacer en un para\u00edso. \u00daltimamente adem\u00e1s, la suerte de poder aportar mi grano de arena a este proyecto. Os invito a descubrir de mi pu\u00f1o y letra, el GR que tengo m\u00e1s a mano... y los que vayan poni\u00e9ndose delante de mis pies :) \u00bfPreparados?","url":"https:\/\/www.senderosgr.es\/blog\/author\/estrella\/"}]}},"cc_featured_image_caption":{"caption_text":false,"source_text":false,"source_url":false},"_links":{"self":[{"href":"https:\/\/www.senderosgr.es\/blog\/wp-json\/wp\/v2\/posts\/449","targetHints":{"allow":["GET"]}}],"collection":[{"href":"https:\/\/www.senderosgr.es\/blog\/wp-json\/wp\/v2\/posts"}],"about":[{"href":"https:\/\/www.senderosgr.es\/blog\/wp-json\/wp\/v2\/types\/post"}],"author":[{"embeddable":true,"href":"https:\/\/www.senderosgr.es\/blog\/wp-json\/wp\/v2\/users\/5"}],"replies":[{"embeddable":true,"href":"https:\/\/www.senderosgr.es\/blog\/wp-json\/wp\/v2\/comments?post=449"}],"version-history":[{"count":27,"href":"https:\/\/www.senderosgr.es\/blog\/wp-json\/wp\/v2\/posts\/449\/revisions"}],"predecessor-version":[{"id":1420,"href":"https:\/\/www.senderosgr.es\/blog\/wp-json\/wp\/v2\/posts\/449\/revisions\/1420"}],"wp:featuredmedia":[{"embeddable":true,"href":"https:\/\/www.senderosgr.es\/blog\/wp-json\/wp\/v2\/media\/579"}],"wp:attachment":[{"href":"https:\/\/www.senderosgr.es\/blog\/wp-json\/wp\/v2\/media?parent=449"}],"wp:term":[{"taxonomy":"category","embeddable":true,"href":"https:\/\/www.senderosgr.es\/blog\/wp-json\/wp\/v2\/categories?post=449"},{"taxonomy":"post_tag","embeddable":true,"href":"https:\/\/www.senderosgr.es\/blog\/wp-json\/wp\/v2\/tags?post=449"}],"curies":[{"name":"wp","href":"https:\/\/api.w.org\/{rel}","templated":true}]}}