{"id":44,"date":"2012-04-19T18:42:00","date_gmt":"2012-04-19T18:42:00","guid":{"rendered":"http:\/\/www.senderosgr.es\/blog\/2012\/04\/19\/la-mala-educacion-y-la-montana\/"},"modified":"2012-04-19T18:42:00","modified_gmt":"2012-04-19T18:42:00","slug":"la-mala-educacion-y-la-montana","status":"publish","type":"post","link":"https:\/\/www.senderosgr.es\/blog\/2012\/04\/19\/la-mala-educacion-y-la-montana\/","title":{"rendered":"La mala educaci\u00f3n y la monta\u00f1a"},"content":{"rendered":"<div style=\"clear: both; text-align: center;\"><a href=\"http:\/\/4.bp.blogspot.com\/-ROXJECDhB7A\/T0jjgLtkywI\/AAAAAAAABBI\/61eik5kIQgg\/s1600\/2011-12-28_12-13-09_70.jpg\" style=\"margin-left: 1em; margin-right: 1em;\"><img loading=\"lazy\" decoding=\"async\" border=\"0\" height=\"179\" src=\"http:\/\/4.bp.blogspot.com\/-ROXJECDhB7A\/T0jjgLtkywI\/AAAAAAAABBI\/61eik5kIQgg\/s320\/2011-12-28_12-13-09_70.jpg\" width=\"320\" \/><\/a><\/div>\n<p><\/p>\n<div style=\"font-family: Verdana,sans-serif; text-align: justify;\"><span style=\"font-size: xx-small;\">Despu\u00e9s de recorrer unos cuantos kil\u00f3metros por la comunidad de Murcia, y disfrutar de tremendos y preciosos paisajes, me he visto en la obligaci\u00f3n y tras varios d\u00edas, meses, de meditaci\u00f3n no lo he podido evitar, he de escribir de la mala educaci\u00f3n, que hacen de nuestros senderos, de nuestro paisaje, un verdadero estercolero.<\/span><\/div>\n<div style=\"font-family: Verdana,sans-serif; text-align: justify;\"><span style=\"font-size: xx-small;\">Debemos de distinguir en este momento las dos causas principales de encontrar basura en nuestro sendero, en nuestro monte o playa.<\/span><\/div>\n<div style=\"font-family: Verdana,sans-serif; text-align: justify;\"><span style=\"font-size: xx-small;\">La primera causa son Senderistas, o monta\u00f1eros que viajan con su mochila llena de comida, latas, botes etc.. que al realizar su parada, dejan alrededor su inconfundible marca de \u00abaqu\u00ed estuve yo\u00bb llenando el lugar de restos de su estancia, \u00bftan dif\u00edcil es volver a cargar con los restos y depositarlos en la basura? si has cargado con ellos hasta la cima, hasta el lugar de descanso, tan complicado es meterlos en una bolsa y llevarlos hasta el coche, hasta el contenedor. En el 2011 pudimos leer como una <a href=\"http:\/\/www.revistaoxigeno.es\/eco-everest-expedition-expedition-2011\/\" style=\"color: red;\">expedici\u00f3n al Everest liderada por sherpas bajaron alrededor de 12 toneladas de basura.<\/a><\/span><\/div>\n<div style=\"font-family: Verdana,sans-serif; text-align: justify;\"><span style=\"font-size: xx-small;\">Si somo capaces de transportar la comida hasta 8000 metros, tambien somos capaces de llevarla de vuelta y mas a\u00fan cuando su peso es mucho inferior.<\/span><\/div>\n<div style=\"font-family: Verdana,sans-serif;\">\n<div style=\"text-align: justify;\"><span style=\"font-size: xx-small;\">Muchos refugios privados de monta\u00f1a tambi\u00e9n se quejan de esta situaci\u00f3n cuando los monta\u00f1eros suben y dejan toda la basura en el refugio, su propia basura y no nos damos cuenta que los mismos responsables son los que deben bajarla a pie.<\/span><\/div>\n<\/div>\n<div style=\"font-family: Verdana,sans-serif;\">\n<div style=\"clear: both; text-align: center;\"><a href=\"http:\/\/4.bp.blogspot.com\/-deWZtWANjC8\/T5BbuCUGYgI\/AAAAAAAABE4\/cP7X1cjx_ew\/s1600\/2011-12-28_13-40-23_644.jpg\" style=\"margin-left: 1em; margin-right: 1em;\"><img loading=\"lazy\" decoding=\"async\" border=\"0\" height=\"179\" src=\"http:\/\/4.bp.blogspot.com\/-deWZtWANjC8\/T5BbuCUGYgI\/AAAAAAAABE4\/cP7X1cjx_ew\/s320\/2011-12-28_13-40-23_644.jpg\" width=\"320\" \/><\/a><\/div>\n<div style=\"text-align: justify;\"><\/div>\n<\/div>\n<div style=\"font-family: Verdana,sans-serif; text-align: justify;\"><span style=\"font-size: xx-small;\">La segunda causa de contaminaci\u00f3n de nuestros senderos somos nosotros mismos en nuestra ciudad, en nuestra casa, en nuestra ciudad o pueblo cuando tiramos al suelo un papel, a veces no nos damos cuenta pero cualquier papel, plastico, lata, que no es depositada en su contenedor viaja por los lugares mas remotos hasta terminar en una playa, o en un r\u00edo.<\/span><\/div>\n<div style=\"font-family: Verdana,sans-serif;\">\n<div style=\"text-align: justify;\"><span style=\"font-size: xx-small;\">realizando la documentaci\u00f3n del sendero GR 127 muchos agricultores en sus campos ten\u00edan un verdadero estercolero de botellas y pl\u00e1sticos, a raz\u00f3n de \u00abes mi campo y hago lo que quiero\u00bb no se dan cuenta que cuando hay un temporal, la lluvia lleva esta basura a los r\u00edos y las playas, tambi\u00e9n nos encontramos con la basura depositada en los arcenes de la carretera, que son verdaderos basureros de los conductores, no caemos en la cuenta que esa basura llega hasta <a href=\"http:\/\/independiente.over-blog.es\/article-viaje-a-una-isla-de-plastico-y-basura-el-doble-de-grande-que-francia--40594328.html\" style=\"color: red;\">nuestro mar.<\/a><\/span><\/div>\n<p><\/p>\n<div style=\"clear: both; text-align: center;\"><a href=\"http:\/\/2.bp.blogspot.com\/-fK-gmQeIIps\/T5Ba_DkR8DI\/AAAAAAAABEw\/FW6T-onqgq8\/s1600\/2011-12-29_09-55-42_515.jpg\" style=\"margin-left: 1em; margin-right: 1em;\"><img loading=\"lazy\" decoding=\"async\" border=\"0\" height=\"179\" src=\"http:\/\/2.bp.blogspot.com\/-fK-gmQeIIps\/T5Ba_DkR8DI\/AAAAAAAABEw\/FW6T-onqgq8\/s320\/2011-12-29_09-55-42_515.jpg\" width=\"320\" \/><\/a><\/div>\n<\/div>\n<div style=\"font-family: Verdana,sans-serif;\"><span style=\"font-size: xx-small;\"><br \/><\/span><\/div>\n<div style=\"font-family: Verdana,sans-serif; text-align: justify;\"><span style=\"font-size: xx-small;\">Desde Senderos GR invitamos a los senderistas y a todos los ciudadanos a respetar mas el medio ambiente y depositar la basura en los respectivos contenedores para su recogida.<\/span><\/div>\n<div style=\"font-family: Verdana,sans-serif; text-align: justify;\"><span style=\"font-size: xx-small;\">Mantener nuestra ciudad y nuestros senderos limpios no requiere mayor esfuerzo que el sentido com\u00fan y el respeto a los dem\u00e1s.<\/span><\/div>\n<div style=\"text-align: justify;\"><span style=\"font-family: Verdana,sans-serif; font-size: xx-small;\">Senderista cuando vayas a salir recuerda recoger tu basura y depositarla en el contenedor m\u00e1s cercano, y si no hay, puedes llevarla en tu coche o en tu mochila, igual que la has tra\u00eddo. <\/span><\/div>\n<p><\/p>\n","protected":false},"excerpt":{"rendered":"<p>Despu\u00e9s de recorrer unos cuantos kil\u00f3metros por la comunidad de Murcia, y disfrutar de tremendos y preciosos paisajes, me he visto en la obligaci\u00f3n y tras varios d\u00edas, meses, de meditaci\u00f3n no lo he podido evitar, he de escribir de la mala educaci\u00f3n, que hacen de nuestros senderos, de nuestro paisaje, un verdadero estercolero. Debemos [&hellip;]<\/p>\n","protected":false},"author":1,"featured_media":0,"comment_status":"open","ping_status":"open","sticky":false,"template":"","format":"standard","meta":{"footnotes":""},"categories":[1],"tags":[],"class_list":["post-44","post","type-post","status-publish","format-standard","hentry","category-sin-categoria"],"yoast_head":"<!-- This site is optimized with the Yoast SEO plugin v26.6 - https:\/\/yoast.com\/wordpress\/plugins\/seo\/ -->\n<title>La mala educaci\u00f3n y la monta\u00f1a - El Blog de SenderosGR<\/title>\n<meta name=\"robots\" content=\"index, follow, max-snippet:-1, max-image-preview:large, max-video-preview:-1\" \/>\n<link rel=\"canonical\" href=\"https:\/\/www.senderosgr.es\/blog\/2012\/04\/19\/la-mala-educacion-y-la-montana\/\" \/>\n<meta property=\"og:locale\" content=\"es_ES\" \/>\n<meta property=\"og:type\" content=\"article\" \/>\n<meta property=\"og:title\" content=\"La mala educaci\u00f3n y la monta\u00f1a - El Blog de SenderosGR\" \/>\n<meta property=\"og:description\" content=\"Despu\u00e9s de recorrer unos cuantos kil\u00f3metros por la comunidad de Murcia, y disfrutar de tremendos y preciosos paisajes, me he visto en la obligaci\u00f3n y tras varios d\u00edas, meses, de meditaci\u00f3n no lo he podido evitar, he de escribir de la mala educaci\u00f3n, que hacen de nuestros senderos, de nuestro paisaje, un verdadero estercolero. Debemos [&hellip;]\" \/>\n<meta property=\"og:url\" content=\"https:\/\/www.senderosgr.es\/blog\/2012\/04\/19\/la-mala-educacion-y-la-montana\/\" \/>\n<meta property=\"og:site_name\" content=\"El Blog de SenderosGR\" \/>\n<meta property=\"article:published_time\" content=\"2012-04-19T18:42:00+00:00\" \/>\n<meta property=\"og:image\" content=\"http:\/\/4.bp.blogspot.com\/-ROXJECDhB7A\/T0jjgLtkywI\/AAAAAAAABBI\/61eik5kIQgg\/s320\/2011-12-28_12-13-09_70.jpg\" \/>\n<meta name=\"author\" content=\"SenderosGR\" \/>\n<meta name=\"twitter:card\" content=\"summary_large_image\" \/>\n<meta name=\"twitter:label1\" content=\"Escrito por\" \/>\n\t<meta name=\"twitter:data1\" content=\"SenderosGR\" \/>\n\t<meta name=\"twitter:label2\" content=\"Tiempo de lectura\" \/>\n\t<meta name=\"twitter:data2\" content=\"2 minutos\" \/>\n<script type=\"application\/ld+json\" class=\"yoast-schema-graph\">{\"@context\":\"https:\/\/schema.org\",\"@graph\":[{\"@type\":\"Article\",\"@id\":\"https:\/\/www.senderosgr.es\/blog\/2012\/04\/19\/la-mala-educacion-y-la-montana\/#article\",\"isPartOf\":{\"@id\":\"https:\/\/www.senderosgr.es\/blog\/2012\/04\/19\/la-mala-educacion-y-la-montana\/\"},\"author\":{\"name\":\"SenderosGR\",\"@id\":\"https:\/\/www.senderosgr.es\/blog\/#\/schema\/person\/f2eef32e9aa1ea1fbc35244e3cff648f\"},\"headline\":\"La mala educaci\u00f3n y la monta\u00f1a\",\"datePublished\":\"2012-04-19T18:42:00+00:00\",\"mainEntityOfPage\":{\"@id\":\"https:\/\/www.senderosgr.es\/blog\/2012\/04\/19\/la-mala-educacion-y-la-montana\/\"},\"wordCount\":503,\"commentCount\":0,\"publisher\":{\"@id\":\"https:\/\/www.senderosgr.es\/blog\/#organization\"},\"image\":{\"@id\":\"https:\/\/www.senderosgr.es\/blog\/2012\/04\/19\/la-mala-educacion-y-la-montana\/#primaryimage\"},\"thumbnailUrl\":\"http:\/\/4.bp.blogspot.com\/-ROXJECDhB7A\/T0jjgLtkywI\/AAAAAAAABBI\/61eik5kIQgg\/s320\/2011-12-28_12-13-09_70.jpg\",\"inLanguage\":\"es\",\"potentialAction\":[{\"@type\":\"CommentAction\",\"name\":\"Comment\",\"target\":[\"https:\/\/www.senderosgr.es\/blog\/2012\/04\/19\/la-mala-educacion-y-la-montana\/#respond\"]}]},{\"@type\":\"WebPage\",\"@id\":\"https:\/\/www.senderosgr.es\/blog\/2012\/04\/19\/la-mala-educacion-y-la-montana\/\",\"url\":\"https:\/\/www.senderosgr.es\/blog\/2012\/04\/19\/la-mala-educacion-y-la-montana\/\",\"name\":\"La mala educaci\u00f3n y la monta\u00f1a - El Blog de SenderosGR\",\"isPartOf\":{\"@id\":\"https:\/\/www.senderosgr.es\/blog\/#website\"},\"primaryImageOfPage\":{\"@id\":\"https:\/\/www.senderosgr.es\/blog\/2012\/04\/19\/la-mala-educacion-y-la-montana\/#primaryimage\"},\"image\":{\"@id\":\"https:\/\/www.senderosgr.es\/blog\/2012\/04\/19\/la-mala-educacion-y-la-montana\/#primaryimage\"},\"thumbnailUrl\":\"http:\/\/4.bp.blogspot.com\/-ROXJECDhB7A\/T0jjgLtkywI\/AAAAAAAABBI\/61eik5kIQgg\/s320\/2011-12-28_12-13-09_70.jpg\",\"datePublished\":\"2012-04-19T18:42:00+00:00\",\"breadcrumb\":{\"@id\":\"https:\/\/www.senderosgr.es\/blog\/2012\/04\/19\/la-mala-educacion-y-la-montana\/#breadcrumb\"},\"inLanguage\":\"es\",\"potentialAction\":[{\"@type\":\"ReadAction\",\"target\":[\"https:\/\/www.senderosgr.es\/blog\/2012\/04\/19\/la-mala-educacion-y-la-montana\/\"]}]},{\"@type\":\"ImageObject\",\"inLanguage\":\"es\",\"@id\":\"https:\/\/www.senderosgr.es\/blog\/2012\/04\/19\/la-mala-educacion-y-la-montana\/#primaryimage\",\"url\":\"http:\/\/4.bp.blogspot.com\/-ROXJECDhB7A\/T0jjgLtkywI\/AAAAAAAABBI\/61eik5kIQgg\/s320\/2011-12-28_12-13-09_70.jpg\",\"contentUrl\":\"http:\/\/4.bp.blogspot.com\/-ROXJECDhB7A\/T0jjgLtkywI\/AAAAAAAABBI\/61eik5kIQgg\/s320\/2011-12-28_12-13-09_70.jpg\"},{\"@type\":\"BreadcrumbList\",\"@id\":\"https:\/\/www.senderosgr.es\/blog\/2012\/04\/19\/la-mala-educacion-y-la-montana\/#breadcrumb\",\"itemListElement\":[{\"@type\":\"ListItem\",\"position\":1,\"name\":\"Portada\",\"item\":\"https:\/\/www.senderosgr.es\/blog\/\"},{\"@type\":\"ListItem\",\"position\":2,\"name\":\"La mala educaci\u00f3n y la monta\u00f1a\"}]},{\"@type\":\"WebSite\",\"@id\":\"https:\/\/www.senderosgr.es\/blog\/#website\",\"url\":\"https:\/\/www.senderosgr.es\/blog\/\",\"name\":\"El Blog de SenderosGR\",\"description\":\"Noticias, opiniones... \u00a1y mucho m\u00e1s!\",\"publisher\":{\"@id\":\"https:\/\/www.senderosgr.es\/blog\/#organization\"},\"potentialAction\":[{\"@type\":\"SearchAction\",\"target\":{\"@type\":\"EntryPoint\",\"urlTemplate\":\"https:\/\/www.senderosgr.es\/blog\/?s={search_term_string}\"},\"query-input\":{\"@type\":\"PropertyValueSpecification\",\"valueRequired\":true,\"valueName\":\"search_term_string\"}}],\"inLanguage\":\"es\"},{\"@type\":\"Organization\",\"@id\":\"https:\/\/www.senderosgr.es\/blog\/#organization\",\"name\":\"El Blog de SenderosGR\",\"url\":\"https:\/\/www.senderosgr.es\/blog\/\",\"logo\":{\"@type\":\"ImageObject\",\"inLanguage\":\"es\",\"@id\":\"https:\/\/www.senderosgr.es\/blog\/#\/schema\/logo\/image\/\",\"url\":\"https:\/\/www.senderosgr.es\/blog\/wp-content\/uploads\/2016\/06\/SGR-logo-cabecera-wordpress-copy-1.jpg\",\"contentUrl\":\"https:\/\/www.senderosgr.es\/blog\/wp-content\/uploads\/2016\/06\/SGR-logo-cabecera-wordpress-copy-1.jpg\",\"width\":240,\"height\":240,\"caption\":\"El Blog de SenderosGR\"},\"image\":{\"@id\":\"https:\/\/www.senderosgr.es\/blog\/#\/schema\/logo\/image\/\"}},{\"@type\":\"Person\",\"@id\":\"https:\/\/www.senderosgr.es\/blog\/#\/schema\/person\/f2eef32e9aa1ea1fbc35244e3cff648f\",\"name\":\"SenderosGR\",\"image\":{\"@type\":\"ImageObject\",\"inLanguage\":\"es\",\"@id\":\"https:\/\/www.senderosgr.es\/blog\/#\/schema\/person\/image\/\",\"url\":\"https:\/\/secure.gravatar.com\/avatar\/6f52711b33f9d4b67746ba74eb5d9e349ce13d3901fd85c995aea449f2512faf?s=96&d=mm&r=g\",\"contentUrl\":\"https:\/\/secure.gravatar.com\/avatar\/6f52711b33f9d4b67746ba74eb5d9e349ce13d3901fd85c995aea449f2512faf?s=96&d=mm&r=g\",\"caption\":\"SenderosGR\"},\"description\":\"Buz\u00f3n general de SenderosGR\",\"url\":\"https:\/\/www.senderosgr.es\/blog\/author\/administrador\/\"}]}<\/script>\n<!-- \/ Yoast SEO plugin. -->","yoast_head_json":{"title":"La mala educaci\u00f3n y la monta\u00f1a - El Blog de SenderosGR","robots":{"index":"index","follow":"follow","max-snippet":"max-snippet:-1","max-image-preview":"max-image-preview:large","max-video-preview":"max-video-preview:-1"},"canonical":"https:\/\/www.senderosgr.es\/blog\/2012\/04\/19\/la-mala-educacion-y-la-montana\/","og_locale":"es_ES","og_type":"article","og_title":"La mala educaci\u00f3n y la monta\u00f1a - El Blog de SenderosGR","og_description":"Despu\u00e9s de recorrer unos cuantos kil\u00f3metros por la comunidad de Murcia, y disfrutar de tremendos y preciosos paisajes, me he visto en la obligaci\u00f3n y tras varios d\u00edas, meses, de meditaci\u00f3n no lo he podido evitar, he de escribir de la mala educaci\u00f3n, que hacen de nuestros senderos, de nuestro paisaje, un verdadero estercolero. Debemos [&hellip;]","og_url":"https:\/\/www.senderosgr.es\/blog\/2012\/04\/19\/la-mala-educacion-y-la-montana\/","og_site_name":"El Blog de SenderosGR","article_published_time":"2012-04-19T18:42:00+00:00","og_image":[{"url":"http:\/\/4.bp.blogspot.com\/-ROXJECDhB7A\/T0jjgLtkywI\/AAAAAAAABBI\/61eik5kIQgg\/s320\/2011-12-28_12-13-09_70.jpg","type":"","width":"","height":""}],"author":"SenderosGR","twitter_card":"summary_large_image","twitter_misc":{"Escrito por":"SenderosGR","Tiempo de lectura":"2 minutos"},"schema":{"@context":"https:\/\/schema.org","@graph":[{"@type":"Article","@id":"https:\/\/www.senderosgr.es\/blog\/2012\/04\/19\/la-mala-educacion-y-la-montana\/#article","isPartOf":{"@id":"https:\/\/www.senderosgr.es\/blog\/2012\/04\/19\/la-mala-educacion-y-la-montana\/"},"author":{"name":"SenderosGR","@id":"https:\/\/www.senderosgr.es\/blog\/#\/schema\/person\/f2eef32e9aa1ea1fbc35244e3cff648f"},"headline":"La mala educaci\u00f3n y la monta\u00f1a","datePublished":"2012-04-19T18:42:00+00:00","mainEntityOfPage":{"@id":"https:\/\/www.senderosgr.es\/blog\/2012\/04\/19\/la-mala-educacion-y-la-montana\/"},"wordCount":503,"commentCount":0,"publisher":{"@id":"https:\/\/www.senderosgr.es\/blog\/#organization"},"image":{"@id":"https:\/\/www.senderosgr.es\/blog\/2012\/04\/19\/la-mala-educacion-y-la-montana\/#primaryimage"},"thumbnailUrl":"http:\/\/4.bp.blogspot.com\/-ROXJECDhB7A\/T0jjgLtkywI\/AAAAAAAABBI\/61eik5kIQgg\/s320\/2011-12-28_12-13-09_70.jpg","inLanguage":"es","potentialAction":[{"@type":"CommentAction","name":"Comment","target":["https:\/\/www.senderosgr.es\/blog\/2012\/04\/19\/la-mala-educacion-y-la-montana\/#respond"]}]},{"@type":"WebPage","@id":"https:\/\/www.senderosgr.es\/blog\/2012\/04\/19\/la-mala-educacion-y-la-montana\/","url":"https:\/\/www.senderosgr.es\/blog\/2012\/04\/19\/la-mala-educacion-y-la-montana\/","name":"La mala educaci\u00f3n y la monta\u00f1a - El Blog de SenderosGR","isPartOf":{"@id":"https:\/\/www.senderosgr.es\/blog\/#website"},"primaryImageOfPage":{"@id":"https:\/\/www.senderosgr.es\/blog\/2012\/04\/19\/la-mala-educacion-y-la-montana\/#primaryimage"},"image":{"@id":"https:\/\/www.senderosgr.es\/blog\/2012\/04\/19\/la-mala-educacion-y-la-montana\/#primaryimage"},"thumbnailUrl":"http:\/\/4.bp.blogspot.com\/-ROXJECDhB7A\/T0jjgLtkywI\/AAAAAAAABBI\/61eik5kIQgg\/s320\/2011-12-28_12-13-09_70.jpg","datePublished":"2012-04-19T18:42:00+00:00","breadcrumb":{"@id":"https:\/\/www.senderosgr.es\/blog\/2012\/04\/19\/la-mala-educacion-y-la-montana\/#breadcrumb"},"inLanguage":"es","potentialAction":[{"@type":"ReadAction","target":["https:\/\/www.senderosgr.es\/blog\/2012\/04\/19\/la-mala-educacion-y-la-montana\/"]}]},{"@type":"ImageObject","inLanguage":"es","@id":"https:\/\/www.senderosgr.es\/blog\/2012\/04\/19\/la-mala-educacion-y-la-montana\/#primaryimage","url":"http:\/\/4.bp.blogspot.com\/-ROXJECDhB7A\/T0jjgLtkywI\/AAAAAAAABBI\/61eik5kIQgg\/s320\/2011-12-28_12-13-09_70.jpg","contentUrl":"http:\/\/4.bp.blogspot.com\/-ROXJECDhB7A\/T0jjgLtkywI\/AAAAAAAABBI\/61eik5kIQgg\/s320\/2011-12-28_12-13-09_70.jpg"},{"@type":"BreadcrumbList","@id":"https:\/\/www.senderosgr.es\/blog\/2012\/04\/19\/la-mala-educacion-y-la-montana\/#breadcrumb","itemListElement":[{"@type":"ListItem","position":1,"name":"Portada","item":"https:\/\/www.senderosgr.es\/blog\/"},{"@type":"ListItem","position":2,"name":"La mala educaci\u00f3n y la monta\u00f1a"}]},{"@type":"WebSite","@id":"https:\/\/www.senderosgr.es\/blog\/#website","url":"https:\/\/www.senderosgr.es\/blog\/","name":"El Blog de SenderosGR","description":"Noticias, opiniones... \u00a1y mucho m\u00e1s!","publisher":{"@id":"https:\/\/www.senderosgr.es\/blog\/#organization"},"potentialAction":[{"@type":"SearchAction","target":{"@type":"EntryPoint","urlTemplate":"https:\/\/www.senderosgr.es\/blog\/?s={search_term_string}"},"query-input":{"@type":"PropertyValueSpecification","valueRequired":true,"valueName":"search_term_string"}}],"inLanguage":"es"},{"@type":"Organization","@id":"https:\/\/www.senderosgr.es\/blog\/#organization","name":"El Blog de SenderosGR","url":"https:\/\/www.senderosgr.es\/blog\/","logo":{"@type":"ImageObject","inLanguage":"es","@id":"https:\/\/www.senderosgr.es\/blog\/#\/schema\/logo\/image\/","url":"https:\/\/www.senderosgr.es\/blog\/wp-content\/uploads\/2016\/06\/SGR-logo-cabecera-wordpress-copy-1.jpg","contentUrl":"https:\/\/www.senderosgr.es\/blog\/wp-content\/uploads\/2016\/06\/SGR-logo-cabecera-wordpress-copy-1.jpg","width":240,"height":240,"caption":"El Blog de SenderosGR"},"image":{"@id":"https:\/\/www.senderosgr.es\/blog\/#\/schema\/logo\/image\/"}},{"@type":"Person","@id":"https:\/\/www.senderosgr.es\/blog\/#\/schema\/person\/f2eef32e9aa1ea1fbc35244e3cff648f","name":"SenderosGR","image":{"@type":"ImageObject","inLanguage":"es","@id":"https:\/\/www.senderosgr.es\/blog\/#\/schema\/person\/image\/","url":"https:\/\/secure.gravatar.com\/avatar\/6f52711b33f9d4b67746ba74eb5d9e349ce13d3901fd85c995aea449f2512faf?s=96&d=mm&r=g","contentUrl":"https:\/\/secure.gravatar.com\/avatar\/6f52711b33f9d4b67746ba74eb5d9e349ce13d3901fd85c995aea449f2512faf?s=96&d=mm&r=g","caption":"SenderosGR"},"description":"Buz\u00f3n general de SenderosGR","url":"https:\/\/www.senderosgr.es\/blog\/author\/administrador\/"}]}},"cc_featured_image_caption":{"caption_text":false,"source_text":false,"source_url":false},"_links":{"self":[{"href":"https:\/\/www.senderosgr.es\/blog\/wp-json\/wp\/v2\/posts\/44","targetHints":{"allow":["GET"]}}],"collection":[{"href":"https:\/\/www.senderosgr.es\/blog\/wp-json\/wp\/v2\/posts"}],"about":[{"href":"https:\/\/www.senderosgr.es\/blog\/wp-json\/wp\/v2\/types\/post"}],"author":[{"embeddable":true,"href":"https:\/\/www.senderosgr.es\/blog\/wp-json\/wp\/v2\/users\/1"}],"replies":[{"embeddable":true,"href":"https:\/\/www.senderosgr.es\/blog\/wp-json\/wp\/v2\/comments?post=44"}],"version-history":[{"count":0,"href":"https:\/\/www.senderosgr.es\/blog\/wp-json\/wp\/v2\/posts\/44\/revisions"}],"wp:attachment":[{"href":"https:\/\/www.senderosgr.es\/blog\/wp-json\/wp\/v2\/media?parent=44"}],"wp:term":[{"taxonomy":"category","embeddable":true,"href":"https:\/\/www.senderosgr.es\/blog\/wp-json\/wp\/v2\/categories?post=44"},{"taxonomy":"post_tag","embeddable":true,"href":"https:\/\/www.senderosgr.es\/blog\/wp-json\/wp\/v2\/tags?post=44"}],"curies":[{"name":"wp","href":"https:\/\/api.w.org\/{rel}","templated":true}]}}