{"id":43,"date":"2012-04-20T16:09:00","date_gmt":"2012-04-20T16:09:00","guid":{"rendered":"http:\/\/www.senderosgr.es\/blog\/2012\/04\/20\/la-serie-documental-de-rtve-sobre-el-camino-del-cid-repasa-los-hitos-del-gr-160\/"},"modified":"2012-04-20T16:09:00","modified_gmt":"2012-04-20T16:09:00","slug":"la-serie-documental-de-rtve-sobre-el-camino-del-cid-repasa-los-hitos-del-gr-160","status":"publish","type":"post","link":"https:\/\/www.senderosgr.es\/blog\/2012\/04\/20\/la-serie-documental-de-rtve-sobre-el-camino-del-cid-repasa-los-hitos-del-gr-160\/","title":{"rendered":"La serie documental de RTVE sobre El Camino del Cid repasa los hitos del GR 160"},"content":{"rendered":"<div style=\"clear: both; text-align: center;\"><a href=\"http:\/\/1.bp.blogspot.com\/-3MTtDx7fC0A\/T5GJxw22KCI\/AAAAAAAAAc8\/uUwE4KpXRz4\/s1600\/MANUAL+IC+002.jpg\" style=\"clear: left; float: left; margin-bottom: 1em; margin-right: 1em;\"><img loading=\"lazy\" decoding=\"async\" border=\"0\" height=\"221\" src=\"http:\/\/1.bp.blogspot.com\/-3MTtDx7fC0A\/T5GJxw22KCI\/AAAAAAAAAc8\/uUwE4KpXRz4\/s320\/MANUAL+IC+002.jpg\" width=\"320\" \/><\/a><\/div>\n<p>El emblem\u00e1tico <a href=\"http:\/\/www.caminodelcid.org\/\" target=\"_blank\">Camino del Cid<\/a> es actualmente una ruta que ha sido se\u00f1alizada con la filosof\u00eda de los Senderos de Gran Recorrido como GR 160. Los diversos tramos senderistas del Camino del Cid suman unos 1.400 kil\u00f3metros, de los cuales est\u00e1n se\u00f1alizados 1.050 (aproximadamente un 75 por ciento), correspondiendo los tramos sin se\u00f1alizar principalmente a las provincias de Valencia y Alicante.<\/p>\n<p>Una serie documental de ocho cap\u00edtulos, realizada por Radio Televisi\u00f3n Espa\u00f1ola en 2008 y presentada por el actor Manuel Galiana, recorre a lo largo de ocho provincias espa\u00f1olas los escenarios del destierro del Cid. El itinerario tur\u00edstico viaja por Burgos, Soria, Guadalajara, Zaragoza, Teruel, Castell\u00f3n, Valencia y Alicante.<\/p>\n<p>La serie supone una interesante oportunidad para conocer los hitos del camino y sus mayores atractivos, antes de iniciar el recorrido por cada una de las provincias:<\/p>\n<p>1.<a href=\"http:\/\/www.rtve.es\/alacarta\/videos\/camino-del-cid\/camino-del-cid-burgos-comienzo-aventura-camino-del-destierro\/748089\/\" target=\"_blank\"> Burgos &#8211; El comienzo de la aventura. Camino del destierro.<\/a><\/p>\n<p>En este primer cap\u00edtulo, emitido el 18 de marzo, se muestra el lugar de nacimiento del Cid y se cuenta el abandono de su tierra, desterrado por el rey Alfonso VI. Se recrean episodios como la jura de Santa Gadea, frente a la iglesia en la que se supone que tuvo lugar la despedida de su mujer y sus hijas en el monasterio de Carde\u00f1a, y se muestra el lugar donde se encuentran sus restos. Tras pasar por el monasterio de Las Huelgas, la cartuja de Miraflores y Santo Domingo de Silos, donde Manuel Galiana conversa con el abad sobre el paso del Cid por el monasterio.<\/p>\n<p>2. <a href=\"http:\/\/www.rtve.es\/alacarta\/videos\/camino-del-cid\/camino-del-cid-soria-vanguardia-castellana-adios-castilla\/538194\/\" target=\"_blank\">Soria &#8211; La vanguardia castellana. Adi\u00f3s a Castilla.<\/a><\/p>\n<p>El camino del destierro prosigue por tierras sorianas como Langa de Duero y San Esteban de Gormaz, donde el rom\u00e1nico esta tan presente en sus iglesias. Jos\u00e9 Luis Corral y Manuel Galiana comentan en Castillejo de Robledo, el dram\u00e1tico acto literario de la venganza de los Infantes de Carri\u00f3n sobre las hijas del Cid. La ruta continua por el Burgo de Osma y su catedral, Gormaz y su castillo, el m\u00e1s largo de Europa, construido por los \u00e1rabes en el siglo X, Berlanga de Duero, cuyo primer alcalde fue el Cid, San Baudelio, Rello, Medinaceli y Santa Maria de Huerta.<\/p>\n<p>3. <a href=\"http:\/\/www.rtve.es\/alacarta\/videos\/camino-del-cid\/camino-del-cid-guadalajara-primeras-algaradas-tierras-musulmanas\/766156\/\" target=\"_blank\">Guadalajara &#8211; Las primeras algaradas en tierras musulmanas.<\/a><\/p>\n<p>Este cap\u00edtulo narra el paso de las huestes del Cid en su destierro por la provincia de Guadalajara, en poder de los musulmanes. Pasando por Atienza, pueblo de trazado t\u00edpicamente medieval, con su castillo, muralla, iglesias rom\u00e1nicas y plazas de soportales; Jadraque, con su castillo y los frescos de Goya en la Fundaci\u00f3n Perlado Verdugo; Castej\u00f3n de Henares e Hita, con sus torneos en el festival medieval; Sig\u00fcenza, con su castillo, catedral y museo diocesano; Anguita, donde vemos las cuevas por las que pasaba el Cid y que se citan en el cantar; y, por \u00faltimo, Molina de Arag\u00f3n y el Parque Natural del Alto Tajo, con su barranco de la hoz y sus bell\u00edsimos e incomparables paisajes.<\/p>\n<p>4. <a href=\"http:\/\/www.rtve.es\/alacarta\/videos\/camino-del-cid\/camino-del-cid-zaragoza-caminos-del-agua-vegas-del-jalon-jiloca\/772870\/\" target=\"_blank\">Zaragoza &#8211; Por los caminos del agua. Las vegas del Jal\u00f3n y el Jiloca.<\/a><\/p>\n<p>Siguiendo el cauce del r\u00edo Jal\u00f3n, tras pasar por Monreal y Ariza, el cap\u00edtulo muestra c\u00f3mo la famosa batalla de Alcocer, que menciona el cantar y que durante siglos se consider\u00f3 una invenci\u00f3n del poeta, realmente existi\u00f3. Alcocer fue una realidad y los restos arqueol\u00f3gicos de este poblado y su castillo, descubiertos recientemente, est\u00e1n entre Ateca y Terrer. Junto a Ateca se encuentra el otero donde el Cid estableci\u00f3 su campamento y en el que a\u00fan quedan restos del asentamiento. Calatayud, Daroca y las lagunas de Gallocanta, de gran belleza, completan este cap\u00edtulo.<\/p>\n<p>5. <a href=\"http:\/\/www.rtve.es\/alacarta\/videos\/camino-del-cid\/camino-del-cid-teruel-tierra-mudejar-fuerza-armas\/779683\/\" target=\"_blank\">Teruel &#8211; Tierra Mud\u00e9jar. La fuerza de las armas.<\/a><\/p>\n<p>El cap\u00edtulo comienza en Montalb\u00e1n, para descubrir despu\u00e9s El Poyo del Cid, en cuyo cerro de San Esteban instal\u00f3 su cuartel general en tierras de Teruel. Contin\u00faa por Albarrac\u00edn y, tras pasar por Cella y mostrar su famosa fuente, considerada el mayor pozo artesiano de Europa, entre en Teruel, donde muestra la ciudad y sus torres mud\u00e9jares. Suime por Rubielos de Mora, Mora de Rubielos, Mirambel y Cantavieja, para terminar en Alca\u00f1iz y su castillo con su conjunto de pinturas murales.<\/p>\n<p>6. <a href=\"http:\/\/www.rtve.es\/alacarta\/videos\/camino-del-cid\/camino-del-cid-castellon-camino-hacia-mar\/66955\/\" target=\"_blank\">Castell\u00f3n &#8211; El camino hacia el mar. Paisajes cidianos.<\/a><\/p>\n<p>Recorre por el r\u00edo Mijares las gargantas y desfiladeros de m\u00e1s de cien metros en Montanejos, Onda y su castillo, as\u00ed como el Museo del Azulejo. Pasa por Villafranca del Cid y as\u00ed el camino entra en Morella, uno de los conjuntos hist\u00f3rico-art\u00edsticos m\u00e1s destacados de la geograf\u00eda cidiana, pues su castillo alberg\u00f3 a Rodrigo. Visita Olocau, J\u00e9rica, Segorbe, Almenara y Burriana, donde los hombres del Cid vieron por primera vez el mar. El recorrido por los alrededores de Castell\u00f3n, incluido Pe\u00f1\u00edscola, pone punto final a este cap\u00edtulo.<\/p>\n<p>7. <a href=\"http:\/\/www.rtve.es\/alacarta\/videos\/camino-del-cid\/camino-del-cid-valencia-taifa-valencia\/791552\/\" target=\"_blank\">Valencia &#8211; La taifa de Valencia.<\/a><\/p>\n<p>Este cap\u00edtulo, que recorre la provincia de Valencia, comienza en Sagunto, conquistado por el Cid poco antes de su muerte, en la que destacan su teatro romano y su castillo. Pas a descubrir El Puig con su monasterio monumental, Requena y Valencia, recorriendo buena parte de la capital y mostrando el Museo del Ayuntamiento, el interior de la Generalitat, el Mercado Central, La Lonja, la Albufera, la catedral y la Ciudad de las Artes y las Ciencias. Por \u00faltimo, X\u00e0tiva y Bocairent, con sus cuevas y su monumento a Lamanta, cierran este cap\u00edtulo.<\/p>\n<p>8. <a href=\"http:\/\/www.rtve.es\/alacarta\/videos\/camino-del-cid\/camino-del-cid-alicante-penalidades-del-campeador-ultima-frontera\/798381\/\" target=\"_blank\">Alicante &#8211; Las penalidades del campeador. La \u00faltima frontera.<\/a><\/p>\n<p>Aqu\u00ed el recorrido se adentra en la comarca del Vinalop\u00f3, a trav\u00e9s de sus cuidad\u00edsimos castillos de Banyeres de Maiola a Bihar, de all\u00ed a Villena, para descubrirnos la cuna del maestro Chap\u00ed y del escultor Santa Fe y su castillo. Su tesoro, descubierto por Jos\u00e9 Mar\u00eda Soler en 1963. De all\u00ed a Sax y Elda, con su Museo del Calzado, a Elche donde el Cid pas\u00f3 la Navidad de 1088, en su segundo destierro. El Palmeral y el Misteri no faltan en el documental de Alicante que finaliza, tras Cox y Callosa de Segura, en Orihuela, concretamente en la Casa Museo Miguel Hern\u00e1ndez.<\/p>\n<p><b>Recomendaciones antes de iniciar el camino<\/b><\/p>\n<p>A pesar de estar se\u00f1alizado en sus tres cuartas partes, las se\u00f1ales del Camino del Cid pueden desaparecer, ya sea por la climatolog\u00eda, accidentes o vandalismo. Las diputaciones intentan corregir este problema pero la ruta es muy larga y no siempre es posible solucionar estas incidencias con rapidez. Por todo ello, desde el portal web <a href=\"http:\/\/www.caminodelcid.org\/\">www.caminodelcid.org<\/a> se recomiendan los siguientes pasos:<\/p>\n<p>\u2022&nbsp;&nbsp;&nbsp; Inf\u00f3rmate del estado actualizado de la se\u00f1alizaci\u00f3n en la p\u00e1gina principal de la web de cada tramo. <br \/>\u2022&nbsp;&nbsp;&nbsp; Si llevas GPS, descarga los archivos disponibles en GPX, TRK y KML en la p\u00e1gina de cada tramo. <br \/>\u2022&nbsp;&nbsp;&nbsp; Desc\u00e1rgate los nuevos mapas, muy f\u00e1ciles de imprimir y usar, disponibles actualmente para los tramos de El Destierro, Tierras de Frontera, Las Tres Taifas y La Conquista de Valencia. <br \/>\u2022&nbsp;&nbsp;&nbsp; Puede parecerte muy b\u00e1sico, pero intenta preguntar por la ruta en los pueblos de partida antes de iniciar cada etapa. Esta es una costumbre viajera ancestral, y te servir\u00e1 tambi\u00e9n para conocer mejor a las gentes de los lugares por los que pasas. <br \/>\u2022&nbsp;&nbsp;&nbsp; Respeta la se\u00f1alizaci\u00f3n que te encuentres. Tirar o cambiar una se\u00f1al de direcci\u00f3n significa que los que vayan detr\u00e1s de ti se perder\u00e1n.<\/p>\n","protected":false},"excerpt":{"rendered":"<p>El emblem\u00e1tico Camino del Cid es actualmente una ruta que ha sido se\u00f1alizada con la filosof\u00eda de los Senderos de Gran Recorrido como GR 160. Los diversos tramos senderistas del Camino del Cid suman unos 1.400 kil\u00f3metros, de los cuales est\u00e1n se\u00f1alizados 1.050 (aproximadamente un 75 por ciento), correspondiendo los tramos sin se\u00f1alizar principalmente a [&hellip;]<\/p>\n","protected":false},"author":1,"featured_media":0,"comment_status":"open","ping_status":"open","sticky":false,"template":"","format":"standard","meta":{"footnotes":""},"categories":[1],"tags":[],"class_list":["post-43","post","type-post","status-publish","format-standard","hentry","category-sin-categoria"],"yoast_head":"<!-- This site is optimized with the Yoast SEO plugin v26.6 - https:\/\/yoast.com\/wordpress\/plugins\/seo\/ -->\n<title>La serie documental de RTVE sobre El Camino del Cid repasa los hitos del GR 160 - El Blog de SenderosGR<\/title>\n<meta name=\"robots\" content=\"index, follow, max-snippet:-1, max-image-preview:large, max-video-preview:-1\" \/>\n<link rel=\"canonical\" href=\"https:\/\/www.senderosgr.es\/blog\/2012\/04\/20\/la-serie-documental-de-rtve-sobre-el-camino-del-cid-repasa-los-hitos-del-gr-160\/\" \/>\n<meta property=\"og:locale\" content=\"es_ES\" \/>\n<meta property=\"og:type\" content=\"article\" \/>\n<meta property=\"og:title\" content=\"La serie documental de RTVE sobre El Camino del Cid repasa los hitos del GR 160 - El Blog de SenderosGR\" \/>\n<meta property=\"og:description\" content=\"El emblem\u00e1tico Camino del Cid es actualmente una ruta que ha sido se\u00f1alizada con la filosof\u00eda de los Senderos de Gran Recorrido como GR 160. Los diversos tramos senderistas del Camino del Cid suman unos 1.400 kil\u00f3metros, de los cuales est\u00e1n se\u00f1alizados 1.050 (aproximadamente un 75 por ciento), correspondiendo los tramos sin se\u00f1alizar principalmente a [&hellip;]\" \/>\n<meta property=\"og:url\" content=\"https:\/\/www.senderosgr.es\/blog\/2012\/04\/20\/la-serie-documental-de-rtve-sobre-el-camino-del-cid-repasa-los-hitos-del-gr-160\/\" \/>\n<meta property=\"og:site_name\" content=\"El Blog de SenderosGR\" \/>\n<meta property=\"article:published_time\" content=\"2012-04-20T16:09:00+00:00\" \/>\n<meta property=\"og:image\" content=\"http:\/\/1.bp.blogspot.com\/-3MTtDx7fC0A\/T5GJxw22KCI\/AAAAAAAAAc8\/uUwE4KpXRz4\/s320\/MANUAL+IC+002.jpg\" \/>\n<meta name=\"author\" content=\"SenderosGR\" \/>\n<meta name=\"twitter:card\" content=\"summary_large_image\" \/>\n<meta name=\"twitter:label1\" content=\"Escrito por\" \/>\n\t<meta name=\"twitter:data1\" content=\"SenderosGR\" \/>\n\t<meta name=\"twitter:label2\" content=\"Tiempo de lectura\" \/>\n\t<meta name=\"twitter:data2\" content=\"6 minutos\" \/>\n<script type=\"application\/ld+json\" class=\"yoast-schema-graph\">{\"@context\":\"https:\/\/schema.org\",\"@graph\":[{\"@type\":\"Article\",\"@id\":\"https:\/\/www.senderosgr.es\/blog\/2012\/04\/20\/la-serie-documental-de-rtve-sobre-el-camino-del-cid-repasa-los-hitos-del-gr-160\/#article\",\"isPartOf\":{\"@id\":\"https:\/\/www.senderosgr.es\/blog\/2012\/04\/20\/la-serie-documental-de-rtve-sobre-el-camino-del-cid-repasa-los-hitos-del-gr-160\/\"},\"author\":{\"name\":\"SenderosGR\",\"@id\":\"https:\/\/www.senderosgr.es\/blog\/#\/schema\/person\/f2eef32e9aa1ea1fbc35244e3cff648f\"},\"headline\":\"La serie documental de RTVE sobre El Camino del Cid repasa los hitos del GR 160\",\"datePublished\":\"2012-04-20T16:09:00+00:00\",\"mainEntityOfPage\":{\"@id\":\"https:\/\/www.senderosgr.es\/blog\/2012\/04\/20\/la-serie-documental-de-rtve-sobre-el-camino-del-cid-repasa-los-hitos-del-gr-160\/\"},\"wordCount\":1296,\"commentCount\":0,\"publisher\":{\"@id\":\"https:\/\/www.senderosgr.es\/blog\/#organization\"},\"image\":{\"@id\":\"https:\/\/www.senderosgr.es\/blog\/2012\/04\/20\/la-serie-documental-de-rtve-sobre-el-camino-del-cid-repasa-los-hitos-del-gr-160\/#primaryimage\"},\"thumbnailUrl\":\"http:\/\/1.bp.blogspot.com\/-3MTtDx7fC0A\/T5GJxw22KCI\/AAAAAAAAAc8\/uUwE4KpXRz4\/s320\/MANUAL+IC+002.jpg\",\"inLanguage\":\"es\",\"potentialAction\":[{\"@type\":\"CommentAction\",\"name\":\"Comment\",\"target\":[\"https:\/\/www.senderosgr.es\/blog\/2012\/04\/20\/la-serie-documental-de-rtve-sobre-el-camino-del-cid-repasa-los-hitos-del-gr-160\/#respond\"]}]},{\"@type\":\"WebPage\",\"@id\":\"https:\/\/www.senderosgr.es\/blog\/2012\/04\/20\/la-serie-documental-de-rtve-sobre-el-camino-del-cid-repasa-los-hitos-del-gr-160\/\",\"url\":\"https:\/\/www.senderosgr.es\/blog\/2012\/04\/20\/la-serie-documental-de-rtve-sobre-el-camino-del-cid-repasa-los-hitos-del-gr-160\/\",\"name\":\"La serie documental de RTVE sobre El Camino del Cid repasa los hitos del GR 160 - El Blog de SenderosGR\",\"isPartOf\":{\"@id\":\"https:\/\/www.senderosgr.es\/blog\/#website\"},\"primaryImageOfPage\":{\"@id\":\"https:\/\/www.senderosgr.es\/blog\/2012\/04\/20\/la-serie-documental-de-rtve-sobre-el-camino-del-cid-repasa-los-hitos-del-gr-160\/#primaryimage\"},\"image\":{\"@id\":\"https:\/\/www.senderosgr.es\/blog\/2012\/04\/20\/la-serie-documental-de-rtve-sobre-el-camino-del-cid-repasa-los-hitos-del-gr-160\/#primaryimage\"},\"thumbnailUrl\":\"http:\/\/1.bp.blogspot.com\/-3MTtDx7fC0A\/T5GJxw22KCI\/AAAAAAAAAc8\/uUwE4KpXRz4\/s320\/MANUAL+IC+002.jpg\",\"datePublished\":\"2012-04-20T16:09:00+00:00\",\"breadcrumb\":{\"@id\":\"https:\/\/www.senderosgr.es\/blog\/2012\/04\/20\/la-serie-documental-de-rtve-sobre-el-camino-del-cid-repasa-los-hitos-del-gr-160\/#breadcrumb\"},\"inLanguage\":\"es\",\"potentialAction\":[{\"@type\":\"ReadAction\",\"target\":[\"https:\/\/www.senderosgr.es\/blog\/2012\/04\/20\/la-serie-documental-de-rtve-sobre-el-camino-del-cid-repasa-los-hitos-del-gr-160\/\"]}]},{\"@type\":\"ImageObject\",\"inLanguage\":\"es\",\"@id\":\"https:\/\/www.senderosgr.es\/blog\/2012\/04\/20\/la-serie-documental-de-rtve-sobre-el-camino-del-cid-repasa-los-hitos-del-gr-160\/#primaryimage\",\"url\":\"http:\/\/1.bp.blogspot.com\/-3MTtDx7fC0A\/T5GJxw22KCI\/AAAAAAAAAc8\/uUwE4KpXRz4\/s320\/MANUAL+IC+002.jpg\",\"contentUrl\":\"http:\/\/1.bp.blogspot.com\/-3MTtDx7fC0A\/T5GJxw22KCI\/AAAAAAAAAc8\/uUwE4KpXRz4\/s320\/MANUAL+IC+002.jpg\"},{\"@type\":\"BreadcrumbList\",\"@id\":\"https:\/\/www.senderosgr.es\/blog\/2012\/04\/20\/la-serie-documental-de-rtve-sobre-el-camino-del-cid-repasa-los-hitos-del-gr-160\/#breadcrumb\",\"itemListElement\":[{\"@type\":\"ListItem\",\"position\":1,\"name\":\"Portada\",\"item\":\"https:\/\/www.senderosgr.es\/blog\/\"},{\"@type\":\"ListItem\",\"position\":2,\"name\":\"La serie documental de RTVE sobre El Camino del Cid repasa los hitos del GR 160\"}]},{\"@type\":\"WebSite\",\"@id\":\"https:\/\/www.senderosgr.es\/blog\/#website\",\"url\":\"https:\/\/www.senderosgr.es\/blog\/\",\"name\":\"El Blog de SenderosGR\",\"description\":\"Noticias, opiniones... \u00a1y mucho m\u00e1s!\",\"publisher\":{\"@id\":\"https:\/\/www.senderosgr.es\/blog\/#organization\"},\"potentialAction\":[{\"@type\":\"SearchAction\",\"target\":{\"@type\":\"EntryPoint\",\"urlTemplate\":\"https:\/\/www.senderosgr.es\/blog\/?s={search_term_string}\"},\"query-input\":{\"@type\":\"PropertyValueSpecification\",\"valueRequired\":true,\"valueName\":\"search_term_string\"}}],\"inLanguage\":\"es\"},{\"@type\":\"Organization\",\"@id\":\"https:\/\/www.senderosgr.es\/blog\/#organization\",\"name\":\"El Blog de SenderosGR\",\"url\":\"https:\/\/www.senderosgr.es\/blog\/\",\"logo\":{\"@type\":\"ImageObject\",\"inLanguage\":\"es\",\"@id\":\"https:\/\/www.senderosgr.es\/blog\/#\/schema\/logo\/image\/\",\"url\":\"https:\/\/www.senderosgr.es\/blog\/wp-content\/uploads\/2016\/06\/SGR-logo-cabecera-wordpress-copy-1.jpg\",\"contentUrl\":\"https:\/\/www.senderosgr.es\/blog\/wp-content\/uploads\/2016\/06\/SGR-logo-cabecera-wordpress-copy-1.jpg\",\"width\":240,\"height\":240,\"caption\":\"El Blog de SenderosGR\"},\"image\":{\"@id\":\"https:\/\/www.senderosgr.es\/blog\/#\/schema\/logo\/image\/\"}},{\"@type\":\"Person\",\"@id\":\"https:\/\/www.senderosgr.es\/blog\/#\/schema\/person\/f2eef32e9aa1ea1fbc35244e3cff648f\",\"name\":\"SenderosGR\",\"image\":{\"@type\":\"ImageObject\",\"inLanguage\":\"es\",\"@id\":\"https:\/\/www.senderosgr.es\/blog\/#\/schema\/person\/image\/\",\"url\":\"https:\/\/secure.gravatar.com\/avatar\/6f52711b33f9d4b67746ba74eb5d9e349ce13d3901fd85c995aea449f2512faf?s=96&d=mm&r=g\",\"contentUrl\":\"https:\/\/secure.gravatar.com\/avatar\/6f52711b33f9d4b67746ba74eb5d9e349ce13d3901fd85c995aea449f2512faf?s=96&d=mm&r=g\",\"caption\":\"SenderosGR\"},\"description\":\"Buz\u00f3n general de SenderosGR\",\"url\":\"https:\/\/www.senderosgr.es\/blog\/author\/administrador\/\"}]}<\/script>\n<!-- \/ Yoast SEO plugin. -->","yoast_head_json":{"title":"La serie documental de RTVE sobre El Camino del Cid repasa los hitos del GR 160 - El Blog de SenderosGR","robots":{"index":"index","follow":"follow","max-snippet":"max-snippet:-1","max-image-preview":"max-image-preview:large","max-video-preview":"max-video-preview:-1"},"canonical":"https:\/\/www.senderosgr.es\/blog\/2012\/04\/20\/la-serie-documental-de-rtve-sobre-el-camino-del-cid-repasa-los-hitos-del-gr-160\/","og_locale":"es_ES","og_type":"article","og_title":"La serie documental de RTVE sobre El Camino del Cid repasa los hitos del GR 160 - El Blog de SenderosGR","og_description":"El emblem\u00e1tico Camino del Cid es actualmente una ruta que ha sido se\u00f1alizada con la filosof\u00eda de los Senderos de Gran Recorrido como GR 160. Los diversos tramos senderistas del Camino del Cid suman unos 1.400 kil\u00f3metros, de los cuales est\u00e1n se\u00f1alizados 1.050 (aproximadamente un 75 por ciento), correspondiendo los tramos sin se\u00f1alizar principalmente a [&hellip;]","og_url":"https:\/\/www.senderosgr.es\/blog\/2012\/04\/20\/la-serie-documental-de-rtve-sobre-el-camino-del-cid-repasa-los-hitos-del-gr-160\/","og_site_name":"El Blog de SenderosGR","article_published_time":"2012-04-20T16:09:00+00:00","og_image":[{"url":"http:\/\/1.bp.blogspot.com\/-3MTtDx7fC0A\/T5GJxw22KCI\/AAAAAAAAAc8\/uUwE4KpXRz4\/s320\/MANUAL+IC+002.jpg","type":"","width":"","height":""}],"author":"SenderosGR","twitter_card":"summary_large_image","twitter_misc":{"Escrito por":"SenderosGR","Tiempo de lectura":"6 minutos"},"schema":{"@context":"https:\/\/schema.org","@graph":[{"@type":"Article","@id":"https:\/\/www.senderosgr.es\/blog\/2012\/04\/20\/la-serie-documental-de-rtve-sobre-el-camino-del-cid-repasa-los-hitos-del-gr-160\/#article","isPartOf":{"@id":"https:\/\/www.senderosgr.es\/blog\/2012\/04\/20\/la-serie-documental-de-rtve-sobre-el-camino-del-cid-repasa-los-hitos-del-gr-160\/"},"author":{"name":"SenderosGR","@id":"https:\/\/www.senderosgr.es\/blog\/#\/schema\/person\/f2eef32e9aa1ea1fbc35244e3cff648f"},"headline":"La serie documental de RTVE sobre El Camino del Cid repasa los hitos del GR 160","datePublished":"2012-04-20T16:09:00+00:00","mainEntityOfPage":{"@id":"https:\/\/www.senderosgr.es\/blog\/2012\/04\/20\/la-serie-documental-de-rtve-sobre-el-camino-del-cid-repasa-los-hitos-del-gr-160\/"},"wordCount":1296,"commentCount":0,"publisher":{"@id":"https:\/\/www.senderosgr.es\/blog\/#organization"},"image":{"@id":"https:\/\/www.senderosgr.es\/blog\/2012\/04\/20\/la-serie-documental-de-rtve-sobre-el-camino-del-cid-repasa-los-hitos-del-gr-160\/#primaryimage"},"thumbnailUrl":"http:\/\/1.bp.blogspot.com\/-3MTtDx7fC0A\/T5GJxw22KCI\/AAAAAAAAAc8\/uUwE4KpXRz4\/s320\/MANUAL+IC+002.jpg","inLanguage":"es","potentialAction":[{"@type":"CommentAction","name":"Comment","target":["https:\/\/www.senderosgr.es\/blog\/2012\/04\/20\/la-serie-documental-de-rtve-sobre-el-camino-del-cid-repasa-los-hitos-del-gr-160\/#respond"]}]},{"@type":"WebPage","@id":"https:\/\/www.senderosgr.es\/blog\/2012\/04\/20\/la-serie-documental-de-rtve-sobre-el-camino-del-cid-repasa-los-hitos-del-gr-160\/","url":"https:\/\/www.senderosgr.es\/blog\/2012\/04\/20\/la-serie-documental-de-rtve-sobre-el-camino-del-cid-repasa-los-hitos-del-gr-160\/","name":"La serie documental de RTVE sobre El Camino del Cid repasa los hitos del GR 160 - El Blog de SenderosGR","isPartOf":{"@id":"https:\/\/www.senderosgr.es\/blog\/#website"},"primaryImageOfPage":{"@id":"https:\/\/www.senderosgr.es\/blog\/2012\/04\/20\/la-serie-documental-de-rtve-sobre-el-camino-del-cid-repasa-los-hitos-del-gr-160\/#primaryimage"},"image":{"@id":"https:\/\/www.senderosgr.es\/blog\/2012\/04\/20\/la-serie-documental-de-rtve-sobre-el-camino-del-cid-repasa-los-hitos-del-gr-160\/#primaryimage"},"thumbnailUrl":"http:\/\/1.bp.blogspot.com\/-3MTtDx7fC0A\/T5GJxw22KCI\/AAAAAAAAAc8\/uUwE4KpXRz4\/s320\/MANUAL+IC+002.jpg","datePublished":"2012-04-20T16:09:00+00:00","breadcrumb":{"@id":"https:\/\/www.senderosgr.es\/blog\/2012\/04\/20\/la-serie-documental-de-rtve-sobre-el-camino-del-cid-repasa-los-hitos-del-gr-160\/#breadcrumb"},"inLanguage":"es","potentialAction":[{"@type":"ReadAction","target":["https:\/\/www.senderosgr.es\/blog\/2012\/04\/20\/la-serie-documental-de-rtve-sobre-el-camino-del-cid-repasa-los-hitos-del-gr-160\/"]}]},{"@type":"ImageObject","inLanguage":"es","@id":"https:\/\/www.senderosgr.es\/blog\/2012\/04\/20\/la-serie-documental-de-rtve-sobre-el-camino-del-cid-repasa-los-hitos-del-gr-160\/#primaryimage","url":"http:\/\/1.bp.blogspot.com\/-3MTtDx7fC0A\/T5GJxw22KCI\/AAAAAAAAAc8\/uUwE4KpXRz4\/s320\/MANUAL+IC+002.jpg","contentUrl":"http:\/\/1.bp.blogspot.com\/-3MTtDx7fC0A\/T5GJxw22KCI\/AAAAAAAAAc8\/uUwE4KpXRz4\/s320\/MANUAL+IC+002.jpg"},{"@type":"BreadcrumbList","@id":"https:\/\/www.senderosgr.es\/blog\/2012\/04\/20\/la-serie-documental-de-rtve-sobre-el-camino-del-cid-repasa-los-hitos-del-gr-160\/#breadcrumb","itemListElement":[{"@type":"ListItem","position":1,"name":"Portada","item":"https:\/\/www.senderosgr.es\/blog\/"},{"@type":"ListItem","position":2,"name":"La serie documental de RTVE sobre El Camino del Cid repasa los hitos del GR 160"}]},{"@type":"WebSite","@id":"https:\/\/www.senderosgr.es\/blog\/#website","url":"https:\/\/www.senderosgr.es\/blog\/","name":"El Blog de SenderosGR","description":"Noticias, opiniones... \u00a1y mucho m\u00e1s!","publisher":{"@id":"https:\/\/www.senderosgr.es\/blog\/#organization"},"potentialAction":[{"@type":"SearchAction","target":{"@type":"EntryPoint","urlTemplate":"https:\/\/www.senderosgr.es\/blog\/?s={search_term_string}"},"query-input":{"@type":"PropertyValueSpecification","valueRequired":true,"valueName":"search_term_string"}}],"inLanguage":"es"},{"@type":"Organization","@id":"https:\/\/www.senderosgr.es\/blog\/#organization","name":"El Blog de SenderosGR","url":"https:\/\/www.senderosgr.es\/blog\/","logo":{"@type":"ImageObject","inLanguage":"es","@id":"https:\/\/www.senderosgr.es\/blog\/#\/schema\/logo\/image\/","url":"https:\/\/www.senderosgr.es\/blog\/wp-content\/uploads\/2016\/06\/SGR-logo-cabecera-wordpress-copy-1.jpg","contentUrl":"https:\/\/www.senderosgr.es\/blog\/wp-content\/uploads\/2016\/06\/SGR-logo-cabecera-wordpress-copy-1.jpg","width":240,"height":240,"caption":"El Blog de SenderosGR"},"image":{"@id":"https:\/\/www.senderosgr.es\/blog\/#\/schema\/logo\/image\/"}},{"@type":"Person","@id":"https:\/\/www.senderosgr.es\/blog\/#\/schema\/person\/f2eef32e9aa1ea1fbc35244e3cff648f","name":"SenderosGR","image":{"@type":"ImageObject","inLanguage":"es","@id":"https:\/\/www.senderosgr.es\/blog\/#\/schema\/person\/image\/","url":"https:\/\/secure.gravatar.com\/avatar\/6f52711b33f9d4b67746ba74eb5d9e349ce13d3901fd85c995aea449f2512faf?s=96&d=mm&r=g","contentUrl":"https:\/\/secure.gravatar.com\/avatar\/6f52711b33f9d4b67746ba74eb5d9e349ce13d3901fd85c995aea449f2512faf?s=96&d=mm&r=g","caption":"SenderosGR"},"description":"Buz\u00f3n general de SenderosGR","url":"https:\/\/www.senderosgr.es\/blog\/author\/administrador\/"}]}},"cc_featured_image_caption":{"caption_text":false,"source_text":false,"source_url":false},"_links":{"self":[{"href":"https:\/\/www.senderosgr.es\/blog\/wp-json\/wp\/v2\/posts\/43","targetHints":{"allow":["GET"]}}],"collection":[{"href":"https:\/\/www.senderosgr.es\/blog\/wp-json\/wp\/v2\/posts"}],"about":[{"href":"https:\/\/www.senderosgr.es\/blog\/wp-json\/wp\/v2\/types\/post"}],"author":[{"embeddable":true,"href":"https:\/\/www.senderosgr.es\/blog\/wp-json\/wp\/v2\/users\/1"}],"replies":[{"embeddable":true,"href":"https:\/\/www.senderosgr.es\/blog\/wp-json\/wp\/v2\/comments?post=43"}],"version-history":[{"count":0,"href":"https:\/\/www.senderosgr.es\/blog\/wp-json\/wp\/v2\/posts\/43\/revisions"}],"wp:attachment":[{"href":"https:\/\/www.senderosgr.es\/blog\/wp-json\/wp\/v2\/media?parent=43"}],"wp:term":[{"taxonomy":"category","embeddable":true,"href":"https:\/\/www.senderosgr.es\/blog\/wp-json\/wp\/v2\/categories?post=43"},{"taxonomy":"post_tag","embeddable":true,"href":"https:\/\/www.senderosgr.es\/blog\/wp-json\/wp\/v2\/tags?post=43"}],"curies":[{"name":"wp","href":"https:\/\/api.w.org\/{rel}","templated":true}]}}