{"id":40,"date":"2012-05-02T16:07:00","date_gmt":"2012-05-02T16:07:00","guid":{"rendered":"http:\/\/www.senderosgr.es\/blog\/2012\/05\/02\/la-x-semana-de-la-montana-acerca-al-publico-aragones-la-aventura-de-recorrer-el-gr-11\/"},"modified":"2012-05-02T16:07:00","modified_gmt":"2012-05-02T16:07:00","slug":"la-x-semana-de-la-montana-acerca-al-publico-aragones-la-aventura-de-recorrer-el-gr-11","status":"publish","type":"post","link":"https:\/\/www.senderosgr.es\/blog\/2012\/05\/02\/la-x-semana-de-la-montana-acerca-al-publico-aragones-la-aventura-de-recorrer-el-gr-11\/","title":{"rendered":"La X Semana de la Monta\u00f1a acerca al p\u00fablico aragon\u00e9s la aventura de recorrer el GR 11"},"content":{"rendered":"<p>El <a href=\"http:\/\/www.lacordada.com\/\" target=\"_blank\">Club de Monta\u00f1a La Cordada<\/a> ha organizado la <a href=\"http:\/\/www.fam.es\/web\/mas-noticias\/640-x-semana-de-la-montana-cm-la-cordada\" target=\"_blank\">X Semana de la Monta\u00f1a<\/a>, que tendr\u00e1 lugar del 6 al 13 de mayo en <a href=\"http:\/\/www.alcaniz.es\/\" target=\"_blank\">Alca\u00f1iz (Arag\u00f3n)<\/a>. Las jornadas cuentan con diversas actividades, desde proyecciones a exposiciones y traves\u00edas a pie y en bicicleta.<\/p>\n<div style=\"clear: both; text-align: center;\"><a href=\"http:\/\/3.bp.blogspot.com\/-5U9rj2ljYdw\/T6FbRuLskgI\/AAAAAAAAAdU\/fPafa25Y8rc\/s1600\/x+semana.JPG\" style=\"clear: left; float: left; margin-bottom: 1em; margin-right: 1em;\"><img loading=\"lazy\" decoding=\"async\" border=\"0\" height=\"213\" src=\"http:\/\/3.bp.blogspot.com\/-5U9rj2ljYdw\/T6FbRuLskgI\/AAAAAAAAAdU\/fPafa25Y8rc\/s320\/x+semana.JPG\" width=\"320\" \/><\/a><\/div>\n<p>Las actividades comenzar\u00e1n hoy con la inauguraci\u00f3n de la exposici\u00f3n de Fotograf\u00eda de Monta\u00f1a, en la <a href=\"http:\/\/www.ruralvia.com\/\" target=\"_blank\">Caja Rural de Teruel en Alca\u00f1iz<\/a>. La exposici\u00f3n permanecer\u00e1 abierta hasta el pr\u00f3ximo 31 de mayo. Esta misma semana, el domingo 6 de mayo, tendr\u00e1 lugar una Jornada de Convivencia que consistir\u00e1 en una salida senderista por Alca\u00f1iz, finalizando el recorrido con una comida en la sede social del Club La Cordada, en el antiguo apeadero.<\/p>\n<p>La semana pr\u00f3xima se llevar\u00e1n a cabo dos sesiones con proyecciones especializadas. La primera, <i>El GR 11 integral en autosuficiencia<\/i>, ser\u00e1 el mi\u00e9rcoles 9 de mayo y correr\u00e1 a cargo de Alberto Sau, monta\u00f1ero multidisciplinar que se autoproclama <i>enamorado de la monta\u00f1a en general y del Pirineo en particular<\/i> y que expondr\u00e1 <b>su aventura de recorrer el <a href=\"http:\/\/www.hyparion.com\/web\/informacio\/muntanya\/apeu\/gr11.htm\" target=\"_blank\">GR 11, Senda Pirenaica<\/a><\/b>, en solitario durante m\u00e1s de 800 kil\u00f3metros.&nbsp; <\/p>\n<p>La segunda proyecci\u00f3n tendr\u00e1 lugar al d\u00eda siguiente, el 10 de mayo, y consistir\u00e1 en la exposici\u00f3n de un proyecto de Diego Ballestero que le llev\u00f3 a recorrer casi 13.000 kil\u00f3metros, desde Espa\u00f1a a China, en bicicleta.<\/p>\n<p>La Semana de la Monta\u00f1a concluir\u00e1, el 13 de mayo, con una salida de 100 kil\u00f3metros desde Calanda en BTT por los \u00e1rboles monumentales de la comarca. Asimismo, se han programado dos actividades paralelas que complementan el programa: dos jornadas de barranquismo el 19 y el 20 de mayo en la Sierra de Guara y una salida senderista el d\u00eda 27 por el Maestrazgo (Olocau-Tronch\u00f3n-Mirambel).<\/p>\n<p>En la organizaci\u00f3n de la X Semana de la Monta\u00f1a han colaborado tambi\u00e9n el Ayuntamiento de Alca\u00f1iz, <a href=\"http:\/\/www.fam.es\/\" target=\"_blank\">La Federaci\u00f3n Aragonesa de Monta\u00f1ismo (FAM)<\/a>, el <a href=\"http:\/\/www.zalagarda.com\/\" target=\"_blank\">Club de Monta\u00f1a Zalagarda<\/a>, el Centro <a href=\"http:\/\/www.cecbajoaragon-caspe.net\/\" target=\"_blank\">de Estudios Comarcales del bajo Arag\u00f3n (CASPE)<\/a> y la Caja Rural de Teruel.<\/p>\n","protected":false},"excerpt":{"rendered":"<p>El Club de Monta\u00f1a La Cordada ha organizado la X Semana de la Monta\u00f1a, que tendr\u00e1 lugar del 6 al 13 de mayo en Alca\u00f1iz (Arag\u00f3n). Las jornadas cuentan con diversas actividades, desde proyecciones a exposiciones y traves\u00edas a pie y en bicicleta. Las actividades comenzar\u00e1n hoy con la inauguraci\u00f3n de la exposici\u00f3n de Fotograf\u00eda [&hellip;]<\/p>\n","protected":false},"author":1,"featured_media":0,"comment_status":"open","ping_status":"open","sticky":false,"template":"","format":"standard","meta":{"footnotes":""},"categories":[1],"tags":[],"class_list":["post-40","post","type-post","status-publish","format-standard","hentry","category-sin-categoria"],"yoast_head":"<!-- This site is optimized with the Yoast SEO plugin v26.6 - https:\/\/yoast.com\/wordpress\/plugins\/seo\/ -->\n<title>La X Semana de la Monta\u00f1a acerca al p\u00fablico aragon\u00e9s la aventura de recorrer el GR 11 - El Blog de SenderosGR<\/title>\n<meta name=\"robots\" content=\"index, follow, max-snippet:-1, max-image-preview:large, max-video-preview:-1\" \/>\n<link rel=\"canonical\" href=\"https:\/\/www.senderosgr.es\/blog\/2012\/05\/02\/la-x-semana-de-la-montana-acerca-al-publico-aragones-la-aventura-de-recorrer-el-gr-11\/\" \/>\n<meta property=\"og:locale\" content=\"es_ES\" \/>\n<meta property=\"og:type\" content=\"article\" \/>\n<meta property=\"og:title\" content=\"La X Semana de la Monta\u00f1a acerca al p\u00fablico aragon\u00e9s la aventura de recorrer el GR 11 - El Blog de SenderosGR\" \/>\n<meta property=\"og:description\" content=\"El Club de Monta\u00f1a La Cordada ha organizado la X Semana de la Monta\u00f1a, que tendr\u00e1 lugar del 6 al 13 de mayo en Alca\u00f1iz (Arag\u00f3n). Las jornadas cuentan con diversas actividades, desde proyecciones a exposiciones y traves\u00edas a pie y en bicicleta. Las actividades comenzar\u00e1n hoy con la inauguraci\u00f3n de la exposici\u00f3n de Fotograf\u00eda [&hellip;]\" \/>\n<meta property=\"og:url\" content=\"https:\/\/www.senderosgr.es\/blog\/2012\/05\/02\/la-x-semana-de-la-montana-acerca-al-publico-aragones-la-aventura-de-recorrer-el-gr-11\/\" \/>\n<meta property=\"og:site_name\" content=\"El Blog de SenderosGR\" \/>\n<meta property=\"article:published_time\" content=\"2012-05-02T16:07:00+00:00\" \/>\n<meta property=\"og:image\" content=\"http:\/\/3.bp.blogspot.com\/-5U9rj2ljYdw\/T6FbRuLskgI\/AAAAAAAAAdU\/fPafa25Y8rc\/s320\/x+semana.JPG\" \/>\n<meta name=\"author\" content=\"SenderosGR\" \/>\n<meta name=\"twitter:card\" content=\"summary_large_image\" \/>\n<meta name=\"twitter:label1\" content=\"Escrito por\" \/>\n\t<meta name=\"twitter:data1\" content=\"SenderosGR\" \/>\n\t<meta name=\"twitter:label2\" content=\"Tiempo de lectura\" \/>\n\t<meta name=\"twitter:data2\" content=\"2 minutos\" \/>\n<script type=\"application\/ld+json\" class=\"yoast-schema-graph\">{\"@context\":\"https:\/\/schema.org\",\"@graph\":[{\"@type\":\"Article\",\"@id\":\"https:\/\/www.senderosgr.es\/blog\/2012\/05\/02\/la-x-semana-de-la-montana-acerca-al-publico-aragones-la-aventura-de-recorrer-el-gr-11\/#article\",\"isPartOf\":{\"@id\":\"https:\/\/www.senderosgr.es\/blog\/2012\/05\/02\/la-x-semana-de-la-montana-acerca-al-publico-aragones-la-aventura-de-recorrer-el-gr-11\/\"},\"author\":{\"name\":\"SenderosGR\",\"@id\":\"https:\/\/www.senderosgr.es\/blog\/#\/schema\/person\/f2eef32e9aa1ea1fbc35244e3cff648f\"},\"headline\":\"La X Semana de la Monta\u00f1a acerca al p\u00fablico aragon\u00e9s la aventura de recorrer el GR 11\",\"datePublished\":\"2012-05-02T16:07:00+00:00\",\"mainEntityOfPage\":{\"@id\":\"https:\/\/www.senderosgr.es\/blog\/2012\/05\/02\/la-x-semana-de-la-montana-acerca-al-publico-aragones-la-aventura-de-recorrer-el-gr-11\/\"},\"wordCount\":371,\"commentCount\":0,\"publisher\":{\"@id\":\"https:\/\/www.senderosgr.es\/blog\/#organization\"},\"image\":{\"@id\":\"https:\/\/www.senderosgr.es\/blog\/2012\/05\/02\/la-x-semana-de-la-montana-acerca-al-publico-aragones-la-aventura-de-recorrer-el-gr-11\/#primaryimage\"},\"thumbnailUrl\":\"http:\/\/3.bp.blogspot.com\/-5U9rj2ljYdw\/T6FbRuLskgI\/AAAAAAAAAdU\/fPafa25Y8rc\/s320\/x+semana.JPG\",\"inLanguage\":\"es\",\"potentialAction\":[{\"@type\":\"CommentAction\",\"name\":\"Comment\",\"target\":[\"https:\/\/www.senderosgr.es\/blog\/2012\/05\/02\/la-x-semana-de-la-montana-acerca-al-publico-aragones-la-aventura-de-recorrer-el-gr-11\/#respond\"]}]},{\"@type\":\"WebPage\",\"@id\":\"https:\/\/www.senderosgr.es\/blog\/2012\/05\/02\/la-x-semana-de-la-montana-acerca-al-publico-aragones-la-aventura-de-recorrer-el-gr-11\/\",\"url\":\"https:\/\/www.senderosgr.es\/blog\/2012\/05\/02\/la-x-semana-de-la-montana-acerca-al-publico-aragones-la-aventura-de-recorrer-el-gr-11\/\",\"name\":\"La X Semana de la Monta\u00f1a acerca al p\u00fablico aragon\u00e9s la aventura de recorrer el GR 11 - El Blog de SenderosGR\",\"isPartOf\":{\"@id\":\"https:\/\/www.senderosgr.es\/blog\/#website\"},\"primaryImageOfPage\":{\"@id\":\"https:\/\/www.senderosgr.es\/blog\/2012\/05\/02\/la-x-semana-de-la-montana-acerca-al-publico-aragones-la-aventura-de-recorrer-el-gr-11\/#primaryimage\"},\"image\":{\"@id\":\"https:\/\/www.senderosgr.es\/blog\/2012\/05\/02\/la-x-semana-de-la-montana-acerca-al-publico-aragones-la-aventura-de-recorrer-el-gr-11\/#primaryimage\"},\"thumbnailUrl\":\"http:\/\/3.bp.blogspot.com\/-5U9rj2ljYdw\/T6FbRuLskgI\/AAAAAAAAAdU\/fPafa25Y8rc\/s320\/x+semana.JPG\",\"datePublished\":\"2012-05-02T16:07:00+00:00\",\"breadcrumb\":{\"@id\":\"https:\/\/www.senderosgr.es\/blog\/2012\/05\/02\/la-x-semana-de-la-montana-acerca-al-publico-aragones-la-aventura-de-recorrer-el-gr-11\/#breadcrumb\"},\"inLanguage\":\"es\",\"potentialAction\":[{\"@type\":\"ReadAction\",\"target\":[\"https:\/\/www.senderosgr.es\/blog\/2012\/05\/02\/la-x-semana-de-la-montana-acerca-al-publico-aragones-la-aventura-de-recorrer-el-gr-11\/\"]}]},{\"@type\":\"ImageObject\",\"inLanguage\":\"es\",\"@id\":\"https:\/\/www.senderosgr.es\/blog\/2012\/05\/02\/la-x-semana-de-la-montana-acerca-al-publico-aragones-la-aventura-de-recorrer-el-gr-11\/#primaryimage\",\"url\":\"http:\/\/3.bp.blogspot.com\/-5U9rj2ljYdw\/T6FbRuLskgI\/AAAAAAAAAdU\/fPafa25Y8rc\/s320\/x+semana.JPG\",\"contentUrl\":\"http:\/\/3.bp.blogspot.com\/-5U9rj2ljYdw\/T6FbRuLskgI\/AAAAAAAAAdU\/fPafa25Y8rc\/s320\/x+semana.JPG\"},{\"@type\":\"BreadcrumbList\",\"@id\":\"https:\/\/www.senderosgr.es\/blog\/2012\/05\/02\/la-x-semana-de-la-montana-acerca-al-publico-aragones-la-aventura-de-recorrer-el-gr-11\/#breadcrumb\",\"itemListElement\":[{\"@type\":\"ListItem\",\"position\":1,\"name\":\"Portada\",\"item\":\"https:\/\/www.senderosgr.es\/blog\/\"},{\"@type\":\"ListItem\",\"position\":2,\"name\":\"La X Semana de la Monta\u00f1a acerca al p\u00fablico aragon\u00e9s la aventura de recorrer el GR 11\"}]},{\"@type\":\"WebSite\",\"@id\":\"https:\/\/www.senderosgr.es\/blog\/#website\",\"url\":\"https:\/\/www.senderosgr.es\/blog\/\",\"name\":\"El Blog de SenderosGR\",\"description\":\"Noticias, opiniones... \u00a1y mucho m\u00e1s!\",\"publisher\":{\"@id\":\"https:\/\/www.senderosgr.es\/blog\/#organization\"},\"potentialAction\":[{\"@type\":\"SearchAction\",\"target\":{\"@type\":\"EntryPoint\",\"urlTemplate\":\"https:\/\/www.senderosgr.es\/blog\/?s={search_term_string}\"},\"query-input\":{\"@type\":\"PropertyValueSpecification\",\"valueRequired\":true,\"valueName\":\"search_term_string\"}}],\"inLanguage\":\"es\"},{\"@type\":\"Organization\",\"@id\":\"https:\/\/www.senderosgr.es\/blog\/#organization\",\"name\":\"El Blog de SenderosGR\",\"url\":\"https:\/\/www.senderosgr.es\/blog\/\",\"logo\":{\"@type\":\"ImageObject\",\"inLanguage\":\"es\",\"@id\":\"https:\/\/www.senderosgr.es\/blog\/#\/schema\/logo\/image\/\",\"url\":\"https:\/\/www.senderosgr.es\/blog\/wp-content\/uploads\/2016\/06\/SGR-logo-cabecera-wordpress-copy-1.jpg\",\"contentUrl\":\"https:\/\/www.senderosgr.es\/blog\/wp-content\/uploads\/2016\/06\/SGR-logo-cabecera-wordpress-copy-1.jpg\",\"width\":240,\"height\":240,\"caption\":\"El Blog de SenderosGR\"},\"image\":{\"@id\":\"https:\/\/www.senderosgr.es\/blog\/#\/schema\/logo\/image\/\"}},{\"@type\":\"Person\",\"@id\":\"https:\/\/www.senderosgr.es\/blog\/#\/schema\/person\/f2eef32e9aa1ea1fbc35244e3cff648f\",\"name\":\"SenderosGR\",\"image\":{\"@type\":\"ImageObject\",\"inLanguage\":\"es\",\"@id\":\"https:\/\/www.senderosgr.es\/blog\/#\/schema\/person\/image\/\",\"url\":\"https:\/\/secure.gravatar.com\/avatar\/6f52711b33f9d4b67746ba74eb5d9e349ce13d3901fd85c995aea449f2512faf?s=96&d=mm&r=g\",\"contentUrl\":\"https:\/\/secure.gravatar.com\/avatar\/6f52711b33f9d4b67746ba74eb5d9e349ce13d3901fd85c995aea449f2512faf?s=96&d=mm&r=g\",\"caption\":\"SenderosGR\"},\"description\":\"Buz\u00f3n general de SenderosGR\",\"url\":\"https:\/\/www.senderosgr.es\/blog\/author\/administrador\/\"}]}<\/script>\n<!-- \/ Yoast SEO plugin. -->","yoast_head_json":{"title":"La X Semana de la Monta\u00f1a acerca al p\u00fablico aragon\u00e9s la aventura de recorrer el GR 11 - El Blog de SenderosGR","robots":{"index":"index","follow":"follow","max-snippet":"max-snippet:-1","max-image-preview":"max-image-preview:large","max-video-preview":"max-video-preview:-1"},"canonical":"https:\/\/www.senderosgr.es\/blog\/2012\/05\/02\/la-x-semana-de-la-montana-acerca-al-publico-aragones-la-aventura-de-recorrer-el-gr-11\/","og_locale":"es_ES","og_type":"article","og_title":"La X Semana de la Monta\u00f1a acerca al p\u00fablico aragon\u00e9s la aventura de recorrer el GR 11 - El Blog de SenderosGR","og_description":"El Club de Monta\u00f1a La Cordada ha organizado la X Semana de la Monta\u00f1a, que tendr\u00e1 lugar del 6 al 13 de mayo en Alca\u00f1iz (Arag\u00f3n). Las jornadas cuentan con diversas actividades, desde proyecciones a exposiciones y traves\u00edas a pie y en bicicleta. Las actividades comenzar\u00e1n hoy con la inauguraci\u00f3n de la exposici\u00f3n de Fotograf\u00eda [&hellip;]","og_url":"https:\/\/www.senderosgr.es\/blog\/2012\/05\/02\/la-x-semana-de-la-montana-acerca-al-publico-aragones-la-aventura-de-recorrer-el-gr-11\/","og_site_name":"El Blog de SenderosGR","article_published_time":"2012-05-02T16:07:00+00:00","og_image":[{"url":"http:\/\/3.bp.blogspot.com\/-5U9rj2ljYdw\/T6FbRuLskgI\/AAAAAAAAAdU\/fPafa25Y8rc\/s320\/x+semana.JPG","type":"","width":"","height":""}],"author":"SenderosGR","twitter_card":"summary_large_image","twitter_misc":{"Escrito por":"SenderosGR","Tiempo de lectura":"2 minutos"},"schema":{"@context":"https:\/\/schema.org","@graph":[{"@type":"Article","@id":"https:\/\/www.senderosgr.es\/blog\/2012\/05\/02\/la-x-semana-de-la-montana-acerca-al-publico-aragones-la-aventura-de-recorrer-el-gr-11\/#article","isPartOf":{"@id":"https:\/\/www.senderosgr.es\/blog\/2012\/05\/02\/la-x-semana-de-la-montana-acerca-al-publico-aragones-la-aventura-de-recorrer-el-gr-11\/"},"author":{"name":"SenderosGR","@id":"https:\/\/www.senderosgr.es\/blog\/#\/schema\/person\/f2eef32e9aa1ea1fbc35244e3cff648f"},"headline":"La X Semana de la Monta\u00f1a acerca al p\u00fablico aragon\u00e9s la aventura de recorrer el GR 11","datePublished":"2012-05-02T16:07:00+00:00","mainEntityOfPage":{"@id":"https:\/\/www.senderosgr.es\/blog\/2012\/05\/02\/la-x-semana-de-la-montana-acerca-al-publico-aragones-la-aventura-de-recorrer-el-gr-11\/"},"wordCount":371,"commentCount":0,"publisher":{"@id":"https:\/\/www.senderosgr.es\/blog\/#organization"},"image":{"@id":"https:\/\/www.senderosgr.es\/blog\/2012\/05\/02\/la-x-semana-de-la-montana-acerca-al-publico-aragones-la-aventura-de-recorrer-el-gr-11\/#primaryimage"},"thumbnailUrl":"http:\/\/3.bp.blogspot.com\/-5U9rj2ljYdw\/T6FbRuLskgI\/AAAAAAAAAdU\/fPafa25Y8rc\/s320\/x+semana.JPG","inLanguage":"es","potentialAction":[{"@type":"CommentAction","name":"Comment","target":["https:\/\/www.senderosgr.es\/blog\/2012\/05\/02\/la-x-semana-de-la-montana-acerca-al-publico-aragones-la-aventura-de-recorrer-el-gr-11\/#respond"]}]},{"@type":"WebPage","@id":"https:\/\/www.senderosgr.es\/blog\/2012\/05\/02\/la-x-semana-de-la-montana-acerca-al-publico-aragones-la-aventura-de-recorrer-el-gr-11\/","url":"https:\/\/www.senderosgr.es\/blog\/2012\/05\/02\/la-x-semana-de-la-montana-acerca-al-publico-aragones-la-aventura-de-recorrer-el-gr-11\/","name":"La X Semana de la Monta\u00f1a acerca al p\u00fablico aragon\u00e9s la aventura de recorrer el GR 11 - El Blog de SenderosGR","isPartOf":{"@id":"https:\/\/www.senderosgr.es\/blog\/#website"},"primaryImageOfPage":{"@id":"https:\/\/www.senderosgr.es\/blog\/2012\/05\/02\/la-x-semana-de-la-montana-acerca-al-publico-aragones-la-aventura-de-recorrer-el-gr-11\/#primaryimage"},"image":{"@id":"https:\/\/www.senderosgr.es\/blog\/2012\/05\/02\/la-x-semana-de-la-montana-acerca-al-publico-aragones-la-aventura-de-recorrer-el-gr-11\/#primaryimage"},"thumbnailUrl":"http:\/\/3.bp.blogspot.com\/-5U9rj2ljYdw\/T6FbRuLskgI\/AAAAAAAAAdU\/fPafa25Y8rc\/s320\/x+semana.JPG","datePublished":"2012-05-02T16:07:00+00:00","breadcrumb":{"@id":"https:\/\/www.senderosgr.es\/blog\/2012\/05\/02\/la-x-semana-de-la-montana-acerca-al-publico-aragones-la-aventura-de-recorrer-el-gr-11\/#breadcrumb"},"inLanguage":"es","potentialAction":[{"@type":"ReadAction","target":["https:\/\/www.senderosgr.es\/blog\/2012\/05\/02\/la-x-semana-de-la-montana-acerca-al-publico-aragones-la-aventura-de-recorrer-el-gr-11\/"]}]},{"@type":"ImageObject","inLanguage":"es","@id":"https:\/\/www.senderosgr.es\/blog\/2012\/05\/02\/la-x-semana-de-la-montana-acerca-al-publico-aragones-la-aventura-de-recorrer-el-gr-11\/#primaryimage","url":"http:\/\/3.bp.blogspot.com\/-5U9rj2ljYdw\/T6FbRuLskgI\/AAAAAAAAAdU\/fPafa25Y8rc\/s320\/x+semana.JPG","contentUrl":"http:\/\/3.bp.blogspot.com\/-5U9rj2ljYdw\/T6FbRuLskgI\/AAAAAAAAAdU\/fPafa25Y8rc\/s320\/x+semana.JPG"},{"@type":"BreadcrumbList","@id":"https:\/\/www.senderosgr.es\/blog\/2012\/05\/02\/la-x-semana-de-la-montana-acerca-al-publico-aragones-la-aventura-de-recorrer-el-gr-11\/#breadcrumb","itemListElement":[{"@type":"ListItem","position":1,"name":"Portada","item":"https:\/\/www.senderosgr.es\/blog\/"},{"@type":"ListItem","position":2,"name":"La X Semana de la Monta\u00f1a acerca al p\u00fablico aragon\u00e9s la aventura de recorrer el GR 11"}]},{"@type":"WebSite","@id":"https:\/\/www.senderosgr.es\/blog\/#website","url":"https:\/\/www.senderosgr.es\/blog\/","name":"El Blog de SenderosGR","description":"Noticias, opiniones... \u00a1y mucho m\u00e1s!","publisher":{"@id":"https:\/\/www.senderosgr.es\/blog\/#organization"},"potentialAction":[{"@type":"SearchAction","target":{"@type":"EntryPoint","urlTemplate":"https:\/\/www.senderosgr.es\/blog\/?s={search_term_string}"},"query-input":{"@type":"PropertyValueSpecification","valueRequired":true,"valueName":"search_term_string"}}],"inLanguage":"es"},{"@type":"Organization","@id":"https:\/\/www.senderosgr.es\/blog\/#organization","name":"El Blog de SenderosGR","url":"https:\/\/www.senderosgr.es\/blog\/","logo":{"@type":"ImageObject","inLanguage":"es","@id":"https:\/\/www.senderosgr.es\/blog\/#\/schema\/logo\/image\/","url":"https:\/\/www.senderosgr.es\/blog\/wp-content\/uploads\/2016\/06\/SGR-logo-cabecera-wordpress-copy-1.jpg","contentUrl":"https:\/\/www.senderosgr.es\/blog\/wp-content\/uploads\/2016\/06\/SGR-logo-cabecera-wordpress-copy-1.jpg","width":240,"height":240,"caption":"El Blog de SenderosGR"},"image":{"@id":"https:\/\/www.senderosgr.es\/blog\/#\/schema\/logo\/image\/"}},{"@type":"Person","@id":"https:\/\/www.senderosgr.es\/blog\/#\/schema\/person\/f2eef32e9aa1ea1fbc35244e3cff648f","name":"SenderosGR","image":{"@type":"ImageObject","inLanguage":"es","@id":"https:\/\/www.senderosgr.es\/blog\/#\/schema\/person\/image\/","url":"https:\/\/secure.gravatar.com\/avatar\/6f52711b33f9d4b67746ba74eb5d9e349ce13d3901fd85c995aea449f2512faf?s=96&d=mm&r=g","contentUrl":"https:\/\/secure.gravatar.com\/avatar\/6f52711b33f9d4b67746ba74eb5d9e349ce13d3901fd85c995aea449f2512faf?s=96&d=mm&r=g","caption":"SenderosGR"},"description":"Buz\u00f3n general de SenderosGR","url":"https:\/\/www.senderosgr.es\/blog\/author\/administrador\/"}]}},"cc_featured_image_caption":{"caption_text":false,"source_text":false,"source_url":false},"_links":{"self":[{"href":"https:\/\/www.senderosgr.es\/blog\/wp-json\/wp\/v2\/posts\/40","targetHints":{"allow":["GET"]}}],"collection":[{"href":"https:\/\/www.senderosgr.es\/blog\/wp-json\/wp\/v2\/posts"}],"about":[{"href":"https:\/\/www.senderosgr.es\/blog\/wp-json\/wp\/v2\/types\/post"}],"author":[{"embeddable":true,"href":"https:\/\/www.senderosgr.es\/blog\/wp-json\/wp\/v2\/users\/1"}],"replies":[{"embeddable":true,"href":"https:\/\/www.senderosgr.es\/blog\/wp-json\/wp\/v2\/comments?post=40"}],"version-history":[{"count":0,"href":"https:\/\/www.senderosgr.es\/blog\/wp-json\/wp\/v2\/posts\/40\/revisions"}],"wp:attachment":[{"href":"https:\/\/www.senderosgr.es\/blog\/wp-json\/wp\/v2\/media?parent=40"}],"wp:term":[{"taxonomy":"category","embeddable":true,"href":"https:\/\/www.senderosgr.es\/blog\/wp-json\/wp\/v2\/categories?post=40"},{"taxonomy":"post_tag","embeddable":true,"href":"https:\/\/www.senderosgr.es\/blog\/wp-json\/wp\/v2\/tags?post=40"}],"curies":[{"name":"wp","href":"https:\/\/api.w.org\/{rel}","templated":true}]}}