{"id":396,"date":"2016-10-24T11:12:53","date_gmt":"2016-10-24T09:12:53","guid":{"rendered":"http:\/\/www.senderosgr.es\/blog\/?p=396"},"modified":"2016-10-25T15:52:25","modified_gmt":"2016-10-25T13:52:25","slug":"cib-gr-92","status":"publish","type":"post","link":"https:\/\/www.senderosgr.es\/blog\/2016\/10\/24\/cib-gr-92\/","title":{"rendered":"CIB vs GR-92"},"content":{"rendered":"<p style=\"text-align: justify\">Los d\u00edas 15 y 16 de octubre aprovechamos\u00a0nuestra estancia en Barcelona, para disfrutar de las rutas que pon\u00eda a nuestra disposici\u00f3n la <a href=\"http:\/\/www.euro-senders.com\/internacional\/web_cas\/propera.htm\" target=\"_blank\"><strong>CIB &#8211; Caminata Internacional de Barcelona<\/strong><\/a>. As\u00ed pues, nos unimos a los numerosos senderistas que quer\u00edan conocer algunos rincones de la ciudad de la mano de este evento anual.<\/p>\n<p style=\"text-align: justify\"><!--more--><\/p>\n<p style=\"text-align: justify\">La <strong>CIB<\/strong> se organiza cada a\u00f1o en la ciudad Condal y dispone de hasta tres formatos para todos los gustos en cuanto a distancia, y de dos espacios muy definidos en cuanto a localizaci\u00f3n.<\/p>\n<p style=\"text-align: justify\">La realizaci\u00f3n de esta <strong>caminata no competitiva<\/strong> se reparte en dos d\u00edas (s\u00e1bado y domingo), en la cual tendremos la opci\u00f3n de elegir itinerarios de 20 \u00f3 30 km o bien de 10 km para los mayores de 70 a\u00f1os. El hecho de participar en uno o los dos d\u00edas tambi\u00e9n es a nuestra elecci\u00f3n.<\/p>\n<p style=\"text-align: justify\">En cuanto a la localizaci\u00f3n, en a\u00f1os alternos las rutas se realizan por la zona del Llobregat o la del Bes\u00f2s, siendo \u00e9stas las \u2018fronteras\u2019 fluviales del oeste y este de la ciudad respectivamente, siempre que la contemplemos desde el mar.<\/p>\n<p style=\"text-align: justify\">Este a\u00f1o tocaba disfrutar de la ciudad desde el itinerario del Bes\u00f2s y \u00a1\u00a1lo hemos hecho!!<\/p>\n<p style=\"text-align: justify\">Las rutas de ambos d\u00edas se diferencian en que la del s\u00e1bado suele ser una salida m\u00e1s urbana que campestre y adem\u00e1s es circular. En cambio la del domingo es m\u00e1s monta\u00f1osa con la particularidad de que, a diferencia de la del d\u00eda anterior, es lineal, empieza\u00a0en terreno verde y acaba en la ciudad.<\/p>\n<p style=\"text-align: justify\">Como os coment\u00e1bamos, este a\u00f1o nos hemos dejado seducir por la ciudad que abraza al mar y, eligiendo los itinerarios de 30 km\u2019s, le hemos dado una oportunidad para que nos enamore un poco m\u00e1s si cabe.<\/p>\n<p style=\"text-align: justify\">En cuanto a desniveles de las rutas, \u00e9stos fueron\u00a0bastante asequibles al rondar en esta ocasi\u00f3n los 785 m diarios repartidos durante toda la ruta.<\/p>\n<p style=\"text-align: justify\">Cuando echamos la vista atr\u00e1s, y vemos que los madrugones que nos pegamos\u00a0nos permitieron\u00a0ver como despierta la ciudad, concluimos sin duda que \u00a1vale la pena!<\/p>\n<p style=\"text-align: justify\">Pasamos\u00a0de una imagen casi completamente a oscuras, a otra en la que los primeros rayos de sol en el horizonte, justo encima del mar, dan paso a un nuevo d\u00eda; justo cuando el astro rey se abre paso entre las nubes e ilumina poco a poco todo lo que nos rodea, \u00a1nos sentimos afortunados!. Las im\u00e1genes fueron espectaculares, dignas de cualquier sue\u00f1o hecho realidad.<\/p>\n<p><img loading=\"lazy\" decoding=\"async\" class=\"aligncenter  wp-image-442\" src=\"http:\/\/www.senderosgr.es\/blog\/wp-content\/uploads\/2016\/10\/BCN-300x108.jpg\" alt=\"Perfil BCN\" width=\"858\" height=\"309\" srcset=\"https:\/\/www.senderosgr.es\/blog\/wp-content\/uploads\/2016\/10\/BCN-300x108.jpg 300w, https:\/\/www.senderosgr.es\/blog\/wp-content\/uploads\/2016\/10\/BCN-600x217.jpg 600w, https:\/\/www.senderosgr.es\/blog\/wp-content\/uploads\/2016\/10\/BCN-768x278.jpg 768w, https:\/\/www.senderosgr.es\/blog\/wp-content\/uploads\/2016\/10\/BCN-1024x370.jpg 1024w\" sizes=\"auto, (max-width: 858px) 100vw, 858px\" \/><\/p>\n<p style=\"text-align: justify\">Por otro lado, las panor\u00e1micas de las ciudades que fuimos descubriendo poco a poco\u2026 Barcelona, Alella, Badalona, Santa Coloma de Gramanet\u2026 nos hicieron sentirnos privilegiados por nuestra ubicaci\u00f3n, y nos situaron en miradores espectaculares y maravillosos que probablemente, con un simple paseo, no hubi\u00e9ramos alcanzado.<\/p>\n<p style=\"text-align: justify\">Pero eso no es todo\u2026 adem\u00e1s tuvimos la suerte de que la ruta del domingo, discurri\u00f3 durante bastantes kil\u00f3metros por el <a href=\"http:\/\/www.senderosgr.es\/SenderosRegiones\/Detalle.aspx?IdSenderoRegion=112&amp;IdSendero=4&amp;Tipo=3&amp;IdAsociado=112\" target=\"_blank\"><strong>GR-92<\/strong><\/a>, algo que nos permiti\u00f3 disfrutar de un sendero homologado en su paso por tierras catalanas, y el cual aparte de <strong>correctamente se\u00f1alizado<\/strong> es ameno, con senda de f\u00e1cil acceso, pistas anchas y relativamente pocos lugares para esconderse cuando el sol aprieta\u2026 \u00a1no se puede tener todo!<\/p>\n<p style=\"text-align: justify\">Al haber coincidido \u00fanicamente de forma parcial con el recorrido del GR, no podemos m\u00e1s que agradecer las continuas marcas en rocas, \u00e1rboles e incluso postes verticales informativos de los caminos por los que transitas. \u00a1Incluso nos cruzamos con una variante del <strong><a href=\"http:\/\/www.senderosgr.es\/SenderosDetalle.aspx?IdSendero=100&amp;Tipo=1&amp;IdAsociado=100\">GR-97<\/a><\/strong>!<\/p>\n<p style=\"text-align: justify\">Punto positivo para quien gestione este tramo de camino, \u00a1al menos por el trozo que coincidi\u00f3 con el CIB!<\/p>\n<p><img loading=\"lazy\" decoding=\"async\" class=\"alignright wp-image-417 size-medium\" src=\"http:\/\/www.senderosgr.es\/blog\/wp-content\/uploads\/2016\/10\/2016-10-16-11.02.54-e1477066692412-225x300.jpg\" alt=\"Se\u00f1al vertical GR\" width=\"225\" height=\"300\" srcset=\"https:\/\/www.senderosgr.es\/blog\/wp-content\/uploads\/2016\/10\/2016-10-16-11.02.54-e1477066692412-225x300.jpg 225w, https:\/\/www.senderosgr.es\/blog\/wp-content\/uploads\/2016\/10\/2016-10-16-11.02.54-e1477066692412-600x800.jpg 600w, https:\/\/www.senderosgr.es\/blog\/wp-content\/uploads\/2016\/10\/2016-10-16-11.02.54-e1477066692412-768x1024.jpg 768w, https:\/\/www.senderosgr.es\/blog\/wp-content\/uploads\/2016\/10\/2016-10-16-11.02.54-e1477066692412-scaled.jpg 1920w\" sizes=\"auto, (max-width: 225px) 100vw, 225px\" \/><\/p>\n<p style=\"text-align: justify\"><strong>Aprovechar los GR para realizar excursiones, salidas, eventos o caminatas organizadas es otra forma de dar a conocer la pluralidad de maravillas de que disponemos cerca de nosotros<\/strong> que, la mayor parte de las veces, pasan desapercibidas.<\/p>\n<p style=\"text-align: justify\">No es necesario realizar un GR de principio a fin. S\u00f3lo con el hecho de que le des una oportunidad, de que compartas con \u00e9l algunos kil\u00f3metros, habr\u00e1 valido la pena.<\/p>\n<p style=\"text-align: justify\">Desde <strong>SenderosGR<\/strong> aplaudimos iniciativas como \u00e9stas que permiten darle alas al senderismo y a la vez dar a conocer una parte de la ciudad que pasa generalmente desapercibida. \u00a1Gracias CIB!<\/p>\n<p style=\"text-align: justify\">Si para m\u00e1s inri, estas salidas que potencian la vida sana y los h\u00e1bitos saludables discurren, aunque sea parcialmente por uno de los muchos <strong>GR\u2019s<\/strong> de que disponemos en Espa\u00f1a, la ilusi\u00f3n y las ganas de compartir esta actividad se multiplican.<\/p>\n<p style=\"text-align: justify\">Seguiremos compartiendo con ellos estas maravillosas rutas, claro que s\u00ed.<\/p>\n<p style=\"text-align: justify\">Info m\u00e1s detallada <a href=\"http:\/\/www.euro-senders.com\/internacional\/\">aqu\u00ed<\/a> de la <strong>CIB.<\/strong><\/p>\n<p style=\"text-align: justify\">Pr\u00f3xima cita, en 12 meses, octubre de 2.017, \u00bfnos acompa\u00f1areis?<\/p>\n<p style=\"text-align: justify\">\u00a1\u00a1Os avisaremos puntualmente de la apertura de inscripciones!!<\/p>\n","protected":false},"excerpt":{"rendered":"<p>Los d\u00edas 15 y 16 de octubre aprovechamos\u00a0nuestra estancia en Barcelona, para disfrutar de las rutas que pon\u00eda a nuestra disposici\u00f3n la CIB &#8211; Caminata Internacional de Barcelona. As\u00ed pues, nos unimos a los numerosos senderistas que quer\u00edan conocer algunos rincones de la ciudad de la mano de este evento anual.<\/p>\n","protected":false},"author":5,"featured_media":400,"comment_status":"open","ping_status":"open","sticky":false,"template":"","format":"standard","meta":{"footnotes":""},"categories":[221,193],"tags":[218,177,173,191,215],"class_list":["post-396","post","type-post","status-publish","format-standard","has-post-thumbnail","hentry","category-grmenorca","category-noticias","tag-eventos","tag-naturaleza","tag-senderismo","tag-senderosgr","tag-trekking"],"yoast_head":"<!-- This site is optimized with the Yoast SEO plugin v26.6 - https:\/\/yoast.com\/wordpress\/plugins\/seo\/ -->\n<title>Disfrutando de una Barcelona diferente - CIB 2016<\/title>\n<meta name=\"description\" content=\"Compatibilidad entre la Caminata Internacional de Barcelona - CIB 2016 y el sendero GR-92 en su paso por tierras catalanas.\" \/>\n<meta name=\"robots\" content=\"index, follow, max-snippet:-1, max-image-preview:large, max-video-preview:-1\" \/>\n<link rel=\"canonical\" href=\"https:\/\/www.senderosgr.es\/blog\/2016\/10\/24\/cib-gr-92\/\" \/>\n<meta property=\"og:locale\" content=\"es_ES\" \/>\n<meta property=\"og:type\" content=\"article\" \/>\n<meta property=\"og:title\" content=\"Disfrutando de una Barcelona diferente - CIB 2016\" \/>\n<meta property=\"og:description\" content=\"Compatibilidad entre la Caminata Internacional de Barcelona - CIB 2016 y el sendero GR-92 en su paso por tierras catalanas.\" \/>\n<meta property=\"og:url\" content=\"https:\/\/www.senderosgr.es\/blog\/2016\/10\/24\/cib-gr-92\/\" \/>\n<meta property=\"og:site_name\" content=\"El Blog de SenderosGR\" \/>\n<meta property=\"article:published_time\" content=\"2016-10-24T09:12:53+00:00\" \/>\n<meta property=\"article:modified_time\" content=\"2016-10-25T13:52:25+00:00\" \/>\n<meta property=\"og:image\" content=\"https:\/\/www.senderosgr.es\/blog\/wp-content\/uploads\/2016\/10\/amanecer-BCN-e1476819703122.jpg\" \/>\n\t<meta property=\"og:image:width\" content=\"3247\" \/>\n\t<meta property=\"og:image:height\" content=\"1272\" \/>\n\t<meta property=\"og:image:type\" content=\"image\/jpeg\" \/>\n<meta name=\"author\" content=\"Estrella Pons\" \/>\n<meta name=\"twitter:card\" content=\"summary_large_image\" \/>\n<meta name=\"twitter:label1\" content=\"Escrito por\" \/>\n\t<meta name=\"twitter:data1\" content=\"Estrella Pons\" \/>\n\t<meta name=\"twitter:label2\" content=\"Tiempo de lectura\" \/>\n\t<meta name=\"twitter:data2\" content=\"4 minutos\" \/>\n<script type=\"application\/ld+json\" class=\"yoast-schema-graph\">{\"@context\":\"https:\/\/schema.org\",\"@graph\":[{\"@type\":\"Article\",\"@id\":\"https:\/\/www.senderosgr.es\/blog\/2016\/10\/24\/cib-gr-92\/#article\",\"isPartOf\":{\"@id\":\"https:\/\/www.senderosgr.es\/blog\/2016\/10\/24\/cib-gr-92\/\"},\"author\":{\"name\":\"Estrella Pons\",\"@id\":\"https:\/\/www.senderosgr.es\/blog\/#\/schema\/person\/080d1d24180630a2d404630713e0edbd\"},\"headline\":\"CIB vs GR-92\",\"datePublished\":\"2016-10-24T09:12:53+00:00\",\"dateModified\":\"2016-10-25T13:52:25+00:00\",\"mainEntityOfPage\":{\"@id\":\"https:\/\/www.senderosgr.es\/blog\/2016\/10\/24\/cib-gr-92\/\"},\"wordCount\":801,\"commentCount\":0,\"publisher\":{\"@id\":\"https:\/\/www.senderosgr.es\/blog\/#organization\"},\"image\":{\"@id\":\"https:\/\/www.senderosgr.es\/blog\/2016\/10\/24\/cib-gr-92\/#primaryimage\"},\"thumbnailUrl\":\"https:\/\/www.senderosgr.es\/blog\/wp-content\/uploads\/2016\/10\/amanecer-BCN-e1476819703122-scaled.jpg\",\"keywords\":[\"eventos\",\"naturaleza\",\"senderismo\",\"senderosgr\",\"trekking\"],\"articleSection\":[\"GR#Menorca\",\"Noticias\"],\"inLanguage\":\"es\",\"potentialAction\":[{\"@type\":\"CommentAction\",\"name\":\"Comment\",\"target\":[\"https:\/\/www.senderosgr.es\/blog\/2016\/10\/24\/cib-gr-92\/#respond\"]}]},{\"@type\":\"WebPage\",\"@id\":\"https:\/\/www.senderosgr.es\/blog\/2016\/10\/24\/cib-gr-92\/\",\"url\":\"https:\/\/www.senderosgr.es\/blog\/2016\/10\/24\/cib-gr-92\/\",\"name\":\"Disfrutando de una Barcelona diferente - CIB 2016\",\"isPartOf\":{\"@id\":\"https:\/\/www.senderosgr.es\/blog\/#website\"},\"primaryImageOfPage\":{\"@id\":\"https:\/\/www.senderosgr.es\/blog\/2016\/10\/24\/cib-gr-92\/#primaryimage\"},\"image\":{\"@id\":\"https:\/\/www.senderosgr.es\/blog\/2016\/10\/24\/cib-gr-92\/#primaryimage\"},\"thumbnailUrl\":\"https:\/\/www.senderosgr.es\/blog\/wp-content\/uploads\/2016\/10\/amanecer-BCN-e1476819703122-scaled.jpg\",\"datePublished\":\"2016-10-24T09:12:53+00:00\",\"dateModified\":\"2016-10-25T13:52:25+00:00\",\"description\":\"Compatibilidad entre la Caminata Internacional de Barcelona - CIB 2016 y el sendero GR-92 en su paso por tierras catalanas.\",\"breadcrumb\":{\"@id\":\"https:\/\/www.senderosgr.es\/blog\/2016\/10\/24\/cib-gr-92\/#breadcrumb\"},\"inLanguage\":\"es\",\"potentialAction\":[{\"@type\":\"ReadAction\",\"target\":[\"https:\/\/www.senderosgr.es\/blog\/2016\/10\/24\/cib-gr-92\/\"]}]},{\"@type\":\"ImageObject\",\"inLanguage\":\"es\",\"@id\":\"https:\/\/www.senderosgr.es\/blog\/2016\/10\/24\/cib-gr-92\/#primaryimage\",\"url\":\"https:\/\/www.senderosgr.es\/blog\/wp-content\/uploads\/2016\/10\/amanecer-BCN-e1476819703122-scaled.jpg\",\"contentUrl\":\"https:\/\/www.senderosgr.es\/blog\/wp-content\/uploads\/2016\/10\/amanecer-BCN-e1476819703122-scaled.jpg\",\"width\":2560,\"height\":1003,\"caption\":\"amanecer sobre Barcelona\"},{\"@type\":\"BreadcrumbList\",\"@id\":\"https:\/\/www.senderosgr.es\/blog\/2016\/10\/24\/cib-gr-92\/#breadcrumb\",\"itemListElement\":[{\"@type\":\"ListItem\",\"position\":1,\"name\":\"Portada\",\"item\":\"https:\/\/www.senderosgr.es\/blog\/\"},{\"@type\":\"ListItem\",\"position\":2,\"name\":\"CIB vs GR-92\"}]},{\"@type\":\"WebSite\",\"@id\":\"https:\/\/www.senderosgr.es\/blog\/#website\",\"url\":\"https:\/\/www.senderosgr.es\/blog\/\",\"name\":\"El Blog de SenderosGR\",\"description\":\"Noticias, opiniones... \u00a1y mucho m\u00e1s!\",\"publisher\":{\"@id\":\"https:\/\/www.senderosgr.es\/blog\/#organization\"},\"potentialAction\":[{\"@type\":\"SearchAction\",\"target\":{\"@type\":\"EntryPoint\",\"urlTemplate\":\"https:\/\/www.senderosgr.es\/blog\/?s={search_term_string}\"},\"query-input\":{\"@type\":\"PropertyValueSpecification\",\"valueRequired\":true,\"valueName\":\"search_term_string\"}}],\"inLanguage\":\"es\"},{\"@type\":\"Organization\",\"@id\":\"https:\/\/www.senderosgr.es\/blog\/#organization\",\"name\":\"El Blog de SenderosGR\",\"url\":\"https:\/\/www.senderosgr.es\/blog\/\",\"logo\":{\"@type\":\"ImageObject\",\"inLanguage\":\"es\",\"@id\":\"https:\/\/www.senderosgr.es\/blog\/#\/schema\/logo\/image\/\",\"url\":\"https:\/\/www.senderosgr.es\/blog\/wp-content\/uploads\/2016\/06\/SGR-logo-cabecera-wordpress-copy-1.jpg\",\"contentUrl\":\"https:\/\/www.senderosgr.es\/blog\/wp-content\/uploads\/2016\/06\/SGR-logo-cabecera-wordpress-copy-1.jpg\",\"width\":240,\"height\":240,\"caption\":\"El Blog de SenderosGR\"},\"image\":{\"@id\":\"https:\/\/www.senderosgr.es\/blog\/#\/schema\/logo\/image\/\"}},{\"@type\":\"Person\",\"@id\":\"https:\/\/www.senderosgr.es\/blog\/#\/schema\/person\/080d1d24180630a2d404630713e0edbd\",\"name\":\"Estrella Pons\",\"image\":{\"@type\":\"ImageObject\",\"inLanguage\":\"es\",\"@id\":\"https:\/\/www.senderosgr.es\/blog\/#\/schema\/person\/image\/\",\"url\":\"https:\/\/secure.gravatar.com\/avatar\/ee06c440cc9a5d2fda28084c8af4b314cbaaa66ec8122f2cd564d046b8ed01f8?s=96&d=mm&r=g\",\"contentUrl\":\"https:\/\/secure.gravatar.com\/avatar\/ee06c440cc9a5d2fda28084c8af4b314cbaaa66ec8122f2cd564d046b8ed01f8?s=96&d=mm&r=g\",\"caption\":\"Estrella Pons\"},\"description\":\"\u00a1Hola! Soy Estrella y he tenido el privilegio de nacer en un para\u00edso. \u00daltimamente adem\u00e1s, la suerte de poder aportar mi grano de arena a este proyecto. Os invito a descubrir de mi pu\u00f1o y letra, el GR que tengo m\u00e1s a mano... y los que vayan poni\u00e9ndose delante de mis pies :) \u00bfPreparados?\",\"url\":\"https:\/\/www.senderosgr.es\/blog\/author\/estrella\/\"}]}<\/script>\n<!-- \/ Yoast SEO plugin. -->","yoast_head_json":{"title":"Disfrutando de una Barcelona diferente - CIB 2016","description":"Compatibilidad entre la Caminata Internacional de Barcelona - CIB 2016 y el sendero GR-92 en su paso por tierras catalanas.","robots":{"index":"index","follow":"follow","max-snippet":"max-snippet:-1","max-image-preview":"max-image-preview:large","max-video-preview":"max-video-preview:-1"},"canonical":"https:\/\/www.senderosgr.es\/blog\/2016\/10\/24\/cib-gr-92\/","og_locale":"es_ES","og_type":"article","og_title":"Disfrutando de una Barcelona diferente - CIB 2016","og_description":"Compatibilidad entre la Caminata Internacional de Barcelona - CIB 2016 y el sendero GR-92 en su paso por tierras catalanas.","og_url":"https:\/\/www.senderosgr.es\/blog\/2016\/10\/24\/cib-gr-92\/","og_site_name":"El Blog de SenderosGR","article_published_time":"2016-10-24T09:12:53+00:00","article_modified_time":"2016-10-25T13:52:25+00:00","og_image":[{"width":3247,"height":1272,"url":"https:\/\/www.senderosgr.es\/blog\/wp-content\/uploads\/2016\/10\/amanecer-BCN-e1476819703122.jpg","type":"image\/jpeg"}],"author":"Estrella Pons","twitter_card":"summary_large_image","twitter_misc":{"Escrito por":"Estrella Pons","Tiempo de lectura":"4 minutos"},"schema":{"@context":"https:\/\/schema.org","@graph":[{"@type":"Article","@id":"https:\/\/www.senderosgr.es\/blog\/2016\/10\/24\/cib-gr-92\/#article","isPartOf":{"@id":"https:\/\/www.senderosgr.es\/blog\/2016\/10\/24\/cib-gr-92\/"},"author":{"name":"Estrella Pons","@id":"https:\/\/www.senderosgr.es\/blog\/#\/schema\/person\/080d1d24180630a2d404630713e0edbd"},"headline":"CIB vs GR-92","datePublished":"2016-10-24T09:12:53+00:00","dateModified":"2016-10-25T13:52:25+00:00","mainEntityOfPage":{"@id":"https:\/\/www.senderosgr.es\/blog\/2016\/10\/24\/cib-gr-92\/"},"wordCount":801,"commentCount":0,"publisher":{"@id":"https:\/\/www.senderosgr.es\/blog\/#organization"},"image":{"@id":"https:\/\/www.senderosgr.es\/blog\/2016\/10\/24\/cib-gr-92\/#primaryimage"},"thumbnailUrl":"https:\/\/www.senderosgr.es\/blog\/wp-content\/uploads\/2016\/10\/amanecer-BCN-e1476819703122-scaled.jpg","keywords":["eventos","naturaleza","senderismo","senderosgr","trekking"],"articleSection":["GR#Menorca","Noticias"],"inLanguage":"es","potentialAction":[{"@type":"CommentAction","name":"Comment","target":["https:\/\/www.senderosgr.es\/blog\/2016\/10\/24\/cib-gr-92\/#respond"]}]},{"@type":"WebPage","@id":"https:\/\/www.senderosgr.es\/blog\/2016\/10\/24\/cib-gr-92\/","url":"https:\/\/www.senderosgr.es\/blog\/2016\/10\/24\/cib-gr-92\/","name":"Disfrutando de una Barcelona diferente - CIB 2016","isPartOf":{"@id":"https:\/\/www.senderosgr.es\/blog\/#website"},"primaryImageOfPage":{"@id":"https:\/\/www.senderosgr.es\/blog\/2016\/10\/24\/cib-gr-92\/#primaryimage"},"image":{"@id":"https:\/\/www.senderosgr.es\/blog\/2016\/10\/24\/cib-gr-92\/#primaryimage"},"thumbnailUrl":"https:\/\/www.senderosgr.es\/blog\/wp-content\/uploads\/2016\/10\/amanecer-BCN-e1476819703122-scaled.jpg","datePublished":"2016-10-24T09:12:53+00:00","dateModified":"2016-10-25T13:52:25+00:00","description":"Compatibilidad entre la Caminata Internacional de Barcelona - CIB 2016 y el sendero GR-92 en su paso por tierras catalanas.","breadcrumb":{"@id":"https:\/\/www.senderosgr.es\/blog\/2016\/10\/24\/cib-gr-92\/#breadcrumb"},"inLanguage":"es","potentialAction":[{"@type":"ReadAction","target":["https:\/\/www.senderosgr.es\/blog\/2016\/10\/24\/cib-gr-92\/"]}]},{"@type":"ImageObject","inLanguage":"es","@id":"https:\/\/www.senderosgr.es\/blog\/2016\/10\/24\/cib-gr-92\/#primaryimage","url":"https:\/\/www.senderosgr.es\/blog\/wp-content\/uploads\/2016\/10\/amanecer-BCN-e1476819703122-scaled.jpg","contentUrl":"https:\/\/www.senderosgr.es\/blog\/wp-content\/uploads\/2016\/10\/amanecer-BCN-e1476819703122-scaled.jpg","width":2560,"height":1003,"caption":"amanecer sobre Barcelona"},{"@type":"BreadcrumbList","@id":"https:\/\/www.senderosgr.es\/blog\/2016\/10\/24\/cib-gr-92\/#breadcrumb","itemListElement":[{"@type":"ListItem","position":1,"name":"Portada","item":"https:\/\/www.senderosgr.es\/blog\/"},{"@type":"ListItem","position":2,"name":"CIB vs GR-92"}]},{"@type":"WebSite","@id":"https:\/\/www.senderosgr.es\/blog\/#website","url":"https:\/\/www.senderosgr.es\/blog\/","name":"El Blog de SenderosGR","description":"Noticias, opiniones... \u00a1y mucho m\u00e1s!","publisher":{"@id":"https:\/\/www.senderosgr.es\/blog\/#organization"},"potentialAction":[{"@type":"SearchAction","target":{"@type":"EntryPoint","urlTemplate":"https:\/\/www.senderosgr.es\/blog\/?s={search_term_string}"},"query-input":{"@type":"PropertyValueSpecification","valueRequired":true,"valueName":"search_term_string"}}],"inLanguage":"es"},{"@type":"Organization","@id":"https:\/\/www.senderosgr.es\/blog\/#organization","name":"El Blog de SenderosGR","url":"https:\/\/www.senderosgr.es\/blog\/","logo":{"@type":"ImageObject","inLanguage":"es","@id":"https:\/\/www.senderosgr.es\/blog\/#\/schema\/logo\/image\/","url":"https:\/\/www.senderosgr.es\/blog\/wp-content\/uploads\/2016\/06\/SGR-logo-cabecera-wordpress-copy-1.jpg","contentUrl":"https:\/\/www.senderosgr.es\/blog\/wp-content\/uploads\/2016\/06\/SGR-logo-cabecera-wordpress-copy-1.jpg","width":240,"height":240,"caption":"El Blog de SenderosGR"},"image":{"@id":"https:\/\/www.senderosgr.es\/blog\/#\/schema\/logo\/image\/"}},{"@type":"Person","@id":"https:\/\/www.senderosgr.es\/blog\/#\/schema\/person\/080d1d24180630a2d404630713e0edbd","name":"Estrella Pons","image":{"@type":"ImageObject","inLanguage":"es","@id":"https:\/\/www.senderosgr.es\/blog\/#\/schema\/person\/image\/","url":"https:\/\/secure.gravatar.com\/avatar\/ee06c440cc9a5d2fda28084c8af4b314cbaaa66ec8122f2cd564d046b8ed01f8?s=96&d=mm&r=g","contentUrl":"https:\/\/secure.gravatar.com\/avatar\/ee06c440cc9a5d2fda28084c8af4b314cbaaa66ec8122f2cd564d046b8ed01f8?s=96&d=mm&r=g","caption":"Estrella Pons"},"description":"\u00a1Hola! Soy Estrella y he tenido el privilegio de nacer en un para\u00edso. \u00daltimamente adem\u00e1s, la suerte de poder aportar mi grano de arena a este proyecto. Os invito a descubrir de mi pu\u00f1o y letra, el GR que tengo m\u00e1s a mano... y los que vayan poni\u00e9ndose delante de mis pies :) \u00bfPreparados?","url":"https:\/\/www.senderosgr.es\/blog\/author\/estrella\/"}]}},"cc_featured_image_caption":{"caption_text":false,"source_text":false,"source_url":false},"_links":{"self":[{"href":"https:\/\/www.senderosgr.es\/blog\/wp-json\/wp\/v2\/posts\/396","targetHints":{"allow":["GET"]}}],"collection":[{"href":"https:\/\/www.senderosgr.es\/blog\/wp-json\/wp\/v2\/posts"}],"about":[{"href":"https:\/\/www.senderosgr.es\/blog\/wp-json\/wp\/v2\/types\/post"}],"author":[{"embeddable":true,"href":"https:\/\/www.senderosgr.es\/blog\/wp-json\/wp\/v2\/users\/5"}],"replies":[{"embeddable":true,"href":"https:\/\/www.senderosgr.es\/blog\/wp-json\/wp\/v2\/comments?post=396"}],"version-history":[{"count":17,"href":"https:\/\/www.senderosgr.es\/blog\/wp-json\/wp\/v2\/posts\/396\/revisions"}],"predecessor-version":[{"id":444,"href":"https:\/\/www.senderosgr.es\/blog\/wp-json\/wp\/v2\/posts\/396\/revisions\/444"}],"wp:featuredmedia":[{"embeddable":true,"href":"https:\/\/www.senderosgr.es\/blog\/wp-json\/wp\/v2\/media\/400"}],"wp:attachment":[{"href":"https:\/\/www.senderosgr.es\/blog\/wp-json\/wp\/v2\/media?parent=396"}],"wp:term":[{"taxonomy":"category","embeddable":true,"href":"https:\/\/www.senderosgr.es\/blog\/wp-json\/wp\/v2\/categories?post=396"},{"taxonomy":"post_tag","embeddable":true,"href":"https:\/\/www.senderosgr.es\/blog\/wp-json\/wp\/v2\/tags?post=396"}],"curies":[{"name":"wp","href":"https:\/\/api.w.org\/{rel}","templated":true}]}}