{"id":36,"date":"2012-05-28T20:47:00","date_gmt":"2012-05-28T20:47:00","guid":{"rendered":"http:\/\/www.senderosgr.es\/blog\/2012\/05\/28\/gran-canaria-walking-festival\/"},"modified":"2012-05-28T20:47:00","modified_gmt":"2012-05-28T20:47:00","slug":"gran-canaria-walking-festival","status":"publish","type":"post","link":"https:\/\/www.senderosgr.es\/blog\/2012\/05\/28\/gran-canaria-walking-festival\/","title":{"rendered":"Gran Canaria Walking Festival"},"content":{"rendered":"<div style=\"font-family: Verdana,sans-serif;\"><\/div>\n<div style=\"clear: both; text-align: center;\"><a href=\"http:\/\/2.bp.blogspot.com\/-ZudOzlQ2Yoc\/T8PjkbBvRnI\/AAAAAAAACKQ\/mq23JZFZa1g\/s1600\/foto+perfil.jpg\" style=\"margin-left: 1em; margin-right: 1em;\"><img loading=\"lazy\" decoding=\"async\" border=\"0\" height=\"200\" src=\"http:\/\/2.bp.blogspot.com\/-ZudOzlQ2Yoc\/T8PjkbBvRnI\/AAAAAAAACKQ\/mq23JZFZa1g\/s200\/foto+perfil.jpg\" width=\"200\" \/><\/a><\/div>\n<div style=\"font-family: Verdana,sans-serif;\"><\/div>\n<div style=\"font-family: Verdana,sans-serif;\"><span style=\"font-size: x-small;\">Nuestros amigos de <span style=\"background-color: transparent; color: black; font-style: normal; font-variant: normal; font-weight: bold; text-decoration: none; vertical-align: baseline;\">Gran Canaria Walking Festival <\/span><span style=\"background-color: transparent; color: black; font-style: normal; font-variant: normal; text-decoration: none; vertical-align: baseline;\">nos han enviado una nota de prensa<\/span><span style=\"background-color: transparent; color: black; font-style: normal; font-variant: normal; font-weight: bold; text-decoration: none; vertical-align: baseline;\"> <\/span><span style=\"background-color: transparent; color: black; font-style: normal; font-variant: normal; text-decoration: none; vertical-align: baseline;\">sobre el evento que tendr\u00e1 lugar el 17 y 23 de septiembre en Gran Canaria.<\/span><span style=\"background-color: transparent; color: black; font-style: normal; font-variant: normal; font-weight: bold; text-decoration: none; vertical-align: baseline;\"> <\/span><span style=\"background-color: transparent; color: black; font-style: normal; font-variant: normal; text-decoration: none; vertical-align: baseline;\">Como me gustan las cosas puras y verdaderas, os dejamos literalmente la nota de prensa:<\/span><\/span><\/div>\n<div style=\"font-family: Verdana,sans-serif;\"><\/div>\n<blockquote>\n<div style=\"text-align: justify;\"><span style=\"font-size: x-small;\"><a href=\"mailto:info@grancanariawalkingfestival.es\" style=\"font-family: Verdana,sans-serif;\"><span style=\"background-color: transparent; color: blue; font-style: normal; font-variant: normal; font-weight: normal; text-decoration: underline; vertical-align: baseline;\"><\/span><\/a><span style=\"background-color: transparent; color: black; font-family: Verdana,sans-serif; font-style: normal; font-variant: normal; font-weight: normal; text-decoration: none; vertical-align: baseline;\"><\/span><span style=\"background-color: transparent; color: black; font-family: Verdana,sans-serif; font-style: normal; font-variant: normal; font-weight: bold; text-decoration: none; vertical-align: baseline;\"><\/span><\/span><span style=\"font-family: Verdana,sans-serif; font-size: x-small;\"><span style=\"background-color: transparent; color: black; font-style: normal; font-variant: normal; font-weight: normal; text-decoration: none; vertical-align: baseline;\">Entre el 17 y el 23 de Septiembre de 2012 tendr\u00e1 lugar en Gran Canaria, el <\/span><span style=\"background-color: transparent; color: black; font-style: normal; font-variant: normal; font-weight: bold; text-decoration: none; vertical-align: baseline;\">Gran Canaria Walking Festival<\/span><span style=\"background-color: transparent; color: black; font-style: normal; font-variant: normal; font-weight: normal; text-decoration: none; vertical-align: baseline;\">,  un evento dirigido a los senderistas de todo el mundo que es promovido  por Gran Canaria Natural y el Patronato de Turismo de Gran Canaria.<\/span><\/span><\/div>\n<div style=\"font-family: Verdana,sans-serif; text-align: justify;\"><span style=\"font-size: x-small;\"><span style=\"background-color: transparent; color: black; font-style: normal; font-variant: normal; font-weight: normal; text-decoration: none; vertical-align: baseline;\"><\/span><\/span><\/div>\n<div dir=\"ltr\" style=\"font-family: Verdana,sans-serif; margin-bottom: 0pt; margin-top: 0pt; text-align: justify;\"><span style=\"font-size: x-small;\"><span style=\"background-color: transparent; color: black; font-style: normal; font-variant: normal; font-weight: normal; text-decoration: none; vertical-align: baseline;\">El objetivo del <\/span><span style=\"background-color: transparent; color: black; font-style: normal; font-variant: normal; font-weight: bold; text-decoration: none; vertical-align: baseline;\">Gran Canaria Walking Festival<\/span><span style=\"background-color: transparent; color: black; font-style: normal; font-variant: normal; font-weight: normal; text-decoration: none; vertical-align: baseline;\"> es mostrar &nbsp;e invitar al disfrute de la sorprendente naturaleza de la Isla. <\/span><\/span><\/div>\n<div style=\"font-family: Verdana,sans-serif; text-align: justify;\"><span style=\"font-size: x-small;\"><span style=\"background-color: transparent; color: black; font-style: normal; font-variant: normal; font-weight: normal; text-decoration: none; vertical-align: baseline;\"><\/span><\/span><\/div>\n<div dir=\"ltr\" style=\"font-family: Verdana,sans-serif; margin-bottom: 0pt; margin-top: 0pt; text-align: justify;\"><span style=\"font-size: x-small;\"><span style=\"background-color: transparent; color: black; font-style: normal; font-variant: normal; font-weight: normal; text-decoration: none; vertical-align: baseline;\">La  naturaleza en Gran Canaria est\u00e1 enormemente influenciada por dos  variables que han dibujado un paisaje espectacular: la orograf\u00eda y los  vientos alisios, ambos han contribuido a que encontremos en el interior  de Gran Canaria un paisaje con gran variedad y contraste. En la  orograf\u00eda sorprende la caprichosa sucesi\u00f3n de valles y monta\u00f1as que,  naciendo en lo m\u00e1s alto de la Isla, adquieren proporciones descomunales  en su camino hasta el mar. La influencia de los vientos alisios ha  forjado la aparici\u00f3n de numerosos microclimas y \u00e1reas vegetales.<\/span><\/span><\/div>\n<div style=\"font-family: Verdana,sans-serif; text-align: justify;\"><span style=\"font-size: x-small;\"><span style=\"background-color: transparent; color: black; font-style: normal; font-variant: normal; font-weight: normal; text-decoration: none; vertical-align: baseline;\"><\/span><\/span><\/div>\n<div dir=\"ltr\" style=\"font-family: Verdana,sans-serif; margin-bottom: 0pt; margin-top: 0pt; text-align: justify;\"><span style=\"font-size: x-small;\"><span style=\"background-color: transparent; color: black; font-style: normal; font-variant: normal; font-weight: normal; text-decoration: none; vertical-align: baseline;\">En la edici\u00f3n 2012 del <\/span><span style=\"background-color: transparent; color: black; font-style: normal; font-variant: normal; font-weight: bold; text-decoration: none; vertical-align: baseline;\">Gran Canaria Walking Festival<\/span><span style=\"background-color: transparent; color: black; font-style: normal; font-variant: normal; font-weight: normal; text-decoration: none; vertical-align: baseline;\"> se ofrecer\u00e1n cinco rutas guiadas que mostrar\u00e1n diferentes aspectos del  interior de la Isla: volcanes, zona boscosa, rutas vitivin\u00edcolas,  vegetaci\u00f3n aut\u00f3ctona y en general un entorno natural de gran belleza y  escasamente conocido. &nbsp;Al final de cada ruta habr\u00e1 un encuentro  gastron\u00f3mico que permitir\u00e1 disfrutar de los platos t\u00edpicos de la Isla.<\/span><\/span><\/div>\n<div style=\"font-family: Verdana,sans-serif; text-align: justify;\"><span style=\"font-size: x-small;\"><span style=\"background-color: transparent; color: black; font-style: normal; font-variant: normal; font-weight: normal; text-decoration: none; vertical-align: baseline;\"><\/span><\/span><\/div>\n<div dir=\"ltr\" style=\"font-family: Verdana,sans-serif; margin-bottom: 0pt; margin-top: 0pt; text-align: justify;\"><span style=\"font-size: x-small;\"><span style=\"background-color: transparent; color: black; font-style: normal; font-variant: normal; font-weight: normal; text-decoration: none; vertical-align: baseline;\">El <\/span><span style=\"background-color: transparent; color: black; font-style: normal; font-variant: normal; font-weight: bold; text-decoration: none; vertical-align: baseline;\">Gran Canaria Walking Festival<\/span><span style=\"background-color: transparent; color: black; font-style: normal; font-variant: normal; font-weight: normal; text-decoration: none; vertical-align: baseline;\"> est\u00e1 dirigido a todas aquellas personas que disfrutan con la pr\u00e1ctica  del senderismo y ser\u00e1 una buena oportunidad para establecer relaciones  duraderas con otras personas del mundo con esta misma inquietud.<\/span><\/span><\/div>\n<div style=\"font-family: Verdana,sans-serif; text-align: justify;\"><span style=\"font-size: x-small;\"><span style=\"background-color: transparent; color: black; font-style: normal; font-variant: normal; font-weight: normal; text-decoration: none; vertical-align: baseline;\"><\/span><\/span><\/div>\n<div dir=\"ltr\" style=\"font-family: Verdana,sans-serif; margin-bottom: 0pt; margin-top: 0pt; text-align: justify;\"><span style=\"font-size: x-small;\"><span style=\"background-color: transparent; color: black; font-style: normal; font-variant: normal; font-weight: normal; text-decoration: none; vertical-align: baseline;\">Paralelamente al <\/span><span style=\"background-color: transparent; color: black; font-style: normal; font-variant: normal; font-weight: bold; text-decoration: none; vertical-align: baseline;\">Gran Canaria Walking Festival<\/span><span style=\"background-color: transparent; color: black; font-style: normal; font-variant: normal; font-weight: normal; text-decoration: none; vertical-align: baseline;\"> se celebrar\u00e1n numerosas actividades, siempre vinculadas a la cultura y  naturaleza en Gran Canaria, una de ellas ser\u00e1 un encuentro en Vegueta  (el Barrio hist\u00f3rico de Las Palmas de Gran Canaria), que servir\u00e1 como  colof\u00f3n final de esta edici\u00f3n del Festival.<\/span><\/span><\/div>\n<div dir=\"ltr\" style=\"font-family: Verdana,sans-serif; margin-bottom: 0pt; margin-top: 0pt; text-align: justify;\"><span style=\"font-size: x-small;\"><span style=\"background-color: transparent; color: black; font-style: normal; font-variant: normal; font-weight: normal; text-decoration: none; vertical-align: baseline;\">Los participantes en el <\/span><span style=\"background-color: transparent; color: black; font-style: normal; font-variant: normal; font-weight: bold; text-decoration: none; vertical-align: baseline;\">Gran Canaria Walking Festival<\/span><span style=\"background-color: transparent; color: black; font-style: normal; font-variant: normal; font-weight: normal; text-decoration: none; vertical-align: baseline;\"> podr\u00e1n alojarse en Hoteles y Casas Rurales que se encuentran por toda la geograf\u00eda de la Isla. M\u00e1s informaci\u00f3n: <\/span><a href=\"http:\/\/www.grancanariafincas.com\/\" style=\"color: red;\"><span style=\"background-color: transparent; font-style: normal; font-variant: normal; font-weight: normal; text-decoration: underline; vertical-align: baseline;\">www.grancanariafincas.com<\/span><\/a><span style=\"background-color: transparent; color: black; font-style: normal; font-variant: normal; font-weight: normal; text-decoration: none; vertical-align: baseline;\"> <\/span><\/span><\/div>\n<div dir=\"ltr\" style=\"font-family: Verdana,sans-serif; margin-bottom: 0pt; margin-top: 0pt; text-align: justify;\"><span style=\"font-size: x-small;\"><span style=\"background-color: transparent; color: black; font-style: normal; font-variant: normal; font-weight: normal; text-decoration: none; vertical-align: baseline;\">La informaci\u00f3n y formulario de participaci\u00f3n en el <\/span><span style=\"background-color: transparent; color: black; font-style: normal; font-variant: normal; font-weight: bold; text-decoration: none; vertical-align: baseline;\">Gran Canaria Walking Festival<\/span><span style=\"background-color: transparent; color: black; font-style: normal; font-variant: normal; font-weight: normal; text-decoration: none; vertical-align: baseline;\"> est\u00e1n disponibles en la p\u00e1gina web: <\/span><a href=\"http:\/\/www.grancanariawalkingfestival.es\/\" style=\"color: red;\"><span style=\"background-color: transparent; font-style: normal; font-variant: normal; font-weight: normal; text-decoration: underline; vertical-align: baseline;\">www.grancanariawalkingfestival.es<\/span><\/a><span style=\"background-color: transparent; color: black; font-style: normal; font-variant: normal; font-weight: normal; text-decoration: none; vertical-align: baseline;\"><span style=\"color: red;\"> <\/span>y en <\/span><a href=\"http:\/\/www.grancanariafincas.com\/\" style=\"color: red;\"><span style=\"background-color: transparent; font-style: normal; font-variant: normal; font-weight: normal; text-decoration: underline; vertical-align: baseline;\">www.grancanariafincas.com<\/span><\/a><span style=\"background-color: transparent; color: black; font-style: normal; font-variant: normal; font-weight: normal; text-decoration: none; vertical-align: baseline;\"> <\/span><\/span><\/div>\n<div dir=\"ltr\" style=\"font-family: Verdana,sans-serif; margin-bottom: 0pt; margin-top: 0pt; text-align: justify;\"><span style=\"font-size: x-small;\"><span style=\"background-color: transparent; color: black; font-style: normal; font-variant: normal; font-weight: normal; text-decoration: none; vertical-align: baseline;\">El <\/span><span style=\"background-color: transparent; color: black; font-style: normal; font-variant: normal; font-weight: bold; text-decoration: none; vertical-align: baseline;\">Gran Canaria Walking Festival<\/span><span style=\"background-color: transparent; color: black; font-style: normal; font-variant: normal; font-weight: normal; text-decoration: none; vertical-align: baseline;\"> cuenta con el apoyo del Patronato de Turismo de Gran Canaria, la  Consejer\u00eda de Turismo del Gobierno de Canarias y Turespa\u00f1a, a trav\u00e9s del  Plan de Competitividad \u201cIslas Canarias, Una experiencia volc\u00e1nica\u201d.<\/span><\/span><\/div>\n<div style=\"font-family: Verdana,sans-serif; text-align: justify;\"><span style=\"font-size: x-small;\"><span style=\"background-color: transparent; color: black; font-style: normal; font-variant: normal; font-weight: normal; text-decoration: none; vertical-align: baseline;\"><\/span><\/span><span style=\"font-size: x-small;\"><span style=\"background-color: transparent; color: black; font-style: normal; font-variant: normal; font-weight: normal; text-decoration: none; vertical-align: baseline;\"><\/span><\/span><\/div>\n<\/blockquote>\n<blockquote>\n<div style=\"font-family: Verdana,sans-serif;\"><span style=\"font-size: x-small;\">M\u00e1s informaci\u00f3n en:<br \/>Tel\u00e9fono:  (00 34) 928 27 30 27&nbsp;<\/span><\/div>\n<div style=\"font-family: Verdana,sans-serif;\"><span style=\"font-size: x-small;\">E-mail: <a href=\"mailto:info@grancanariawalkingfestival.es\">info@grancanariawalkingfestival.es<\/a><\/span><\/div>\n<\/blockquote>\n<div style=\"font-family: Verdana,sans-serif; text-align: justify;\"><span style=\"font-size: x-small;\"><span style=\"background-color: transparent; color: blue; font-style: normal; font-variant: normal; font-weight: normal; text-decoration: underline; vertical-align: baseline;\"><br \/><\/span><\/span><\/div>\n<div style=\"font-family: Verdana,sans-serif; text-align: justify;\"><span style=\"font-size: x-small;\"><span style=\"font-family: Verdana,sans-serif;\">Desde Senderos GR estamos encantados con esta iniciativa y esperamos vaya proliferando en otras Regiones de Espa\u00f1a <\/span><\/span><span style=\"font-size: x-small;\"><span style=\"background-color: transparent; color: blue; font-style: normal; font-variant: normal; font-weight: normal; text-decoration: underline; vertical-align: baseline;\"><br \/><\/span><\/span><\/div>\n<p><span style=\"font-size: xx-small;\"><span style=\"background-color: transparent; color: black; font-family: Verdana,sans-serif; font-style: normal; font-variant: normal; font-weight: normal; text-decoration: none; vertical-align: baseline;\"> <\/span><\/span><\/p>\n<div style=\"font-family: Verdana,sans-serif;\"><span style=\"font-size: xx-small;\"><span style=\"background-color: transparent; color: black; font-style: normal; font-variant: normal; font-weight: bold; text-decoration: none; vertical-align: baseline;\"><br \/><\/span><\/span><\/div>\n","protected":false},"excerpt":{"rendered":"<p>Nuestros amigos de Gran Canaria Walking Festival nos han enviado una nota de prensa sobre el evento que tendr\u00e1 lugar el 17 y 23 de septiembre en Gran Canaria. Como me gustan las cosas puras y verdaderas, os dejamos literalmente la nota de prensa: Entre el 17 y el 23 de Septiembre de 2012 tendr\u00e1 [&hellip;]<\/p>\n","protected":false},"author":1,"featured_media":0,"comment_status":"open","ping_status":"open","sticky":false,"template":"","format":"standard","meta":{"footnotes":""},"categories":[1],"tags":[],"class_list":["post-36","post","type-post","status-publish","format-standard","hentry","category-sin-categoria"],"yoast_head":"<!-- This site is optimized with the Yoast SEO plugin v26.6 - https:\/\/yoast.com\/wordpress\/plugins\/seo\/ -->\n<title>Gran Canaria Walking Festival - El Blog de SenderosGR<\/title>\n<meta name=\"robots\" content=\"index, follow, max-snippet:-1, max-image-preview:large, max-video-preview:-1\" \/>\n<link rel=\"canonical\" href=\"https:\/\/www.senderosgr.es\/blog\/2012\/05\/28\/gran-canaria-walking-festival\/\" \/>\n<meta property=\"og:locale\" content=\"es_ES\" \/>\n<meta property=\"og:type\" content=\"article\" \/>\n<meta property=\"og:title\" content=\"Gran Canaria Walking Festival - El Blog de SenderosGR\" \/>\n<meta property=\"og:description\" content=\"Nuestros amigos de Gran Canaria Walking Festival nos han enviado una nota de prensa sobre el evento que tendr\u00e1 lugar el 17 y 23 de septiembre en Gran Canaria. Como me gustan las cosas puras y verdaderas, os dejamos literalmente la nota de prensa: Entre el 17 y el 23 de Septiembre de 2012 tendr\u00e1 [&hellip;]\" \/>\n<meta property=\"og:url\" content=\"https:\/\/www.senderosgr.es\/blog\/2012\/05\/28\/gran-canaria-walking-festival\/\" \/>\n<meta property=\"og:site_name\" content=\"El Blog de SenderosGR\" \/>\n<meta property=\"article:published_time\" content=\"2012-05-28T20:47:00+00:00\" \/>\n<meta property=\"og:image\" content=\"http:\/\/2.bp.blogspot.com\/-ZudOzlQ2Yoc\/T8PjkbBvRnI\/AAAAAAAACKQ\/mq23JZFZa1g\/s200\/foto+perfil.jpg\" \/>\n<meta name=\"author\" content=\"SenderosGR\" \/>\n<meta name=\"twitter:card\" content=\"summary_large_image\" \/>\n<meta name=\"twitter:label1\" content=\"Escrito por\" \/>\n\t<meta name=\"twitter:data1\" content=\"SenderosGR\" \/>\n\t<meta name=\"twitter:label2\" content=\"Tiempo de lectura\" \/>\n\t<meta name=\"twitter:data2\" content=\"2 minutos\" \/>\n<script type=\"application\/ld+json\" class=\"yoast-schema-graph\">{\"@context\":\"https:\/\/schema.org\",\"@graph\":[{\"@type\":\"Article\",\"@id\":\"https:\/\/www.senderosgr.es\/blog\/2012\/05\/28\/gran-canaria-walking-festival\/#article\",\"isPartOf\":{\"@id\":\"https:\/\/www.senderosgr.es\/blog\/2012\/05\/28\/gran-canaria-walking-festival\/\"},\"author\":{\"name\":\"SenderosGR\",\"@id\":\"https:\/\/www.senderosgr.es\/blog\/#\/schema\/person\/f2eef32e9aa1ea1fbc35244e3cff648f\"},\"headline\":\"Gran Canaria Walking Festival\",\"datePublished\":\"2012-05-28T20:47:00+00:00\",\"mainEntityOfPage\":{\"@id\":\"https:\/\/www.senderosgr.es\/blog\/2012\/05\/28\/gran-canaria-walking-festival\/\"},\"wordCount\":494,\"commentCount\":0,\"publisher\":{\"@id\":\"https:\/\/www.senderosgr.es\/blog\/#organization\"},\"image\":{\"@id\":\"https:\/\/www.senderosgr.es\/blog\/2012\/05\/28\/gran-canaria-walking-festival\/#primaryimage\"},\"thumbnailUrl\":\"http:\/\/2.bp.blogspot.com\/-ZudOzlQ2Yoc\/T8PjkbBvRnI\/AAAAAAAACKQ\/mq23JZFZa1g\/s200\/foto+perfil.jpg\",\"inLanguage\":\"es\",\"potentialAction\":[{\"@type\":\"CommentAction\",\"name\":\"Comment\",\"target\":[\"https:\/\/www.senderosgr.es\/blog\/2012\/05\/28\/gran-canaria-walking-festival\/#respond\"]}]},{\"@type\":\"WebPage\",\"@id\":\"https:\/\/www.senderosgr.es\/blog\/2012\/05\/28\/gran-canaria-walking-festival\/\",\"url\":\"https:\/\/www.senderosgr.es\/blog\/2012\/05\/28\/gran-canaria-walking-festival\/\",\"name\":\"Gran Canaria Walking Festival - El Blog de SenderosGR\",\"isPartOf\":{\"@id\":\"https:\/\/www.senderosgr.es\/blog\/#website\"},\"primaryImageOfPage\":{\"@id\":\"https:\/\/www.senderosgr.es\/blog\/2012\/05\/28\/gran-canaria-walking-festival\/#primaryimage\"},\"image\":{\"@id\":\"https:\/\/www.senderosgr.es\/blog\/2012\/05\/28\/gran-canaria-walking-festival\/#primaryimage\"},\"thumbnailUrl\":\"http:\/\/2.bp.blogspot.com\/-ZudOzlQ2Yoc\/T8PjkbBvRnI\/AAAAAAAACKQ\/mq23JZFZa1g\/s200\/foto+perfil.jpg\",\"datePublished\":\"2012-05-28T20:47:00+00:00\",\"breadcrumb\":{\"@id\":\"https:\/\/www.senderosgr.es\/blog\/2012\/05\/28\/gran-canaria-walking-festival\/#breadcrumb\"},\"inLanguage\":\"es\",\"potentialAction\":[{\"@type\":\"ReadAction\",\"target\":[\"https:\/\/www.senderosgr.es\/blog\/2012\/05\/28\/gran-canaria-walking-festival\/\"]}]},{\"@type\":\"ImageObject\",\"inLanguage\":\"es\",\"@id\":\"https:\/\/www.senderosgr.es\/blog\/2012\/05\/28\/gran-canaria-walking-festival\/#primaryimage\",\"url\":\"http:\/\/2.bp.blogspot.com\/-ZudOzlQ2Yoc\/T8PjkbBvRnI\/AAAAAAAACKQ\/mq23JZFZa1g\/s200\/foto+perfil.jpg\",\"contentUrl\":\"http:\/\/2.bp.blogspot.com\/-ZudOzlQ2Yoc\/T8PjkbBvRnI\/AAAAAAAACKQ\/mq23JZFZa1g\/s200\/foto+perfil.jpg\"},{\"@type\":\"BreadcrumbList\",\"@id\":\"https:\/\/www.senderosgr.es\/blog\/2012\/05\/28\/gran-canaria-walking-festival\/#breadcrumb\",\"itemListElement\":[{\"@type\":\"ListItem\",\"position\":1,\"name\":\"Portada\",\"item\":\"https:\/\/www.senderosgr.es\/blog\/\"},{\"@type\":\"ListItem\",\"position\":2,\"name\":\"Gran Canaria Walking Festival\"}]},{\"@type\":\"WebSite\",\"@id\":\"https:\/\/www.senderosgr.es\/blog\/#website\",\"url\":\"https:\/\/www.senderosgr.es\/blog\/\",\"name\":\"El Blog de SenderosGR\",\"description\":\"Noticias, opiniones... \u00a1y mucho m\u00e1s!\",\"publisher\":{\"@id\":\"https:\/\/www.senderosgr.es\/blog\/#organization\"},\"potentialAction\":[{\"@type\":\"SearchAction\",\"target\":{\"@type\":\"EntryPoint\",\"urlTemplate\":\"https:\/\/www.senderosgr.es\/blog\/?s={search_term_string}\"},\"query-input\":{\"@type\":\"PropertyValueSpecification\",\"valueRequired\":true,\"valueName\":\"search_term_string\"}}],\"inLanguage\":\"es\"},{\"@type\":\"Organization\",\"@id\":\"https:\/\/www.senderosgr.es\/blog\/#organization\",\"name\":\"El Blog de SenderosGR\",\"url\":\"https:\/\/www.senderosgr.es\/blog\/\",\"logo\":{\"@type\":\"ImageObject\",\"inLanguage\":\"es\",\"@id\":\"https:\/\/www.senderosgr.es\/blog\/#\/schema\/logo\/image\/\",\"url\":\"https:\/\/www.senderosgr.es\/blog\/wp-content\/uploads\/2016\/06\/SGR-logo-cabecera-wordpress-copy-1.jpg\",\"contentUrl\":\"https:\/\/www.senderosgr.es\/blog\/wp-content\/uploads\/2016\/06\/SGR-logo-cabecera-wordpress-copy-1.jpg\",\"width\":240,\"height\":240,\"caption\":\"El Blog de SenderosGR\"},\"image\":{\"@id\":\"https:\/\/www.senderosgr.es\/blog\/#\/schema\/logo\/image\/\"}},{\"@type\":\"Person\",\"@id\":\"https:\/\/www.senderosgr.es\/blog\/#\/schema\/person\/f2eef32e9aa1ea1fbc35244e3cff648f\",\"name\":\"SenderosGR\",\"image\":{\"@type\":\"ImageObject\",\"inLanguage\":\"es\",\"@id\":\"https:\/\/www.senderosgr.es\/blog\/#\/schema\/person\/image\/\",\"url\":\"https:\/\/secure.gravatar.com\/avatar\/6f52711b33f9d4b67746ba74eb5d9e349ce13d3901fd85c995aea449f2512faf?s=96&d=mm&r=g\",\"contentUrl\":\"https:\/\/secure.gravatar.com\/avatar\/6f52711b33f9d4b67746ba74eb5d9e349ce13d3901fd85c995aea449f2512faf?s=96&d=mm&r=g\",\"caption\":\"SenderosGR\"},\"description\":\"Buz\u00f3n general de SenderosGR\",\"url\":\"https:\/\/www.senderosgr.es\/blog\/author\/administrador\/\"}]}<\/script>\n<!-- \/ Yoast SEO plugin. -->","yoast_head_json":{"title":"Gran Canaria Walking Festival - El Blog de SenderosGR","robots":{"index":"index","follow":"follow","max-snippet":"max-snippet:-1","max-image-preview":"max-image-preview:large","max-video-preview":"max-video-preview:-1"},"canonical":"https:\/\/www.senderosgr.es\/blog\/2012\/05\/28\/gran-canaria-walking-festival\/","og_locale":"es_ES","og_type":"article","og_title":"Gran Canaria Walking Festival - El Blog de SenderosGR","og_description":"Nuestros amigos de Gran Canaria Walking Festival nos han enviado una nota de prensa sobre el evento que tendr\u00e1 lugar el 17 y 23 de septiembre en Gran Canaria. Como me gustan las cosas puras y verdaderas, os dejamos literalmente la nota de prensa: Entre el 17 y el 23 de Septiembre de 2012 tendr\u00e1 [&hellip;]","og_url":"https:\/\/www.senderosgr.es\/blog\/2012\/05\/28\/gran-canaria-walking-festival\/","og_site_name":"El Blog de SenderosGR","article_published_time":"2012-05-28T20:47:00+00:00","og_image":[{"url":"http:\/\/2.bp.blogspot.com\/-ZudOzlQ2Yoc\/T8PjkbBvRnI\/AAAAAAAACKQ\/mq23JZFZa1g\/s200\/foto+perfil.jpg","type":"","width":"","height":""}],"author":"SenderosGR","twitter_card":"summary_large_image","twitter_misc":{"Escrito por":"SenderosGR","Tiempo de lectura":"2 minutos"},"schema":{"@context":"https:\/\/schema.org","@graph":[{"@type":"Article","@id":"https:\/\/www.senderosgr.es\/blog\/2012\/05\/28\/gran-canaria-walking-festival\/#article","isPartOf":{"@id":"https:\/\/www.senderosgr.es\/blog\/2012\/05\/28\/gran-canaria-walking-festival\/"},"author":{"name":"SenderosGR","@id":"https:\/\/www.senderosgr.es\/blog\/#\/schema\/person\/f2eef32e9aa1ea1fbc35244e3cff648f"},"headline":"Gran Canaria Walking Festival","datePublished":"2012-05-28T20:47:00+00:00","mainEntityOfPage":{"@id":"https:\/\/www.senderosgr.es\/blog\/2012\/05\/28\/gran-canaria-walking-festival\/"},"wordCount":494,"commentCount":0,"publisher":{"@id":"https:\/\/www.senderosgr.es\/blog\/#organization"},"image":{"@id":"https:\/\/www.senderosgr.es\/blog\/2012\/05\/28\/gran-canaria-walking-festival\/#primaryimage"},"thumbnailUrl":"http:\/\/2.bp.blogspot.com\/-ZudOzlQ2Yoc\/T8PjkbBvRnI\/AAAAAAAACKQ\/mq23JZFZa1g\/s200\/foto+perfil.jpg","inLanguage":"es","potentialAction":[{"@type":"CommentAction","name":"Comment","target":["https:\/\/www.senderosgr.es\/blog\/2012\/05\/28\/gran-canaria-walking-festival\/#respond"]}]},{"@type":"WebPage","@id":"https:\/\/www.senderosgr.es\/blog\/2012\/05\/28\/gran-canaria-walking-festival\/","url":"https:\/\/www.senderosgr.es\/blog\/2012\/05\/28\/gran-canaria-walking-festival\/","name":"Gran Canaria Walking Festival - El Blog de SenderosGR","isPartOf":{"@id":"https:\/\/www.senderosgr.es\/blog\/#website"},"primaryImageOfPage":{"@id":"https:\/\/www.senderosgr.es\/blog\/2012\/05\/28\/gran-canaria-walking-festival\/#primaryimage"},"image":{"@id":"https:\/\/www.senderosgr.es\/blog\/2012\/05\/28\/gran-canaria-walking-festival\/#primaryimage"},"thumbnailUrl":"http:\/\/2.bp.blogspot.com\/-ZudOzlQ2Yoc\/T8PjkbBvRnI\/AAAAAAAACKQ\/mq23JZFZa1g\/s200\/foto+perfil.jpg","datePublished":"2012-05-28T20:47:00+00:00","breadcrumb":{"@id":"https:\/\/www.senderosgr.es\/blog\/2012\/05\/28\/gran-canaria-walking-festival\/#breadcrumb"},"inLanguage":"es","potentialAction":[{"@type":"ReadAction","target":["https:\/\/www.senderosgr.es\/blog\/2012\/05\/28\/gran-canaria-walking-festival\/"]}]},{"@type":"ImageObject","inLanguage":"es","@id":"https:\/\/www.senderosgr.es\/blog\/2012\/05\/28\/gran-canaria-walking-festival\/#primaryimage","url":"http:\/\/2.bp.blogspot.com\/-ZudOzlQ2Yoc\/T8PjkbBvRnI\/AAAAAAAACKQ\/mq23JZFZa1g\/s200\/foto+perfil.jpg","contentUrl":"http:\/\/2.bp.blogspot.com\/-ZudOzlQ2Yoc\/T8PjkbBvRnI\/AAAAAAAACKQ\/mq23JZFZa1g\/s200\/foto+perfil.jpg"},{"@type":"BreadcrumbList","@id":"https:\/\/www.senderosgr.es\/blog\/2012\/05\/28\/gran-canaria-walking-festival\/#breadcrumb","itemListElement":[{"@type":"ListItem","position":1,"name":"Portada","item":"https:\/\/www.senderosgr.es\/blog\/"},{"@type":"ListItem","position":2,"name":"Gran Canaria Walking Festival"}]},{"@type":"WebSite","@id":"https:\/\/www.senderosgr.es\/blog\/#website","url":"https:\/\/www.senderosgr.es\/blog\/","name":"El Blog de SenderosGR","description":"Noticias, opiniones... \u00a1y mucho m\u00e1s!","publisher":{"@id":"https:\/\/www.senderosgr.es\/blog\/#organization"},"potentialAction":[{"@type":"SearchAction","target":{"@type":"EntryPoint","urlTemplate":"https:\/\/www.senderosgr.es\/blog\/?s={search_term_string}"},"query-input":{"@type":"PropertyValueSpecification","valueRequired":true,"valueName":"search_term_string"}}],"inLanguage":"es"},{"@type":"Organization","@id":"https:\/\/www.senderosgr.es\/blog\/#organization","name":"El Blog de SenderosGR","url":"https:\/\/www.senderosgr.es\/blog\/","logo":{"@type":"ImageObject","inLanguage":"es","@id":"https:\/\/www.senderosgr.es\/blog\/#\/schema\/logo\/image\/","url":"https:\/\/www.senderosgr.es\/blog\/wp-content\/uploads\/2016\/06\/SGR-logo-cabecera-wordpress-copy-1.jpg","contentUrl":"https:\/\/www.senderosgr.es\/blog\/wp-content\/uploads\/2016\/06\/SGR-logo-cabecera-wordpress-copy-1.jpg","width":240,"height":240,"caption":"El Blog de SenderosGR"},"image":{"@id":"https:\/\/www.senderosgr.es\/blog\/#\/schema\/logo\/image\/"}},{"@type":"Person","@id":"https:\/\/www.senderosgr.es\/blog\/#\/schema\/person\/f2eef32e9aa1ea1fbc35244e3cff648f","name":"SenderosGR","image":{"@type":"ImageObject","inLanguage":"es","@id":"https:\/\/www.senderosgr.es\/blog\/#\/schema\/person\/image\/","url":"https:\/\/secure.gravatar.com\/avatar\/6f52711b33f9d4b67746ba74eb5d9e349ce13d3901fd85c995aea449f2512faf?s=96&d=mm&r=g","contentUrl":"https:\/\/secure.gravatar.com\/avatar\/6f52711b33f9d4b67746ba74eb5d9e349ce13d3901fd85c995aea449f2512faf?s=96&d=mm&r=g","caption":"SenderosGR"},"description":"Buz\u00f3n general de SenderosGR","url":"https:\/\/www.senderosgr.es\/blog\/author\/administrador\/"}]}},"cc_featured_image_caption":{"caption_text":false,"source_text":false,"source_url":false},"_links":{"self":[{"href":"https:\/\/www.senderosgr.es\/blog\/wp-json\/wp\/v2\/posts\/36","targetHints":{"allow":["GET"]}}],"collection":[{"href":"https:\/\/www.senderosgr.es\/blog\/wp-json\/wp\/v2\/posts"}],"about":[{"href":"https:\/\/www.senderosgr.es\/blog\/wp-json\/wp\/v2\/types\/post"}],"author":[{"embeddable":true,"href":"https:\/\/www.senderosgr.es\/blog\/wp-json\/wp\/v2\/users\/1"}],"replies":[{"embeddable":true,"href":"https:\/\/www.senderosgr.es\/blog\/wp-json\/wp\/v2\/comments?post=36"}],"version-history":[{"count":0,"href":"https:\/\/www.senderosgr.es\/blog\/wp-json\/wp\/v2\/posts\/36\/revisions"}],"wp:attachment":[{"href":"https:\/\/www.senderosgr.es\/blog\/wp-json\/wp\/v2\/media?parent=36"}],"wp:term":[{"taxonomy":"category","embeddable":true,"href":"https:\/\/www.senderosgr.es\/blog\/wp-json\/wp\/v2\/categories?post=36"},{"taxonomy":"post_tag","embeddable":true,"href":"https:\/\/www.senderosgr.es\/blog\/wp-json\/wp\/v2\/tags?post=36"}],"curies":[{"name":"wp","href":"https:\/\/api.w.org\/{rel}","templated":true}]}}