{"id":2172,"date":"2026-04-29T09:00:14","date_gmt":"2026-04-29T07:00:14","guid":{"rendered":"https:\/\/www.senderosgr.es\/blog\/?p=2172"},"modified":"2026-04-27T09:18:02","modified_gmt":"2026-04-27T07:18:02","slug":"senda-del-poeta-miguel-hernandez-ex-gr-125","status":"publish","type":"post","link":"https:\/\/www.senderosgr.es\/blog\/2026\/04\/29\/senda-del-poeta-miguel-hernandez-ex-gr-125\/","title":{"rendered":"Senda del Poeta Miguel Hern\u00e1ndez (Ex GR-125)"},"content":{"rendered":"\n<p>Caminamos juntos durante tres d\u00edas y, casi sin darnos cuenta, dejamos de ser un grupo de participantes para convertirnos en algo parecido a una familia. As\u00ed nos hicieron sentir quienes trabajan y organizan la Senda del Poeta desde dentro: con cercan\u00eda, con entrega y con una forma de cuidar que va mucho m\u00e1s all\u00e1 de la log\u00edstica de un evento.<\/p>\n\n\n\n<p>Volvemos de la Senda del Poeta con las piernas cansadas y el \u00e1nimo encendido. No es solo una ruta. Nunca lo ha sido. Es memoria, es encuentro y es, sobre todo, una forma de entender el compromiso colectivo. En esta 30\u00aa edici\u00f3n lo hemos sentido con m\u00e1s intensidad que nunca: <strong>cada paso que damos no solo recorre los caminos que unieron la vida y la obra de Miguel Hern\u00e1ndez, sino tambi\u00e9n el esfuerzo de quienes hacen posible que esta experiencia contin\u00fae a\u00f1o tras a\u00f1o<\/strong>.<\/p>\n\n\n\n<p>Caminamos, s\u00ed, pero tambi\u00e9n sostenemos. Porque esta vez no solo hemos participado; <strong>tambi\u00e9n hemos sido parte activa como voluntarios<\/strong>. Y eso cambia la mirada. Nos permite ver lo que no siempre se ve, entender lo que no siempre se cuenta. <strong>Detr\u00e1s de cada avituallamiento, de cada se\u00f1al, de cada gesto de apoyo, hay horas de trabajo, coordinaci\u00f3n y compromiso<\/strong>. Y en estas l\u00edneas me gustar\u00eda destacar a mis compa\u00f1eras voluntarias que, no est\u00e1n solo para facilitar la marcha; han sido parte del verdadero tejido de la Senda. Han guiado, han cuidado y han animado cuando el cansancio apretaba. Han estado ah\u00ed, discretas pero necesarias, sosteniendo una estructura que, sin la organizaci\u00f3n, sin los trabajadores y sin ellas, simplemente no existir\u00eda.<\/p>\n\n\n\n<p>Destacar a Aitor y a Claudio, a Patri y a \u00c1lex, que formando parte de la organizaci\u00f3n han estado ah\u00ed en todo momento: guiando, resolviendo, anticip\u00e1ndose a los problemas y, sobre todo, cuidando a las personas. Han sido ellos quienes han tejido esa sensaci\u00f3n de comunidad que nos ha acompa\u00f1ado durante todo el recorrido. Nosotros hemos puesto manos y ganas, pero son ellos quienes sostienen la estructura, quienes cargan con la responsabilidad y quienes hacen que todo funcione incluso cuando las condiciones no son las mejores.<\/p>\n\n\n\n<figure class=\"wp-block-image size-large\"><img loading=\"lazy\" decoding=\"async\" width=\"2040\" height=\"1360\" src=\"https:\/\/www.senderosgr.es\/blog\/wp-content\/uploads\/2026\/04\/Gente-caminando-la-senda-del-poeta-edited.jpg\" alt=\"\" class=\"wp-image-2175\" srcset=\"https:\/\/www.senderosgr.es\/blog\/wp-content\/uploads\/2026\/04\/Gente-caminando-la-senda-del-poeta-edited.jpg 2040w, https:\/\/www.senderosgr.es\/blog\/wp-content\/uploads\/2026\/04\/Gente-caminando-la-senda-del-poeta-edited-300x200.jpg 300w, https:\/\/www.senderosgr.es\/blog\/wp-content\/uploads\/2026\/04\/Gente-caminando-la-senda-del-poeta-edited-1024x683.jpg 1024w, https:\/\/www.senderosgr.es\/blog\/wp-content\/uploads\/2026\/04\/Gente-caminando-la-senda-del-poeta-edited-768x512.jpg 768w, https:\/\/www.senderosgr.es\/blog\/wp-content\/uploads\/2026\/04\/Gente-caminando-la-senda-del-poeta-edited-1536x1024.jpg 1536w, https:\/\/www.senderosgr.es\/blog\/wp-content\/uploads\/2026\/04\/Gente-caminando-la-senda-del-poeta-edited-330x220.jpg 330w, https:\/\/www.senderosgr.es\/blog\/wp-content\/uploads\/2026\/04\/Gente-caminando-la-senda-del-poeta-edited-600x400.jpg 600w\" sizes=\"auto, (max-width: 2040px) 100vw, 2040px\" \/><\/figure>\n\n\n\n<p>Y es precisamente ah\u00ed donde esta edici\u00f3n deja de ser s\u00f3lo una celebraci\u00f3n para convertirse tambi\u00e9n en una denuncia. No podemos ignorar la otra cara de esta edici\u00f3n en un contexto que invita m\u00e1s a la preocupaci\u00f3n que a la celebraci\u00f3n. <strong>La retirada de la subvenci\u00f3n por parte del IVAJ en manos de PP y Vox ha supuesto un golpe directo a la organizaci\u00f3n<\/strong>. Un golpe que no es solo econ\u00f3mico, sino tambi\u00e9n ideol\u00f3gico y simb\u00f3lico. Porque cuando una iniciativa de este calibre pierde apoyo institucional, lo que se pone en cuesti\u00f3n es el valor que damos, como sociedad, a la cultura, a la memoria y a las propuestas colectivas que nacen desde abajo.<\/p>\n\n\n\n<p>Lo hemos visto en peque\u00f1os detalles que, sumados, dibujan un escenario m\u00e1s fr\u00e1gil. Menos recursos, m\u00e1s esfuerzo repartido entre menos manos, m\u00e1s dependencia de la buena voluntad. Y, aun as\u00ed, la Senda ha salido adelante. No gracias a las instituciones auton\u00f3micas, sino a pesar de ellas. <strong>Gracias a quienes han decidido no rendirse y seguir apostando por este proyecto<\/strong>.<\/p>\n\n\n\n<p>No podemos mirar hacia otro lado. Si la Senda del Poeta contin\u00faa siendo lo que es, no es por inercia ni por tradici\u00f3n, sino por el compromiso activo de muchas personas que dedican su tiempo, su energ\u00eda y su ilusi\u00f3n a mantenerla viva. Pero ese compromiso no deber\u00eda sustituir el respaldo que merece. No deber\u00eda ser la red que supla las ausencias.<\/p>\n\n\n\n<p>Nos preguntamos qu\u00e9 mensaje se lanza cuando se retira el apoyo a una iniciativa que combina deporte, cultura, educaci\u00f3n y memoria hist\u00f3rica. Qu\u00e9 lugar ocupa hoy la figura de Miguel Hern\u00e1ndez en las pol\u00edticas p\u00fablicas. Y, sobre todo, qu\u00e9 futuro queremos para propuestas que, como esta, construyen comunidad y transmiten valores que van mucho m\u00e1s all\u00e1 de lo inmediato.<\/p>\n\n\n\n<p>Aun as\u00ed, si algo nos llevamos de esta edici\u00f3n es la certeza de que <strong>la Senda del Poeta no depende \u00fanicamente de presupuestos. Depende de personas<\/strong>. De quienes creen en ella, de quienes la caminan y de quienes la hacen posible. Y en ese sentido, este fin de semana ha sido tambi\u00e9n una demostraci\u00f3n de resistencia.<\/p>\n\n\n\n<p>Seguiremos caminando. Porque cada paso es tambi\u00e9n una forma de reivindicar. Porque cada edici\u00f3n que se celebra, incluso en condiciones adversas, es una victoria colectiva. Y porque, mientras haya voluntarios dispuestos a sostenerla y participantes que la vivan con respeto y entusiasmo, la Senda seguir\u00e1 teniendo sentido.<\/p>\n\n\n\n<p>Pero no basta con resistir. Es necesario apoyar, reconocer y garantizar que esta experiencia pueda celebrarse con los recursos y la dignidad que merece. La Senda del Poeta no deber\u00eda sobrevivir a base de esfuerzo invisible. Deber\u00eda ser un orgullo compartido y respaldado.<\/p>\n\n\n\n<p>Nosotros, por nuestra parte, ya estamos pensando en volver. No solo por el camino, ni siquiera s\u00f3lo por Miguel Hern\u00e1ndez. Volveremos por la gente. Por esa familia que, sin esperarlo, encontramos en cada tramo.<\/p>\n\n\n\n<p>M\u00e1s informaci\u00f3n:<\/p>\n\n\n\n<blockquote class=\"wp-block-quote is-layout-flow wp-block-quote-is-layout-flow\">\n<ul class=\"wp-block-list\">\n<li><a href=\"https:\/\/www.senderosgr.es\/blog\/2021\/12\/15\/gr-125-senda-del-poeta-cerca-deshomologacion\/\">GR-125 Senda del Poeta, cerca de su deshomologaci\u00f3n<\/a><\/li>\n\n\n\n<li><a href=\"https:\/\/www.senderosgr.es\/blog\/2016\/06\/28\/gr-125-una-experiencia-kafkiana\/\">GR-125, una experiencia kafkiana<\/a><\/li>\n<\/ul>\n<\/blockquote>\n","protected":false},"excerpt":{"rendered":"<p>Caminamos juntos durante tres d\u00edas y, casi sin darnos cuenta, dejamos de ser un grupo de participantes para convertirnos en algo parecido a una familia. As\u00ed nos hicieron sentir quienes trabajan y organizan la Senda del Poeta desde dentro: con cercan\u00eda, con entrega y con una forma de cuidar que va mucho m\u00e1s all\u00e1 de [&hellip;]<\/p>\n","protected":false},"author":9,"featured_media":2173,"comment_status":"open","ping_status":"open","sticky":false,"template":"","format":"standard","meta":{"footnotes":""},"categories":[193],"tags":[225,191,250],"class_list":["post-2172","post","type-post","status-publish","format-standard","has-post-thumbnail","hentry","category-noticias","tag-senales","tag-senderosgr","tag-travesia-organizada"],"yoast_head":"<!-- This site is optimized with the Yoast SEO plugin v26.6 - https:\/\/yoast.com\/wordpress\/plugins\/seo\/ -->\n<title>Senda del Poeta Miguel Hern\u00e1ndez (Ex GR-125) - El Blog de SenderosGR<\/title>\n<meta name=\"description\" content=\"Senda del Poeta Miguel Hern\u00e1ndez, una experiencia que une memoria, cultura y comunidad. Cr\u00f3nica desde dentro como voluntarios.\" \/>\n<meta name=\"robots\" content=\"index, follow, max-snippet:-1, max-image-preview:large, max-video-preview:-1\" \/>\n<link rel=\"canonical\" href=\"https:\/\/www.senderosgr.es\/blog\/2026\/04\/29\/senda-del-poeta-miguel-hernandez-ex-gr-125\/\" \/>\n<meta property=\"og:locale\" content=\"es_ES\" \/>\n<meta property=\"og:type\" content=\"article\" \/>\n<meta property=\"og:title\" content=\"Senda del Poeta Miguel Hern\u00e1ndez (Ex GR-125) - El Blog de SenderosGR\" \/>\n<meta property=\"og:description\" content=\"Senda del Poeta Miguel Hern\u00e1ndez, una experiencia que une memoria, cultura y comunidad. Cr\u00f3nica desde dentro como voluntarios.\" \/>\n<meta property=\"og:url\" content=\"https:\/\/www.senderosgr.es\/blog\/2026\/04\/29\/senda-del-poeta-miguel-hernandez-ex-gr-125\/\" \/>\n<meta property=\"og:site_name\" content=\"El Blog de SenderosGR\" \/>\n<meta property=\"article:published_time\" content=\"2026-04-29T07:00:14+00:00\" \/>\n<meta property=\"og:image\" content=\"https:\/\/www.senderosgr.es\/blog\/wp-content\/uploads\/2026\/04\/Inscripciones-a-la-senda-del-poeta.jpg\" \/>\n\t<meta property=\"og:image:width\" content=\"1650\" \/>\n\t<meta property=\"og:image:height\" content=\"1237\" \/>\n\t<meta property=\"og:image:type\" content=\"image\/jpeg\" \/>\n<meta name=\"author\" content=\"Nacho Redondo\" \/>\n<meta name=\"twitter:card\" content=\"summary_large_image\" \/>\n<meta name=\"twitter:label1\" content=\"Escrito por\" \/>\n\t<meta name=\"twitter:data1\" content=\"Nacho Redondo\" \/>\n\t<meta name=\"twitter:label2\" content=\"Tiempo de lectura\" \/>\n\t<meta name=\"twitter:data2\" content=\"5 minutos\" \/>\n<script type=\"application\/ld+json\" class=\"yoast-schema-graph\">{\"@context\":\"https:\/\/schema.org\",\"@graph\":[{\"@type\":\"Article\",\"@id\":\"https:\/\/www.senderosgr.es\/blog\/2026\/04\/29\/senda-del-poeta-miguel-hernandez-ex-gr-125\/#article\",\"isPartOf\":{\"@id\":\"https:\/\/www.senderosgr.es\/blog\/2026\/04\/29\/senda-del-poeta-miguel-hernandez-ex-gr-125\/\"},\"author\":{\"name\":\"Nacho Redondo\",\"@id\":\"https:\/\/www.senderosgr.es\/blog\/#\/schema\/person\/85bcfd49a3c9fcc458e6f75a629396ac\"},\"headline\":\"Senda del Poeta Miguel Hern\u00e1ndez (Ex GR-125)\",\"datePublished\":\"2026-04-29T07:00:14+00:00\",\"mainEntityOfPage\":{\"@id\":\"https:\/\/www.senderosgr.es\/blog\/2026\/04\/29\/senda-del-poeta-miguel-hernandez-ex-gr-125\/\"},\"wordCount\":916,\"commentCount\":0,\"publisher\":{\"@id\":\"https:\/\/www.senderosgr.es\/blog\/#organization\"},\"image\":{\"@id\":\"https:\/\/www.senderosgr.es\/blog\/2026\/04\/29\/senda-del-poeta-miguel-hernandez-ex-gr-125\/#primaryimage\"},\"thumbnailUrl\":\"https:\/\/www.senderosgr.es\/blog\/wp-content\/uploads\/2026\/04\/Inscripciones-a-la-senda-del-poeta.jpg\",\"keywords\":[\"se\u00f1ales\",\"senderosgr\",\"traves\u00eda organizada\"],\"articleSection\":[\"Noticias\"],\"inLanguage\":\"es\",\"potentialAction\":[{\"@type\":\"CommentAction\",\"name\":\"Comment\",\"target\":[\"https:\/\/www.senderosgr.es\/blog\/2026\/04\/29\/senda-del-poeta-miguel-hernandez-ex-gr-125\/#respond\"]}]},{\"@type\":\"WebPage\",\"@id\":\"https:\/\/www.senderosgr.es\/blog\/2026\/04\/29\/senda-del-poeta-miguel-hernandez-ex-gr-125\/\",\"url\":\"https:\/\/www.senderosgr.es\/blog\/2026\/04\/29\/senda-del-poeta-miguel-hernandez-ex-gr-125\/\",\"name\":\"Senda del Poeta Miguel Hern\u00e1ndez (Ex GR-125) - El Blog de SenderosGR\",\"isPartOf\":{\"@id\":\"https:\/\/www.senderosgr.es\/blog\/#website\"},\"primaryImageOfPage\":{\"@id\":\"https:\/\/www.senderosgr.es\/blog\/2026\/04\/29\/senda-del-poeta-miguel-hernandez-ex-gr-125\/#primaryimage\"},\"image\":{\"@id\":\"https:\/\/www.senderosgr.es\/blog\/2026\/04\/29\/senda-del-poeta-miguel-hernandez-ex-gr-125\/#primaryimage\"},\"thumbnailUrl\":\"https:\/\/www.senderosgr.es\/blog\/wp-content\/uploads\/2026\/04\/Inscripciones-a-la-senda-del-poeta.jpg\",\"datePublished\":\"2026-04-29T07:00:14+00:00\",\"description\":\"Senda del Poeta Miguel Hern\u00e1ndez, una experiencia que une memoria, cultura y comunidad. Cr\u00f3nica desde dentro como voluntarios.\",\"breadcrumb\":{\"@id\":\"https:\/\/www.senderosgr.es\/blog\/2026\/04\/29\/senda-del-poeta-miguel-hernandez-ex-gr-125\/#breadcrumb\"},\"inLanguage\":\"es\",\"potentialAction\":[{\"@type\":\"ReadAction\",\"target\":[\"https:\/\/www.senderosgr.es\/blog\/2026\/04\/29\/senda-del-poeta-miguel-hernandez-ex-gr-125\/\"]}]},{\"@type\":\"ImageObject\",\"inLanguage\":\"es\",\"@id\":\"https:\/\/www.senderosgr.es\/blog\/2026\/04\/29\/senda-del-poeta-miguel-hernandez-ex-gr-125\/#primaryimage\",\"url\":\"https:\/\/www.senderosgr.es\/blog\/wp-content\/uploads\/2026\/04\/Inscripciones-a-la-senda-del-poeta.jpg\",\"contentUrl\":\"https:\/\/www.senderosgr.es\/blog\/wp-content\/uploads\/2026\/04\/Inscripciones-a-la-senda-del-poeta.jpg\",\"width\":1650,\"height\":1237},{\"@type\":\"BreadcrumbList\",\"@id\":\"https:\/\/www.senderosgr.es\/blog\/2026\/04\/29\/senda-del-poeta-miguel-hernandez-ex-gr-125\/#breadcrumb\",\"itemListElement\":[{\"@type\":\"ListItem\",\"position\":1,\"name\":\"Portada\",\"item\":\"https:\/\/www.senderosgr.es\/blog\/\"},{\"@type\":\"ListItem\",\"position\":2,\"name\":\"Senda del Poeta Miguel Hern\u00e1ndez (Ex GR-125)\"}]},{\"@type\":\"WebSite\",\"@id\":\"https:\/\/www.senderosgr.es\/blog\/#website\",\"url\":\"https:\/\/www.senderosgr.es\/blog\/\",\"name\":\"El Blog de SenderosGR\",\"description\":\"Noticias, opiniones... \u00a1y mucho m\u00e1s!\",\"publisher\":{\"@id\":\"https:\/\/www.senderosgr.es\/blog\/#organization\"},\"potentialAction\":[{\"@type\":\"SearchAction\",\"target\":{\"@type\":\"EntryPoint\",\"urlTemplate\":\"https:\/\/www.senderosgr.es\/blog\/?s={search_term_string}\"},\"query-input\":{\"@type\":\"PropertyValueSpecification\",\"valueRequired\":true,\"valueName\":\"search_term_string\"}}],\"inLanguage\":\"es\"},{\"@type\":\"Organization\",\"@id\":\"https:\/\/www.senderosgr.es\/blog\/#organization\",\"name\":\"El Blog de SenderosGR\",\"url\":\"https:\/\/www.senderosgr.es\/blog\/\",\"logo\":{\"@type\":\"ImageObject\",\"inLanguage\":\"es\",\"@id\":\"https:\/\/www.senderosgr.es\/blog\/#\/schema\/logo\/image\/\",\"url\":\"https:\/\/www.senderosgr.es\/blog\/wp-content\/uploads\/2016\/06\/SGR-logo-cabecera-wordpress-copy-1.jpg\",\"contentUrl\":\"https:\/\/www.senderosgr.es\/blog\/wp-content\/uploads\/2016\/06\/SGR-logo-cabecera-wordpress-copy-1.jpg\",\"width\":240,\"height\":240,\"caption\":\"El Blog de SenderosGR\"},\"image\":{\"@id\":\"https:\/\/www.senderosgr.es\/blog\/#\/schema\/logo\/image\/\"}},{\"@type\":\"Person\",\"@id\":\"https:\/\/www.senderosgr.es\/blog\/#\/schema\/person\/85bcfd49a3c9fcc458e6f75a629396ac\",\"name\":\"Nacho Redondo\",\"image\":{\"@type\":\"ImageObject\",\"inLanguage\":\"es\",\"@id\":\"https:\/\/www.senderosgr.es\/blog\/#\/schema\/person\/image\/\",\"url\":\"https:\/\/secure.gravatar.com\/avatar\/4154242d014efdd5818a58a83869758b8405a61111dab0d5e92efdac03255a5a?s=96&d=mm&r=g\",\"contentUrl\":\"https:\/\/secure.gravatar.com\/avatar\/4154242d014efdd5818a58a83869758b8405a61111dab0d5e92efdac03255a5a?s=96&d=mm&r=g\",\"caption\":\"Nacho Redondo\"},\"url\":\"https:\/\/www.senderosgr.es\/blog\/author\/nacho\/\"}]}<\/script>\n<!-- \/ Yoast SEO plugin. -->","yoast_head_json":{"title":"Senda del Poeta Miguel Hern\u00e1ndez (Ex GR-125) - El Blog de SenderosGR","description":"Senda del Poeta Miguel Hern\u00e1ndez, una experiencia que une memoria, cultura y comunidad. Cr\u00f3nica desde dentro como voluntarios.","robots":{"index":"index","follow":"follow","max-snippet":"max-snippet:-1","max-image-preview":"max-image-preview:large","max-video-preview":"max-video-preview:-1"},"canonical":"https:\/\/www.senderosgr.es\/blog\/2026\/04\/29\/senda-del-poeta-miguel-hernandez-ex-gr-125\/","og_locale":"es_ES","og_type":"article","og_title":"Senda del Poeta Miguel Hern\u00e1ndez (Ex GR-125) - El Blog de SenderosGR","og_description":"Senda del Poeta Miguel Hern\u00e1ndez, una experiencia que une memoria, cultura y comunidad. Cr\u00f3nica desde dentro como voluntarios.","og_url":"https:\/\/www.senderosgr.es\/blog\/2026\/04\/29\/senda-del-poeta-miguel-hernandez-ex-gr-125\/","og_site_name":"El Blog de SenderosGR","article_published_time":"2026-04-29T07:00:14+00:00","og_image":[{"width":1650,"height":1237,"url":"https:\/\/www.senderosgr.es\/blog\/wp-content\/uploads\/2026\/04\/Inscripciones-a-la-senda-del-poeta.jpg","type":"image\/jpeg"}],"author":"Nacho Redondo","twitter_card":"summary_large_image","twitter_misc":{"Escrito por":"Nacho Redondo","Tiempo de lectura":"5 minutos"},"schema":{"@context":"https:\/\/schema.org","@graph":[{"@type":"Article","@id":"https:\/\/www.senderosgr.es\/blog\/2026\/04\/29\/senda-del-poeta-miguel-hernandez-ex-gr-125\/#article","isPartOf":{"@id":"https:\/\/www.senderosgr.es\/blog\/2026\/04\/29\/senda-del-poeta-miguel-hernandez-ex-gr-125\/"},"author":{"name":"Nacho Redondo","@id":"https:\/\/www.senderosgr.es\/blog\/#\/schema\/person\/85bcfd49a3c9fcc458e6f75a629396ac"},"headline":"Senda del Poeta Miguel Hern\u00e1ndez (Ex GR-125)","datePublished":"2026-04-29T07:00:14+00:00","mainEntityOfPage":{"@id":"https:\/\/www.senderosgr.es\/blog\/2026\/04\/29\/senda-del-poeta-miguel-hernandez-ex-gr-125\/"},"wordCount":916,"commentCount":0,"publisher":{"@id":"https:\/\/www.senderosgr.es\/blog\/#organization"},"image":{"@id":"https:\/\/www.senderosgr.es\/blog\/2026\/04\/29\/senda-del-poeta-miguel-hernandez-ex-gr-125\/#primaryimage"},"thumbnailUrl":"https:\/\/www.senderosgr.es\/blog\/wp-content\/uploads\/2026\/04\/Inscripciones-a-la-senda-del-poeta.jpg","keywords":["se\u00f1ales","senderosgr","traves\u00eda organizada"],"articleSection":["Noticias"],"inLanguage":"es","potentialAction":[{"@type":"CommentAction","name":"Comment","target":["https:\/\/www.senderosgr.es\/blog\/2026\/04\/29\/senda-del-poeta-miguel-hernandez-ex-gr-125\/#respond"]}]},{"@type":"WebPage","@id":"https:\/\/www.senderosgr.es\/blog\/2026\/04\/29\/senda-del-poeta-miguel-hernandez-ex-gr-125\/","url":"https:\/\/www.senderosgr.es\/blog\/2026\/04\/29\/senda-del-poeta-miguel-hernandez-ex-gr-125\/","name":"Senda del Poeta Miguel Hern\u00e1ndez (Ex GR-125) - El Blog de SenderosGR","isPartOf":{"@id":"https:\/\/www.senderosgr.es\/blog\/#website"},"primaryImageOfPage":{"@id":"https:\/\/www.senderosgr.es\/blog\/2026\/04\/29\/senda-del-poeta-miguel-hernandez-ex-gr-125\/#primaryimage"},"image":{"@id":"https:\/\/www.senderosgr.es\/blog\/2026\/04\/29\/senda-del-poeta-miguel-hernandez-ex-gr-125\/#primaryimage"},"thumbnailUrl":"https:\/\/www.senderosgr.es\/blog\/wp-content\/uploads\/2026\/04\/Inscripciones-a-la-senda-del-poeta.jpg","datePublished":"2026-04-29T07:00:14+00:00","description":"Senda del Poeta Miguel Hern\u00e1ndez, una experiencia que une memoria, cultura y comunidad. Cr\u00f3nica desde dentro como voluntarios.","breadcrumb":{"@id":"https:\/\/www.senderosgr.es\/blog\/2026\/04\/29\/senda-del-poeta-miguel-hernandez-ex-gr-125\/#breadcrumb"},"inLanguage":"es","potentialAction":[{"@type":"ReadAction","target":["https:\/\/www.senderosgr.es\/blog\/2026\/04\/29\/senda-del-poeta-miguel-hernandez-ex-gr-125\/"]}]},{"@type":"ImageObject","inLanguage":"es","@id":"https:\/\/www.senderosgr.es\/blog\/2026\/04\/29\/senda-del-poeta-miguel-hernandez-ex-gr-125\/#primaryimage","url":"https:\/\/www.senderosgr.es\/blog\/wp-content\/uploads\/2026\/04\/Inscripciones-a-la-senda-del-poeta.jpg","contentUrl":"https:\/\/www.senderosgr.es\/blog\/wp-content\/uploads\/2026\/04\/Inscripciones-a-la-senda-del-poeta.jpg","width":1650,"height":1237},{"@type":"BreadcrumbList","@id":"https:\/\/www.senderosgr.es\/blog\/2026\/04\/29\/senda-del-poeta-miguel-hernandez-ex-gr-125\/#breadcrumb","itemListElement":[{"@type":"ListItem","position":1,"name":"Portada","item":"https:\/\/www.senderosgr.es\/blog\/"},{"@type":"ListItem","position":2,"name":"Senda del Poeta Miguel Hern\u00e1ndez (Ex GR-125)"}]},{"@type":"WebSite","@id":"https:\/\/www.senderosgr.es\/blog\/#website","url":"https:\/\/www.senderosgr.es\/blog\/","name":"El Blog de SenderosGR","description":"Noticias, opiniones... \u00a1y mucho m\u00e1s!","publisher":{"@id":"https:\/\/www.senderosgr.es\/blog\/#organization"},"potentialAction":[{"@type":"SearchAction","target":{"@type":"EntryPoint","urlTemplate":"https:\/\/www.senderosgr.es\/blog\/?s={search_term_string}"},"query-input":{"@type":"PropertyValueSpecification","valueRequired":true,"valueName":"search_term_string"}}],"inLanguage":"es"},{"@type":"Organization","@id":"https:\/\/www.senderosgr.es\/blog\/#organization","name":"El Blog de SenderosGR","url":"https:\/\/www.senderosgr.es\/blog\/","logo":{"@type":"ImageObject","inLanguage":"es","@id":"https:\/\/www.senderosgr.es\/blog\/#\/schema\/logo\/image\/","url":"https:\/\/www.senderosgr.es\/blog\/wp-content\/uploads\/2016\/06\/SGR-logo-cabecera-wordpress-copy-1.jpg","contentUrl":"https:\/\/www.senderosgr.es\/blog\/wp-content\/uploads\/2016\/06\/SGR-logo-cabecera-wordpress-copy-1.jpg","width":240,"height":240,"caption":"El Blog de SenderosGR"},"image":{"@id":"https:\/\/www.senderosgr.es\/blog\/#\/schema\/logo\/image\/"}},{"@type":"Person","@id":"https:\/\/www.senderosgr.es\/blog\/#\/schema\/person\/85bcfd49a3c9fcc458e6f75a629396ac","name":"Nacho Redondo","image":{"@type":"ImageObject","inLanguage":"es","@id":"https:\/\/www.senderosgr.es\/blog\/#\/schema\/person\/image\/","url":"https:\/\/secure.gravatar.com\/avatar\/4154242d014efdd5818a58a83869758b8405a61111dab0d5e92efdac03255a5a?s=96&d=mm&r=g","contentUrl":"https:\/\/secure.gravatar.com\/avatar\/4154242d014efdd5818a58a83869758b8405a61111dab0d5e92efdac03255a5a?s=96&d=mm&r=g","caption":"Nacho Redondo"},"url":"https:\/\/www.senderosgr.es\/blog\/author\/nacho\/"}]}},"cc_featured_image_caption":{"caption_text":"","source_text":"","source_url":""},"_links":{"self":[{"href":"https:\/\/www.senderosgr.es\/blog\/wp-json\/wp\/v2\/posts\/2172","targetHints":{"allow":["GET"]}}],"collection":[{"href":"https:\/\/www.senderosgr.es\/blog\/wp-json\/wp\/v2\/posts"}],"about":[{"href":"https:\/\/www.senderosgr.es\/blog\/wp-json\/wp\/v2\/types\/post"}],"author":[{"embeddable":true,"href":"https:\/\/www.senderosgr.es\/blog\/wp-json\/wp\/v2\/users\/9"}],"replies":[{"embeddable":true,"href":"https:\/\/www.senderosgr.es\/blog\/wp-json\/wp\/v2\/comments?post=2172"}],"version-history":[{"count":1,"href":"https:\/\/www.senderosgr.es\/blog\/wp-json\/wp\/v2\/posts\/2172\/revisions"}],"predecessor-version":[{"id":2176,"href":"https:\/\/www.senderosgr.es\/blog\/wp-json\/wp\/v2\/posts\/2172\/revisions\/2176"}],"wp:featuredmedia":[{"embeddable":true,"href":"https:\/\/www.senderosgr.es\/blog\/wp-json\/wp\/v2\/media\/2173"}],"wp:attachment":[{"href":"https:\/\/www.senderosgr.es\/blog\/wp-json\/wp\/v2\/media?parent=2172"}],"wp:term":[{"taxonomy":"category","embeddable":true,"href":"https:\/\/www.senderosgr.es\/blog\/wp-json\/wp\/v2\/categories?post=2172"},{"taxonomy":"post_tag","embeddable":true,"href":"https:\/\/www.senderosgr.es\/blog\/wp-json\/wp\/v2\/tags?post=2172"}],"curies":[{"name":"wp","href":"https:\/\/api.w.org\/{rel}","templated":true}]}}