{"id":2134,"date":"2026-03-10T21:53:08","date_gmt":"2026-03-10T20:53:08","guid":{"rendered":"https:\/\/www.senderosgr.es\/blog\/?p=2134"},"modified":"2026-03-10T21:54:15","modified_gmt":"2026-03-10T20:54:15","slug":"el-camino-de-santiago-de-forma-expres-cuantos-dias-son-necesarios","status":"publish","type":"post","link":"https:\/\/www.senderosgr.es\/blog\/2026\/03\/10\/el-camino-de-santiago-de-forma-expres-cuantos-dias-son-necesarios\/","title":{"rendered":"El Camino de Santiago de forma expr\u00e9s: \u00bfCu\u00e1ntos d\u00edas son necesarios?"},"content":{"rendered":"\n<p>Si siempre has so\u00f1ado con hacer el Camino de Santiago, pero <strong>solo dispones de una semana o incluso menos<\/strong>, no te preocupes: es posible disfrutar de la experiencia completa sin necesidad de recorrer cientos de kil\u00f3metros. Para quienes se enfrentan a su <strong>primer Camino<\/strong>, planificar correctamente los d\u00edas y las etapas es clave para aprovechar cada momento.<\/p>\n\n\n\n<h2 class=\"wp-block-heading\">\u00bfCu\u00e1ntos d\u00edas son suficientes?<\/h2>\n\n\n\n<p>El <strong><a href=\"https:\/\/santiagoways.com\/es\/camino-de-santiago\/camino-frances\/de-sarria-a-santiago\/?utm_source=medios_patrocinados&amp;utm_medium=febrero2&amp;utm_campaign=primerizos\" target=\"_blank\" rel=\"noreferrer noopener\">Camino Franc\u00e9s<\/a><\/strong>, la ruta m\u00e1s conocida y transitada, tiene aproximadamente 800 km desde Saint-Jean-Pied-de-Port hasta Santiago de Compostela. <strong>Recorrerlo entero suele llevar entre 30 y 35 d\u00edas<\/strong>. Sin embargo, no hace falta completar todo el trayecto para vivir la esencia del Camino.<\/p>\n\n\n\n<p>\u00ab<em>Cuando el tiempo es limitado, el tramo <strong><a href=\"https:\/\/santiagoways.com\/es\/camino-de-santiago\/camino-frances\/de-sarria-a-santiago\/?utm_source=medios_patrocinados&amp;utm_medium=febrero2&amp;utm_campaign=primerizos\">de Sarria a Santiago<\/a><\/strong> se ha consolidado como una de las opciones m\u00e1s habituales: concentra la esencia del Camino en pocos d\u00edas, cuenta con una infraestructura muy completa y facilita una log\u00edstica sencilla para quien viene por primera vez. Esa combinaci\u00f3n de experiencia \u2018aut\u00e9ntica\u2019 y facilidad de organizaci\u00f3n es lo que hace que muchos peregrinos lo elijan como puerta de entrada.<\/em>\u00bb Joseba Menoyo, Fundador Santiago Ways (M\u00e1s de 30.000 viajes organizados al Camino de Santiago)<\/p>\n\n\n\n<p>Desde <strong>Sarria hasta Santiago hay unos 110 km<\/strong>, lo que permite completar el recorrido en <strong>5 a 7 d\u00edas<\/strong> sin perder la experiencia aut\u00e9ntica de la peregrinaci\u00f3n.<\/p>\n\n\n\n<h2 class=\"wp-block-heading\">Etapas de Sarria a Santiago<\/h2>\n\n\n\n<p>El tramo completo se puede dividir en <strong>5 etapas cl\u00e1sicas<\/strong>, aunque existe la posibilidad de combinarlas para hacerlo en menos d\u00edas:<\/p>\n\n\n\n<ol class=\"wp-block-list\">\n<li><strong>Sarria \u2192 Portomar\u00edn<\/strong> (22 km)<\/li>\n\n\n\n<li><strong>Portomar\u00edn \u2192 Palas de Rei<\/strong> (25 km)<\/li>\n\n\n\n<li><strong>Palas de Rei \u2192 Arz\u00faa<\/strong> (29 km)<\/li>\n\n\n\n<li><strong>Arz\u00faa \u2192 O Pedrouzo<\/strong> (19 km)<\/li>\n\n\n\n<li><strong>O Pedrouzo \u2192 Santiago de Compostela<\/strong> (20 km)<\/li>\n<\/ol>\n\n\n\n<p>Si quieres recorrer el Camino en menos d\u00edas, es <strong>viable hacer 2 etapas por d\u00eda<\/strong> combinando, por ejemplo:<\/p>\n\n\n\n<ul class=\"wp-block-list\">\n<li>D\u00eda 1: <strong>Sarria \u2192 Palas de Rei<\/strong> (aprox. 47 km)<\/li>\n\n\n\n<li>D\u00eda 2: <strong>Palas de Rei \u2192 O Pedrouzo<\/strong> (aprox. 48 km)<\/li>\n\n\n\n<li>D\u00eda 3: <strong>O Pedrouzo \u2192 Santiago<\/strong> (20 km)<\/li>\n<\/ul>\n\n\n\n<p>Este ritmo requiere <strong>estar muy preparado f\u00edsicamente<\/strong> y llevar un ritmo constante, pero permite condensar la experiencia en <strong>3\u20134 d\u00edas<\/strong>, ideal para escapadas cortas.<\/p>\n\n\n\n<h2 class=\"wp-block-heading\">Consejos pr\u00e1cticos para un Camino expr\u00e9s<\/h2>\n\n\n\n<ul class=\"wp-block-list\">\n<li><strong>Reserva alojamiento con antelaci\u00f3n<\/strong>: hacer m\u00e1s kil\u00f3metros por d\u00eda <strong>implica llegar tarde a los albergues<\/strong>, y muchos pueden estar llenos en temporada alta.<\/li>\n\n\n\n<li><strong>Mochila ligera<\/strong>: cuando se hacen etapas largas, cada kilo cuenta; prioriza ropa, agua y snacks, o contrata una empresa que lleve tu equipaje de un punto a otro para ir m\u00e1s ligero.<\/li>\n\n\n\n<li><strong>Planifica descansos estrat\u00e9gicos<\/strong>: aprovecha paradas en pueblos para recargar energ\u00edas y disfrutar de la gastronom\u00eda local.<\/li>\n\n\n\n<li><strong>Escucha tu cuerpo<\/strong>: aunque quieras condensar etapas, <strong>caminar m\u00e1s de 40 km al d\u00eda no es recomendable para todos<\/strong>; mejor ajustar ritmo que forzar y arriesgar lesiones.<\/li>\n<\/ul>\n\n\n\n<p>Hacer el Camino de Santiago en pocos d\u00edas no solo es posible, sino que <strong>puede ser la mejor forma de empezar<\/strong>. El tramo de Sarria a Santiago permite a los primerizos vivir la esencia del Camino Franc\u00e9s en un tiempo reducido, con comodidad y sin perder la magia de esta experiencia \u00fanica. Planifica bien, sigue los consejos de log\u00edstica y prep\u00e1rate para sentir la emoci\u00f3n de llegar a Santiago: cada paso cuenta, incluso en una escapada corta.<\/p>\n","protected":false},"excerpt":{"rendered":"<p>Si siempre has so\u00f1ado con hacer el Camino de Santiago, pero solo dispones de una semana o incluso menos, no te preocupes: es posible disfrutar de la experiencia completa sin necesidad de recorrer cientos de kil\u00f3metros. Para quienes se enfrentan a su primer Camino, planificar correctamente los d\u00edas y las etapas es clave para aprovechar [&hellip;]<\/p>\n","protected":false},"author":13,"featured_media":2135,"comment_status":"open","ping_status":"open","sticky":false,"template":"","format":"standard","meta":{"footnotes":""},"categories":[193],"tags":[185,173,191],"class_list":["post-2134","post","type-post","status-publish","format-standard","has-post-thumbnail","hentry","category-noticias","tag-opinion","tag-senderismo","tag-senderosgr"],"yoast_head":"<!-- This site is optimized with the Yoast SEO plugin v26.6 - https:\/\/yoast.com\/wordpress\/plugins\/seo\/ -->\n<title>El Camino de Santiago de forma expr\u00e9s: \u00bfCu\u00e1ntos d\u00edas son necesarios? - El Blog de SenderosGR<\/title>\n<meta name=\"description\" content=\"Descubre c\u00f3mo hacer el Camino de Santiago en pocos d\u00edas. Te explicamos las mejores etapas de Sarria a Santiago, as\u00ed como consejos pr\u00e1cticos.\" \/>\n<meta name=\"robots\" content=\"index, follow, max-snippet:-1, max-image-preview:large, max-video-preview:-1\" \/>\n<link rel=\"canonical\" href=\"https:\/\/www.senderosgr.es\/blog\/2026\/03\/10\/el-camino-de-santiago-de-forma-expres-cuantos-dias-son-necesarios\/\" \/>\n<meta property=\"og:locale\" content=\"es_ES\" \/>\n<meta property=\"og:type\" content=\"article\" \/>\n<meta property=\"og:title\" content=\"El Camino de Santiago de forma expr\u00e9s: \u00bfCu\u00e1ntos d\u00edas son necesarios? - El Blog de SenderosGR\" \/>\n<meta property=\"og:description\" content=\"Descubre c\u00f3mo hacer el Camino de Santiago en pocos d\u00edas. Te explicamos las mejores etapas de Sarria a Santiago, as\u00ed como consejos pr\u00e1cticos.\" \/>\n<meta property=\"og:url\" content=\"https:\/\/www.senderosgr.es\/blog\/2026\/03\/10\/el-camino-de-santiago-de-forma-expres-cuantos-dias-son-necesarios\/\" \/>\n<meta property=\"og:site_name\" content=\"El Blog de SenderosGR\" \/>\n<meta property=\"article:published_time\" content=\"2026-03-10T20:53:08+00:00\" \/>\n<meta property=\"article:modified_time\" content=\"2026-03-10T20:54:15+00:00\" \/>\n<meta property=\"og:image\" content=\"http:\/\/www.senderosgr.es\/blog\/wp-content\/uploads\/2026\/03\/pexels-mohamedelaminemsiouri-2108845.jpg\" \/>\n\t<meta property=\"og:image:width\" content=\"1280\" \/>\n\t<meta property=\"og:image:height\" content=\"1920\" \/>\n\t<meta property=\"og:image:type\" content=\"image\/jpeg\" \/>\n<meta name=\"author\" content=\"Jordi Valls Garc\u00eda\" \/>\n<meta name=\"twitter:card\" content=\"summary_large_image\" \/>\n<meta name=\"twitter:label1\" content=\"Escrito por\" \/>\n\t<meta name=\"twitter:data1\" content=\"Jordi Valls Garc\u00eda\" \/>\n\t<meta name=\"twitter:label2\" content=\"Tiempo de lectura\" \/>\n\t<meta name=\"twitter:data2\" content=\"3 minutos\" \/>\n<script type=\"application\/ld+json\" class=\"yoast-schema-graph\">{\"@context\":\"https:\/\/schema.org\",\"@graph\":[{\"@type\":\"Article\",\"@id\":\"https:\/\/www.senderosgr.es\/blog\/2026\/03\/10\/el-camino-de-santiago-de-forma-expres-cuantos-dias-son-necesarios\/#article\",\"isPartOf\":{\"@id\":\"https:\/\/www.senderosgr.es\/blog\/2026\/03\/10\/el-camino-de-santiago-de-forma-expres-cuantos-dias-son-necesarios\/\"},\"author\":{\"name\":\"Jordi Valls Garc\u00eda\",\"@id\":\"https:\/\/www.senderosgr.es\/blog\/#\/schema\/person\/c8d57a903c270b1234e8a04e80aa7408\"},\"headline\":\"El Camino de Santiago de forma expr\u00e9s: \u00bfCu\u00e1ntos d\u00edas son necesarios?\",\"datePublished\":\"2026-03-10T20:53:08+00:00\",\"dateModified\":\"2026-03-10T20:54:15+00:00\",\"mainEntityOfPage\":{\"@id\":\"https:\/\/www.senderosgr.es\/blog\/2026\/03\/10\/el-camino-de-santiago-de-forma-expres-cuantos-dias-son-necesarios\/\"},\"wordCount\":556,\"commentCount\":0,\"publisher\":{\"@id\":\"https:\/\/www.senderosgr.es\/blog\/#organization\"},\"image\":{\"@id\":\"https:\/\/www.senderosgr.es\/blog\/2026\/03\/10\/el-camino-de-santiago-de-forma-expres-cuantos-dias-son-necesarios\/#primaryimage\"},\"thumbnailUrl\":\"https:\/\/www.senderosgr.es\/blog\/wp-content\/uploads\/2026\/03\/pexels-mohamedelaminemsiouri-2108845.jpg\",\"keywords\":[\"opini\u00f3n\",\"senderismo\",\"senderosgr\"],\"articleSection\":[\"Noticias\"],\"inLanguage\":\"es\",\"potentialAction\":[{\"@type\":\"CommentAction\",\"name\":\"Comment\",\"target\":[\"https:\/\/www.senderosgr.es\/blog\/2026\/03\/10\/el-camino-de-santiago-de-forma-expres-cuantos-dias-son-necesarios\/#respond\"]}]},{\"@type\":\"WebPage\",\"@id\":\"https:\/\/www.senderosgr.es\/blog\/2026\/03\/10\/el-camino-de-santiago-de-forma-expres-cuantos-dias-son-necesarios\/\",\"url\":\"https:\/\/www.senderosgr.es\/blog\/2026\/03\/10\/el-camino-de-santiago-de-forma-expres-cuantos-dias-son-necesarios\/\",\"name\":\"El Camino de Santiago de forma expr\u00e9s: \u00bfCu\u00e1ntos d\u00edas son necesarios? - El Blog de SenderosGR\",\"isPartOf\":{\"@id\":\"https:\/\/www.senderosgr.es\/blog\/#website\"},\"primaryImageOfPage\":{\"@id\":\"https:\/\/www.senderosgr.es\/blog\/2026\/03\/10\/el-camino-de-santiago-de-forma-expres-cuantos-dias-son-necesarios\/#primaryimage\"},\"image\":{\"@id\":\"https:\/\/www.senderosgr.es\/blog\/2026\/03\/10\/el-camino-de-santiago-de-forma-expres-cuantos-dias-son-necesarios\/#primaryimage\"},\"thumbnailUrl\":\"https:\/\/www.senderosgr.es\/blog\/wp-content\/uploads\/2026\/03\/pexels-mohamedelaminemsiouri-2108845.jpg\",\"datePublished\":\"2026-03-10T20:53:08+00:00\",\"dateModified\":\"2026-03-10T20:54:15+00:00\",\"description\":\"Descubre c\u00f3mo hacer el Camino de Santiago en pocos d\u00edas. Te explicamos las mejores etapas de Sarria a Santiago, as\u00ed como consejos pr\u00e1cticos.\",\"breadcrumb\":{\"@id\":\"https:\/\/www.senderosgr.es\/blog\/2026\/03\/10\/el-camino-de-santiago-de-forma-expres-cuantos-dias-son-necesarios\/#breadcrumb\"},\"inLanguage\":\"es\",\"potentialAction\":[{\"@type\":\"ReadAction\",\"target\":[\"https:\/\/www.senderosgr.es\/blog\/2026\/03\/10\/el-camino-de-santiago-de-forma-expres-cuantos-dias-son-necesarios\/\"]}]},{\"@type\":\"ImageObject\",\"inLanguage\":\"es\",\"@id\":\"https:\/\/www.senderosgr.es\/blog\/2026\/03\/10\/el-camino-de-santiago-de-forma-expres-cuantos-dias-son-necesarios\/#primaryimage\",\"url\":\"https:\/\/www.senderosgr.es\/blog\/wp-content\/uploads\/2026\/03\/pexels-mohamedelaminemsiouri-2108845.jpg\",\"contentUrl\":\"https:\/\/www.senderosgr.es\/blog\/wp-content\/uploads\/2026\/03\/pexels-mohamedelaminemsiouri-2108845.jpg\",\"width\":1280,\"height\":1920},{\"@type\":\"BreadcrumbList\",\"@id\":\"https:\/\/www.senderosgr.es\/blog\/2026\/03\/10\/el-camino-de-santiago-de-forma-expres-cuantos-dias-son-necesarios\/#breadcrumb\",\"itemListElement\":[{\"@type\":\"ListItem\",\"position\":1,\"name\":\"Portada\",\"item\":\"https:\/\/www.senderosgr.es\/blog\/\"},{\"@type\":\"ListItem\",\"position\":2,\"name\":\"El Camino de Santiago de forma expr\u00e9s: \u00bfCu\u00e1ntos d\u00edas son necesarios?\"}]},{\"@type\":\"WebSite\",\"@id\":\"https:\/\/www.senderosgr.es\/blog\/#website\",\"url\":\"https:\/\/www.senderosgr.es\/blog\/\",\"name\":\"El Blog de SenderosGR\",\"description\":\"Noticias, opiniones... \u00a1y mucho m\u00e1s!\",\"publisher\":{\"@id\":\"https:\/\/www.senderosgr.es\/blog\/#organization\"},\"potentialAction\":[{\"@type\":\"SearchAction\",\"target\":{\"@type\":\"EntryPoint\",\"urlTemplate\":\"https:\/\/www.senderosgr.es\/blog\/?s={search_term_string}\"},\"query-input\":{\"@type\":\"PropertyValueSpecification\",\"valueRequired\":true,\"valueName\":\"search_term_string\"}}],\"inLanguage\":\"es\"},{\"@type\":\"Organization\",\"@id\":\"https:\/\/www.senderosgr.es\/blog\/#organization\",\"name\":\"El Blog de SenderosGR\",\"url\":\"https:\/\/www.senderosgr.es\/blog\/\",\"logo\":{\"@type\":\"ImageObject\",\"inLanguage\":\"es\",\"@id\":\"https:\/\/www.senderosgr.es\/blog\/#\/schema\/logo\/image\/\",\"url\":\"https:\/\/www.senderosgr.es\/blog\/wp-content\/uploads\/2016\/06\/SGR-logo-cabecera-wordpress-copy-1.jpg\",\"contentUrl\":\"https:\/\/www.senderosgr.es\/blog\/wp-content\/uploads\/2016\/06\/SGR-logo-cabecera-wordpress-copy-1.jpg\",\"width\":240,\"height\":240,\"caption\":\"El Blog de SenderosGR\"},\"image\":{\"@id\":\"https:\/\/www.senderosgr.es\/blog\/#\/schema\/logo\/image\/\"}},{\"@type\":\"Person\",\"@id\":\"https:\/\/www.senderosgr.es\/blog\/#\/schema\/person\/c8d57a903c270b1234e8a04e80aa7408\",\"name\":\"Jordi Valls Garc\u00eda\",\"image\":{\"@type\":\"ImageObject\",\"inLanguage\":\"es\",\"@id\":\"https:\/\/www.senderosgr.es\/blog\/#\/schema\/person\/image\/\",\"url\":\"https:\/\/secure.gravatar.com\/avatar\/3437e218e8dc5fc6f67335f17517615b6279b36c47bc5f1a67aea841efb4d128?s=96&d=mm&r=g\",\"contentUrl\":\"https:\/\/secure.gravatar.com\/avatar\/3437e218e8dc5fc6f67335f17517615b6279b36c47bc5f1a67aea841efb4d128?s=96&d=mm&r=g\",\"caption\":\"Jordi Valls Garc\u00eda\"},\"url\":\"https:\/\/www.senderosgr.es\/blog\/author\/jordivalls\/\"}]}<\/script>\n<!-- \/ Yoast SEO plugin. -->","yoast_head_json":{"title":"El Camino de Santiago de forma expr\u00e9s: \u00bfCu\u00e1ntos d\u00edas son necesarios? - El Blog de SenderosGR","description":"Descubre c\u00f3mo hacer el Camino de Santiago en pocos d\u00edas. Te explicamos las mejores etapas de Sarria a Santiago, as\u00ed como consejos pr\u00e1cticos.","robots":{"index":"index","follow":"follow","max-snippet":"max-snippet:-1","max-image-preview":"max-image-preview:large","max-video-preview":"max-video-preview:-1"},"canonical":"https:\/\/www.senderosgr.es\/blog\/2026\/03\/10\/el-camino-de-santiago-de-forma-expres-cuantos-dias-son-necesarios\/","og_locale":"es_ES","og_type":"article","og_title":"El Camino de Santiago de forma expr\u00e9s: \u00bfCu\u00e1ntos d\u00edas son necesarios? - El Blog de SenderosGR","og_description":"Descubre c\u00f3mo hacer el Camino de Santiago en pocos d\u00edas. Te explicamos las mejores etapas de Sarria a Santiago, as\u00ed como consejos pr\u00e1cticos.","og_url":"https:\/\/www.senderosgr.es\/blog\/2026\/03\/10\/el-camino-de-santiago-de-forma-expres-cuantos-dias-son-necesarios\/","og_site_name":"El Blog de SenderosGR","article_published_time":"2026-03-10T20:53:08+00:00","article_modified_time":"2026-03-10T20:54:15+00:00","og_image":[{"width":1280,"height":1920,"url":"http:\/\/www.senderosgr.es\/blog\/wp-content\/uploads\/2026\/03\/pexels-mohamedelaminemsiouri-2108845.jpg","type":"image\/jpeg"}],"author":"Jordi Valls Garc\u00eda","twitter_card":"summary_large_image","twitter_misc":{"Escrito por":"Jordi Valls Garc\u00eda","Tiempo de lectura":"3 minutos"},"schema":{"@context":"https:\/\/schema.org","@graph":[{"@type":"Article","@id":"https:\/\/www.senderosgr.es\/blog\/2026\/03\/10\/el-camino-de-santiago-de-forma-expres-cuantos-dias-son-necesarios\/#article","isPartOf":{"@id":"https:\/\/www.senderosgr.es\/blog\/2026\/03\/10\/el-camino-de-santiago-de-forma-expres-cuantos-dias-son-necesarios\/"},"author":{"name":"Jordi Valls Garc\u00eda","@id":"https:\/\/www.senderosgr.es\/blog\/#\/schema\/person\/c8d57a903c270b1234e8a04e80aa7408"},"headline":"El Camino de Santiago de forma expr\u00e9s: \u00bfCu\u00e1ntos d\u00edas son necesarios?","datePublished":"2026-03-10T20:53:08+00:00","dateModified":"2026-03-10T20:54:15+00:00","mainEntityOfPage":{"@id":"https:\/\/www.senderosgr.es\/blog\/2026\/03\/10\/el-camino-de-santiago-de-forma-expres-cuantos-dias-son-necesarios\/"},"wordCount":556,"commentCount":0,"publisher":{"@id":"https:\/\/www.senderosgr.es\/blog\/#organization"},"image":{"@id":"https:\/\/www.senderosgr.es\/blog\/2026\/03\/10\/el-camino-de-santiago-de-forma-expres-cuantos-dias-son-necesarios\/#primaryimage"},"thumbnailUrl":"https:\/\/www.senderosgr.es\/blog\/wp-content\/uploads\/2026\/03\/pexels-mohamedelaminemsiouri-2108845.jpg","keywords":["opini\u00f3n","senderismo","senderosgr"],"articleSection":["Noticias"],"inLanguage":"es","potentialAction":[{"@type":"CommentAction","name":"Comment","target":["https:\/\/www.senderosgr.es\/blog\/2026\/03\/10\/el-camino-de-santiago-de-forma-expres-cuantos-dias-son-necesarios\/#respond"]}]},{"@type":"WebPage","@id":"https:\/\/www.senderosgr.es\/blog\/2026\/03\/10\/el-camino-de-santiago-de-forma-expres-cuantos-dias-son-necesarios\/","url":"https:\/\/www.senderosgr.es\/blog\/2026\/03\/10\/el-camino-de-santiago-de-forma-expres-cuantos-dias-son-necesarios\/","name":"El Camino de Santiago de forma expr\u00e9s: \u00bfCu\u00e1ntos d\u00edas son necesarios? - El Blog de SenderosGR","isPartOf":{"@id":"https:\/\/www.senderosgr.es\/blog\/#website"},"primaryImageOfPage":{"@id":"https:\/\/www.senderosgr.es\/blog\/2026\/03\/10\/el-camino-de-santiago-de-forma-expres-cuantos-dias-son-necesarios\/#primaryimage"},"image":{"@id":"https:\/\/www.senderosgr.es\/blog\/2026\/03\/10\/el-camino-de-santiago-de-forma-expres-cuantos-dias-son-necesarios\/#primaryimage"},"thumbnailUrl":"https:\/\/www.senderosgr.es\/blog\/wp-content\/uploads\/2026\/03\/pexels-mohamedelaminemsiouri-2108845.jpg","datePublished":"2026-03-10T20:53:08+00:00","dateModified":"2026-03-10T20:54:15+00:00","description":"Descubre c\u00f3mo hacer el Camino de Santiago en pocos d\u00edas. Te explicamos las mejores etapas de Sarria a Santiago, as\u00ed como consejos pr\u00e1cticos.","breadcrumb":{"@id":"https:\/\/www.senderosgr.es\/blog\/2026\/03\/10\/el-camino-de-santiago-de-forma-expres-cuantos-dias-son-necesarios\/#breadcrumb"},"inLanguage":"es","potentialAction":[{"@type":"ReadAction","target":["https:\/\/www.senderosgr.es\/blog\/2026\/03\/10\/el-camino-de-santiago-de-forma-expres-cuantos-dias-son-necesarios\/"]}]},{"@type":"ImageObject","inLanguage":"es","@id":"https:\/\/www.senderosgr.es\/blog\/2026\/03\/10\/el-camino-de-santiago-de-forma-expres-cuantos-dias-son-necesarios\/#primaryimage","url":"https:\/\/www.senderosgr.es\/blog\/wp-content\/uploads\/2026\/03\/pexels-mohamedelaminemsiouri-2108845.jpg","contentUrl":"https:\/\/www.senderosgr.es\/blog\/wp-content\/uploads\/2026\/03\/pexels-mohamedelaminemsiouri-2108845.jpg","width":1280,"height":1920},{"@type":"BreadcrumbList","@id":"https:\/\/www.senderosgr.es\/blog\/2026\/03\/10\/el-camino-de-santiago-de-forma-expres-cuantos-dias-son-necesarios\/#breadcrumb","itemListElement":[{"@type":"ListItem","position":1,"name":"Portada","item":"https:\/\/www.senderosgr.es\/blog\/"},{"@type":"ListItem","position":2,"name":"El Camino de Santiago de forma expr\u00e9s: \u00bfCu\u00e1ntos d\u00edas son necesarios?"}]},{"@type":"WebSite","@id":"https:\/\/www.senderosgr.es\/blog\/#website","url":"https:\/\/www.senderosgr.es\/blog\/","name":"El Blog de SenderosGR","description":"Noticias, opiniones... \u00a1y mucho m\u00e1s!","publisher":{"@id":"https:\/\/www.senderosgr.es\/blog\/#organization"},"potentialAction":[{"@type":"SearchAction","target":{"@type":"EntryPoint","urlTemplate":"https:\/\/www.senderosgr.es\/blog\/?s={search_term_string}"},"query-input":{"@type":"PropertyValueSpecification","valueRequired":true,"valueName":"search_term_string"}}],"inLanguage":"es"},{"@type":"Organization","@id":"https:\/\/www.senderosgr.es\/blog\/#organization","name":"El Blog de SenderosGR","url":"https:\/\/www.senderosgr.es\/blog\/","logo":{"@type":"ImageObject","inLanguage":"es","@id":"https:\/\/www.senderosgr.es\/blog\/#\/schema\/logo\/image\/","url":"https:\/\/www.senderosgr.es\/blog\/wp-content\/uploads\/2016\/06\/SGR-logo-cabecera-wordpress-copy-1.jpg","contentUrl":"https:\/\/www.senderosgr.es\/blog\/wp-content\/uploads\/2016\/06\/SGR-logo-cabecera-wordpress-copy-1.jpg","width":240,"height":240,"caption":"El Blog de SenderosGR"},"image":{"@id":"https:\/\/www.senderosgr.es\/blog\/#\/schema\/logo\/image\/"}},{"@type":"Person","@id":"https:\/\/www.senderosgr.es\/blog\/#\/schema\/person\/c8d57a903c270b1234e8a04e80aa7408","name":"Jordi Valls Garc\u00eda","image":{"@type":"ImageObject","inLanguage":"es","@id":"https:\/\/www.senderosgr.es\/blog\/#\/schema\/person\/image\/","url":"https:\/\/secure.gravatar.com\/avatar\/3437e218e8dc5fc6f67335f17517615b6279b36c47bc5f1a67aea841efb4d128?s=96&d=mm&r=g","contentUrl":"https:\/\/secure.gravatar.com\/avatar\/3437e218e8dc5fc6f67335f17517615b6279b36c47bc5f1a67aea841efb4d128?s=96&d=mm&r=g","caption":"Jordi Valls Garc\u00eda"},"url":"https:\/\/www.senderosgr.es\/blog\/author\/jordivalls\/"}]}},"cc_featured_image_caption":{"caption_text":"Photo by Mohamed elamine  M'siouri  from Pexels","source_text":"","source_url":"https:\/\/www.pexels.com\/photo\/man-wearing-cap-and-crew-neck-shirt-standing-in-the-middle-of-forest-2108845\/"},"_links":{"self":[{"href":"https:\/\/www.senderosgr.es\/blog\/wp-json\/wp\/v2\/posts\/2134","targetHints":{"allow":["GET"]}}],"collection":[{"href":"https:\/\/www.senderosgr.es\/blog\/wp-json\/wp\/v2\/posts"}],"about":[{"href":"https:\/\/www.senderosgr.es\/blog\/wp-json\/wp\/v2\/types\/post"}],"author":[{"embeddable":true,"href":"https:\/\/www.senderosgr.es\/blog\/wp-json\/wp\/v2\/users\/13"}],"replies":[{"embeddable":true,"href":"https:\/\/www.senderosgr.es\/blog\/wp-json\/wp\/v2\/comments?post=2134"}],"version-history":[{"count":2,"href":"https:\/\/www.senderosgr.es\/blog\/wp-json\/wp\/v2\/posts\/2134\/revisions"}],"predecessor-version":[{"id":2137,"href":"https:\/\/www.senderosgr.es\/blog\/wp-json\/wp\/v2\/posts\/2134\/revisions\/2137"}],"wp:featuredmedia":[{"embeddable":true,"href":"https:\/\/www.senderosgr.es\/blog\/wp-json\/wp\/v2\/media\/2135"}],"wp:attachment":[{"href":"https:\/\/www.senderosgr.es\/blog\/wp-json\/wp\/v2\/media?parent=2134"}],"wp:term":[{"taxonomy":"category","embeddable":true,"href":"https:\/\/www.senderosgr.es\/blog\/wp-json\/wp\/v2\/categories?post=2134"},{"taxonomy":"post_tag","embeddable":true,"href":"https:\/\/www.senderosgr.es\/blog\/wp-json\/wp\/v2\/tags?post=2134"}],"curies":[{"name":"wp","href":"https:\/\/api.w.org\/{rel}","templated":true}]}}