{"id":2129,"date":"2026-03-11T09:20:37","date_gmt":"2026-03-11T08:20:37","guid":{"rendered":"https:\/\/www.senderosgr.es\/blog\/?p=2129"},"modified":"2026-03-11T09:20:40","modified_gmt":"2026-03-11T08:20:40","slug":"gestion-forestal-espana-demasiados-arboles-bosques","status":"publish","type":"post","link":"https:\/\/www.senderosgr.es\/blog\/2026\/03\/11\/gestion-forestal-espana-demasiados-arboles-bosques\/","title":{"rendered":"\u00bfSobran \u00e1rboles en Espa\u00f1a? El debate inc\u00f3modo sobre la densidad de los bosques"},"content":{"rendered":"\n<h2 class=\"wp-block-heading\">Cuando m\u00e1s \u00e1rboles no siempre significa un bosque m\u00e1s sano<\/h2>\n\n\n\n<p>El debate es inc\u00f3modo y pocos se atreven a abrirlo.<\/p>\n\n\n\n<p>Cuando lo digo en voz alta, muchos arquean la ceja: <strong>\u201cEn este pa\u00eds sobran el 70 % de los \u00e1rboles\u201d<\/strong>. S\u00ed, lo s\u00e9. Suena chocante. Mis conocidos saben que soy conservacionista, as\u00ed que esperan que defienda m\u00e1s verde, m\u00e1s \u00e1rboles y m\u00e1s naturaleza. Pero la realidad ecol\u00f3gica es m\u00e1s compleja: <strong>plantar m\u00e1s \u00e1rboles sin criterio no siempre es una soluci\u00f3n ambiental<\/strong>.<\/p>\n\n\n\n<p>Porque <strong>un bosque no es solo un conjunto de \u00e1rboles<\/strong>. Es un sistema vivo y complejo que funciona mejor cuando existe <strong>equilibrio, diversidad y gesti\u00f3n forestal activa<\/strong>. Y cuando la densidad es excesiva, demasiados \u00e1rboles pueden convertir el bosque en algo fr\u00e1gil y peligroso.<\/p>\n\n\n\n<h2 class=\"wp-block-heading\">Cuando m\u00e1s \u00e1rboles no significa mejor bosque<\/h2>\n\n\n\n<p>Existe un mito muy extendido: <strong>cuantos m\u00e1s \u00e1rboles, m\u00e1s saludable es el bosque<\/strong>. La realidad ecol\u00f3gica es diferente.<\/p>\n\n\n\n<h3 class=\"wp-block-heading\">Incendios forestales m\u00e1s virulentos<\/h3>\n\n\n\n<p>Los <strong>bosques demasiado densos<\/strong> acumulan gran cantidad de <strong>combustible vegetal y ramas secas<\/strong>.<br>Cuando se produce un incendio, el fuego se vuelve mucho m\u00e1s intenso y dif\u00edcil de controlar.<\/p>\n\n\n\n<h3 class=\"wp-block-heading\">Competencia extrema entre \u00e1rboles<\/h3>\n\n\n\n<p>Las ra\u00edces compiten por <strong>agua, nutrientes y luz<\/strong>. El resultado son <strong>\u00e1rboles debilitados<\/strong>, m\u00e1s vulnerables a:<\/p>\n\n\n\n<ul class=\"wp-block-list\">\n<li>sequ\u00edas<\/li>\n\n\n\n<li>plagas<\/li>\n\n\n\n<li>enfermedades<\/li>\n<\/ul>\n\n\n\n<h3 class=\"wp-block-heading\">Menor biodiversidad<\/h3>\n\n\n\n<p>La sombra constante y la homogeneidad impiden el desarrollo del sotobosque y reducen la diversidad de especies. Por eso, la clave no es eliminar el bosque, sino <strong>alcanzar una densidad \u00f3ptima de \u00e1rboles<\/strong>.<\/p>\n\n\n\n<p>Un bosque sano necesita:<\/p>\n\n\n\n<ul class=\"wp-block-list\">\n<li>claros naturales<\/li>\n\n\n\n<li>mezcla de especies<\/li>\n\n\n\n<li>diferentes edades de vegetaci\u00f3n<\/li>\n\n\n\n<li>equilibrio ecol\u00f3gico<\/li>\n<\/ul>\n\n\n\n<h2 class=\"wp-block-heading\">Los bosques de Espa\u00f1a: exceso de densidad y falta de gesti\u00f3n<\/h2>\n\n\n\n<p>En muchas regiones de <strong>bosque mediterr\u00e1neo<\/strong>, especialmente en Espa\u00f1a, los montes presentan un patr\u00f3n cada vez m\u00e1s com\u00fan:<\/p>\n\n\n\n<h3 class=\"wp-block-heading\">bosques cerrados, homog\u00e9neos y sobrepoblados.<\/h3>\n\n\n\n<p>Este fen\u00f3meno tiene varias causas hist\u00f3ricas:<\/p>\n\n\n\n<ul class=\"wp-block-list\">\n<li>repoblaciones forestales del siglo XX<\/li>\n\n\n\n<li>abandono rural<\/li>\n\n\n\n<li>falta de gesti\u00f3n forestal continuada<\/li>\n<\/ul>\n\n\n\n<p>En estos ecosistemas aparecen din\u00e1micas claras:<\/p>\n\n\n\n<ul class=\"wp-block-list\">\n<li><strong>pino carrasco<\/strong> creciendo con rapidez<\/li>\n\n\n\n<li><strong>eucaliptos<\/strong> expandi\u00e9ndose con eficacia<\/li>\n\n\n\n<li><strong>encinas<\/strong> luchando por sobrevivir en el sotobosque<\/li>\n<\/ul>\n\n\n\n<p>Mientras tanto:<\/p>\n\n\n\n<ul class=\"wp-block-list\">\n<li>los incendios encuentran abundante combustible<\/li>\n\n\n\n<li>las sequ\u00edas afectan a \u00e1rboles estresados<\/li>\n\n\n\n<li>el ecosistema pierde resiliencia<\/li>\n<\/ul>\n\n\n\n<p>El resultado es parad\u00f3jico: <strong>un bosque demasiado lleno que se vuelve vulnerable a s\u00ed mismo<\/strong>. Gestionarlo no es un capricho humano. En muchos casos es la \u00fanica forma de que sobreviva y cumpla su funci\u00f3n ecol\u00f3gica.<\/p>\n\n\n\n<h2 class=\"wp-block-heading\">Gesti\u00f3n forestal en Espa\u00f1a: la clave para bosques resilientes<\/h2>\n\n\n\n<p>Si afirmamos que sobran \u00e1rboles, tambi\u00e9n debemos reconocer otra realidad: <strong>faltan gestores forestales activos<\/strong>.<\/p>\n\n\n\n<p>La planificaci\u00f3n forestal en Espa\u00f1a ha avanzado, pero muchas veces sigue siendo insuficiente frente a desaf\u00edos como el cambio clim\u00e1tico y los incendios.<\/p>\n\n\n\n<p>Las medidas de <strong>gesti\u00f3n forestal sostenible<\/strong> incluyen:<\/p>\n\n\n\n<h3 class=\"wp-block-heading\">Clareos selectivos<\/h3>\n\n\n\n<p>Reducir la densidad del bosque para disminuir la propagaci\u00f3n del fuego y mejorar la salud de los \u00e1rboles.<\/p>\n\n\n\n<h3 class=\"wp-block-heading\">Restauraci\u00f3n de mosaicos forestales<\/h3>\n\n\n\n<p>Evitar repoblaciones de una sola especie y favorecer bosques mixtos y diversos.<\/p>\n\n\n\n<h3 class=\"wp-block-heading\">Recuperaci\u00f3n del sotobosque<\/h3>\n\n\n\n<p>Fomentar la regeneraci\u00f3n natural de:<\/p>\n\n\n\n<ul class=\"wp-block-list\">\n<li>encinares<\/li>\n\n\n\n<li>matorrales mediterr\u00e1neos<\/li>\n\n\n\n<li>vegetaci\u00f3n aut\u00f3ctona<\/li>\n<\/ul>\n\n\n\n<h3 class=\"wp-block-heading\">Prevenci\u00f3n de plagas y enfermedades<\/h3>\n\n\n\n<p>Los \u00e1rboles menos estresados son m\u00e1s resistentes a ataques biol\u00f3gicos. <strong>El objetivo no es reducir \u00e1rboles por reducir, sino mejorar la resiliencia del ecosistema<\/strong>. Es ecolog\u00eda con criterio, no ecolog\u00eda basada \u00fanicamente en cantidades.<\/p>\n\n\n\n<h2 class=\"wp-block-heading\">\u00bfQueremos m\u00e1s \u00e1rboles o bosques mejores?<\/h2>\n\n\n\n<p>Decir que \u201csobran \u00e1rboles\u201d incomoda porque desaf\u00eda una idea muy extendida: todo lo natural es autom\u00e1ticamente positivo. Pero es necesario cuestionarlo. M\u00e1s \u00e1rboles no siempre significan m\u00e1s naturaleza. A veces significan bosques homog\u00e9neos, vulnerables y fr\u00e1giles.<\/p>\n\n\n\n<p>La pregunta correcta no es: \u00bfCu\u00e1ntos \u00e1rboles queremos? <\/p>\n\n\n\n<p>La pregunta real es: <strong>\u00bfC\u00f3mo queremos que funcione nuestro bosque?<\/strong> \u00bfPreferimos:<\/p>\n\n\n\n<ul class=\"wp-block-list\">\n<li>montes densos que ardan con mayor intensidad<\/li>\n\n\n\n<li>\u00e1rboles debilitados por competencia extrema<\/li>\n\n\n\n<li>o bosques resilientes, diversos y seguros?<\/li>\n<\/ul>\n\n\n\n<p>Un \u00e1rbol sin gesti\u00f3n puede convertirse en un riesgo ecol\u00f3gico tan serio como la ausencia de \u00e1rboles.<\/p>\n\n\n\n<h2 class=\"wp-block-heading\">Ecolog\u00eda y pol\u00edtica forestal: una alianza necesaria<\/h2>\n\n\n\n<p>La ecolog\u00eda moderna y la pol\u00edtica forestal no deber\u00edan ser rivales. Deber\u00edan trabajar juntas. Porque el problema no es plantar \u00e1rboles. El problema es plantar sin planificaci\u00f3n ni gesti\u00f3n posterior.<\/p>\n\n\n\n<p>En Espa\u00f1a, <strong>demasiados \u00e1rboles sin gesti\u00f3n<\/strong> generan:<\/p>\n\n\n\n<ul class=\"wp-block-list\">\n<li>incendios forestales m\u00e1s virulentos<\/li>\n\n\n\n<li>ecosistemas debilitados<\/li>\n\n\n\n<li>p\u00e9rdida de biodiversidad<\/li>\n<\/ul>\n\n\n\n<p>La ecolog\u00eda no trata solo de cantidad. <strong>Trata de equilibrio<\/strong>. Y el equilibrio requiere decisiones humanas:<\/p>\n\n\n\n<ul class=\"wp-block-list\">\n<li>planificaci\u00f3n forestal<\/li>\n\n\n\n<li>clareos<\/li>\n\n\n\n<li>diversidad de especies<\/li>\n\n\n\n<li>prevenci\u00f3n de incendios<\/li>\n<\/ul>\n\n\n\n<p>Sobran \u00e1rboles\u2026 si los dejamos solos. Pero con una gesti\u00f3n adecuada, cada \u00e1rbol cumple su papel y el bosque recupera su fortaleza.<\/p>\n\n\n\n<h2 class=\"wp-block-heading\">Pino carrasco, encina y densidad de \u00e1rboles<\/h2>\n\n\n\n<p>A lo largo de esta serie hemos explorado distintos rostros del bosque mediterr\u00e1neo:<\/p>\n\n\n\n<ul class=\"wp-block-list\">\n<li>el pino carrasco, el colonizador r\u00e1pido<\/li>\n\n\n\n<li>la encina, la constructora paciente<\/li>\n\n\n\n<li>la densidad excesiva de \u00e1rboles, el problema silencioso<\/li>\n<\/ul>\n\n\n\n<p>Aunque parecen temas distintos, todos convergen en una misma idea: <strong>no se trata de tener m\u00e1s \u00e1rboles, sino de tener bosques equilibrados<\/strong>. El pino carrasco representa la resiliencia inicial tras perturbaciones. La encina simboliza estabilidad y madurez ecol\u00f3gica.<\/p>\n\n\n\n<p>La sobrepoblaci\u00f3n forestal nos recuerda que la abundancia sin gesti\u00f3n puede generar:<\/p>\n\n\n\n<ul class=\"wp-block-list\">\n<li>incendios m\u00e1s intensos<\/li>\n\n\n\n<li>competencia extrema<\/li>\n\n\n\n<li>p\u00e9rdida de biodiversidad<\/li>\n<\/ul>\n\n\n\n<h2 class=\"wp-block-heading\">La lecci\u00f3n del bosque mediterr\u00e1neo<\/h2>\n\n\n\n<p>La naturaleza puede regenerarse por s\u00ed sola. Pero hoy, en muchos casos, <strong>los bosques mediterr\u00e1neos solo prosperan cuando existe gesti\u00f3n consciente y estrat\u00e9gica<\/strong>. Gestionar un bosque no es domesticarlo, es acompa\u00f1arlo, es crear espacio, tiempo y diversidad para que distintas especies \u2014pinos, encinas y otras\u2014 puedan coexistir.<\/p>\n\n\n\n<h2 class=\"wp-block-heading\">La pregunta que debemos hacernos<\/h2>\n\n\n\n<p>La verdadera pregunta no es:<\/p>\n\n\n\n<ul class=\"wp-block-list\">\n<li>cu\u00e1ntos \u00e1rboles plantar<\/li>\n\n\n\n<li>qu\u00e9 especie dominar\u00e1 el monte<\/li>\n\n\n\n<li>si sobran o faltan ejemplares<\/li>\n<\/ul>\n\n\n\n<p>La pregunta real es: <strong>\u00bfC\u00f3mo vamos a gestionar nuestros montes para que sean resilientes, diversos y seguros para las pr\u00f3ximas generaciones?<\/strong> Y esa conversaci\u00f3n apenas est\u00e1 empezando.<\/p>\n\n\n\n<h2 class=\"wp-block-heading\">Serie \u201cBosques Mediterr\u00e1neos: gesti\u00f3n y equilibrio\u201d<\/h2>\n\n\n\n<h3 class=\"wp-block-heading\">Pino carrasco: el vecino oportunista<\/h3>\n\n\n\n<ul class=\"wp-block-list\">\n<li>Coloniza terrenos degradados y se regenera tras incendios.<\/li>\n\n\n\n<li>Es una especie pionera muy \u00fatil, pero puede formar masas densas si no se gestiona.<\/li>\n<\/ul>\n\n\n\n<h3 class=\"wp-block-heading\">Encina: la constructora paciente<\/h3>\n\n\n\n<ul class=\"wp-block-list\">\n<li>Representa estabilidad ecol\u00f3gica y biodiversidad.<\/li>\n\n\n\n<li>Crece lentamente y necesita gesti\u00f3n activa para integrarse en bosques mixtos.<\/li>\n<\/ul>\n\n\n\n<figure class=\"wp-block-image size-large\"><img loading=\"lazy\" decoding=\"async\" width=\"1024\" height=\"522\" src=\"https:\/\/www.senderosgr.es\/blog\/wp-content\/uploads\/2026\/03\/densidad-de-bosque-1024x522.jpg\" alt=\"\" class=\"wp-image-2132\" srcset=\"https:\/\/www.senderosgr.es\/blog\/wp-content\/uploads\/2026\/03\/densidad-de-bosque-1024x522.jpg 1024w, https:\/\/www.senderosgr.es\/blog\/wp-content\/uploads\/2026\/03\/densidad-de-bosque-300x153.jpg 300w, https:\/\/www.senderosgr.es\/blog\/wp-content\/uploads\/2026\/03\/densidad-de-bosque-768x392.jpg 768w, https:\/\/www.senderosgr.es\/blog\/wp-content\/uploads\/2026\/03\/densidad-de-bosque-1536x783.jpg 1536w, https:\/\/www.senderosgr.es\/blog\/wp-content\/uploads\/2026\/03\/densidad-de-bosque-600x306.jpg 600w, https:\/\/www.senderosgr.es\/blog\/wp-content\/uploads\/2026\/03\/densidad-de-bosque.jpg 1600w\" sizes=\"auto, (max-width: 1024px) 100vw, 1024px\" \/><figcaption class=\"wp-element-caption\">Fotograf\u00eda de Nacho Redondo<\/figcaption><\/figure>\n\n\n\n<h3 class=\"wp-block-heading\">Densidad de \u00e1rboles: m\u00e1s no siempre es mejor<\/h3>\n\n\n\n<ul class=\"wp-block-list\">\n<li>Bosques sobrepoblados concentran combustible y aumentan el riesgo de incendio.<\/li>\n\n\n\n<li>La gesti\u00f3n forestal activa transforma abundancia en resiliencia.<\/li>\n<\/ul>\n\n\n\n<p>No se trata de qui\u00e9n es m\u00e1s fuerte ni de cu\u00e1ntos \u00e1rboles caben en el monte. Se trata de qui\u00e9n sabe organizar el bosque para que sobreviva, respire y cumpla su funci\u00f3n. La naturaleza puede esperar. Pero nuestros errores no. La pregunta sigue abierta: \u00bfGestionaremos el bosque con cabeza o seguiremos llenando el monte hasta que arda y se debilite?<\/p>\n\n\n\n<p>M\u00e1s informaci\u00f3n:<\/p>\n\n\n\n<ul class=\"wp-block-list\">\n<li><em><a href=\"https:\/\/www.senderosgr.es\/blog\/2026\/03\/04\/encina-y-pino-carrasco-en-el-bosque-mediterraneo-competencia-o-complementariedad\/\" target=\"_blank\" rel=\"noreferrer noopener\">Encina y pino carrasco en el bosque mediterr\u00e1neo: \u00bfcompetencia o complementariedad?<\/a><\/em><\/li>\n\n\n\n<li><em><a href=\"https:\/\/www.senderosgr.es\/blog\/2026\/02\/25\/el-pino-carrasco-un-vecino-incomodo\/\" target=\"_blank\" rel=\"noreferrer noopener\">El pino carrasco: \u00bfun vecino inc\u00f3modo?<\/a><\/em><\/li>\n<\/ul>\n","protected":false},"excerpt":{"rendered":"<p>Cuando m\u00e1s \u00e1rboles no siempre significa un bosque m\u00e1s sano El debate es inc\u00f3modo y pocos se atreven a abrirlo. Cuando lo digo en voz alta, muchos arquean la ceja: \u201cEn este pa\u00eds sobran el 70 % de los \u00e1rboles\u201d. S\u00ed, lo s\u00e9. Suena chocante. Mis conocidos saben que soy conservacionista, as\u00ed que esperan que [&hellip;]<\/p>\n","protected":false},"author":9,"featured_media":2131,"comment_status":"open","ping_status":"open","sticky":false,"template":"","format":"standard","meta":{"footnotes":""},"categories":[193],"tags":[201,177],"class_list":["post-2129","post","type-post","status-publish","format-standard","has-post-thumbnail","hentry","category-noticias","tag-consejos","tag-naturaleza"],"yoast_head":"<!-- This site is optimized with the Yoast SEO plugin v26.6 - https:\/\/yoast.com\/wordpress\/plugins\/seo\/ -->\n<title>\u00bfSobran \u00e1rboles en Espa\u00f1a? El debate inc\u00f3modo sobre la densidad de los bosques - El Blog de SenderosGR<\/title>\n<meta name=\"description\" content=\"\u00bfSobran \u00e1rboles en Espa\u00f1a? Un an\u00e1lisis sobre la densidad forestal, la gesti\u00f3n de los bosques y el riesgo de incendios en Espa\u00f1a.\" \/>\n<meta name=\"robots\" content=\"index, follow, max-snippet:-1, max-image-preview:large, max-video-preview:-1\" \/>\n<link rel=\"canonical\" href=\"https:\/\/www.senderosgr.es\/blog\/2026\/03\/11\/gestion-forestal-espana-demasiados-arboles-bosques\/\" \/>\n<meta property=\"og:locale\" content=\"es_ES\" \/>\n<meta property=\"og:type\" content=\"article\" \/>\n<meta property=\"og:title\" content=\"\u00bfSobran \u00e1rboles en Espa\u00f1a? El debate inc\u00f3modo sobre la densidad de los bosques - El Blog de SenderosGR\" \/>\n<meta property=\"og:description\" content=\"\u00bfSobran \u00e1rboles en Espa\u00f1a? Un an\u00e1lisis sobre la densidad forestal, la gesti\u00f3n de los bosques y el riesgo de incendios en Espa\u00f1a.\" \/>\n<meta property=\"og:url\" content=\"https:\/\/www.senderosgr.es\/blog\/2026\/03\/11\/gestion-forestal-espana-demasiados-arboles-bosques\/\" \/>\n<meta property=\"og:site_name\" content=\"El Blog de SenderosGR\" \/>\n<meta property=\"article:published_time\" content=\"2026-03-11T08:20:37+00:00\" \/>\n<meta property=\"article:modified_time\" content=\"2026-03-11T08:20:40+00:00\" \/>\n<meta property=\"og:image\" content=\"http:\/\/www.senderosgr.es\/blog\/wp-content\/uploads\/2026\/03\/gestion-forestal-espana.jpg\" \/>\n\t<meta property=\"og:image:width\" content=\"2176\" \/>\n\t<meta property=\"og:image:height\" content=\"1080\" \/>\n\t<meta property=\"og:image:type\" content=\"image\/jpeg\" \/>\n<meta name=\"author\" content=\"Nacho Redondo\" \/>\n<meta name=\"twitter:card\" content=\"summary_large_image\" \/>\n<meta name=\"twitter:label1\" content=\"Escrito por\" \/>\n\t<meta name=\"twitter:data1\" content=\"Nacho Redondo\" \/>\n\t<meta name=\"twitter:label2\" content=\"Tiempo de lectura\" \/>\n\t<meta name=\"twitter:data2\" content=\"6 minutos\" \/>\n<script type=\"application\/ld+json\" class=\"yoast-schema-graph\">{\"@context\":\"https:\/\/schema.org\",\"@graph\":[{\"@type\":\"Article\",\"@id\":\"https:\/\/www.senderosgr.es\/blog\/2026\/03\/11\/gestion-forestal-espana-demasiados-arboles-bosques\/#article\",\"isPartOf\":{\"@id\":\"https:\/\/www.senderosgr.es\/blog\/2026\/03\/11\/gestion-forestal-espana-demasiados-arboles-bosques\/\"},\"author\":{\"name\":\"Nacho Redondo\",\"@id\":\"https:\/\/www.senderosgr.es\/blog\/#\/schema\/person\/85bcfd49a3c9fcc458e6f75a629396ac\"},\"headline\":\"\u00bfSobran \u00e1rboles en Espa\u00f1a? El debate inc\u00f3modo sobre la densidad de los bosques\",\"datePublished\":\"2026-03-11T08:20:37+00:00\",\"dateModified\":\"2026-03-11T08:20:40+00:00\",\"mainEntityOfPage\":{\"@id\":\"https:\/\/www.senderosgr.es\/blog\/2026\/03\/11\/gestion-forestal-espana-demasiados-arboles-bosques\/\"},\"wordCount\":1218,\"commentCount\":0,\"publisher\":{\"@id\":\"https:\/\/www.senderosgr.es\/blog\/#organization\"},\"image\":{\"@id\":\"https:\/\/www.senderosgr.es\/blog\/2026\/03\/11\/gestion-forestal-espana-demasiados-arboles-bosques\/#primaryimage\"},\"thumbnailUrl\":\"https:\/\/www.senderosgr.es\/blog\/wp-content\/uploads\/2026\/03\/gestion-forestal-espana.jpg\",\"keywords\":[\"consejos\",\"naturaleza\"],\"articleSection\":[\"Noticias\"],\"inLanguage\":\"es\",\"potentialAction\":[{\"@type\":\"CommentAction\",\"name\":\"Comment\",\"target\":[\"https:\/\/www.senderosgr.es\/blog\/2026\/03\/11\/gestion-forestal-espana-demasiados-arboles-bosques\/#respond\"]}]},{\"@type\":\"WebPage\",\"@id\":\"https:\/\/www.senderosgr.es\/blog\/2026\/03\/11\/gestion-forestal-espana-demasiados-arboles-bosques\/\",\"url\":\"https:\/\/www.senderosgr.es\/blog\/2026\/03\/11\/gestion-forestal-espana-demasiados-arboles-bosques\/\",\"name\":\"\u00bfSobran \u00e1rboles en Espa\u00f1a? El debate inc\u00f3modo sobre la densidad de los bosques - El Blog de SenderosGR\",\"isPartOf\":{\"@id\":\"https:\/\/www.senderosgr.es\/blog\/#website\"},\"primaryImageOfPage\":{\"@id\":\"https:\/\/www.senderosgr.es\/blog\/2026\/03\/11\/gestion-forestal-espana-demasiados-arboles-bosques\/#primaryimage\"},\"image\":{\"@id\":\"https:\/\/www.senderosgr.es\/blog\/2026\/03\/11\/gestion-forestal-espana-demasiados-arboles-bosques\/#primaryimage\"},\"thumbnailUrl\":\"https:\/\/www.senderosgr.es\/blog\/wp-content\/uploads\/2026\/03\/gestion-forestal-espana.jpg\",\"datePublished\":\"2026-03-11T08:20:37+00:00\",\"dateModified\":\"2026-03-11T08:20:40+00:00\",\"description\":\"\u00bfSobran \u00e1rboles en Espa\u00f1a? Un an\u00e1lisis sobre la densidad forestal, la gesti\u00f3n de los bosques y el riesgo de incendios en Espa\u00f1a.\",\"breadcrumb\":{\"@id\":\"https:\/\/www.senderosgr.es\/blog\/2026\/03\/11\/gestion-forestal-espana-demasiados-arboles-bosques\/#breadcrumb\"},\"inLanguage\":\"es\",\"potentialAction\":[{\"@type\":\"ReadAction\",\"target\":[\"https:\/\/www.senderosgr.es\/blog\/2026\/03\/11\/gestion-forestal-espana-demasiados-arboles-bosques\/\"]}]},{\"@type\":\"ImageObject\",\"inLanguage\":\"es\",\"@id\":\"https:\/\/www.senderosgr.es\/blog\/2026\/03\/11\/gestion-forestal-espana-demasiados-arboles-bosques\/#primaryimage\",\"url\":\"https:\/\/www.senderosgr.es\/blog\/wp-content\/uploads\/2026\/03\/gestion-forestal-espana.jpg\",\"contentUrl\":\"https:\/\/www.senderosgr.es\/blog\/wp-content\/uploads\/2026\/03\/gestion-forestal-espana.jpg\",\"width\":2176,\"height\":1080},{\"@type\":\"BreadcrumbList\",\"@id\":\"https:\/\/www.senderosgr.es\/blog\/2026\/03\/11\/gestion-forestal-espana-demasiados-arboles-bosques\/#breadcrumb\",\"itemListElement\":[{\"@type\":\"ListItem\",\"position\":1,\"name\":\"Portada\",\"item\":\"https:\/\/www.senderosgr.es\/blog\/\"},{\"@type\":\"ListItem\",\"position\":2,\"name\":\"\u00bfSobran \u00e1rboles en Espa\u00f1a? El debate inc\u00f3modo sobre la densidad de los bosques\"}]},{\"@type\":\"WebSite\",\"@id\":\"https:\/\/www.senderosgr.es\/blog\/#website\",\"url\":\"https:\/\/www.senderosgr.es\/blog\/\",\"name\":\"El Blog de SenderosGR\",\"description\":\"Noticias, opiniones... \u00a1y mucho m\u00e1s!\",\"publisher\":{\"@id\":\"https:\/\/www.senderosgr.es\/blog\/#organization\"},\"potentialAction\":[{\"@type\":\"SearchAction\",\"target\":{\"@type\":\"EntryPoint\",\"urlTemplate\":\"https:\/\/www.senderosgr.es\/blog\/?s={search_term_string}\"},\"query-input\":{\"@type\":\"PropertyValueSpecification\",\"valueRequired\":true,\"valueName\":\"search_term_string\"}}],\"inLanguage\":\"es\"},{\"@type\":\"Organization\",\"@id\":\"https:\/\/www.senderosgr.es\/blog\/#organization\",\"name\":\"El Blog de SenderosGR\",\"url\":\"https:\/\/www.senderosgr.es\/blog\/\",\"logo\":{\"@type\":\"ImageObject\",\"inLanguage\":\"es\",\"@id\":\"https:\/\/www.senderosgr.es\/blog\/#\/schema\/logo\/image\/\",\"url\":\"https:\/\/www.senderosgr.es\/blog\/wp-content\/uploads\/2016\/06\/SGR-logo-cabecera-wordpress-copy-1.jpg\",\"contentUrl\":\"https:\/\/www.senderosgr.es\/blog\/wp-content\/uploads\/2016\/06\/SGR-logo-cabecera-wordpress-copy-1.jpg\",\"width\":240,\"height\":240,\"caption\":\"El Blog de SenderosGR\"},\"image\":{\"@id\":\"https:\/\/www.senderosgr.es\/blog\/#\/schema\/logo\/image\/\"}},{\"@type\":\"Person\",\"@id\":\"https:\/\/www.senderosgr.es\/blog\/#\/schema\/person\/85bcfd49a3c9fcc458e6f75a629396ac\",\"name\":\"Nacho Redondo\",\"image\":{\"@type\":\"ImageObject\",\"inLanguage\":\"es\",\"@id\":\"https:\/\/www.senderosgr.es\/blog\/#\/schema\/person\/image\/\",\"url\":\"https:\/\/secure.gravatar.com\/avatar\/4154242d014efdd5818a58a83869758b8405a61111dab0d5e92efdac03255a5a?s=96&d=mm&r=g\",\"contentUrl\":\"https:\/\/secure.gravatar.com\/avatar\/4154242d014efdd5818a58a83869758b8405a61111dab0d5e92efdac03255a5a?s=96&d=mm&r=g\",\"caption\":\"Nacho Redondo\"},\"url\":\"https:\/\/www.senderosgr.es\/blog\/author\/nacho\/\"}]}<\/script>\n<!-- \/ Yoast SEO plugin. -->","yoast_head_json":{"title":"\u00bfSobran \u00e1rboles en Espa\u00f1a? El debate inc\u00f3modo sobre la densidad de los bosques - El Blog de SenderosGR","description":"\u00bfSobran \u00e1rboles en Espa\u00f1a? Un an\u00e1lisis sobre la densidad forestal, la gesti\u00f3n de los bosques y el riesgo de incendios en Espa\u00f1a.","robots":{"index":"index","follow":"follow","max-snippet":"max-snippet:-1","max-image-preview":"max-image-preview:large","max-video-preview":"max-video-preview:-1"},"canonical":"https:\/\/www.senderosgr.es\/blog\/2026\/03\/11\/gestion-forestal-espana-demasiados-arboles-bosques\/","og_locale":"es_ES","og_type":"article","og_title":"\u00bfSobran \u00e1rboles en Espa\u00f1a? El debate inc\u00f3modo sobre la densidad de los bosques - El Blog de SenderosGR","og_description":"\u00bfSobran \u00e1rboles en Espa\u00f1a? Un an\u00e1lisis sobre la densidad forestal, la gesti\u00f3n de los bosques y el riesgo de incendios en Espa\u00f1a.","og_url":"https:\/\/www.senderosgr.es\/blog\/2026\/03\/11\/gestion-forestal-espana-demasiados-arboles-bosques\/","og_site_name":"El Blog de SenderosGR","article_published_time":"2026-03-11T08:20:37+00:00","article_modified_time":"2026-03-11T08:20:40+00:00","og_image":[{"width":2176,"height":1080,"url":"http:\/\/www.senderosgr.es\/blog\/wp-content\/uploads\/2026\/03\/gestion-forestal-espana.jpg","type":"image\/jpeg"}],"author":"Nacho Redondo","twitter_card":"summary_large_image","twitter_misc":{"Escrito por":"Nacho Redondo","Tiempo de lectura":"6 minutos"},"schema":{"@context":"https:\/\/schema.org","@graph":[{"@type":"Article","@id":"https:\/\/www.senderosgr.es\/blog\/2026\/03\/11\/gestion-forestal-espana-demasiados-arboles-bosques\/#article","isPartOf":{"@id":"https:\/\/www.senderosgr.es\/blog\/2026\/03\/11\/gestion-forestal-espana-demasiados-arboles-bosques\/"},"author":{"name":"Nacho Redondo","@id":"https:\/\/www.senderosgr.es\/blog\/#\/schema\/person\/85bcfd49a3c9fcc458e6f75a629396ac"},"headline":"\u00bfSobran \u00e1rboles en Espa\u00f1a? El debate inc\u00f3modo sobre la densidad de los bosques","datePublished":"2026-03-11T08:20:37+00:00","dateModified":"2026-03-11T08:20:40+00:00","mainEntityOfPage":{"@id":"https:\/\/www.senderosgr.es\/blog\/2026\/03\/11\/gestion-forestal-espana-demasiados-arboles-bosques\/"},"wordCount":1218,"commentCount":0,"publisher":{"@id":"https:\/\/www.senderosgr.es\/blog\/#organization"},"image":{"@id":"https:\/\/www.senderosgr.es\/blog\/2026\/03\/11\/gestion-forestal-espana-demasiados-arboles-bosques\/#primaryimage"},"thumbnailUrl":"https:\/\/www.senderosgr.es\/blog\/wp-content\/uploads\/2026\/03\/gestion-forestal-espana.jpg","keywords":["consejos","naturaleza"],"articleSection":["Noticias"],"inLanguage":"es","potentialAction":[{"@type":"CommentAction","name":"Comment","target":["https:\/\/www.senderosgr.es\/blog\/2026\/03\/11\/gestion-forestal-espana-demasiados-arboles-bosques\/#respond"]}]},{"@type":"WebPage","@id":"https:\/\/www.senderosgr.es\/blog\/2026\/03\/11\/gestion-forestal-espana-demasiados-arboles-bosques\/","url":"https:\/\/www.senderosgr.es\/blog\/2026\/03\/11\/gestion-forestal-espana-demasiados-arboles-bosques\/","name":"\u00bfSobran \u00e1rboles en Espa\u00f1a? El debate inc\u00f3modo sobre la densidad de los bosques - El Blog de SenderosGR","isPartOf":{"@id":"https:\/\/www.senderosgr.es\/blog\/#website"},"primaryImageOfPage":{"@id":"https:\/\/www.senderosgr.es\/blog\/2026\/03\/11\/gestion-forestal-espana-demasiados-arboles-bosques\/#primaryimage"},"image":{"@id":"https:\/\/www.senderosgr.es\/blog\/2026\/03\/11\/gestion-forestal-espana-demasiados-arboles-bosques\/#primaryimage"},"thumbnailUrl":"https:\/\/www.senderosgr.es\/blog\/wp-content\/uploads\/2026\/03\/gestion-forestal-espana.jpg","datePublished":"2026-03-11T08:20:37+00:00","dateModified":"2026-03-11T08:20:40+00:00","description":"\u00bfSobran \u00e1rboles en Espa\u00f1a? Un an\u00e1lisis sobre la densidad forestal, la gesti\u00f3n de los bosques y el riesgo de incendios en Espa\u00f1a.","breadcrumb":{"@id":"https:\/\/www.senderosgr.es\/blog\/2026\/03\/11\/gestion-forestal-espana-demasiados-arboles-bosques\/#breadcrumb"},"inLanguage":"es","potentialAction":[{"@type":"ReadAction","target":["https:\/\/www.senderosgr.es\/blog\/2026\/03\/11\/gestion-forestal-espana-demasiados-arboles-bosques\/"]}]},{"@type":"ImageObject","inLanguage":"es","@id":"https:\/\/www.senderosgr.es\/blog\/2026\/03\/11\/gestion-forestal-espana-demasiados-arboles-bosques\/#primaryimage","url":"https:\/\/www.senderosgr.es\/blog\/wp-content\/uploads\/2026\/03\/gestion-forestal-espana.jpg","contentUrl":"https:\/\/www.senderosgr.es\/blog\/wp-content\/uploads\/2026\/03\/gestion-forestal-espana.jpg","width":2176,"height":1080},{"@type":"BreadcrumbList","@id":"https:\/\/www.senderosgr.es\/blog\/2026\/03\/11\/gestion-forestal-espana-demasiados-arboles-bosques\/#breadcrumb","itemListElement":[{"@type":"ListItem","position":1,"name":"Portada","item":"https:\/\/www.senderosgr.es\/blog\/"},{"@type":"ListItem","position":2,"name":"\u00bfSobran \u00e1rboles en Espa\u00f1a? El debate inc\u00f3modo sobre la densidad de los bosques"}]},{"@type":"WebSite","@id":"https:\/\/www.senderosgr.es\/blog\/#website","url":"https:\/\/www.senderosgr.es\/blog\/","name":"El Blog de SenderosGR","description":"Noticias, opiniones... \u00a1y mucho m\u00e1s!","publisher":{"@id":"https:\/\/www.senderosgr.es\/blog\/#organization"},"potentialAction":[{"@type":"SearchAction","target":{"@type":"EntryPoint","urlTemplate":"https:\/\/www.senderosgr.es\/blog\/?s={search_term_string}"},"query-input":{"@type":"PropertyValueSpecification","valueRequired":true,"valueName":"search_term_string"}}],"inLanguage":"es"},{"@type":"Organization","@id":"https:\/\/www.senderosgr.es\/blog\/#organization","name":"El Blog de SenderosGR","url":"https:\/\/www.senderosgr.es\/blog\/","logo":{"@type":"ImageObject","inLanguage":"es","@id":"https:\/\/www.senderosgr.es\/blog\/#\/schema\/logo\/image\/","url":"https:\/\/www.senderosgr.es\/blog\/wp-content\/uploads\/2016\/06\/SGR-logo-cabecera-wordpress-copy-1.jpg","contentUrl":"https:\/\/www.senderosgr.es\/blog\/wp-content\/uploads\/2016\/06\/SGR-logo-cabecera-wordpress-copy-1.jpg","width":240,"height":240,"caption":"El Blog de SenderosGR"},"image":{"@id":"https:\/\/www.senderosgr.es\/blog\/#\/schema\/logo\/image\/"}},{"@type":"Person","@id":"https:\/\/www.senderosgr.es\/blog\/#\/schema\/person\/85bcfd49a3c9fcc458e6f75a629396ac","name":"Nacho Redondo","image":{"@type":"ImageObject","inLanguage":"es","@id":"https:\/\/www.senderosgr.es\/blog\/#\/schema\/person\/image\/","url":"https:\/\/secure.gravatar.com\/avatar\/4154242d014efdd5818a58a83869758b8405a61111dab0d5e92efdac03255a5a?s=96&d=mm&r=g","contentUrl":"https:\/\/secure.gravatar.com\/avatar\/4154242d014efdd5818a58a83869758b8405a61111dab0d5e92efdac03255a5a?s=96&d=mm&r=g","caption":"Nacho Redondo"},"url":"https:\/\/www.senderosgr.es\/blog\/author\/nacho\/"}]}},"cc_featured_image_caption":{"caption_text":"Fotograf\u00eda de Nacho Redondo","source_text":"","source_url":""},"_links":{"self":[{"href":"https:\/\/www.senderosgr.es\/blog\/wp-json\/wp\/v2\/posts\/2129","targetHints":{"allow":["GET"]}}],"collection":[{"href":"https:\/\/www.senderosgr.es\/blog\/wp-json\/wp\/v2\/posts"}],"about":[{"href":"https:\/\/www.senderosgr.es\/blog\/wp-json\/wp\/v2\/types\/post"}],"author":[{"embeddable":true,"href":"https:\/\/www.senderosgr.es\/blog\/wp-json\/wp\/v2\/users\/9"}],"replies":[{"embeddable":true,"href":"https:\/\/www.senderosgr.es\/blog\/wp-json\/wp\/v2\/comments?post=2129"}],"version-history":[{"count":3,"href":"https:\/\/www.senderosgr.es\/blog\/wp-json\/wp\/v2\/posts\/2129\/revisions"}],"predecessor-version":[{"id":2139,"href":"https:\/\/www.senderosgr.es\/blog\/wp-json\/wp\/v2\/posts\/2129\/revisions\/2139"}],"wp:featuredmedia":[{"embeddable":true,"href":"https:\/\/www.senderosgr.es\/blog\/wp-json\/wp\/v2\/media\/2131"}],"wp:attachment":[{"href":"https:\/\/www.senderosgr.es\/blog\/wp-json\/wp\/v2\/media?parent=2129"}],"wp:term":[{"taxonomy":"category","embeddable":true,"href":"https:\/\/www.senderosgr.es\/blog\/wp-json\/wp\/v2\/categories?post=2129"},{"taxonomy":"post_tag","embeddable":true,"href":"https:\/\/www.senderosgr.es\/blog\/wp-json\/wp\/v2\/tags?post=2129"}],"curies":[{"name":"wp","href":"https:\/\/api.w.org\/{rel}","templated":true}]}}