{"id":2079,"date":"2026-01-28T21:25:20","date_gmt":"2026-01-28T20:25:20","guid":{"rendered":"https:\/\/www.senderosgr.es\/blog\/?p=2079"},"modified":"2026-01-28T21:29:49","modified_gmt":"2026-01-28T20:29:49","slug":"el-mar-no-cesa-un-relato-claro-y-valiente-sobre-el-mar-menor","status":"publish","type":"post","link":"https:\/\/www.senderosgr.es\/blog\/2026\/01\/28\/el-mar-no-cesa-un-relato-claro-y-valiente-sobre-el-mar-menor\/","title":{"rendered":"El mar no cesa: Un relato claro y valiente sobre el Mar Menor"},"content":{"rendered":"\n<p>Durante tres d\u00edas consecutivos, los cines Centrofama de Murcia han llenado pr\u00e1cticamente la sala con la proyecci\u00f3n de <strong><em>El mar no cesa<\/em>, un documental independiente que aborda sin concesiones uno de los mayores conflictos medioambientales del sureste peninsular: la degradaci\u00f3n del Mar Menor<\/strong>. No es un dato menor. Que un documental de investigaci\u00f3n, alejado de grandes circuitos comerciales, logre este respaldo del p\u00fablico dice mucho del inter\u00e9s social que despierta la laguna y, sobre todo, de la necesidad de relatos honestos y bien fundamentados.<\/p>\n\n\n\n<p>Desde Senderos GR creemos que esta pel\u00edcula merece ser destacada, no s\u00f3lo este hito, sino por el enfoque valiente y riguroso con el que se aproxima a un problema complejo, inc\u00f3modo y a\u00fan lejos de resolverse.<\/p>\n\n\n\n<h2 class=\"wp-block-heading\">Una investigaci\u00f3n que va al origen del problema<\/h2>\n\n\n\n<figure class=\"wp-block-image size-large\"><img loading=\"lazy\" decoding=\"async\" width=\"1024\" height=\"427\" src=\"https:\/\/www.senderosgr.es\/blog\/wp-content\/uploads\/2026\/01\/Campo-de-Cartagena-1024x427.jpg\" alt=\"\" class=\"wp-image-2082\" srcset=\"https:\/\/www.senderosgr.es\/blog\/wp-content\/uploads\/2026\/01\/Campo-de-Cartagena-1024x427.jpg 1024w, https:\/\/www.senderosgr.es\/blog\/wp-content\/uploads\/2026\/01\/Campo-de-Cartagena-300x125.jpg 300w, https:\/\/www.senderosgr.es\/blog\/wp-content\/uploads\/2026\/01\/Campo-de-Cartagena-768x320.jpg 768w, https:\/\/www.senderosgr.es\/blog\/wp-content\/uploads\/2026\/01\/Campo-de-Cartagena-1536x640.jpg 1536w, https:\/\/www.senderosgr.es\/blog\/wp-content\/uploads\/2026\/01\/Campo-de-Cartagena-2048x853.jpg 2048w, https:\/\/www.senderosgr.es\/blog\/wp-content\/uploads\/2026\/01\/Campo-de-Cartagena-600x250.jpg 600w\" sizes=\"auto, (max-width: 1024px) 100vw, 1024px\" \/><figcaption class=\"wp-element-caption\">Panor\u00e1mica del campo de Cartagena, fotograma de la pel\u00edcula <em>El mar no cesa<\/em>. <\/figcaption><\/figure>\n\n\n\n<p>Uno de los grandes aciertos de <em>El mar no cesa<\/em>, codirigido por el investigador del Cebas-CSIC Jos\u00e9 Mar\u00eda Egea y el c\u00e1mara profesional Paco Portero, es que <strong>no se limita a mostrar las consecuencias visibles del deterioro ambiental<\/strong> \u2014episodios de anoxia, mortandad de fauna o p\u00e9rdida de biodiversidad\u2014, <strong>sino que se remonta a los or\u00edgenes estructurales del problema<\/strong>. El documental traza un recorrido hist\u00f3rico, social y econ\u00f3mico que ayuda a entender c\u00f3mo se ha llegado hasta aqu\u00ed.<\/p>\n\n\n\n<p>Lejos de simplificaciones o de buscar culpables f\u00e1ciles, la pel\u00edcula expone decisiones pol\u00edticas, modelos de desarrollo, transformaciones del territorio y din\u00e1micas productivas que, sumadas durante d\u00e9cadas, han desembocado en la situaci\u00f3n actual. No hay cabos sueltos ni relatos incompletos: todo encaja dentro de una visi\u00f3n integral que invita a reflexionar m\u00e1s all\u00e1 de la urgencia del titular.<\/p>\n\n\n\n<h2 class=\"wp-block-heading\">Un lenguaje accesible para un problema complejo<\/h2>\n\n\n\n<p>A pesar de tratarse de un documental de investigaci\u00f3n, <em>El mar no cesa<\/em> apuesta por un formato narrativo basado en el relato oral y en entrevistas cuidadosamente articuladas. Este enfoque permite que el mensaje llegue a un p\u00fablico amplio, sin necesidad de conocimientos t\u00e9cnicos previos.<\/p>\n\n\n\n<p><strong>Los conceptos cient\u00edficos, legales o medioambientales se explican con un lenguaje claro, comprensible y directo, lo que convierte la pel\u00edcula en una herramienta divulgativa de gran valor<\/strong>. No se trata s\u00f3lo de informar, sino de hacer entender. Y en un conflicto tan polarizado como el del Mar Menor, esa capacidad pedag\u00f3gica resulta fundamental.<\/p>\n\n\n\n<h2 class=\"wp-block-heading\">Mirar el territorio para comprenderlo<\/h2>\n\n\n\n<figure class=\"wp-block-image size-large\"><img loading=\"lazy\" decoding=\"async\" width=\"1024\" height=\"427\" src=\"https:\/\/www.senderosgr.es\/blog\/wp-content\/uploads\/2026\/01\/La-Manga-del-Mar-Menor-1024x427.jpg\" alt=\"\" class=\"wp-image-2081\" srcset=\"https:\/\/www.senderosgr.es\/blog\/wp-content\/uploads\/2026\/01\/La-Manga-del-Mar-Menor-1024x427.jpg 1024w, https:\/\/www.senderosgr.es\/blog\/wp-content\/uploads\/2026\/01\/La-Manga-del-Mar-Menor-300x125.jpg 300w, https:\/\/www.senderosgr.es\/blog\/wp-content\/uploads\/2026\/01\/La-Manga-del-Mar-Menor-768x320.jpg 768w, https:\/\/www.senderosgr.es\/blog\/wp-content\/uploads\/2026\/01\/La-Manga-del-Mar-Menor-1536x640.jpg 1536w, https:\/\/www.senderosgr.es\/blog\/wp-content\/uploads\/2026\/01\/La-Manga-del-Mar-Menor-2048x853.jpg 2048w, https:\/\/www.senderosgr.es\/blog\/wp-content\/uploads\/2026\/01\/La-Manga-del-Mar-Menor-600x250.jpg 600w\" sizes=\"auto, (max-width: 1024px) 100vw, 1024px\" \/><figcaption class=\"wp-element-caption\">La Manga del Mar Menor, fotograma de la pel\u00edcula <em>El mar no cesa<\/em>.<\/figcaption><\/figure>\n\n\n\n<p>Desde la \u00f3ptica de quienes caminamos el territorio (recordemos que por esta zona litoral pasa <a href=\"https:\/\/www.senderosgr.es\/es\/gr-92-region-de-murcia\/\" target=\"_blank\" rel=\"noreferrer noopener\">el sendero GR 92<\/a>), lo recorremos y lo observamos con calma, este documental conecta de lleno con una forma de entender la naturaleza que va m\u00e1s all\u00e1 del paisaje. El Mar Menor no es s\u00f3lo una postal ni un espacio de ocio: es un ecosistema fr\u00e1gil, profundamente vulnerable por las decisiones humanas que se toman a kil\u00f3metros de la orilla.<\/p>\n\n\n\n<p><em>El mar no cesa<\/em> invita precisamente a eso: a mirar con atenci\u00f3n, a escuchar, a entender el problema como un todo interconectado. Una mirada muy cercana a la filosof\u00eda que defendemos desde el senderismo y la relaci\u00f3n respetuosa con el medio natural.<\/p>\n\n\n\n<h2 class=\"wp-block-heading\">Una invitaci\u00f3n a no mirar hacia otro lado<\/h2>\n\n\n\n<figure class=\"wp-block-embed is-type-video is-provider-youtube wp-block-embed-youtube wp-embed-aspect-16-9 wp-has-aspect-ratio\"><div class=\"wp-block-embed__wrapper\">\n<iframe loading=\"lazy\" title=\"El Mar No Cesa (El Colapso del Mar Menor) TRAILER\" width=\"697\" height=\"392\" src=\"https:\/\/www.youtube.com\/embed\/RRYlPfWmUnA?feature=oembed\" frameborder=\"0\" allow=\"accelerometer; autoplay; clipboard-write; encrypted-media; gyroscope; picture-in-picture; web-share\" referrerpolicy=\"strict-origin-when-cross-origin\" allowfullscreen><\/iframe>\n<\/div><\/figure>\n\n\n\n<p>Desde Senderos GR os animamos a estar atentos a futuras proyecciones, pases especiales o ciclos de cine en los que vuelva a exhibirse esta pel\u00edcula; porque <strong>su visionado va m\u00e1s all\u00e1 de apoyar una manifestaci\u00f3n cultural<\/strong>, se trata de participar en la defensa de la naturaleza, de activar el pensamiento cr\u00edtico y de promover relatos valientes que no se quedan en la superficie.<\/p>\n\n\n\n<p>El Mar Menor no cesa. Y el debate, la reflexi\u00f3n y la responsabilidad colectiva tampoco deber\u00edan hacerlo.<\/p>\n\n\n\n<figure class=\"wp-block-image size-full\"><img loading=\"lazy\" decoding=\"async\" width=\"800\" height=\"1000\" src=\"http:\/\/www.senderosgr.es\/blog\/wp-content\/uploads\/2026\/01\/Laurel-Insta-2222copia.jpg\" alt=\"\" class=\"wp-image-2083\" srcset=\"https:\/\/www.senderosgr.es\/blog\/wp-content\/uploads\/2026\/01\/Laurel-Insta-2222copia.jpg 800w, https:\/\/www.senderosgr.es\/blog\/wp-content\/uploads\/2026\/01\/Laurel-Insta-2222copia-240x300.jpg 240w, https:\/\/www.senderosgr.es\/blog\/wp-content\/uploads\/2026\/01\/Laurel-Insta-2222copia-768x960.jpg 768w, https:\/\/www.senderosgr.es\/blog\/wp-content\/uploads\/2026\/01\/Laurel-Insta-2222copia-600x750.jpg 600w\" sizes=\"auto, (max-width: 800px) 100vw, 800px\" \/><\/figure>\n","protected":false},"excerpt":{"rendered":"<p>Durante tres d\u00edas consecutivos, los cines Centrofama de Murcia han llenado pr\u00e1cticamente la sala con la proyecci\u00f3n de El mar no cesa, un documental independiente que aborda sin concesiones uno de los mayores conflictos medioambientales del sureste peninsular: la degradaci\u00f3n del Mar Menor. No es un dato menor. Que un documental de investigaci\u00f3n, alejado de [&hellip;]<\/p>\n","protected":false},"author":1,"featured_media":2085,"comment_status":"open","ping_status":"open","sticky":false,"template":"","format":"standard","meta":{"footnotes":""},"categories":[193],"tags":[201,291,197,177,185,191],"class_list":["post-2079","post","type-post","status-publish","format-standard","has-post-thumbnail","hentry","category-noticias","tag-consejos","tag-gr-92","tag-murcia","tag-naturaleza","tag-opinion","tag-senderosgr"],"yoast_head":"<!-- This site is optimized with the Yoast SEO plugin v26.6 - https:\/\/yoast.com\/wordpress\/plugins\/seo\/ -->\n<title>El mar no cesa: Un relato claro y valiente sobre el Mar Menor - El Blog de SenderosGR<\/title>\n<meta name=\"description\" content=\"El mar no cesa es un documental de investigaci\u00f3n riguroso e imprescindible para entender el origen del deterioro del Mar Menor.\" \/>\n<meta name=\"robots\" content=\"index, follow, max-snippet:-1, max-image-preview:large, max-video-preview:-1\" \/>\n<link rel=\"canonical\" href=\"https:\/\/www.senderosgr.es\/blog\/2026\/01\/28\/el-mar-no-cesa-un-relato-claro-y-valiente-sobre-el-mar-menor\/\" \/>\n<meta property=\"og:locale\" content=\"es_ES\" \/>\n<meta property=\"og:type\" content=\"article\" \/>\n<meta property=\"og:title\" content=\"El mar no cesa: Un relato claro y valiente sobre el Mar Menor - El Blog de SenderosGR\" \/>\n<meta property=\"og:description\" content=\"El mar no cesa es un documental de investigaci\u00f3n riguroso e imprescindible para entender el origen del deterioro del Mar Menor.\" \/>\n<meta property=\"og:url\" content=\"https:\/\/www.senderosgr.es\/blog\/2026\/01\/28\/el-mar-no-cesa-un-relato-claro-y-valiente-sobre-el-mar-menor\/\" \/>\n<meta property=\"og:site_name\" content=\"El Blog de SenderosGR\" \/>\n<meta property=\"article:published_time\" content=\"2026-01-28T20:25:20+00:00\" \/>\n<meta property=\"article:modified_time\" content=\"2026-01-28T20:29:49+00:00\" \/>\n<meta property=\"og:image\" content=\"http:\/\/www.senderosgr.es\/blog\/wp-content\/uploads\/2026\/01\/Caballito-de-mar-en-la-sopa-verde-scaled.jpg\" \/>\n\t<meta property=\"og:image:width\" content=\"2560\" \/>\n\t<meta property=\"og:image:height\" content=\"1066\" \/>\n\t<meta property=\"og:image:type\" content=\"image\/jpeg\" \/>\n<meta name=\"author\" content=\"SenderosGR\" \/>\n<meta name=\"twitter:card\" content=\"summary_large_image\" \/>\n<meta name=\"twitter:label1\" content=\"Escrito por\" \/>\n\t<meta name=\"twitter:data1\" content=\"SenderosGR\" \/>\n\t<meta name=\"twitter:label2\" content=\"Tiempo de lectura\" \/>\n\t<meta name=\"twitter:data2\" content=\"4 minutos\" \/>\n<script type=\"application\/ld+json\" class=\"yoast-schema-graph\">{\"@context\":\"https:\/\/schema.org\",\"@graph\":[{\"@type\":\"Article\",\"@id\":\"https:\/\/www.senderosgr.es\/blog\/2026\/01\/28\/el-mar-no-cesa-un-relato-claro-y-valiente-sobre-el-mar-menor\/#article\",\"isPartOf\":{\"@id\":\"https:\/\/www.senderosgr.es\/blog\/2026\/01\/28\/el-mar-no-cesa-un-relato-claro-y-valiente-sobre-el-mar-menor\/\"},\"author\":{\"name\":\"SenderosGR\",\"@id\":\"https:\/\/www.senderosgr.es\/blog\/#\/schema\/person\/f2eef32e9aa1ea1fbc35244e3cff648f\"},\"headline\":\"El mar no cesa: Un relato claro y valiente sobre el Mar Menor\",\"datePublished\":\"2026-01-28T20:25:20+00:00\",\"dateModified\":\"2026-01-28T20:29:49+00:00\",\"mainEntityOfPage\":{\"@id\":\"https:\/\/www.senderosgr.es\/blog\/2026\/01\/28\/el-mar-no-cesa-un-relato-claro-y-valiente-sobre-el-mar-menor\/\"},\"wordCount\":673,\"commentCount\":0,\"publisher\":{\"@id\":\"https:\/\/www.senderosgr.es\/blog\/#organization\"},\"image\":{\"@id\":\"https:\/\/www.senderosgr.es\/blog\/2026\/01\/28\/el-mar-no-cesa-un-relato-claro-y-valiente-sobre-el-mar-menor\/#primaryimage\"},\"thumbnailUrl\":\"https:\/\/www.senderosgr.es\/blog\/wp-content\/uploads\/2026\/01\/Caballito-de-mar-en-la-sopa-verde-scaled.jpg\",\"keywords\":[\"consejos\",\"GR 92\",\"murcia\",\"naturaleza\",\"opini\u00f3n\",\"senderosgr\"],\"articleSection\":[\"Noticias\"],\"inLanguage\":\"es\",\"potentialAction\":[{\"@type\":\"CommentAction\",\"name\":\"Comment\",\"target\":[\"https:\/\/www.senderosgr.es\/blog\/2026\/01\/28\/el-mar-no-cesa-un-relato-claro-y-valiente-sobre-el-mar-menor\/#respond\"]}]},{\"@type\":\"WebPage\",\"@id\":\"https:\/\/www.senderosgr.es\/blog\/2026\/01\/28\/el-mar-no-cesa-un-relato-claro-y-valiente-sobre-el-mar-menor\/\",\"url\":\"https:\/\/www.senderosgr.es\/blog\/2026\/01\/28\/el-mar-no-cesa-un-relato-claro-y-valiente-sobre-el-mar-menor\/\",\"name\":\"El mar no cesa: Un relato claro y valiente sobre el Mar Menor - El Blog de SenderosGR\",\"isPartOf\":{\"@id\":\"https:\/\/www.senderosgr.es\/blog\/#website\"},\"primaryImageOfPage\":{\"@id\":\"https:\/\/www.senderosgr.es\/blog\/2026\/01\/28\/el-mar-no-cesa-un-relato-claro-y-valiente-sobre-el-mar-menor\/#primaryimage\"},\"image\":{\"@id\":\"https:\/\/www.senderosgr.es\/blog\/2026\/01\/28\/el-mar-no-cesa-un-relato-claro-y-valiente-sobre-el-mar-menor\/#primaryimage\"},\"thumbnailUrl\":\"https:\/\/www.senderosgr.es\/blog\/wp-content\/uploads\/2026\/01\/Caballito-de-mar-en-la-sopa-verde-scaled.jpg\",\"datePublished\":\"2026-01-28T20:25:20+00:00\",\"dateModified\":\"2026-01-28T20:29:49+00:00\",\"description\":\"El mar no cesa es un documental de investigaci\u00f3n riguroso e imprescindible para entender el origen del deterioro del Mar Menor.\",\"breadcrumb\":{\"@id\":\"https:\/\/www.senderosgr.es\/blog\/2026\/01\/28\/el-mar-no-cesa-un-relato-claro-y-valiente-sobre-el-mar-menor\/#breadcrumb\"},\"inLanguage\":\"es\",\"potentialAction\":[{\"@type\":\"ReadAction\",\"target\":[\"https:\/\/www.senderosgr.es\/blog\/2026\/01\/28\/el-mar-no-cesa-un-relato-claro-y-valiente-sobre-el-mar-menor\/\"]}]},{\"@type\":\"ImageObject\",\"inLanguage\":\"es\",\"@id\":\"https:\/\/www.senderosgr.es\/blog\/2026\/01\/28\/el-mar-no-cesa-un-relato-claro-y-valiente-sobre-el-mar-menor\/#primaryimage\",\"url\":\"https:\/\/www.senderosgr.es\/blog\/wp-content\/uploads\/2026\/01\/Caballito-de-mar-en-la-sopa-verde-scaled.jpg\",\"contentUrl\":\"https:\/\/www.senderosgr.es\/blog\/wp-content\/uploads\/2026\/01\/Caballito-de-mar-en-la-sopa-verde-scaled.jpg\",\"width\":2560,\"height\":1066},{\"@type\":\"BreadcrumbList\",\"@id\":\"https:\/\/www.senderosgr.es\/blog\/2026\/01\/28\/el-mar-no-cesa-un-relato-claro-y-valiente-sobre-el-mar-menor\/#breadcrumb\",\"itemListElement\":[{\"@type\":\"ListItem\",\"position\":1,\"name\":\"Portada\",\"item\":\"https:\/\/www.senderosgr.es\/blog\/\"},{\"@type\":\"ListItem\",\"position\":2,\"name\":\"El mar no cesa: Un relato claro y valiente sobre el Mar Menor\"}]},{\"@type\":\"WebSite\",\"@id\":\"https:\/\/www.senderosgr.es\/blog\/#website\",\"url\":\"https:\/\/www.senderosgr.es\/blog\/\",\"name\":\"El Blog de SenderosGR\",\"description\":\"Noticias, opiniones... \u00a1y mucho m\u00e1s!\",\"publisher\":{\"@id\":\"https:\/\/www.senderosgr.es\/blog\/#organization\"},\"potentialAction\":[{\"@type\":\"SearchAction\",\"target\":{\"@type\":\"EntryPoint\",\"urlTemplate\":\"https:\/\/www.senderosgr.es\/blog\/?s={search_term_string}\"},\"query-input\":{\"@type\":\"PropertyValueSpecification\",\"valueRequired\":true,\"valueName\":\"search_term_string\"}}],\"inLanguage\":\"es\"},{\"@type\":\"Organization\",\"@id\":\"https:\/\/www.senderosgr.es\/blog\/#organization\",\"name\":\"El Blog de SenderosGR\",\"url\":\"https:\/\/www.senderosgr.es\/blog\/\",\"logo\":{\"@type\":\"ImageObject\",\"inLanguage\":\"es\",\"@id\":\"https:\/\/www.senderosgr.es\/blog\/#\/schema\/logo\/image\/\",\"url\":\"https:\/\/www.senderosgr.es\/blog\/wp-content\/uploads\/2016\/06\/SGR-logo-cabecera-wordpress-copy-1.jpg\",\"contentUrl\":\"https:\/\/www.senderosgr.es\/blog\/wp-content\/uploads\/2016\/06\/SGR-logo-cabecera-wordpress-copy-1.jpg\",\"width\":240,\"height\":240,\"caption\":\"El Blog de SenderosGR\"},\"image\":{\"@id\":\"https:\/\/www.senderosgr.es\/blog\/#\/schema\/logo\/image\/\"}},{\"@type\":\"Person\",\"@id\":\"https:\/\/www.senderosgr.es\/blog\/#\/schema\/person\/f2eef32e9aa1ea1fbc35244e3cff648f\",\"name\":\"SenderosGR\",\"image\":{\"@type\":\"ImageObject\",\"inLanguage\":\"es\",\"@id\":\"https:\/\/www.senderosgr.es\/blog\/#\/schema\/person\/image\/\",\"url\":\"https:\/\/secure.gravatar.com\/avatar\/6f52711b33f9d4b67746ba74eb5d9e349ce13d3901fd85c995aea449f2512faf?s=96&d=mm&r=g\",\"contentUrl\":\"https:\/\/secure.gravatar.com\/avatar\/6f52711b33f9d4b67746ba74eb5d9e349ce13d3901fd85c995aea449f2512faf?s=96&d=mm&r=g\",\"caption\":\"SenderosGR\"},\"description\":\"Buz\u00f3n general de SenderosGR\",\"url\":\"https:\/\/www.senderosgr.es\/blog\/author\/administrador\/\"}]}<\/script>\n<!-- \/ Yoast SEO plugin. -->","yoast_head_json":{"title":"El mar no cesa: Un relato claro y valiente sobre el Mar Menor - El Blog de SenderosGR","description":"El mar no cesa es un documental de investigaci\u00f3n riguroso e imprescindible para entender el origen del deterioro del Mar Menor.","robots":{"index":"index","follow":"follow","max-snippet":"max-snippet:-1","max-image-preview":"max-image-preview:large","max-video-preview":"max-video-preview:-1"},"canonical":"https:\/\/www.senderosgr.es\/blog\/2026\/01\/28\/el-mar-no-cesa-un-relato-claro-y-valiente-sobre-el-mar-menor\/","og_locale":"es_ES","og_type":"article","og_title":"El mar no cesa: Un relato claro y valiente sobre el Mar Menor - El Blog de SenderosGR","og_description":"El mar no cesa es un documental de investigaci\u00f3n riguroso e imprescindible para entender el origen del deterioro del Mar Menor.","og_url":"https:\/\/www.senderosgr.es\/blog\/2026\/01\/28\/el-mar-no-cesa-un-relato-claro-y-valiente-sobre-el-mar-menor\/","og_site_name":"El Blog de SenderosGR","article_published_time":"2026-01-28T20:25:20+00:00","article_modified_time":"2026-01-28T20:29:49+00:00","og_image":[{"width":2560,"height":1066,"url":"http:\/\/www.senderosgr.es\/blog\/wp-content\/uploads\/2026\/01\/Caballito-de-mar-en-la-sopa-verde-scaled.jpg","type":"image\/jpeg"}],"author":"SenderosGR","twitter_card":"summary_large_image","twitter_misc":{"Escrito por":"SenderosGR","Tiempo de lectura":"4 minutos"},"schema":{"@context":"https:\/\/schema.org","@graph":[{"@type":"Article","@id":"https:\/\/www.senderosgr.es\/blog\/2026\/01\/28\/el-mar-no-cesa-un-relato-claro-y-valiente-sobre-el-mar-menor\/#article","isPartOf":{"@id":"https:\/\/www.senderosgr.es\/blog\/2026\/01\/28\/el-mar-no-cesa-un-relato-claro-y-valiente-sobre-el-mar-menor\/"},"author":{"name":"SenderosGR","@id":"https:\/\/www.senderosgr.es\/blog\/#\/schema\/person\/f2eef32e9aa1ea1fbc35244e3cff648f"},"headline":"El mar no cesa: Un relato claro y valiente sobre el Mar Menor","datePublished":"2026-01-28T20:25:20+00:00","dateModified":"2026-01-28T20:29:49+00:00","mainEntityOfPage":{"@id":"https:\/\/www.senderosgr.es\/blog\/2026\/01\/28\/el-mar-no-cesa-un-relato-claro-y-valiente-sobre-el-mar-menor\/"},"wordCount":673,"commentCount":0,"publisher":{"@id":"https:\/\/www.senderosgr.es\/blog\/#organization"},"image":{"@id":"https:\/\/www.senderosgr.es\/blog\/2026\/01\/28\/el-mar-no-cesa-un-relato-claro-y-valiente-sobre-el-mar-menor\/#primaryimage"},"thumbnailUrl":"https:\/\/www.senderosgr.es\/blog\/wp-content\/uploads\/2026\/01\/Caballito-de-mar-en-la-sopa-verde-scaled.jpg","keywords":["consejos","GR 92","murcia","naturaleza","opini\u00f3n","senderosgr"],"articleSection":["Noticias"],"inLanguage":"es","potentialAction":[{"@type":"CommentAction","name":"Comment","target":["https:\/\/www.senderosgr.es\/blog\/2026\/01\/28\/el-mar-no-cesa-un-relato-claro-y-valiente-sobre-el-mar-menor\/#respond"]}]},{"@type":"WebPage","@id":"https:\/\/www.senderosgr.es\/blog\/2026\/01\/28\/el-mar-no-cesa-un-relato-claro-y-valiente-sobre-el-mar-menor\/","url":"https:\/\/www.senderosgr.es\/blog\/2026\/01\/28\/el-mar-no-cesa-un-relato-claro-y-valiente-sobre-el-mar-menor\/","name":"El mar no cesa: Un relato claro y valiente sobre el Mar Menor - El Blog de SenderosGR","isPartOf":{"@id":"https:\/\/www.senderosgr.es\/blog\/#website"},"primaryImageOfPage":{"@id":"https:\/\/www.senderosgr.es\/blog\/2026\/01\/28\/el-mar-no-cesa-un-relato-claro-y-valiente-sobre-el-mar-menor\/#primaryimage"},"image":{"@id":"https:\/\/www.senderosgr.es\/blog\/2026\/01\/28\/el-mar-no-cesa-un-relato-claro-y-valiente-sobre-el-mar-menor\/#primaryimage"},"thumbnailUrl":"https:\/\/www.senderosgr.es\/blog\/wp-content\/uploads\/2026\/01\/Caballito-de-mar-en-la-sopa-verde-scaled.jpg","datePublished":"2026-01-28T20:25:20+00:00","dateModified":"2026-01-28T20:29:49+00:00","description":"El mar no cesa es un documental de investigaci\u00f3n riguroso e imprescindible para entender el origen del deterioro del Mar Menor.","breadcrumb":{"@id":"https:\/\/www.senderosgr.es\/blog\/2026\/01\/28\/el-mar-no-cesa-un-relato-claro-y-valiente-sobre-el-mar-menor\/#breadcrumb"},"inLanguage":"es","potentialAction":[{"@type":"ReadAction","target":["https:\/\/www.senderosgr.es\/blog\/2026\/01\/28\/el-mar-no-cesa-un-relato-claro-y-valiente-sobre-el-mar-menor\/"]}]},{"@type":"ImageObject","inLanguage":"es","@id":"https:\/\/www.senderosgr.es\/blog\/2026\/01\/28\/el-mar-no-cesa-un-relato-claro-y-valiente-sobre-el-mar-menor\/#primaryimage","url":"https:\/\/www.senderosgr.es\/blog\/wp-content\/uploads\/2026\/01\/Caballito-de-mar-en-la-sopa-verde-scaled.jpg","contentUrl":"https:\/\/www.senderosgr.es\/blog\/wp-content\/uploads\/2026\/01\/Caballito-de-mar-en-la-sopa-verde-scaled.jpg","width":2560,"height":1066},{"@type":"BreadcrumbList","@id":"https:\/\/www.senderosgr.es\/blog\/2026\/01\/28\/el-mar-no-cesa-un-relato-claro-y-valiente-sobre-el-mar-menor\/#breadcrumb","itemListElement":[{"@type":"ListItem","position":1,"name":"Portada","item":"https:\/\/www.senderosgr.es\/blog\/"},{"@type":"ListItem","position":2,"name":"El mar no cesa: Un relato claro y valiente sobre el Mar Menor"}]},{"@type":"WebSite","@id":"https:\/\/www.senderosgr.es\/blog\/#website","url":"https:\/\/www.senderosgr.es\/blog\/","name":"El Blog de SenderosGR","description":"Noticias, opiniones... \u00a1y mucho m\u00e1s!","publisher":{"@id":"https:\/\/www.senderosgr.es\/blog\/#organization"},"potentialAction":[{"@type":"SearchAction","target":{"@type":"EntryPoint","urlTemplate":"https:\/\/www.senderosgr.es\/blog\/?s={search_term_string}"},"query-input":{"@type":"PropertyValueSpecification","valueRequired":true,"valueName":"search_term_string"}}],"inLanguage":"es"},{"@type":"Organization","@id":"https:\/\/www.senderosgr.es\/blog\/#organization","name":"El Blog de SenderosGR","url":"https:\/\/www.senderosgr.es\/blog\/","logo":{"@type":"ImageObject","inLanguage":"es","@id":"https:\/\/www.senderosgr.es\/blog\/#\/schema\/logo\/image\/","url":"https:\/\/www.senderosgr.es\/blog\/wp-content\/uploads\/2016\/06\/SGR-logo-cabecera-wordpress-copy-1.jpg","contentUrl":"https:\/\/www.senderosgr.es\/blog\/wp-content\/uploads\/2016\/06\/SGR-logo-cabecera-wordpress-copy-1.jpg","width":240,"height":240,"caption":"El Blog de SenderosGR"},"image":{"@id":"https:\/\/www.senderosgr.es\/blog\/#\/schema\/logo\/image\/"}},{"@type":"Person","@id":"https:\/\/www.senderosgr.es\/blog\/#\/schema\/person\/f2eef32e9aa1ea1fbc35244e3cff648f","name":"SenderosGR","image":{"@type":"ImageObject","inLanguage":"es","@id":"https:\/\/www.senderosgr.es\/blog\/#\/schema\/person\/image\/","url":"https:\/\/secure.gravatar.com\/avatar\/6f52711b33f9d4b67746ba74eb5d9e349ce13d3901fd85c995aea449f2512faf?s=96&d=mm&r=g","contentUrl":"https:\/\/secure.gravatar.com\/avatar\/6f52711b33f9d4b67746ba74eb5d9e349ce13d3901fd85c995aea449f2512faf?s=96&d=mm&r=g","caption":"SenderosGR"},"description":"Buz\u00f3n general de SenderosGR","url":"https:\/\/www.senderosgr.es\/blog\/author\/administrador\/"}]}},"cc_featured_image_caption":{"caption_text":"Caballito de mar en medio de la sopa verde, fotograma de la pel\u00edcula 'El mar no cesa'.","source_text":"","source_url":""},"_links":{"self":[{"href":"https:\/\/www.senderosgr.es\/blog\/wp-json\/wp\/v2\/posts\/2079","targetHints":{"allow":["GET"]}}],"collection":[{"href":"https:\/\/www.senderosgr.es\/blog\/wp-json\/wp\/v2\/posts"}],"about":[{"href":"https:\/\/www.senderosgr.es\/blog\/wp-json\/wp\/v2\/types\/post"}],"author":[{"embeddable":true,"href":"https:\/\/www.senderosgr.es\/blog\/wp-json\/wp\/v2\/users\/1"}],"replies":[{"embeddable":true,"href":"https:\/\/www.senderosgr.es\/blog\/wp-json\/wp\/v2\/comments?post=2079"}],"version-history":[{"count":3,"href":"https:\/\/www.senderosgr.es\/blog\/wp-json\/wp\/v2\/posts\/2079\/revisions"}],"predecessor-version":[{"id":2088,"href":"https:\/\/www.senderosgr.es\/blog\/wp-json\/wp\/v2\/posts\/2079\/revisions\/2088"}],"wp:featuredmedia":[{"embeddable":true,"href":"https:\/\/www.senderosgr.es\/blog\/wp-json\/wp\/v2\/media\/2085"}],"wp:attachment":[{"href":"https:\/\/www.senderosgr.es\/blog\/wp-json\/wp\/v2\/media?parent=2079"}],"wp:term":[{"taxonomy":"category","embeddable":true,"href":"https:\/\/www.senderosgr.es\/blog\/wp-json\/wp\/v2\/categories?post=2079"},{"taxonomy":"post_tag","embeddable":true,"href":"https:\/\/www.senderosgr.es\/blog\/wp-json\/wp\/v2\/tags?post=2079"}],"curies":[{"name":"wp","href":"https:\/\/api.w.org\/{rel}","templated":true}]}}