{"id":18,"date":"2016-06-01T16:52:00","date_gmt":"2016-06-01T16:52:00","guid":{"rendered":""},"modified":"2016-06-30T17:49:32","modified_gmt":"2016-06-30T17:49:32","slug":"naturaleza-para-todos","status":"publish","type":"post","link":"https:\/\/www.senderosgr.es\/blog\/2016\/06\/01\/naturaleza-para-todos\/","title":{"rendered":"Naturaleza para todos"},"content":{"rendered":"<div style=\"text-align: justify;\">La Fundaci\u00f3n Global Nature y la Asociaci\u00f3n Monta\u00f1a para Todos han puesto en marcha el proyecto <i>Naturaleza para todos<\/i>, para que las personas con \u00a0discapacidad o una movilidad reducida puedan disfrutar de la extensa red de senderos que transitan por los espacios naturales espa\u00f1oles, y de fomentar la accesibilidad universal, incluido el acceso a la naturaleza como un derecho de todas las personas.<\/div>\n<p style=\"text-align: justify;\">Laura Garc\u00eda, responsable de la Fundaci\u00f3n Global Nature en Extremadura, explica la iniciativa en el programa <i>Mangas Verdes<\/i>, de EFE Radio, cuyo <span style=\"text-decoration: underline;\"><b><a href=\"http:\/\/www.ivoox.com\/mangas-verdes-n-93-audios-mp3_rf_11518986_1.html\" target=\"_blank\">podcast<\/a><\/b><\/span> os adjuntamos para que pod\u00e1is ampliar informaci\u00f3n: \u00abel objetivo principal es reivindicar el derecho de esas personas a disfrutar de los lugares de la red Natura 2000 y de todos los espacios naturales protegidos, y adem\u00e1s dar a conocer los valores naturales que tienen esos espacios para implicar a m\u00e1s gente en su conservaci\u00f3n\u00bb.<\/p>\n<p><b>Senderismo accesible. Naturaleza sin l\u00edmites<\/b><\/p>\n<p><iframe loading=\"lazy\" src=\"https:\/\/www.youtube.com\/embed\/EIzUhxJ9pgE\" width=\"560\" height=\"315\" frameborder=\"0\" allowfullscreen=\"allowfullscreen\"><\/iframe><\/p>\n<div style=\"text-align: justify;\"><\/div>\n<div style=\"text-align: justify;\">Fuente: <a href=\"http:\/\/www.efeverde.com\/\" target=\"_blank\">EFE VERDE<\/a><\/div>\n","protected":false},"excerpt":{"rendered":"<p>La Fundaci\u00f3n Global Nature y la Asociaci\u00f3n Monta\u00f1a para Todos han puesto en marcha el proyecto Naturaleza para todos, para que las personas con \u00a0discapacidad o una movilidad reducida puedan disfrutar de la extensa red de senderos que transitan por los espacios naturales espa\u00f1oles, y de fomentar la accesibilidad universal, incluido el acceso a la [&hellip;]<\/p>\n","protected":false},"author":1,"featured_media":234,"comment_status":"open","ping_status":"open","sticky":false,"template":"","format":"standard","meta":{"footnotes":""},"categories":[193],"tags":[183,177,184],"class_list":["post-18","post","type-post","status-publish","format-standard","has-post-thumbnail","hentry","category-noticias","tag-discapacidad","tag-naturaleza","tag-red-natura-2000"],"yoast_head":"<!-- This site is optimized with the Yoast SEO plugin v26.6 - https:\/\/yoast.com\/wordpress\/plugins\/seo\/ -->\n<title>Naturaleza para todos - El Blog de SenderosGR<\/title>\n<meta name=\"robots\" content=\"index, follow, max-snippet:-1, max-image-preview:large, max-video-preview:-1\" \/>\n<link rel=\"canonical\" href=\"https:\/\/www.senderosgr.es\/blog\/2016\/06\/01\/naturaleza-para-todos\/\" \/>\n<meta property=\"og:locale\" content=\"es_ES\" \/>\n<meta property=\"og:type\" content=\"article\" \/>\n<meta property=\"og:title\" content=\"Naturaleza para todos - El Blog de SenderosGR\" \/>\n<meta property=\"og:description\" content=\"La Fundaci\u00f3n Global Nature y la Asociaci\u00f3n Monta\u00f1a para Todos han puesto en marcha el proyecto Naturaleza para todos, para que las personas con \u00a0discapacidad o una movilidad reducida puedan disfrutar de la extensa red de senderos que transitan por los espacios naturales espa\u00f1oles, y de fomentar la accesibilidad universal, incluido el acceso a la [&hellip;]\" \/>\n<meta property=\"og:url\" content=\"https:\/\/www.senderosgr.es\/blog\/2016\/06\/01\/naturaleza-para-todos\/\" \/>\n<meta property=\"og:site_name\" content=\"El Blog de SenderosGR\" \/>\n<meta property=\"article:published_time\" content=\"2016-06-01T16:52:00+00:00\" \/>\n<meta property=\"article:modified_time\" content=\"2016-06-30T17:49:32+00:00\" \/>\n<meta property=\"og:image\" content=\"https:\/\/www.senderosgr.es\/blog\/wp-content\/uploads\/2016\/06\/arbol-en-campo.jpg\" \/>\n\t<meta property=\"og:image:width\" content=\"1600\" \/>\n\t<meta property=\"og:image:height\" content=\"1067\" \/>\n\t<meta property=\"og:image:type\" content=\"image\/jpeg\" \/>\n<meta name=\"author\" content=\"SenderosGR\" \/>\n<meta name=\"twitter:card\" content=\"summary_large_image\" \/>\n<meta name=\"twitter:label1\" content=\"Escrito por\" \/>\n\t<meta name=\"twitter:data1\" content=\"SenderosGR\" \/>\n\t<meta name=\"twitter:label2\" content=\"Tiempo de lectura\" \/>\n\t<meta name=\"twitter:data2\" content=\"1 minuto\" \/>\n<script type=\"application\/ld+json\" class=\"yoast-schema-graph\">{\"@context\":\"https:\/\/schema.org\",\"@graph\":[{\"@type\":\"Article\",\"@id\":\"https:\/\/www.senderosgr.es\/blog\/2016\/06\/01\/naturaleza-para-todos\/#article\",\"isPartOf\":{\"@id\":\"https:\/\/www.senderosgr.es\/blog\/2016\/06\/01\/naturaleza-para-todos\/\"},\"author\":{\"name\":\"SenderosGR\",\"@id\":\"https:\/\/www.senderosgr.es\/blog\/#\/schema\/person\/f2eef32e9aa1ea1fbc35244e3cff648f\"},\"headline\":\"Naturaleza para todos\",\"datePublished\":\"2016-06-01T16:52:00+00:00\",\"dateModified\":\"2016-06-30T17:49:32+00:00\",\"mainEntityOfPage\":{\"@id\":\"https:\/\/www.senderosgr.es\/blog\/2016\/06\/01\/naturaleza-para-todos\/\"},\"wordCount\":162,\"commentCount\":0,\"publisher\":{\"@id\":\"https:\/\/www.senderosgr.es\/blog\/#organization\"},\"image\":{\"@id\":\"https:\/\/www.senderosgr.es\/blog\/2016\/06\/01\/naturaleza-para-todos\/#primaryimage\"},\"thumbnailUrl\":\"https:\/\/www.senderosgr.es\/blog\/wp-content\/uploads\/2016\/06\/arbol-en-campo.jpg\",\"keywords\":[\"discapacidad\",\"naturaleza\",\"red natura 2000\"],\"articleSection\":[\"Noticias\"],\"inLanguage\":\"es\",\"potentialAction\":[{\"@type\":\"CommentAction\",\"name\":\"Comment\",\"target\":[\"https:\/\/www.senderosgr.es\/blog\/2016\/06\/01\/naturaleza-para-todos\/#respond\"]}]},{\"@type\":\"WebPage\",\"@id\":\"https:\/\/www.senderosgr.es\/blog\/2016\/06\/01\/naturaleza-para-todos\/\",\"url\":\"https:\/\/www.senderosgr.es\/blog\/2016\/06\/01\/naturaleza-para-todos\/\",\"name\":\"Naturaleza para todos - El Blog de SenderosGR\",\"isPartOf\":{\"@id\":\"https:\/\/www.senderosgr.es\/blog\/#website\"},\"primaryImageOfPage\":{\"@id\":\"https:\/\/www.senderosgr.es\/blog\/2016\/06\/01\/naturaleza-para-todos\/#primaryimage\"},\"image\":{\"@id\":\"https:\/\/www.senderosgr.es\/blog\/2016\/06\/01\/naturaleza-para-todos\/#primaryimage\"},\"thumbnailUrl\":\"https:\/\/www.senderosgr.es\/blog\/wp-content\/uploads\/2016\/06\/arbol-en-campo.jpg\",\"datePublished\":\"2016-06-01T16:52:00+00:00\",\"dateModified\":\"2016-06-30T17:49:32+00:00\",\"breadcrumb\":{\"@id\":\"https:\/\/www.senderosgr.es\/blog\/2016\/06\/01\/naturaleza-para-todos\/#breadcrumb\"},\"inLanguage\":\"es\",\"potentialAction\":[{\"@type\":\"ReadAction\",\"target\":[\"https:\/\/www.senderosgr.es\/blog\/2016\/06\/01\/naturaleza-para-todos\/\"]}]},{\"@type\":\"ImageObject\",\"inLanguage\":\"es\",\"@id\":\"https:\/\/www.senderosgr.es\/blog\/2016\/06\/01\/naturaleza-para-todos\/#primaryimage\",\"url\":\"https:\/\/www.senderosgr.es\/blog\/wp-content\/uploads\/2016\/06\/arbol-en-campo.jpg\",\"contentUrl\":\"https:\/\/www.senderosgr.es\/blog\/wp-content\/uploads\/2016\/06\/arbol-en-campo.jpg\",\"width\":1600,\"height\":1067,\"caption\":\"\u00e1rbol solitario\"},{\"@type\":\"BreadcrumbList\",\"@id\":\"https:\/\/www.senderosgr.es\/blog\/2016\/06\/01\/naturaleza-para-todos\/#breadcrumb\",\"itemListElement\":[{\"@type\":\"ListItem\",\"position\":1,\"name\":\"Portada\",\"item\":\"https:\/\/www.senderosgr.es\/blog\/\"},{\"@type\":\"ListItem\",\"position\":2,\"name\":\"Naturaleza para todos\"}]},{\"@type\":\"WebSite\",\"@id\":\"https:\/\/www.senderosgr.es\/blog\/#website\",\"url\":\"https:\/\/www.senderosgr.es\/blog\/\",\"name\":\"El Blog de SenderosGR\",\"description\":\"Noticias, opiniones... \u00a1y mucho m\u00e1s!\",\"publisher\":{\"@id\":\"https:\/\/www.senderosgr.es\/blog\/#organization\"},\"potentialAction\":[{\"@type\":\"SearchAction\",\"target\":{\"@type\":\"EntryPoint\",\"urlTemplate\":\"https:\/\/www.senderosgr.es\/blog\/?s={search_term_string}\"},\"query-input\":{\"@type\":\"PropertyValueSpecification\",\"valueRequired\":true,\"valueName\":\"search_term_string\"}}],\"inLanguage\":\"es\"},{\"@type\":\"Organization\",\"@id\":\"https:\/\/www.senderosgr.es\/blog\/#organization\",\"name\":\"El Blog de SenderosGR\",\"url\":\"https:\/\/www.senderosgr.es\/blog\/\",\"logo\":{\"@type\":\"ImageObject\",\"inLanguage\":\"es\",\"@id\":\"https:\/\/www.senderosgr.es\/blog\/#\/schema\/logo\/image\/\",\"url\":\"https:\/\/www.senderosgr.es\/blog\/wp-content\/uploads\/2016\/06\/SGR-logo-cabecera-wordpress-copy-1.jpg\",\"contentUrl\":\"https:\/\/www.senderosgr.es\/blog\/wp-content\/uploads\/2016\/06\/SGR-logo-cabecera-wordpress-copy-1.jpg\",\"width\":240,\"height\":240,\"caption\":\"El Blog de SenderosGR\"},\"image\":{\"@id\":\"https:\/\/www.senderosgr.es\/blog\/#\/schema\/logo\/image\/\"}},{\"@type\":\"Person\",\"@id\":\"https:\/\/www.senderosgr.es\/blog\/#\/schema\/person\/f2eef32e9aa1ea1fbc35244e3cff648f\",\"name\":\"SenderosGR\",\"image\":{\"@type\":\"ImageObject\",\"inLanguage\":\"es\",\"@id\":\"https:\/\/www.senderosgr.es\/blog\/#\/schema\/person\/image\/\",\"url\":\"https:\/\/secure.gravatar.com\/avatar\/6f52711b33f9d4b67746ba74eb5d9e349ce13d3901fd85c995aea449f2512faf?s=96&d=mm&r=g\",\"contentUrl\":\"https:\/\/secure.gravatar.com\/avatar\/6f52711b33f9d4b67746ba74eb5d9e349ce13d3901fd85c995aea449f2512faf?s=96&d=mm&r=g\",\"caption\":\"SenderosGR\"},\"description\":\"Buz\u00f3n general de SenderosGR\",\"url\":\"https:\/\/www.senderosgr.es\/blog\/author\/administrador\/\"}]}<\/script>\n<!-- \/ Yoast SEO plugin. -->","yoast_head_json":{"title":"Naturaleza para todos - El Blog de SenderosGR","robots":{"index":"index","follow":"follow","max-snippet":"max-snippet:-1","max-image-preview":"max-image-preview:large","max-video-preview":"max-video-preview:-1"},"canonical":"https:\/\/www.senderosgr.es\/blog\/2016\/06\/01\/naturaleza-para-todos\/","og_locale":"es_ES","og_type":"article","og_title":"Naturaleza para todos - El Blog de SenderosGR","og_description":"La Fundaci\u00f3n Global Nature y la Asociaci\u00f3n Monta\u00f1a para Todos han puesto en marcha el proyecto Naturaleza para todos, para que las personas con \u00a0discapacidad o una movilidad reducida puedan disfrutar de la extensa red de senderos que transitan por los espacios naturales espa\u00f1oles, y de fomentar la accesibilidad universal, incluido el acceso a la [&hellip;]","og_url":"https:\/\/www.senderosgr.es\/blog\/2016\/06\/01\/naturaleza-para-todos\/","og_site_name":"El Blog de SenderosGR","article_published_time":"2016-06-01T16:52:00+00:00","article_modified_time":"2016-06-30T17:49:32+00:00","og_image":[{"width":1600,"height":1067,"url":"https:\/\/www.senderosgr.es\/blog\/wp-content\/uploads\/2016\/06\/arbol-en-campo.jpg","type":"image\/jpeg"}],"author":"SenderosGR","twitter_card":"summary_large_image","twitter_misc":{"Escrito por":"SenderosGR","Tiempo de lectura":"1 minuto"},"schema":{"@context":"https:\/\/schema.org","@graph":[{"@type":"Article","@id":"https:\/\/www.senderosgr.es\/blog\/2016\/06\/01\/naturaleza-para-todos\/#article","isPartOf":{"@id":"https:\/\/www.senderosgr.es\/blog\/2016\/06\/01\/naturaleza-para-todos\/"},"author":{"name":"SenderosGR","@id":"https:\/\/www.senderosgr.es\/blog\/#\/schema\/person\/f2eef32e9aa1ea1fbc35244e3cff648f"},"headline":"Naturaleza para todos","datePublished":"2016-06-01T16:52:00+00:00","dateModified":"2016-06-30T17:49:32+00:00","mainEntityOfPage":{"@id":"https:\/\/www.senderosgr.es\/blog\/2016\/06\/01\/naturaleza-para-todos\/"},"wordCount":162,"commentCount":0,"publisher":{"@id":"https:\/\/www.senderosgr.es\/blog\/#organization"},"image":{"@id":"https:\/\/www.senderosgr.es\/blog\/2016\/06\/01\/naturaleza-para-todos\/#primaryimage"},"thumbnailUrl":"https:\/\/www.senderosgr.es\/blog\/wp-content\/uploads\/2016\/06\/arbol-en-campo.jpg","keywords":["discapacidad","naturaleza","red natura 2000"],"articleSection":["Noticias"],"inLanguage":"es","potentialAction":[{"@type":"CommentAction","name":"Comment","target":["https:\/\/www.senderosgr.es\/blog\/2016\/06\/01\/naturaleza-para-todos\/#respond"]}]},{"@type":"WebPage","@id":"https:\/\/www.senderosgr.es\/blog\/2016\/06\/01\/naturaleza-para-todos\/","url":"https:\/\/www.senderosgr.es\/blog\/2016\/06\/01\/naturaleza-para-todos\/","name":"Naturaleza para todos - El Blog de SenderosGR","isPartOf":{"@id":"https:\/\/www.senderosgr.es\/blog\/#website"},"primaryImageOfPage":{"@id":"https:\/\/www.senderosgr.es\/blog\/2016\/06\/01\/naturaleza-para-todos\/#primaryimage"},"image":{"@id":"https:\/\/www.senderosgr.es\/blog\/2016\/06\/01\/naturaleza-para-todos\/#primaryimage"},"thumbnailUrl":"https:\/\/www.senderosgr.es\/blog\/wp-content\/uploads\/2016\/06\/arbol-en-campo.jpg","datePublished":"2016-06-01T16:52:00+00:00","dateModified":"2016-06-30T17:49:32+00:00","breadcrumb":{"@id":"https:\/\/www.senderosgr.es\/blog\/2016\/06\/01\/naturaleza-para-todos\/#breadcrumb"},"inLanguage":"es","potentialAction":[{"@type":"ReadAction","target":["https:\/\/www.senderosgr.es\/blog\/2016\/06\/01\/naturaleza-para-todos\/"]}]},{"@type":"ImageObject","inLanguage":"es","@id":"https:\/\/www.senderosgr.es\/blog\/2016\/06\/01\/naturaleza-para-todos\/#primaryimage","url":"https:\/\/www.senderosgr.es\/blog\/wp-content\/uploads\/2016\/06\/arbol-en-campo.jpg","contentUrl":"https:\/\/www.senderosgr.es\/blog\/wp-content\/uploads\/2016\/06\/arbol-en-campo.jpg","width":1600,"height":1067,"caption":"\u00e1rbol solitario"},{"@type":"BreadcrumbList","@id":"https:\/\/www.senderosgr.es\/blog\/2016\/06\/01\/naturaleza-para-todos\/#breadcrumb","itemListElement":[{"@type":"ListItem","position":1,"name":"Portada","item":"https:\/\/www.senderosgr.es\/blog\/"},{"@type":"ListItem","position":2,"name":"Naturaleza para todos"}]},{"@type":"WebSite","@id":"https:\/\/www.senderosgr.es\/blog\/#website","url":"https:\/\/www.senderosgr.es\/blog\/","name":"El Blog de SenderosGR","description":"Noticias, opiniones... \u00a1y mucho m\u00e1s!","publisher":{"@id":"https:\/\/www.senderosgr.es\/blog\/#organization"},"potentialAction":[{"@type":"SearchAction","target":{"@type":"EntryPoint","urlTemplate":"https:\/\/www.senderosgr.es\/blog\/?s={search_term_string}"},"query-input":{"@type":"PropertyValueSpecification","valueRequired":true,"valueName":"search_term_string"}}],"inLanguage":"es"},{"@type":"Organization","@id":"https:\/\/www.senderosgr.es\/blog\/#organization","name":"El Blog de SenderosGR","url":"https:\/\/www.senderosgr.es\/blog\/","logo":{"@type":"ImageObject","inLanguage":"es","@id":"https:\/\/www.senderosgr.es\/blog\/#\/schema\/logo\/image\/","url":"https:\/\/www.senderosgr.es\/blog\/wp-content\/uploads\/2016\/06\/SGR-logo-cabecera-wordpress-copy-1.jpg","contentUrl":"https:\/\/www.senderosgr.es\/blog\/wp-content\/uploads\/2016\/06\/SGR-logo-cabecera-wordpress-copy-1.jpg","width":240,"height":240,"caption":"El Blog de SenderosGR"},"image":{"@id":"https:\/\/www.senderosgr.es\/blog\/#\/schema\/logo\/image\/"}},{"@type":"Person","@id":"https:\/\/www.senderosgr.es\/blog\/#\/schema\/person\/f2eef32e9aa1ea1fbc35244e3cff648f","name":"SenderosGR","image":{"@type":"ImageObject","inLanguage":"es","@id":"https:\/\/www.senderosgr.es\/blog\/#\/schema\/person\/image\/","url":"https:\/\/secure.gravatar.com\/avatar\/6f52711b33f9d4b67746ba74eb5d9e349ce13d3901fd85c995aea449f2512faf?s=96&d=mm&r=g","contentUrl":"https:\/\/secure.gravatar.com\/avatar\/6f52711b33f9d4b67746ba74eb5d9e349ce13d3901fd85c995aea449f2512faf?s=96&d=mm&r=g","caption":"SenderosGR"},"description":"Buz\u00f3n general de SenderosGR","url":"https:\/\/www.senderosgr.es\/blog\/author\/administrador\/"}]}},"cc_featured_image_caption":{"caption_text":false,"source_text":false,"source_url":false},"_links":{"self":[{"href":"https:\/\/www.senderosgr.es\/blog\/wp-json\/wp\/v2\/posts\/18","targetHints":{"allow":["GET"]}}],"collection":[{"href":"https:\/\/www.senderosgr.es\/blog\/wp-json\/wp\/v2\/posts"}],"about":[{"href":"https:\/\/www.senderosgr.es\/blog\/wp-json\/wp\/v2\/types\/post"}],"author":[{"embeddable":true,"href":"https:\/\/www.senderosgr.es\/blog\/wp-json\/wp\/v2\/users\/1"}],"replies":[{"embeddable":true,"href":"https:\/\/www.senderosgr.es\/blog\/wp-json\/wp\/v2\/comments?post=18"}],"version-history":[{"count":5,"href":"https:\/\/www.senderosgr.es\/blog\/wp-json\/wp\/v2\/posts\/18\/revisions"}],"predecessor-version":[{"id":235,"href":"https:\/\/www.senderosgr.es\/blog\/wp-json\/wp\/v2\/posts\/18\/revisions\/235"}],"wp:featuredmedia":[{"embeddable":true,"href":"https:\/\/www.senderosgr.es\/blog\/wp-json\/wp\/v2\/media\/234"}],"wp:attachment":[{"href":"https:\/\/www.senderosgr.es\/blog\/wp-json\/wp\/v2\/media?parent=18"}],"wp:term":[{"taxonomy":"category","embeddable":true,"href":"https:\/\/www.senderosgr.es\/blog\/wp-json\/wp\/v2\/categories?post=18"},{"taxonomy":"post_tag","embeddable":true,"href":"https:\/\/www.senderosgr.es\/blog\/wp-json\/wp\/v2\/tags?post=18"}],"curies":[{"name":"wp","href":"https:\/\/api.w.org\/{rel}","templated":true}]}}