{"id":1638,"date":"2022-06-28T09:46:45","date_gmt":"2022-06-28T07:46:45","guid":{"rendered":"http:\/\/www.senderosgr.es\/blog\/?p=1638"},"modified":"2022-06-28T09:49:47","modified_gmt":"2022-06-28T07:49:47","slug":"una-aventura-dos-pasiones","status":"publish","type":"post","link":"https:\/\/www.senderosgr.es\/blog\/2022\/06\/28\/una-aventura-dos-pasiones\/","title":{"rendered":"Una aventura, dos pasiones"},"content":{"rendered":"<h5>\u00bfTienen alguna relaci\u00f3n el senderismo y las motocicletas? \u00bfSe puede hacer un sendero sobre ruedas? Un miembro de la comunidad gerrerista nos ha escrito este correo contando su experiencia y planes para este verano en el GR-11, donde piensa combinar sus dos pasiones: las motos y el senderismo de gran recorrido.<\/h5>\n<p><strong>Creo que fue exactamente desde el momento en que decidimos \u00ab<a href=\"https:\/\/compramostumoto.es\/es\" target=\"_blank\" rel=\"noopener\">quiero vender mi moto<\/a>\u00ab, cuando mi pareja y yo comenzamos a echarla de menos<\/strong>. Y aunque hab\u00edamos hecho algunos viajes en este medio de transporte, nunca nos hab\u00edamos considerado moteros. M\u00e1s bien \u00e9ramos unos trabajadores que utilizaban la motocicleta para agilizar sus desplazamientos laborales.<\/p>\n<p>Los dos desde peque\u00f1os hab\u00edamos tenido moto y cuando comenzamos a salir, y posteriormente nos fuimos a vivir juntos, simplemente se convirti\u00f3 en el veh\u00edculo mediante el cual conoc\u00edamos el mundo. Pero la decisi\u00f3n estaba tomada. As\u00ed que viendo c\u00f3mo <a href=\"https:\/\/compramostumoto.es\/tasar-mi-moto\" target=\"_blank\" rel=\"noopener\">tasar moto online<\/a> e hicimos los tr\u00e1mites para dar este paso.<\/p>\n<p>El tiempo ha ido pasando y los gustos han evolucionado. Hace algunos a\u00f1os que descubrimos SenderosGR.es y nos hicimos gerreristas. La moto cedi\u00f3 el cetro a las piernas y las ganas de explorar nuestro entorno se ha ido agudizando.<\/p>\n<p>No obstante, este a\u00f1o <strong>hemos decidido<\/strong> darle una vuelta de tuerca a c\u00f3mo ven\u00edamos planteando nuestras vacaciones de este verano, y ver si se pod\u00edamos <strong>compatibilizar dos de las pasiones que compartimos: las motos con el senderismo<\/strong>.<\/p>\n<p>As\u00ed que nos hemos puesto manos a la obra y hemos decidido comenzar con la preplanificaci\u00f3n de esta nueva aventura. \u00bfY qu\u00e9 sendero hacer? \u00bfC\u00f3mo hacerlo? Por lo pronto, como no tenemos claro qu\u00e9 tal va a ir la experiencia, hemos empezado por adquirir una moto de segunda mano para probar la aventura.<\/p>\n<p>Lo siguiente, ha sido elegir el sendero (el tramo y la provincia). As\u00ed que, como por obligaci\u00f3n tiene que ser agosto, nos hemos decantado por el <strong>GR-11 en el tramo que cruza la provincia de Girona. Los paisajes de la provincia de Girona son espectaculares, sus carreteras tambi\u00e9n<\/strong>. Y para dos personas de meseta acostumbradas a llanear, es una buena opci\u00f3n, que no requiere una preparaci\u00f3n f\u00edsica muy importante, como s\u00ed lo requerir\u00edan las etapas de la zona central de los Pirineos y del GR-11.<\/p>\n<p><img loading=\"lazy\" decoding=\"async\" class=\"alignleft size-large wp-image-1640\" src=\"http:\/\/www.senderosgr.es\/blog\/wp-content\/uploads\/2022\/06\/gr11-1024x755.jpg\" alt=\"p\u00e1gina gr11 de senderos gr\" width=\"697\" height=\"514\" srcset=\"https:\/\/www.senderosgr.es\/blog\/wp-content\/uploads\/2022\/06\/gr11-1024x755.jpg 1024w, https:\/\/www.senderosgr.es\/blog\/wp-content\/uploads\/2022\/06\/gr11-600x442.jpg 600w, https:\/\/www.senderosgr.es\/blog\/wp-content\/uploads\/2022\/06\/gr11-300x221.jpg 300w, https:\/\/www.senderosgr.es\/blog\/wp-content\/uploads\/2022\/06\/gr11-768x566.jpg 768w, https:\/\/www.senderosgr.es\/blog\/wp-content\/uploads\/2022\/06\/gr11.jpg 1051w\" sizes=\"auto, (max-width: 697px) 100vw, 697px\" \/><\/p>\n<p>En este punto se puede pensar que somos unos imprudentes o unos salvajes por meternos a hacer una ruta de senderismo con una moto. Nada m\u00e1s lejos de la realidad. En el dise\u00f1o de la ruta que hemos realizado, despu\u00e9s de muchas vueltas, <strong>hemos previsto dejar la moto al inicio de las etapas y volveremos a buscarla en transporte p\u00fablico<\/strong>. Hasta que alguno de los dos se rinda y haga de ch\u00f3fer.<\/p>\n<p>Eso s\u00ed, en lo que parece que podemos estar totalmente de acuerdo es en la posibilidad de alguna noche olvidarnos del camping, meter la motocicleta en alguna pista que nos parezca poco transitada y hacer vivac. Ya que, a pesar de que hemos viajado en este medio de transporte y que el vivac es una pr\u00e1ctica que solemos realizar, nunca se nos ha dado la ocasi\u00f3n de unir estas dos pasiones.<\/p>\n<p>Conf\u00edo en que sean unas vacaciones que recordemos por los buenos ratos, la novedad y que haga realidad esos sue\u00f1os de adolescentes donde \u00edbamos a recorrer todo el pa\u00eds con una mochila, un saco y nuestra montura.<\/p>\n","protected":false},"excerpt":{"rendered":"<p>\u00bfTienen alguna relaci\u00f3n el senderismo y las motocicletas? \u00bfSe puede hacer un sendero sobre ruedas? Un miembro de la comunidad gerrerista nos ha escrito este correo contando su experiencia y planes para este verano en el GR-11, donde piensa combinar sus dos pasiones: las motos y el senderismo de gran recorrido. Creo que fue exactamente [&hellip;]<\/p>\n","protected":false},"author":11,"featured_media":1642,"comment_status":"open","ping_status":"open","sticky":false,"template":"","format":"standard","meta":{"footnotes":""},"categories":[193],"tags":[201,173],"class_list":["post-1638","post","type-post","status-publish","format-standard","has-post-thumbnail","hentry","category-noticias","tag-consejos","tag-senderismo"],"yoast_head":"<!-- This site is optimized with the Yoast SEO plugin v26.6 - https:\/\/yoast.com\/wordpress\/plugins\/seo\/ -->\n<title>Una aventura, dos pasiones - El Blog de SenderosGR<\/title>\n<meta name=\"description\" content=\"\u00bfTienen alguna relaci\u00f3n el senderismo y las motocicletas? Un gerrerista nos ha contado su experiencia y planes para este verano en el GR-11\" \/>\n<meta name=\"robots\" content=\"index, follow, max-snippet:-1, max-image-preview:large, max-video-preview:-1\" \/>\n<link rel=\"canonical\" href=\"https:\/\/www.senderosgr.es\/blog\/2022\/06\/28\/una-aventura-dos-pasiones\/\" \/>\n<meta property=\"og:locale\" content=\"es_ES\" \/>\n<meta property=\"og:type\" content=\"article\" \/>\n<meta property=\"og:title\" content=\"Una aventura, dos pasiones - El Blog de SenderosGR\" \/>\n<meta property=\"og:description\" content=\"\u00bfTienen alguna relaci\u00f3n el senderismo y las motocicletas? Un gerrerista nos ha contado su experiencia y planes para este verano en el GR-11\" \/>\n<meta property=\"og:url\" content=\"https:\/\/www.senderosgr.es\/blog\/2022\/06\/28\/una-aventura-dos-pasiones\/\" \/>\n<meta property=\"og:site_name\" content=\"El Blog de SenderosGR\" \/>\n<meta property=\"article:published_time\" content=\"2022-06-28T07:46:45+00:00\" \/>\n<meta property=\"article:modified_time\" content=\"2022-06-28T07:49:47+00:00\" \/>\n<meta property=\"og:image\" content=\"https:\/\/www.senderosgr.es\/blog\/wp-content\/uploads\/2022\/06\/moto-senderismo.jpg\" \/>\n\t<meta property=\"og:image:width\" content=\"3000\" \/>\n\t<meta property=\"og:image:height\" content=\"2000\" \/>\n\t<meta property=\"og:image:type\" content=\"image\/jpeg\" \/>\n<meta name=\"author\" content=\"Mikel Urrusolo\" \/>\n<meta name=\"twitter:card\" content=\"summary_large_image\" \/>\n<meta name=\"twitter:label1\" content=\"Escrito por\" \/>\n\t<meta name=\"twitter:data1\" content=\"Mikel Urrusolo\" \/>\n\t<meta name=\"twitter:label2\" content=\"Tiempo de lectura\" \/>\n\t<meta name=\"twitter:data2\" content=\"3 minutos\" \/>\n<script type=\"application\/ld+json\" class=\"yoast-schema-graph\">{\"@context\":\"https:\/\/schema.org\",\"@graph\":[{\"@type\":\"Article\",\"@id\":\"https:\/\/www.senderosgr.es\/blog\/2022\/06\/28\/una-aventura-dos-pasiones\/#article\",\"isPartOf\":{\"@id\":\"https:\/\/www.senderosgr.es\/blog\/2022\/06\/28\/una-aventura-dos-pasiones\/\"},\"author\":{\"name\":\"Mikel Urrusolo\",\"@id\":\"https:\/\/www.senderosgr.es\/blog\/#\/schema\/person\/219cfe5df07d63927835d7184f2854b7\"},\"headline\":\"Una aventura, dos pasiones\",\"datePublished\":\"2022-06-28T07:46:45+00:00\",\"dateModified\":\"2022-06-28T07:49:47+00:00\",\"mainEntityOfPage\":{\"@id\":\"https:\/\/www.senderosgr.es\/blog\/2022\/06\/28\/una-aventura-dos-pasiones\/\"},\"wordCount\":589,\"commentCount\":0,\"publisher\":{\"@id\":\"https:\/\/www.senderosgr.es\/blog\/#organization\"},\"image\":{\"@id\":\"https:\/\/www.senderosgr.es\/blog\/2022\/06\/28\/una-aventura-dos-pasiones\/#primaryimage\"},\"thumbnailUrl\":\"https:\/\/www.senderosgr.es\/blog\/wp-content\/uploads\/2022\/06\/moto-senderismo-scaled.jpg\",\"keywords\":[\"consejos\",\"senderismo\"],\"articleSection\":[\"Noticias\"],\"inLanguage\":\"es\",\"potentialAction\":[{\"@type\":\"CommentAction\",\"name\":\"Comment\",\"target\":[\"https:\/\/www.senderosgr.es\/blog\/2022\/06\/28\/una-aventura-dos-pasiones\/#respond\"]}]},{\"@type\":\"WebPage\",\"@id\":\"https:\/\/www.senderosgr.es\/blog\/2022\/06\/28\/una-aventura-dos-pasiones\/\",\"url\":\"https:\/\/www.senderosgr.es\/blog\/2022\/06\/28\/una-aventura-dos-pasiones\/\",\"name\":\"Una aventura, dos pasiones - El Blog de SenderosGR\",\"isPartOf\":{\"@id\":\"https:\/\/www.senderosgr.es\/blog\/#website\"},\"primaryImageOfPage\":{\"@id\":\"https:\/\/www.senderosgr.es\/blog\/2022\/06\/28\/una-aventura-dos-pasiones\/#primaryimage\"},\"image\":{\"@id\":\"https:\/\/www.senderosgr.es\/blog\/2022\/06\/28\/una-aventura-dos-pasiones\/#primaryimage\"},\"thumbnailUrl\":\"https:\/\/www.senderosgr.es\/blog\/wp-content\/uploads\/2022\/06\/moto-senderismo-scaled.jpg\",\"datePublished\":\"2022-06-28T07:46:45+00:00\",\"dateModified\":\"2022-06-28T07:49:47+00:00\",\"description\":\"\u00bfTienen alguna relaci\u00f3n el senderismo y las motocicletas? Un gerrerista nos ha contado su experiencia y planes para este verano en el GR-11\",\"breadcrumb\":{\"@id\":\"https:\/\/www.senderosgr.es\/blog\/2022\/06\/28\/una-aventura-dos-pasiones\/#breadcrumb\"},\"inLanguage\":\"es\",\"potentialAction\":[{\"@type\":\"ReadAction\",\"target\":[\"https:\/\/www.senderosgr.es\/blog\/2022\/06\/28\/una-aventura-dos-pasiones\/\"]}]},{\"@type\":\"ImageObject\",\"inLanguage\":\"es\",\"@id\":\"https:\/\/www.senderosgr.es\/blog\/2022\/06\/28\/una-aventura-dos-pasiones\/#primaryimage\",\"url\":\"https:\/\/www.senderosgr.es\/blog\/wp-content\/uploads\/2022\/06\/moto-senderismo-scaled.jpg\",\"contentUrl\":\"https:\/\/www.senderosgr.es\/blog\/wp-content\/uploads\/2022\/06\/moto-senderismo-scaled.jpg\",\"width\":2560,\"height\":1707},{\"@type\":\"BreadcrumbList\",\"@id\":\"https:\/\/www.senderosgr.es\/blog\/2022\/06\/28\/una-aventura-dos-pasiones\/#breadcrumb\",\"itemListElement\":[{\"@type\":\"ListItem\",\"position\":1,\"name\":\"Portada\",\"item\":\"https:\/\/www.senderosgr.es\/blog\/\"},{\"@type\":\"ListItem\",\"position\":2,\"name\":\"Una aventura, dos pasiones\"}]},{\"@type\":\"WebSite\",\"@id\":\"https:\/\/www.senderosgr.es\/blog\/#website\",\"url\":\"https:\/\/www.senderosgr.es\/blog\/\",\"name\":\"El Blog de SenderosGR\",\"description\":\"Noticias, opiniones... \u00a1y mucho m\u00e1s!\",\"publisher\":{\"@id\":\"https:\/\/www.senderosgr.es\/blog\/#organization\"},\"potentialAction\":[{\"@type\":\"SearchAction\",\"target\":{\"@type\":\"EntryPoint\",\"urlTemplate\":\"https:\/\/www.senderosgr.es\/blog\/?s={search_term_string}\"},\"query-input\":{\"@type\":\"PropertyValueSpecification\",\"valueRequired\":true,\"valueName\":\"search_term_string\"}}],\"inLanguage\":\"es\"},{\"@type\":\"Organization\",\"@id\":\"https:\/\/www.senderosgr.es\/blog\/#organization\",\"name\":\"El Blog de SenderosGR\",\"url\":\"https:\/\/www.senderosgr.es\/blog\/\",\"logo\":{\"@type\":\"ImageObject\",\"inLanguage\":\"es\",\"@id\":\"https:\/\/www.senderosgr.es\/blog\/#\/schema\/logo\/image\/\",\"url\":\"https:\/\/www.senderosgr.es\/blog\/wp-content\/uploads\/2016\/06\/SGR-logo-cabecera-wordpress-copy-1.jpg\",\"contentUrl\":\"https:\/\/www.senderosgr.es\/blog\/wp-content\/uploads\/2016\/06\/SGR-logo-cabecera-wordpress-copy-1.jpg\",\"width\":240,\"height\":240,\"caption\":\"El Blog de SenderosGR\"},\"image\":{\"@id\":\"https:\/\/www.senderosgr.es\/blog\/#\/schema\/logo\/image\/\"}},{\"@type\":\"Person\",\"@id\":\"https:\/\/www.senderosgr.es\/blog\/#\/schema\/person\/219cfe5df07d63927835d7184f2854b7\",\"name\":\"Mikel Urrusolo\",\"image\":{\"@type\":\"ImageObject\",\"inLanguage\":\"es\",\"@id\":\"https:\/\/www.senderosgr.es\/blog\/#\/schema\/person\/image\/\",\"url\":\"https:\/\/secure.gravatar.com\/avatar\/8fb12ab73efe2912aa477e248f7189cff6f88c33beda861b714965f173227032?s=96&d=mm&r=g\",\"contentUrl\":\"https:\/\/secure.gravatar.com\/avatar\/8fb12ab73efe2912aa477e248f7189cff6f88c33beda861b714965f173227032?s=96&d=mm&r=g\",\"caption\":\"Mikel Urrusolo\"},\"url\":\"https:\/\/www.senderosgr.es\/blog\/author\/mikelu\/\"}]}<\/script>\n<!-- \/ Yoast SEO plugin. -->","yoast_head_json":{"title":"Una aventura, dos pasiones - El Blog de SenderosGR","description":"\u00bfTienen alguna relaci\u00f3n el senderismo y las motocicletas? Un gerrerista nos ha contado su experiencia y planes para este verano en el GR-11","robots":{"index":"index","follow":"follow","max-snippet":"max-snippet:-1","max-image-preview":"max-image-preview:large","max-video-preview":"max-video-preview:-1"},"canonical":"https:\/\/www.senderosgr.es\/blog\/2022\/06\/28\/una-aventura-dos-pasiones\/","og_locale":"es_ES","og_type":"article","og_title":"Una aventura, dos pasiones - El Blog de SenderosGR","og_description":"\u00bfTienen alguna relaci\u00f3n el senderismo y las motocicletas? Un gerrerista nos ha contado su experiencia y planes para este verano en el GR-11","og_url":"https:\/\/www.senderosgr.es\/blog\/2022\/06\/28\/una-aventura-dos-pasiones\/","og_site_name":"El Blog de SenderosGR","article_published_time":"2022-06-28T07:46:45+00:00","article_modified_time":"2022-06-28T07:49:47+00:00","og_image":[{"width":3000,"height":2000,"url":"https:\/\/www.senderosgr.es\/blog\/wp-content\/uploads\/2022\/06\/moto-senderismo.jpg","type":"image\/jpeg"}],"author":"Mikel Urrusolo","twitter_card":"summary_large_image","twitter_misc":{"Escrito por":"Mikel Urrusolo","Tiempo de lectura":"3 minutos"},"schema":{"@context":"https:\/\/schema.org","@graph":[{"@type":"Article","@id":"https:\/\/www.senderosgr.es\/blog\/2022\/06\/28\/una-aventura-dos-pasiones\/#article","isPartOf":{"@id":"https:\/\/www.senderosgr.es\/blog\/2022\/06\/28\/una-aventura-dos-pasiones\/"},"author":{"name":"Mikel Urrusolo","@id":"https:\/\/www.senderosgr.es\/blog\/#\/schema\/person\/219cfe5df07d63927835d7184f2854b7"},"headline":"Una aventura, dos pasiones","datePublished":"2022-06-28T07:46:45+00:00","dateModified":"2022-06-28T07:49:47+00:00","mainEntityOfPage":{"@id":"https:\/\/www.senderosgr.es\/blog\/2022\/06\/28\/una-aventura-dos-pasiones\/"},"wordCount":589,"commentCount":0,"publisher":{"@id":"https:\/\/www.senderosgr.es\/blog\/#organization"},"image":{"@id":"https:\/\/www.senderosgr.es\/blog\/2022\/06\/28\/una-aventura-dos-pasiones\/#primaryimage"},"thumbnailUrl":"https:\/\/www.senderosgr.es\/blog\/wp-content\/uploads\/2022\/06\/moto-senderismo-scaled.jpg","keywords":["consejos","senderismo"],"articleSection":["Noticias"],"inLanguage":"es","potentialAction":[{"@type":"CommentAction","name":"Comment","target":["https:\/\/www.senderosgr.es\/blog\/2022\/06\/28\/una-aventura-dos-pasiones\/#respond"]}]},{"@type":"WebPage","@id":"https:\/\/www.senderosgr.es\/blog\/2022\/06\/28\/una-aventura-dos-pasiones\/","url":"https:\/\/www.senderosgr.es\/blog\/2022\/06\/28\/una-aventura-dos-pasiones\/","name":"Una aventura, dos pasiones - El Blog de SenderosGR","isPartOf":{"@id":"https:\/\/www.senderosgr.es\/blog\/#website"},"primaryImageOfPage":{"@id":"https:\/\/www.senderosgr.es\/blog\/2022\/06\/28\/una-aventura-dos-pasiones\/#primaryimage"},"image":{"@id":"https:\/\/www.senderosgr.es\/blog\/2022\/06\/28\/una-aventura-dos-pasiones\/#primaryimage"},"thumbnailUrl":"https:\/\/www.senderosgr.es\/blog\/wp-content\/uploads\/2022\/06\/moto-senderismo-scaled.jpg","datePublished":"2022-06-28T07:46:45+00:00","dateModified":"2022-06-28T07:49:47+00:00","description":"\u00bfTienen alguna relaci\u00f3n el senderismo y las motocicletas? Un gerrerista nos ha contado su experiencia y planes para este verano en el GR-11","breadcrumb":{"@id":"https:\/\/www.senderosgr.es\/blog\/2022\/06\/28\/una-aventura-dos-pasiones\/#breadcrumb"},"inLanguage":"es","potentialAction":[{"@type":"ReadAction","target":["https:\/\/www.senderosgr.es\/blog\/2022\/06\/28\/una-aventura-dos-pasiones\/"]}]},{"@type":"ImageObject","inLanguage":"es","@id":"https:\/\/www.senderosgr.es\/blog\/2022\/06\/28\/una-aventura-dos-pasiones\/#primaryimage","url":"https:\/\/www.senderosgr.es\/blog\/wp-content\/uploads\/2022\/06\/moto-senderismo-scaled.jpg","contentUrl":"https:\/\/www.senderosgr.es\/blog\/wp-content\/uploads\/2022\/06\/moto-senderismo-scaled.jpg","width":2560,"height":1707},{"@type":"BreadcrumbList","@id":"https:\/\/www.senderosgr.es\/blog\/2022\/06\/28\/una-aventura-dos-pasiones\/#breadcrumb","itemListElement":[{"@type":"ListItem","position":1,"name":"Portada","item":"https:\/\/www.senderosgr.es\/blog\/"},{"@type":"ListItem","position":2,"name":"Una aventura, dos pasiones"}]},{"@type":"WebSite","@id":"https:\/\/www.senderosgr.es\/blog\/#website","url":"https:\/\/www.senderosgr.es\/blog\/","name":"El Blog de SenderosGR","description":"Noticias, opiniones... \u00a1y mucho m\u00e1s!","publisher":{"@id":"https:\/\/www.senderosgr.es\/blog\/#organization"},"potentialAction":[{"@type":"SearchAction","target":{"@type":"EntryPoint","urlTemplate":"https:\/\/www.senderosgr.es\/blog\/?s={search_term_string}"},"query-input":{"@type":"PropertyValueSpecification","valueRequired":true,"valueName":"search_term_string"}}],"inLanguage":"es"},{"@type":"Organization","@id":"https:\/\/www.senderosgr.es\/blog\/#organization","name":"El Blog de SenderosGR","url":"https:\/\/www.senderosgr.es\/blog\/","logo":{"@type":"ImageObject","inLanguage":"es","@id":"https:\/\/www.senderosgr.es\/blog\/#\/schema\/logo\/image\/","url":"https:\/\/www.senderosgr.es\/blog\/wp-content\/uploads\/2016\/06\/SGR-logo-cabecera-wordpress-copy-1.jpg","contentUrl":"https:\/\/www.senderosgr.es\/blog\/wp-content\/uploads\/2016\/06\/SGR-logo-cabecera-wordpress-copy-1.jpg","width":240,"height":240,"caption":"El Blog de SenderosGR"},"image":{"@id":"https:\/\/www.senderosgr.es\/blog\/#\/schema\/logo\/image\/"}},{"@type":"Person","@id":"https:\/\/www.senderosgr.es\/blog\/#\/schema\/person\/219cfe5df07d63927835d7184f2854b7","name":"Mikel Urrusolo","image":{"@type":"ImageObject","inLanguage":"es","@id":"https:\/\/www.senderosgr.es\/blog\/#\/schema\/person\/image\/","url":"https:\/\/secure.gravatar.com\/avatar\/8fb12ab73efe2912aa477e248f7189cff6f88c33beda861b714965f173227032?s=96&d=mm&r=g","contentUrl":"https:\/\/secure.gravatar.com\/avatar\/8fb12ab73efe2912aa477e248f7189cff6f88c33beda861b714965f173227032?s=96&d=mm&r=g","caption":"Mikel Urrusolo"},"url":"https:\/\/www.senderosgr.es\/blog\/author\/mikelu\/"}]}},"cc_featured_image_caption":{"caption_text":false,"source_text":false,"source_url":false},"_links":{"self":[{"href":"https:\/\/www.senderosgr.es\/blog\/wp-json\/wp\/v2\/posts\/1638","targetHints":{"allow":["GET"]}}],"collection":[{"href":"https:\/\/www.senderosgr.es\/blog\/wp-json\/wp\/v2\/posts"}],"about":[{"href":"https:\/\/www.senderosgr.es\/blog\/wp-json\/wp\/v2\/types\/post"}],"author":[{"embeddable":true,"href":"https:\/\/www.senderosgr.es\/blog\/wp-json\/wp\/v2\/users\/11"}],"replies":[{"embeddable":true,"href":"https:\/\/www.senderosgr.es\/blog\/wp-json\/wp\/v2\/comments?post=1638"}],"version-history":[{"count":2,"href":"https:\/\/www.senderosgr.es\/blog\/wp-json\/wp\/v2\/posts\/1638\/revisions"}],"predecessor-version":[{"id":1641,"href":"https:\/\/www.senderosgr.es\/blog\/wp-json\/wp\/v2\/posts\/1638\/revisions\/1641"}],"wp:featuredmedia":[{"embeddable":true,"href":"https:\/\/www.senderosgr.es\/blog\/wp-json\/wp\/v2\/media\/1642"}],"wp:attachment":[{"href":"https:\/\/www.senderosgr.es\/blog\/wp-json\/wp\/v2\/media?parent=1638"}],"wp:term":[{"taxonomy":"category","embeddable":true,"href":"https:\/\/www.senderosgr.es\/blog\/wp-json\/wp\/v2\/categories?post=1638"},{"taxonomy":"post_tag","embeddable":true,"href":"https:\/\/www.senderosgr.es\/blog\/wp-json\/wp\/v2\/tags?post=1638"}],"curies":[{"name":"wp","href":"https:\/\/api.w.org\/{rel}","templated":true}]}}