{"id":1319,"date":"2017-07-06T11:00:28","date_gmt":"2017-07-06T09:00:28","guid":{"rendered":"http:\/\/www.senderosgr.es\/blog\/?p=1319"},"modified":"2017-07-05T20:38:03","modified_gmt":"2017-07-05T18:38:03","slug":"gr223-etapa-7-els-alocs-algaiarens","status":"publish","type":"post","link":"https:\/\/www.senderosgr.es\/blog\/2017\/07\/06\/gr223-etapa-7-els-alocs-algaiarens\/","title":{"rendered":"GR 223: Etapa 7: Els Alocs &#8211; Algaiarens"},"content":{"rendered":"<h1 style=\"text-align: center\"><em>GR 223: Etapa 7: <\/em><\/h1>\n<h1 style=\"text-align: center\"><em>Els Alocs \u2013 Algaiarens<\/em><\/h1>\n<p><em>\u00a0<\/em><\/p>\n<p style=\"text-align: justify\">Tras la \u2018etapa reina\u2019 de este GR pasamos a una etapa c\u00f3moda en cuanto a kil\u00f3metros, no llega a\u00a010, pero caprichosa en cuanto a tipo de terreno.<\/p>\n<p style=\"text-align: justify\">El punto de acceso a esta etapa por carretera es complicado, carece de cobertura telef\u00f3nica y dispone de poco espacio para dejar el veh\u00edculo, por lo que aconsejar\u00edamos realizar esta etapa conjuntamente con la anterior o hacerla en sentido inverso. Es lo que tiene explorar zonas v\u00edrgenes de la isla, que no se puede tener todo.<\/p>\n<p style=\"text-align: justify\">Si a\u00fan as\u00ed queremos intentar llegar en coche al inicio de la misma, en la carretera general Me-1 (sentido a Ciutadella), pasado el pueblo de Ferreries, encontraremos a mano derecha un desv\u00edo que nos dirigir\u00e1 al \u2018Cam\u00ed de Tramontana\u2019. Siguiendo este camino y llegado el momento, desvi\u00e1ndonos hacia la izquierda por el \u2018Cam\u00ed dels Alocs\u2019 llegaremos al punto de inicio.<\/p>\n<p style=\"text-align: justify\">Como referencia para no perdernos, el desv\u00edo que hay que tomar en la carretera general es el que est\u00e1 se\u00f1alizado para ir a \u2018Binissu\u00e9s\u2019.<\/p>\n<p style=\"text-align: justify\">La playa de Els Alocs es una playa virgen del norte de Menorca por lo que no cuenta con ning\u00fan tipo de servicio. Tampoco con las t\u00edpicas hamacas y sombrillas de pago, hecho que es de agradecer.<\/p>\n<p style=\"text-align: justify\"><img loading=\"lazy\" decoding=\"async\" class=\"aligncenter size-large wp-image-1324\" src=\"http:\/\/www.senderosgr.es\/blog\/wp-content\/uploads\/2017\/07\/Els-Alocs-1024x362.jpg\" alt=\"Playa de Els Alocs\" width=\"697\" height=\"246\" srcset=\"https:\/\/www.senderosgr.es\/blog\/wp-content\/uploads\/2017\/07\/Els-Alocs-1024x362.jpg 1024w, https:\/\/www.senderosgr.es\/blog\/wp-content\/uploads\/2017\/07\/Els-Alocs-600x212.jpg 600w, https:\/\/www.senderosgr.es\/blog\/wp-content\/uploads\/2017\/07\/Els-Alocs-300x106.jpg 300w, https:\/\/www.senderosgr.es\/blog\/wp-content\/uploads\/2017\/07\/Els-Alocs-768x272.jpg 768w\" sizes=\"auto, (max-width: 697px) 100vw, 697px\" \/><\/p>\n<p style=\"text-align: justify\">La etapa empieza con una ligera subida para abandonar la playa dej\u00e1ndola a nuestra derecha. Conforme vas subiendo la incertidumbre de que te encontrar\u00e1s en lo m\u00e1s alto va creciendo\u2026 la emoci\u00f3n vale la pena, la imagen de la costa menorquina se mostrar\u00e1 en todo su esplendor delante de nosotros.<\/p>\n<p style=\"text-align: justify\">A menos de un kil\u00f3metro de la salida el camino nos ofrece la visi\u00f3n de la playa de El Pilar que dispone de\u00a0un espectacular pinar con zona de picnic para descansar o pasar el d\u00eda resguardado del sol de justicia que probablemente nos habr\u00e1 acompa\u00f1ado desde el inicio de la etapa.<\/p>\n<p style=\"text-align: justify\">Continuando y a poco m\u00e1s de kil\u00f3metro y media encontraremos el Pla de Mar o Macar d\u2019Alfurinet. Esta playa tiene la caracter\u00edstica de que su arenal no es de arena sino de rocas de cantos rodados llamados \u2018macs\u2019. Si bien no es apta para tumbarse y tomar el sol, bien merece un descanso para contemplar el\u00a0nuevo paisaje.<\/p>\n<p style=\"text-align: justify\">Una vez dejamos el Pla de Mar, nos alejamos de la costa y el resto de la etapa se desarrolla por el interior pasando por terrenos de cultivo los cuales, al igual que el resto de la isla, ofrecen diferentes aspectos dependiendo de si los visitas en invierno o en verano.<\/p>\n<p style=\"text-align: justify\"><img loading=\"lazy\" decoding=\"async\" class=\"aligncenter size-large wp-image-1327\" src=\"http:\/\/www.senderosgr.es\/blog\/wp-content\/uploads\/2017\/07\/Camino-entre-cultivos-1024x420.jpg\" alt=\"Camino entre cultivos\" width=\"697\" height=\"286\" srcset=\"https:\/\/www.senderosgr.es\/blog\/wp-content\/uploads\/2017\/07\/Camino-entre-cultivos-1024x420.jpg 1024w, https:\/\/www.senderosgr.es\/blog\/wp-content\/uploads\/2017\/07\/Camino-entre-cultivos-600x246.jpg 600w, https:\/\/www.senderosgr.es\/blog\/wp-content\/uploads\/2017\/07\/Camino-entre-cultivos-300x123.jpg 300w, https:\/\/www.senderosgr.es\/blog\/wp-content\/uploads\/2017\/07\/Camino-entre-cultivos-768x315.jpg 768w, https:\/\/www.senderosgr.es\/blog\/wp-content\/uploads\/2017\/07\/Camino-entre-cultivos.jpg 2000w\" sizes=\"auto, (max-width: 697px) 100vw, 697px\" \/><\/p>\n<p style=\"text-align: justify\">Finalizaremos la etapa al encontrar el panel informativo de inicio\/fin de etapa y enfrente de nosotros, un enorme aparcamiento que nos dar\u00e1 pie a cruzarlo y seguir con nuestra jornada senderista o desviarnos hacia las playas de Algaiarens y disfrutar de ellas y de su m\u00e1gico entorno.<\/p>\n<h2 style=\"text-align: center\"><span style=\"color: #ff0000\">\u00a1\u00a1Objetivo conseguido!! \u00a0 \u00a0 \u00a0 \u00a1\u00a1 Felicidades !!<\/span><\/h2>\n<h3 style=\"text-align: justify\">Ficha t\u00e9cnica:<\/h3>\n<p><strong>Recorrido:<\/strong> \u00a0\u00a0Els Alocs &#8211; Algaiarens<br \/>\n<strong>Distancia aprox.:<\/strong>\u00a0 9,7\u00a0km<br \/>\n<strong>Desnivel positivo aprox.:<\/strong>\u00a0 \u00a0214 m<br \/>\n<strong>Altura m\u00e1xima etapa aprox.:\u00a0<\/strong>\u00a0 75\u00a0m<br \/>\n<strong>Tiempo\u00a0aprox:<\/strong> 2:10 horas<br \/>\n<strong>Dificultad:<\/strong>\u00a0 media<br \/>\n<strong>N\u00famero de hitos:\u00a0<\/strong> 154<br \/>\n<strong>% asfalto:\u00a0<\/strong> \u00a00 %<\/p>\n<h3 style=\"text-align: justify\">Recomendaciones:<\/h3>\n<ul style=\"text-align: justify\">\n<li>Disfrutar de todas y cada una de las playas que encontraremos a nuestro paso, cada una tiene su encanto.<\/li>\n<li>No molestar a los animales, es habitual cruzarnos con\u00a0caballos y vacas pertenecientes a los predios cercanos.<\/li>\n<li>Son casi 10 km\u2019s sin acceso a agua potable en ning\u00fan momento, por lo que aconsejamos cargar con el agua suficiente dependiendo de las necesidades de cada uno y de la \u00e9poca del a\u00f1o en que haga este tramo del GR.<\/li>\n<\/ul>\n<h3 style=\"text-align: justify\">Observaciones:<\/h3>\n<p style=\"text-align: justify\">Etapa 100% en terreno r\u00fastico, sin nada de asfalto y completamente virgen en todo su recorrido.<\/p>\n<p style=\"text-align: justify\">La se\u00f1alizaci\u00f3n, como siempre, a trav\u00e9s de los hitos de madera caracter\u00edsticos de este sendero.<\/p>\n<p style=\"text-align: justify\">En cuanto al tipo de terreno que se nos presenta en esta ocasi\u00f3n, sigue predominando la variedad &#8230; caminos rocosos, de arena, con tierra rojiza, pedregosos, con numerosas ra\u00edces traicioneras\u2026<\/p>\n<p style=\"text-align: justify\">En cuanto al desnivel de la etapa, de nuevo una etapa de continuo sube y baja con \u00fanicamente poco m\u00e1s de 200 m de desnivel positivo pero que llegar\u00e1n a sentirse en las piernas si decidimos unir esta etapa con la anterior.<\/p>\n<p style=\"text-align: justify\"><img loading=\"lazy\" decoding=\"async\" class=\"aligncenter size-large wp-image-1331\" src=\"http:\/\/www.senderosgr.es\/blog\/wp-content\/uploads\/2017\/07\/GR223-Etapa-7_perfil-1024x490.png\" alt=\"GR223, etapa 7, perfil\" width=\"697\" height=\"334\" srcset=\"https:\/\/www.senderosgr.es\/blog\/wp-content\/uploads\/2017\/07\/GR223-Etapa-7_perfil-1024x490.png 1024w, https:\/\/www.senderosgr.es\/blog\/wp-content\/uploads\/2017\/07\/GR223-Etapa-7_perfil-600x287.png 600w, https:\/\/www.senderosgr.es\/blog\/wp-content\/uploads\/2017\/07\/GR223-Etapa-7_perfil-300x144.png 300w, https:\/\/www.senderosgr.es\/blog\/wp-content\/uploads\/2017\/07\/GR223-Etapa-7_perfil-768x368.png 768w\" sizes=\"auto, (max-width: 697px) 100vw, 697px\" \/><\/p>\n<h3 style=\"text-align: justify\">Servicios:<\/h3>\n<p style=\"text-align: justify\">Verano:<\/p>\n<ul style=\"text-align: justify\">\n<li><em>Al inicio:\u00a0<\/em>\u2014<\/li>\n<li><em>En ruta:<\/em> \u2014<\/li>\n<li><em>Al final<\/em>: \u2014<\/li>\n<\/ul>\n<p style=\"text-align: justify\">Invierno:<\/p>\n<ul style=\"text-align: justify\">\n<li><em>Al inicio:\u00a0<\/em>\u2014<\/li>\n<li><em>En ruta: \u2014<\/em><\/li>\n<li><em>Al final:\u00a0\u2014<\/em><\/li>\n<\/ul>\n<h3 style=\"text-align: justify\">Transporte:<\/h3>\n<p style=\"text-align: justify\">Al punto de partida se\u00a0ha de llegar con veh\u00edculo\u00a0particular.<\/p>\n<p style=\"text-align: justify\">La zona de Algaiarens, final de etapa,\u00a0tiene servicio de autob\u00fas en verano. Consultar disponibilidad y horarios <a href=\"https:\/\/menorca.tib.org\/es\/autobus\/linia\/62\">aqu\u00ed<\/a>.<\/p>\n<h3 style=\"text-align: justify\">Enlaces de inter\u00e9s:<\/h3>\n<p style=\"text-align: justify\">Para obtener el track oficial de la etapa as\u00ed como informaci\u00f3n general sobre la misma, consultar <a href=\"http:\/\/www.senderosgr.es\/es\/etapa-07-els-alocs-algaiarens\/\">aqu\u00ed<\/a>.<\/p>\n<p>&nbsp;<\/p>\n<p>&nbsp;<\/p>\n","protected":false},"excerpt":{"rendered":"<p>GR 223: Etapa 7: Els Alocs \u2013 Algaiarens \u00a0 Tras la \u2018etapa reina\u2019 de este GR pasamos a una etapa c\u00f3moda en cuanto a kil\u00f3metros, no llega a\u00a010, pero caprichosa en cuanto a tipo de terreno. El punto de acceso a esta etapa por carretera es complicado, carece de cobertura telef\u00f3nica y dispone de poco [&hellip;]<\/p>\n","protected":false},"author":5,"featured_media":1323,"comment_status":"open","ping_status":"open","sticky":false,"template":"","format":"standard","meta":{"footnotes":""},"categories":[210,221],"tags":[172,230,223,173,191,215],"class_list":["post-1319","post","type-post","status-publish","format-standard","has-post-thumbnail","hentry","category-gerreristas","category-grmenorca","tag-gerrerista","tag-gr-223","tag-menorca","tag-senderismo","tag-senderosgr","tag-trekking"],"yoast_head":"<!-- This site is optimized with the Yoast SEO plugin v26.6 - https:\/\/yoast.com\/wordpress\/plugins\/seo\/ -->\n<title>GR 223: Etapa 7: Els Alocs - Algaiarens - El Blog de SenderosGR<\/title>\n<meta name=\"description\" content=\"Nueva etapa en terreno r\u00fastico por el norte de Menorca, que nos llevar\u00e1 hasta las playas de Algaiarens desde la playa de Els Alocs.\" \/>\n<meta name=\"robots\" content=\"index, follow, max-snippet:-1, max-image-preview:large, max-video-preview:-1\" \/>\n<link rel=\"canonical\" href=\"https:\/\/www.senderosgr.es\/blog\/2017\/07\/06\/gr223-etapa-7-els-alocs-algaiarens\/\" \/>\n<meta property=\"og:locale\" content=\"es_ES\" \/>\n<meta property=\"og:type\" content=\"article\" \/>\n<meta property=\"og:title\" content=\"GR 223: Etapa 7: Els Alocs - Algaiarens - El Blog de SenderosGR\" \/>\n<meta property=\"og:description\" content=\"Nueva etapa en terreno r\u00fastico por el norte de Menorca, que nos llevar\u00e1 hasta las playas de Algaiarens desde la playa de Els Alocs.\" \/>\n<meta property=\"og:url\" content=\"https:\/\/www.senderosgr.es\/blog\/2017\/07\/06\/gr223-etapa-7-els-alocs-algaiarens\/\" \/>\n<meta property=\"og:site_name\" content=\"El Blog de SenderosGR\" \/>\n<meta property=\"article:published_time\" content=\"2017-07-06T09:00:28+00:00\" \/>\n<meta property=\"og:image\" content=\"https:\/\/www.senderosgr.es\/blog\/wp-content\/uploads\/2017\/07\/Cavalls-deixant-Els-Alocs.jpg\" \/>\n\t<meta property=\"og:image:width\" content=\"2000\" \/>\n\t<meta property=\"og:image:height\" content=\"1107\" \/>\n\t<meta property=\"og:image:type\" content=\"image\/jpeg\" \/>\n<meta name=\"author\" content=\"Estrella Pons\" \/>\n<meta name=\"twitter:card\" content=\"summary_large_image\" \/>\n<meta name=\"twitter:label1\" content=\"Escrito por\" \/>\n\t<meta name=\"twitter:data1\" content=\"Estrella Pons\" \/>\n\t<meta name=\"twitter:label2\" content=\"Tiempo de lectura\" \/>\n\t<meta name=\"twitter:data2\" content=\"4 minutos\" \/>\n<script type=\"application\/ld+json\" class=\"yoast-schema-graph\">{\"@context\":\"https:\/\/schema.org\",\"@graph\":[{\"@type\":\"Article\",\"@id\":\"https:\/\/www.senderosgr.es\/blog\/2017\/07\/06\/gr223-etapa-7-els-alocs-algaiarens\/#article\",\"isPartOf\":{\"@id\":\"https:\/\/www.senderosgr.es\/blog\/2017\/07\/06\/gr223-etapa-7-els-alocs-algaiarens\/\"},\"author\":{\"name\":\"Estrella Pons\",\"@id\":\"https:\/\/www.senderosgr.es\/blog\/#\/schema\/person\/080d1d24180630a2d404630713e0edbd\"},\"headline\":\"GR 223: Etapa 7: Els Alocs &#8211; Algaiarens\",\"datePublished\":\"2017-07-06T09:00:28+00:00\",\"mainEntityOfPage\":{\"@id\":\"https:\/\/www.senderosgr.es\/blog\/2017\/07\/06\/gr223-etapa-7-els-alocs-algaiarens\/\"},\"wordCount\":796,\"commentCount\":0,\"publisher\":{\"@id\":\"https:\/\/www.senderosgr.es\/blog\/#organization\"},\"image\":{\"@id\":\"https:\/\/www.senderosgr.es\/blog\/2017\/07\/06\/gr223-etapa-7-els-alocs-algaiarens\/#primaryimage\"},\"thumbnailUrl\":\"https:\/\/www.senderosgr.es\/blog\/wp-content\/uploads\/2017\/07\/Cavalls-deixant-Els-Alocs.jpg\",\"keywords\":[\"gerrerista\",\"GR-223\",\"menorca\",\"senderismo\",\"senderosgr\",\"trekking\"],\"articleSection\":[\"Gerreristas\",\"GR#Menorca\"],\"inLanguage\":\"es\",\"potentialAction\":[{\"@type\":\"CommentAction\",\"name\":\"Comment\",\"target\":[\"https:\/\/www.senderosgr.es\/blog\/2017\/07\/06\/gr223-etapa-7-els-alocs-algaiarens\/#respond\"]}]},{\"@type\":\"WebPage\",\"@id\":\"https:\/\/www.senderosgr.es\/blog\/2017\/07\/06\/gr223-etapa-7-els-alocs-algaiarens\/\",\"url\":\"https:\/\/www.senderosgr.es\/blog\/2017\/07\/06\/gr223-etapa-7-els-alocs-algaiarens\/\",\"name\":\"GR 223: Etapa 7: Els Alocs - Algaiarens - El Blog de SenderosGR\",\"isPartOf\":{\"@id\":\"https:\/\/www.senderosgr.es\/blog\/#website\"},\"primaryImageOfPage\":{\"@id\":\"https:\/\/www.senderosgr.es\/blog\/2017\/07\/06\/gr223-etapa-7-els-alocs-algaiarens\/#primaryimage\"},\"image\":{\"@id\":\"https:\/\/www.senderosgr.es\/blog\/2017\/07\/06\/gr223-etapa-7-els-alocs-algaiarens\/#primaryimage\"},\"thumbnailUrl\":\"https:\/\/www.senderosgr.es\/blog\/wp-content\/uploads\/2017\/07\/Cavalls-deixant-Els-Alocs.jpg\",\"datePublished\":\"2017-07-06T09:00:28+00:00\",\"description\":\"Nueva etapa en terreno r\u00fastico por el norte de Menorca, que nos llevar\u00e1 hasta las playas de Algaiarens desde la playa de Els Alocs.\",\"breadcrumb\":{\"@id\":\"https:\/\/www.senderosgr.es\/blog\/2017\/07\/06\/gr223-etapa-7-els-alocs-algaiarens\/#breadcrumb\"},\"inLanguage\":\"es\",\"potentialAction\":[{\"@type\":\"ReadAction\",\"target\":[\"https:\/\/www.senderosgr.es\/blog\/2017\/07\/06\/gr223-etapa-7-els-alocs-algaiarens\/\"]}]},{\"@type\":\"ImageObject\",\"inLanguage\":\"es\",\"@id\":\"https:\/\/www.senderosgr.es\/blog\/2017\/07\/06\/gr223-etapa-7-els-alocs-algaiarens\/#primaryimage\",\"url\":\"https:\/\/www.senderosgr.es\/blog\/wp-content\/uploads\/2017\/07\/Cavalls-deixant-Els-Alocs.jpg\",\"contentUrl\":\"https:\/\/www.senderosgr.es\/blog\/wp-content\/uploads\/2017\/07\/Cavalls-deixant-Els-Alocs.jpg\",\"width\":2000,\"height\":1107,\"caption\":\"GR223 a caballo\"},{\"@type\":\"BreadcrumbList\",\"@id\":\"https:\/\/www.senderosgr.es\/blog\/2017\/07\/06\/gr223-etapa-7-els-alocs-algaiarens\/#breadcrumb\",\"itemListElement\":[{\"@type\":\"ListItem\",\"position\":1,\"name\":\"Portada\",\"item\":\"https:\/\/www.senderosgr.es\/blog\/\"},{\"@type\":\"ListItem\",\"position\":2,\"name\":\"GR 223: Etapa 7: Els Alocs &#8211; Algaiarens\"}]},{\"@type\":\"WebSite\",\"@id\":\"https:\/\/www.senderosgr.es\/blog\/#website\",\"url\":\"https:\/\/www.senderosgr.es\/blog\/\",\"name\":\"El Blog de SenderosGR\",\"description\":\"Noticias, opiniones... \u00a1y mucho m\u00e1s!\",\"publisher\":{\"@id\":\"https:\/\/www.senderosgr.es\/blog\/#organization\"},\"potentialAction\":[{\"@type\":\"SearchAction\",\"target\":{\"@type\":\"EntryPoint\",\"urlTemplate\":\"https:\/\/www.senderosgr.es\/blog\/?s={search_term_string}\"},\"query-input\":{\"@type\":\"PropertyValueSpecification\",\"valueRequired\":true,\"valueName\":\"search_term_string\"}}],\"inLanguage\":\"es\"},{\"@type\":\"Organization\",\"@id\":\"https:\/\/www.senderosgr.es\/blog\/#organization\",\"name\":\"El Blog de SenderosGR\",\"url\":\"https:\/\/www.senderosgr.es\/blog\/\",\"logo\":{\"@type\":\"ImageObject\",\"inLanguage\":\"es\",\"@id\":\"https:\/\/www.senderosgr.es\/blog\/#\/schema\/logo\/image\/\",\"url\":\"https:\/\/www.senderosgr.es\/blog\/wp-content\/uploads\/2016\/06\/SGR-logo-cabecera-wordpress-copy-1.jpg\",\"contentUrl\":\"https:\/\/www.senderosgr.es\/blog\/wp-content\/uploads\/2016\/06\/SGR-logo-cabecera-wordpress-copy-1.jpg\",\"width\":240,\"height\":240,\"caption\":\"El Blog de SenderosGR\"},\"image\":{\"@id\":\"https:\/\/www.senderosgr.es\/blog\/#\/schema\/logo\/image\/\"}},{\"@type\":\"Person\",\"@id\":\"https:\/\/www.senderosgr.es\/blog\/#\/schema\/person\/080d1d24180630a2d404630713e0edbd\",\"name\":\"Estrella Pons\",\"image\":{\"@type\":\"ImageObject\",\"inLanguage\":\"es\",\"@id\":\"https:\/\/www.senderosgr.es\/blog\/#\/schema\/person\/image\/\",\"url\":\"https:\/\/secure.gravatar.com\/avatar\/ee06c440cc9a5d2fda28084c8af4b314cbaaa66ec8122f2cd564d046b8ed01f8?s=96&d=mm&r=g\",\"contentUrl\":\"https:\/\/secure.gravatar.com\/avatar\/ee06c440cc9a5d2fda28084c8af4b314cbaaa66ec8122f2cd564d046b8ed01f8?s=96&d=mm&r=g\",\"caption\":\"Estrella Pons\"},\"description\":\"\u00a1Hola! Soy Estrella y he tenido el privilegio de nacer en un para\u00edso. \u00daltimamente adem\u00e1s, la suerte de poder aportar mi grano de arena a este proyecto. Os invito a descubrir de mi pu\u00f1o y letra, el GR que tengo m\u00e1s a mano... y los que vayan poni\u00e9ndose delante de mis pies :) \u00bfPreparados?\",\"url\":\"https:\/\/www.senderosgr.es\/blog\/author\/estrella\/\"}]}<\/script>\n<!-- \/ Yoast SEO plugin. -->","yoast_head_json":{"title":"GR 223: Etapa 7: Els Alocs - Algaiarens - El Blog de SenderosGR","description":"Nueva etapa en terreno r\u00fastico por el norte de Menorca, que nos llevar\u00e1 hasta las playas de Algaiarens desde la playa de Els Alocs.","robots":{"index":"index","follow":"follow","max-snippet":"max-snippet:-1","max-image-preview":"max-image-preview:large","max-video-preview":"max-video-preview:-1"},"canonical":"https:\/\/www.senderosgr.es\/blog\/2017\/07\/06\/gr223-etapa-7-els-alocs-algaiarens\/","og_locale":"es_ES","og_type":"article","og_title":"GR 223: Etapa 7: Els Alocs - Algaiarens - El Blog de SenderosGR","og_description":"Nueva etapa en terreno r\u00fastico por el norte de Menorca, que nos llevar\u00e1 hasta las playas de Algaiarens desde la playa de Els Alocs.","og_url":"https:\/\/www.senderosgr.es\/blog\/2017\/07\/06\/gr223-etapa-7-els-alocs-algaiarens\/","og_site_name":"El Blog de SenderosGR","article_published_time":"2017-07-06T09:00:28+00:00","og_image":[{"width":2000,"height":1107,"url":"https:\/\/www.senderosgr.es\/blog\/wp-content\/uploads\/2017\/07\/Cavalls-deixant-Els-Alocs.jpg","type":"image\/jpeg"}],"author":"Estrella Pons","twitter_card":"summary_large_image","twitter_misc":{"Escrito por":"Estrella Pons","Tiempo de lectura":"4 minutos"},"schema":{"@context":"https:\/\/schema.org","@graph":[{"@type":"Article","@id":"https:\/\/www.senderosgr.es\/blog\/2017\/07\/06\/gr223-etapa-7-els-alocs-algaiarens\/#article","isPartOf":{"@id":"https:\/\/www.senderosgr.es\/blog\/2017\/07\/06\/gr223-etapa-7-els-alocs-algaiarens\/"},"author":{"name":"Estrella Pons","@id":"https:\/\/www.senderosgr.es\/blog\/#\/schema\/person\/080d1d24180630a2d404630713e0edbd"},"headline":"GR 223: Etapa 7: Els Alocs &#8211; Algaiarens","datePublished":"2017-07-06T09:00:28+00:00","mainEntityOfPage":{"@id":"https:\/\/www.senderosgr.es\/blog\/2017\/07\/06\/gr223-etapa-7-els-alocs-algaiarens\/"},"wordCount":796,"commentCount":0,"publisher":{"@id":"https:\/\/www.senderosgr.es\/blog\/#organization"},"image":{"@id":"https:\/\/www.senderosgr.es\/blog\/2017\/07\/06\/gr223-etapa-7-els-alocs-algaiarens\/#primaryimage"},"thumbnailUrl":"https:\/\/www.senderosgr.es\/blog\/wp-content\/uploads\/2017\/07\/Cavalls-deixant-Els-Alocs.jpg","keywords":["gerrerista","GR-223","menorca","senderismo","senderosgr","trekking"],"articleSection":["Gerreristas","GR#Menorca"],"inLanguage":"es","potentialAction":[{"@type":"CommentAction","name":"Comment","target":["https:\/\/www.senderosgr.es\/blog\/2017\/07\/06\/gr223-etapa-7-els-alocs-algaiarens\/#respond"]}]},{"@type":"WebPage","@id":"https:\/\/www.senderosgr.es\/blog\/2017\/07\/06\/gr223-etapa-7-els-alocs-algaiarens\/","url":"https:\/\/www.senderosgr.es\/blog\/2017\/07\/06\/gr223-etapa-7-els-alocs-algaiarens\/","name":"GR 223: Etapa 7: Els Alocs - Algaiarens - El Blog de SenderosGR","isPartOf":{"@id":"https:\/\/www.senderosgr.es\/blog\/#website"},"primaryImageOfPage":{"@id":"https:\/\/www.senderosgr.es\/blog\/2017\/07\/06\/gr223-etapa-7-els-alocs-algaiarens\/#primaryimage"},"image":{"@id":"https:\/\/www.senderosgr.es\/blog\/2017\/07\/06\/gr223-etapa-7-els-alocs-algaiarens\/#primaryimage"},"thumbnailUrl":"https:\/\/www.senderosgr.es\/blog\/wp-content\/uploads\/2017\/07\/Cavalls-deixant-Els-Alocs.jpg","datePublished":"2017-07-06T09:00:28+00:00","description":"Nueva etapa en terreno r\u00fastico por el norte de Menorca, que nos llevar\u00e1 hasta las playas de Algaiarens desde la playa de Els Alocs.","breadcrumb":{"@id":"https:\/\/www.senderosgr.es\/blog\/2017\/07\/06\/gr223-etapa-7-els-alocs-algaiarens\/#breadcrumb"},"inLanguage":"es","potentialAction":[{"@type":"ReadAction","target":["https:\/\/www.senderosgr.es\/blog\/2017\/07\/06\/gr223-etapa-7-els-alocs-algaiarens\/"]}]},{"@type":"ImageObject","inLanguage":"es","@id":"https:\/\/www.senderosgr.es\/blog\/2017\/07\/06\/gr223-etapa-7-els-alocs-algaiarens\/#primaryimage","url":"https:\/\/www.senderosgr.es\/blog\/wp-content\/uploads\/2017\/07\/Cavalls-deixant-Els-Alocs.jpg","contentUrl":"https:\/\/www.senderosgr.es\/blog\/wp-content\/uploads\/2017\/07\/Cavalls-deixant-Els-Alocs.jpg","width":2000,"height":1107,"caption":"GR223 a caballo"},{"@type":"BreadcrumbList","@id":"https:\/\/www.senderosgr.es\/blog\/2017\/07\/06\/gr223-etapa-7-els-alocs-algaiarens\/#breadcrumb","itemListElement":[{"@type":"ListItem","position":1,"name":"Portada","item":"https:\/\/www.senderosgr.es\/blog\/"},{"@type":"ListItem","position":2,"name":"GR 223: Etapa 7: Els Alocs &#8211; Algaiarens"}]},{"@type":"WebSite","@id":"https:\/\/www.senderosgr.es\/blog\/#website","url":"https:\/\/www.senderosgr.es\/blog\/","name":"El Blog de SenderosGR","description":"Noticias, opiniones... \u00a1y mucho m\u00e1s!","publisher":{"@id":"https:\/\/www.senderosgr.es\/blog\/#organization"},"potentialAction":[{"@type":"SearchAction","target":{"@type":"EntryPoint","urlTemplate":"https:\/\/www.senderosgr.es\/blog\/?s={search_term_string}"},"query-input":{"@type":"PropertyValueSpecification","valueRequired":true,"valueName":"search_term_string"}}],"inLanguage":"es"},{"@type":"Organization","@id":"https:\/\/www.senderosgr.es\/blog\/#organization","name":"El Blog de SenderosGR","url":"https:\/\/www.senderosgr.es\/blog\/","logo":{"@type":"ImageObject","inLanguage":"es","@id":"https:\/\/www.senderosgr.es\/blog\/#\/schema\/logo\/image\/","url":"https:\/\/www.senderosgr.es\/blog\/wp-content\/uploads\/2016\/06\/SGR-logo-cabecera-wordpress-copy-1.jpg","contentUrl":"https:\/\/www.senderosgr.es\/blog\/wp-content\/uploads\/2016\/06\/SGR-logo-cabecera-wordpress-copy-1.jpg","width":240,"height":240,"caption":"El Blog de SenderosGR"},"image":{"@id":"https:\/\/www.senderosgr.es\/blog\/#\/schema\/logo\/image\/"}},{"@type":"Person","@id":"https:\/\/www.senderosgr.es\/blog\/#\/schema\/person\/080d1d24180630a2d404630713e0edbd","name":"Estrella Pons","image":{"@type":"ImageObject","inLanguage":"es","@id":"https:\/\/www.senderosgr.es\/blog\/#\/schema\/person\/image\/","url":"https:\/\/secure.gravatar.com\/avatar\/ee06c440cc9a5d2fda28084c8af4b314cbaaa66ec8122f2cd564d046b8ed01f8?s=96&d=mm&r=g","contentUrl":"https:\/\/secure.gravatar.com\/avatar\/ee06c440cc9a5d2fda28084c8af4b314cbaaa66ec8122f2cd564d046b8ed01f8?s=96&d=mm&r=g","caption":"Estrella Pons"},"description":"\u00a1Hola! Soy Estrella y he tenido el privilegio de nacer en un para\u00edso. \u00daltimamente adem\u00e1s, la suerte de poder aportar mi grano de arena a este proyecto. Os invito a descubrir de mi pu\u00f1o y letra, el GR que tengo m\u00e1s a mano... y los que vayan poni\u00e9ndose delante de mis pies :) \u00bfPreparados?","url":"https:\/\/www.senderosgr.es\/blog\/author\/estrella\/"}]}},"cc_featured_image_caption":{"caption_text":false,"source_text":false,"source_url":false},"_links":{"self":[{"href":"https:\/\/www.senderosgr.es\/blog\/wp-json\/wp\/v2\/posts\/1319","targetHints":{"allow":["GET"]}}],"collection":[{"href":"https:\/\/www.senderosgr.es\/blog\/wp-json\/wp\/v2\/posts"}],"about":[{"href":"https:\/\/www.senderosgr.es\/blog\/wp-json\/wp\/v2\/types\/post"}],"author":[{"embeddable":true,"href":"https:\/\/www.senderosgr.es\/blog\/wp-json\/wp\/v2\/users\/5"}],"replies":[{"embeddable":true,"href":"https:\/\/www.senderosgr.es\/blog\/wp-json\/wp\/v2\/comments?post=1319"}],"version-history":[{"count":9,"href":"https:\/\/www.senderosgr.es\/blog\/wp-json\/wp\/v2\/posts\/1319\/revisions"}],"predecessor-version":[{"id":1334,"href":"https:\/\/www.senderosgr.es\/blog\/wp-json\/wp\/v2\/posts\/1319\/revisions\/1334"}],"wp:featuredmedia":[{"embeddable":true,"href":"https:\/\/www.senderosgr.es\/blog\/wp-json\/wp\/v2\/media\/1323"}],"wp:attachment":[{"href":"https:\/\/www.senderosgr.es\/blog\/wp-json\/wp\/v2\/media?parent=1319"}],"wp:term":[{"taxonomy":"category","embeddable":true,"href":"https:\/\/www.senderosgr.es\/blog\/wp-json\/wp\/v2\/categories?post=1319"},{"taxonomy":"post_tag","embeddable":true,"href":"https:\/\/www.senderosgr.es\/blog\/wp-json\/wp\/v2\/tags?post=1319"}],"curies":[{"name":"wp","href":"https:\/\/api.w.org\/{rel}","templated":true}]}}