{"id":128,"date":"2011-04-29T10:27:00","date_gmt":"2011-04-29T10:27:00","guid":{"rendered":"http:\/\/www.senderosgr.es\/blog\/2011\/04\/29\/erhard-loretan\/"},"modified":"2011-04-29T10:27:00","modified_gmt":"2011-04-29T10:27:00","slug":"erhard-loretan","status":"publish","type":"post","link":"https:\/\/www.senderosgr.es\/blog\/2011\/04\/29\/erhard-loretan\/","title":{"rendered":"Erhard Loretan"},"content":{"rendered":"<div style=\"clear: both; text-align: center;\"><a href=\"http:\/\/www.king-albert.ch\/Bilder\/loretan.jpg\" style=\"margin-left: 1em; margin-right: 1em;\"><img decoding=\"async\" border=\"0\" src=\"http:\/\/www.king-albert.ch\/Bilder\/loretan.jpg\" \/><\/a><\/div>\n<div style=\"font-family: Verdana,sans-serif; text-align: justify;\"><\/div>\n<div style=\"font-family: Verdana,sans-serif; text-align: justify;\"><span style=\"font-size: xx-small;\">Triste noticia con la que se inicia este d\u00eda, se ha comunicado a trav\u00e9s de la <a href=\"http:\/\/www.swissinfo.ch\/eng\/swiss_news\/Mountaineer_dies_in_climbing_accident.html?cid=30110978\">prensa suiza<\/a> que el alpinista y gu\u00eda de monta\u00f1a <a href=\"http:\/\/es.wikipedia.org\/wiki\/Erhard_Loretan\">Erhard Loretan<\/a>, ha fallecido en su 52 cumplea\u00f1os mientras guiaba a un cliente por la arista del Grunhorn en los Alpes de Berna<b><br \/><\/b><\/span><\/div>\n<div style=\"font-family: Verdana,sans-serif; text-align: justify;\"><\/div>\n<div style=\"font-family: Verdana,sans-serif; text-align: justify;\"><i><span style=\"font-size: xx-small;\">\u00ab<\/span><span style=\"font-family: &quot;verdana&quot; , sans-serif; font-size: xx-small;\"><span lang=\"es\"><span title=\"Haz clic para obtener otras posibles traducciones\">En<\/span> <span title=\"Haz clic para obtener otras posibles traducciones\">1995<\/span> <span title=\"Haz clic para obtener otras posibles traducciones\">Loretan<\/span> <span title=\"Haz clic para obtener otras posibles traducciones\">se convirti\u00f3 en<\/span> <span title=\"Haz clic para obtener otras posibles traducciones\">el<\/span> <span title=\"Haz clic para obtener otras posibles traducciones\">tercer<\/span> <span title=\"Haz clic para obtener otras posibles traducciones\">alpinista<\/span> <span title=\"Haz clic para obtener otras posibles traducciones\">ha escalado<\/span> <span title=\"Haz clic para obtener otras posibles traducciones\">las 14<\/span> <span title=\"Haz clic para obtener otras posibles traducciones\">cumbres<\/span> <span title=\"Haz clic para obtener otras posibles traducciones\">de<\/span> <span title=\"Haz clic para obtener otras posibles traducciones\">8.000 metros<\/span> <span title=\"Haz clic para obtener otras posibles traducciones\">en el mundo<\/span><span title=\"Haz clic para obtener otras posibles traducciones\">,<\/span> <span title=\"Haz clic para obtener otras posibles traducciones\">una haza\u00f1a<\/span> <span title=\"Haz clic para obtener otras posibles traducciones\">que<\/span> <span title=\"Haz clic para obtener otras posibles traducciones\">logr\u00f3<\/span> <span title=\"Haz clic para obtener otras posibles traducciones\">a la edad<\/span> <span title=\"Haz clic para obtener otras posibles traducciones\">de 36 a\u00f1os.<\/span><br \/><span title=\"Haz clic para obtener otras posibles traducciones\">La vida de Loretan<\/span>&nbsp;<span title=\"Haz clic para obtener otras posibles traducciones\">dio un<\/span> <span title=\"Haz clic para obtener otras posibles traducciones\">giro<\/span> <span title=\"Haz clic para obtener otras posibles traducciones\">cuando<\/span> <span title=\"Haz clic para obtener otras posibles traducciones\">en<\/span> <span title=\"Haz clic para obtener otras posibles traducciones\">2003<\/span> <span title=\"Haz clic para obtener otras posibles traducciones\">se declar\u00f3<\/span> <span title=\"Haz clic para obtener otras posibles traducciones\">culpable de<\/span> <span title=\"Haz clic para obtener otras posibles traducciones\">homicidio<\/span> <span title=\"Haz clic para obtener otras posibles traducciones\">negligente<\/span> <span title=\"Haz clic para obtener otras posibles traducciones\">por<\/span> <span title=\"Haz clic para obtener otras posibles traducciones\">haber<\/span> <span title=\"Haz clic para obtener otras posibles traducciones\">sacudido<\/span> <span title=\"Haz clic para obtener otras posibles traducciones\">a su<\/span> <span title=\"Haz clic para obtener otras posibles traducciones\">hijo<\/span> <span title=\"Haz clic para obtener otras posibles traducciones\">de siete<\/span> <span title=\"Haz clic para obtener otras posibles traducciones\">meses<\/span> <span title=\"Haz clic para obtener otras posibles traducciones\">de edad<\/span> <span title=\"Haz clic para obtener otras posibles traducciones\">hasta la muerte<\/span><span title=\"Haz clic para obtener otras posibles traducciones\">.<\/span><br \/><span title=\"Haz clic para obtener otras posibles traducciones\">La polic\u00eda<\/span> <span title=\"Haz clic para obtener otras posibles traducciones\">dijo que<\/span> <span title=\"Haz clic para obtener otras posibles traducciones\">Loretan<\/span> <span title=\"Haz clic para obtener otras posibles traducciones\">y su<\/span> <span title=\"Haz clic para obtener otras posibles traducciones\">cliente<\/span> <span title=\"Haz clic para obtener otras posibles traducciones\">suizo<\/span> <span title=\"Haz clic para obtener otras posibles traducciones\">de 38<\/span> <span title=\"Haz clic para obtener otras posibles traducciones\">a\u00f1os<\/span> <span title=\"Haz clic para obtener otras posibles traducciones\">de edad,<\/span> <span title=\"Haz clic para obtener otras posibles traducciones\">cay\u00f3<\/span> <span title=\"Haz clic para obtener otras posibles traducciones\">a<\/span> <span title=\"Haz clic para obtener otras posibles traducciones\">alrededor de<\/span> <span title=\"Haz clic para obtener otras posibles traducciones\">3.800 metros<\/span><span title=\"Haz clic para obtener otras posibles traducciones\">.<\/span> <span title=\"Haz clic para obtener otras posibles traducciones\">Hab\u00edan<\/span> <span title=\"Haz clic para obtener otras posibles traducciones\">esquiado<\/span> <span title=\"Haz clic para obtener otras posibles traducciones\">parte del<\/span> <span title=\"Haz clic para obtener otras posibles traducciones\">camino<\/span> <span title=\"Haz clic para obtener otras posibles traducciones\">hasta<\/span> <span title=\"Haz clic para obtener otras posibles traducciones\">la cima<\/span><span title=\"Haz clic para obtener otras posibles traducciones\">.<\/span><br \/><span title=\"Haz clic para obtener otras posibles traducciones\">El Cliente<\/span> de <span title=\"Haz clic para obtener otras posibles traducciones\">Loretan<\/span> <span title=\"Haz clic para obtener otras posibles traducciones\">fue<\/span> <span title=\"Haz clic para obtener otras posibles traducciones\">trasladado<\/span> <span title=\"Haz clic para obtener otras posibles traducciones\">al hospital<\/span> <span title=\"Haz clic para obtener otras posibles traducciones\">en estado<\/span> <span title=\"Haz clic para obtener otras posibles traducciones\">grave<\/span><span title=\"Haz clic para obtener otras posibles traducciones\">.<\/span> <span title=\"Haz clic para obtener otras posibles traducciones\">La polic\u00eda todav\u00eda est\u00e1<\/span> <span title=\"Haz clic para obtener otras posibles traducciones\">investigando la<\/span> <span title=\"Haz clic para obtener otras posibles traducciones\">causa<\/span> <span title=\"Haz clic para obtener otras posibles traducciones\">del<\/span> <span title=\"Haz clic para obtener otras posibles traducciones\">accidente<\/span><span title=\"Haz clic para obtener otras posibles traducciones\">.\u00bb<\/span><\/span><\/span><\/i><\/div>\n<div style=\"font-family: Verdana,sans-serif; text-align: justify;\"><i><span style=\"font-family: &quot;verdana&quot; , sans-serif; font-size: xx-small;\"><span lang=\"es\"><span title=\"Haz clic para obtener otras posibles traducciones\">(extra\u00eddo y traducido de la nota de prensa).<\/span><\/span><\/span><\/i><\/div>\n<div style=\"font-family: Verdana,sans-serif; text-align: justify;\"><\/div>\n<div style=\"font-family: Verdana,sans-serif; text-align: justify;\"><b><span style=\"font-family: &quot;verdana&quot; , sans-serif; font-size: xx-small;\"><span lang=\"es\"><span title=\"Haz clic para obtener otras posibles traducciones\">Libros publicados:<\/span><\/span><\/span><\/b><\/div>\n<div style=\"text-align: justify;\"><span style=\"font-family: &quot;verdana&quot; , sans-serif; font-size: xx-small;\"> Els vuitmils d\u00b4Erhard Loreta.<\/span><\/div>\n<div style=\"font-family: Verdana,sans-serif; text-align: justify;\"><\/div>\n<div style=\"margin-bottom: 0cm;\"><span style=\"font-size: xx-small;\">Erhard Loretan: den bergen verfallen [in love with the mountains]<\/span>  <\/div>\n<p><\/p>\n<div style=\"font-family: Verdana,sans-serif; text-align: justify;\"><span style=\"font-family: &quot;verdana&quot; , sans-serif; font-size: xx-small;\"><span lang=\"es\"><span title=\"Haz clic para obtener otras posibles traducciones\"><b>Mas informaci\u00f3n<\/b> sobre Erhard Loretan en <a href=\"http:\/\/es.wikipedia.org\/wiki\/Erhard_Loretan\">wikipedia<\/a> y en la secci\u00f3n de noticias de <a href=\"http:\/\/www.barrabes.com\/revista\/noticias\/2-7009\/gran-erhard-loretan-fallece-alpes.html\">Barrabes<\/a><\/span><\/span><\/span><\/div>\n<h1 style=\"text-align: justify;\"><\/h1>\n","protected":false},"excerpt":{"rendered":"<p>Triste noticia con la que se inicia este d\u00eda, se ha comunicado a trav\u00e9s de la prensa suiza que el alpinista y gu\u00eda de monta\u00f1a Erhard Loretan, ha fallecido en su 52 cumplea\u00f1os mientras guiaba a un cliente por la arista del Grunhorn en los Alpes de Berna \u00abEn 1995 Loretan se convirti\u00f3 en el [&hellip;]<\/p>\n","protected":false},"author":1,"featured_media":0,"comment_status":"open","ping_status":"open","sticky":false,"template":"","format":"standard","meta":{"footnotes":""},"categories":[1],"tags":[],"class_list":["post-128","post","type-post","status-publish","format-standard","hentry","category-sin-categoria"],"yoast_head":"<!-- This site is optimized with the Yoast SEO plugin v26.6 - https:\/\/yoast.com\/wordpress\/plugins\/seo\/ -->\n<title>Erhard Loretan - El Blog de SenderosGR<\/title>\n<meta name=\"robots\" content=\"index, follow, max-snippet:-1, max-image-preview:large, max-video-preview:-1\" \/>\n<link rel=\"canonical\" href=\"https:\/\/www.senderosgr.es\/blog\/2011\/04\/29\/erhard-loretan\/\" \/>\n<meta property=\"og:locale\" content=\"es_ES\" \/>\n<meta property=\"og:type\" content=\"article\" \/>\n<meta property=\"og:title\" content=\"Erhard Loretan - El Blog de SenderosGR\" \/>\n<meta property=\"og:description\" content=\"Triste noticia con la que se inicia este d\u00eda, se ha comunicado a trav\u00e9s de la prensa suiza que el alpinista y gu\u00eda de monta\u00f1a Erhard Loretan, ha fallecido en su 52 cumplea\u00f1os mientras guiaba a un cliente por la arista del Grunhorn en los Alpes de Berna \u00abEn 1995 Loretan se convirti\u00f3 en el [&hellip;]\" \/>\n<meta property=\"og:url\" content=\"https:\/\/www.senderosgr.es\/blog\/2011\/04\/29\/erhard-loretan\/\" \/>\n<meta property=\"og:site_name\" content=\"El Blog de SenderosGR\" \/>\n<meta property=\"article:published_time\" content=\"2011-04-29T10:27:00+00:00\" \/>\n<meta property=\"og:image\" content=\"http:\/\/www.king-albert.ch\/Bilder\/loretan.jpg\" \/>\n<meta name=\"author\" content=\"SenderosGR\" \/>\n<meta name=\"twitter:card\" content=\"summary_large_image\" \/>\n<meta name=\"twitter:label1\" content=\"Escrito por\" \/>\n\t<meta name=\"twitter:data1\" content=\"SenderosGR\" \/>\n\t<meta name=\"twitter:label2\" content=\"Tiempo de lectura\" \/>\n\t<meta name=\"twitter:data2\" content=\"1 minuto\" \/>\n<script type=\"application\/ld+json\" class=\"yoast-schema-graph\">{\"@context\":\"https:\/\/schema.org\",\"@graph\":[{\"@type\":\"Article\",\"@id\":\"https:\/\/www.senderosgr.es\/blog\/2011\/04\/29\/erhard-loretan\/#article\",\"isPartOf\":{\"@id\":\"https:\/\/www.senderosgr.es\/blog\/2011\/04\/29\/erhard-loretan\/\"},\"author\":{\"name\":\"SenderosGR\",\"@id\":\"https:\/\/www.senderosgr.es\/blog\/#\/schema\/person\/f2eef32e9aa1ea1fbc35244e3cff648f\"},\"headline\":\"Erhard Loretan\",\"datePublished\":\"2011-04-29T10:27:00+00:00\",\"mainEntityOfPage\":{\"@id\":\"https:\/\/www.senderosgr.es\/blog\/2011\/04\/29\/erhard-loretan\/\"},\"wordCount\":206,\"commentCount\":0,\"publisher\":{\"@id\":\"https:\/\/www.senderosgr.es\/blog\/#organization\"},\"image\":{\"@id\":\"https:\/\/www.senderosgr.es\/blog\/2011\/04\/29\/erhard-loretan\/#primaryimage\"},\"thumbnailUrl\":\"http:\/\/www.king-albert.ch\/Bilder\/loretan.jpg\",\"inLanguage\":\"es\",\"potentialAction\":[{\"@type\":\"CommentAction\",\"name\":\"Comment\",\"target\":[\"https:\/\/www.senderosgr.es\/blog\/2011\/04\/29\/erhard-loretan\/#respond\"]}]},{\"@type\":\"WebPage\",\"@id\":\"https:\/\/www.senderosgr.es\/blog\/2011\/04\/29\/erhard-loretan\/\",\"url\":\"https:\/\/www.senderosgr.es\/blog\/2011\/04\/29\/erhard-loretan\/\",\"name\":\"Erhard Loretan - El Blog de SenderosGR\",\"isPartOf\":{\"@id\":\"https:\/\/www.senderosgr.es\/blog\/#website\"},\"primaryImageOfPage\":{\"@id\":\"https:\/\/www.senderosgr.es\/blog\/2011\/04\/29\/erhard-loretan\/#primaryimage\"},\"image\":{\"@id\":\"https:\/\/www.senderosgr.es\/blog\/2011\/04\/29\/erhard-loretan\/#primaryimage\"},\"thumbnailUrl\":\"http:\/\/www.king-albert.ch\/Bilder\/loretan.jpg\",\"datePublished\":\"2011-04-29T10:27:00+00:00\",\"breadcrumb\":{\"@id\":\"https:\/\/www.senderosgr.es\/blog\/2011\/04\/29\/erhard-loretan\/#breadcrumb\"},\"inLanguage\":\"es\",\"potentialAction\":[{\"@type\":\"ReadAction\",\"target\":[\"https:\/\/www.senderosgr.es\/blog\/2011\/04\/29\/erhard-loretan\/\"]}]},{\"@type\":\"ImageObject\",\"inLanguage\":\"es\",\"@id\":\"https:\/\/www.senderosgr.es\/blog\/2011\/04\/29\/erhard-loretan\/#primaryimage\",\"url\":\"http:\/\/www.king-albert.ch\/Bilder\/loretan.jpg\",\"contentUrl\":\"http:\/\/www.king-albert.ch\/Bilder\/loretan.jpg\"},{\"@type\":\"BreadcrumbList\",\"@id\":\"https:\/\/www.senderosgr.es\/blog\/2011\/04\/29\/erhard-loretan\/#breadcrumb\",\"itemListElement\":[{\"@type\":\"ListItem\",\"position\":1,\"name\":\"Portada\",\"item\":\"https:\/\/www.senderosgr.es\/blog\/\"},{\"@type\":\"ListItem\",\"position\":2,\"name\":\"Erhard Loretan\"}]},{\"@type\":\"WebSite\",\"@id\":\"https:\/\/www.senderosgr.es\/blog\/#website\",\"url\":\"https:\/\/www.senderosgr.es\/blog\/\",\"name\":\"El Blog de SenderosGR\",\"description\":\"Noticias, opiniones... \u00a1y mucho m\u00e1s!\",\"publisher\":{\"@id\":\"https:\/\/www.senderosgr.es\/blog\/#organization\"},\"potentialAction\":[{\"@type\":\"SearchAction\",\"target\":{\"@type\":\"EntryPoint\",\"urlTemplate\":\"https:\/\/www.senderosgr.es\/blog\/?s={search_term_string}\"},\"query-input\":{\"@type\":\"PropertyValueSpecification\",\"valueRequired\":true,\"valueName\":\"search_term_string\"}}],\"inLanguage\":\"es\"},{\"@type\":\"Organization\",\"@id\":\"https:\/\/www.senderosgr.es\/blog\/#organization\",\"name\":\"El Blog de SenderosGR\",\"url\":\"https:\/\/www.senderosgr.es\/blog\/\",\"logo\":{\"@type\":\"ImageObject\",\"inLanguage\":\"es\",\"@id\":\"https:\/\/www.senderosgr.es\/blog\/#\/schema\/logo\/image\/\",\"url\":\"https:\/\/www.senderosgr.es\/blog\/wp-content\/uploads\/2016\/06\/SGR-logo-cabecera-wordpress-copy-1.jpg\",\"contentUrl\":\"https:\/\/www.senderosgr.es\/blog\/wp-content\/uploads\/2016\/06\/SGR-logo-cabecera-wordpress-copy-1.jpg\",\"width\":240,\"height\":240,\"caption\":\"El Blog de SenderosGR\"},\"image\":{\"@id\":\"https:\/\/www.senderosgr.es\/blog\/#\/schema\/logo\/image\/\"}},{\"@type\":\"Person\",\"@id\":\"https:\/\/www.senderosgr.es\/blog\/#\/schema\/person\/f2eef32e9aa1ea1fbc35244e3cff648f\",\"name\":\"SenderosGR\",\"image\":{\"@type\":\"ImageObject\",\"inLanguage\":\"es\",\"@id\":\"https:\/\/www.senderosgr.es\/blog\/#\/schema\/person\/image\/\",\"url\":\"https:\/\/secure.gravatar.com\/avatar\/6f52711b33f9d4b67746ba74eb5d9e349ce13d3901fd85c995aea449f2512faf?s=96&d=mm&r=g\",\"contentUrl\":\"https:\/\/secure.gravatar.com\/avatar\/6f52711b33f9d4b67746ba74eb5d9e349ce13d3901fd85c995aea449f2512faf?s=96&d=mm&r=g\",\"caption\":\"SenderosGR\"},\"description\":\"Buz\u00f3n general de SenderosGR\",\"url\":\"https:\/\/www.senderosgr.es\/blog\/author\/administrador\/\"}]}<\/script>\n<!-- \/ Yoast SEO plugin. -->","yoast_head_json":{"title":"Erhard Loretan - El Blog de SenderosGR","robots":{"index":"index","follow":"follow","max-snippet":"max-snippet:-1","max-image-preview":"max-image-preview:large","max-video-preview":"max-video-preview:-1"},"canonical":"https:\/\/www.senderosgr.es\/blog\/2011\/04\/29\/erhard-loretan\/","og_locale":"es_ES","og_type":"article","og_title":"Erhard Loretan - El Blog de SenderosGR","og_description":"Triste noticia con la que se inicia este d\u00eda, se ha comunicado a trav\u00e9s de la prensa suiza que el alpinista y gu\u00eda de monta\u00f1a Erhard Loretan, ha fallecido en su 52 cumplea\u00f1os mientras guiaba a un cliente por la arista del Grunhorn en los Alpes de Berna \u00abEn 1995 Loretan se convirti\u00f3 en el [&hellip;]","og_url":"https:\/\/www.senderosgr.es\/blog\/2011\/04\/29\/erhard-loretan\/","og_site_name":"El Blog de SenderosGR","article_published_time":"2011-04-29T10:27:00+00:00","og_image":[{"url":"http:\/\/www.king-albert.ch\/Bilder\/loretan.jpg","type":"","width":"","height":""}],"author":"SenderosGR","twitter_card":"summary_large_image","twitter_misc":{"Escrito por":"SenderosGR","Tiempo de lectura":"1 minuto"},"schema":{"@context":"https:\/\/schema.org","@graph":[{"@type":"Article","@id":"https:\/\/www.senderosgr.es\/blog\/2011\/04\/29\/erhard-loretan\/#article","isPartOf":{"@id":"https:\/\/www.senderosgr.es\/blog\/2011\/04\/29\/erhard-loretan\/"},"author":{"name":"SenderosGR","@id":"https:\/\/www.senderosgr.es\/blog\/#\/schema\/person\/f2eef32e9aa1ea1fbc35244e3cff648f"},"headline":"Erhard Loretan","datePublished":"2011-04-29T10:27:00+00:00","mainEntityOfPage":{"@id":"https:\/\/www.senderosgr.es\/blog\/2011\/04\/29\/erhard-loretan\/"},"wordCount":206,"commentCount":0,"publisher":{"@id":"https:\/\/www.senderosgr.es\/blog\/#organization"},"image":{"@id":"https:\/\/www.senderosgr.es\/blog\/2011\/04\/29\/erhard-loretan\/#primaryimage"},"thumbnailUrl":"http:\/\/www.king-albert.ch\/Bilder\/loretan.jpg","inLanguage":"es","potentialAction":[{"@type":"CommentAction","name":"Comment","target":["https:\/\/www.senderosgr.es\/blog\/2011\/04\/29\/erhard-loretan\/#respond"]}]},{"@type":"WebPage","@id":"https:\/\/www.senderosgr.es\/blog\/2011\/04\/29\/erhard-loretan\/","url":"https:\/\/www.senderosgr.es\/blog\/2011\/04\/29\/erhard-loretan\/","name":"Erhard Loretan - El Blog de SenderosGR","isPartOf":{"@id":"https:\/\/www.senderosgr.es\/blog\/#website"},"primaryImageOfPage":{"@id":"https:\/\/www.senderosgr.es\/blog\/2011\/04\/29\/erhard-loretan\/#primaryimage"},"image":{"@id":"https:\/\/www.senderosgr.es\/blog\/2011\/04\/29\/erhard-loretan\/#primaryimage"},"thumbnailUrl":"http:\/\/www.king-albert.ch\/Bilder\/loretan.jpg","datePublished":"2011-04-29T10:27:00+00:00","breadcrumb":{"@id":"https:\/\/www.senderosgr.es\/blog\/2011\/04\/29\/erhard-loretan\/#breadcrumb"},"inLanguage":"es","potentialAction":[{"@type":"ReadAction","target":["https:\/\/www.senderosgr.es\/blog\/2011\/04\/29\/erhard-loretan\/"]}]},{"@type":"ImageObject","inLanguage":"es","@id":"https:\/\/www.senderosgr.es\/blog\/2011\/04\/29\/erhard-loretan\/#primaryimage","url":"http:\/\/www.king-albert.ch\/Bilder\/loretan.jpg","contentUrl":"http:\/\/www.king-albert.ch\/Bilder\/loretan.jpg"},{"@type":"BreadcrumbList","@id":"https:\/\/www.senderosgr.es\/blog\/2011\/04\/29\/erhard-loretan\/#breadcrumb","itemListElement":[{"@type":"ListItem","position":1,"name":"Portada","item":"https:\/\/www.senderosgr.es\/blog\/"},{"@type":"ListItem","position":2,"name":"Erhard Loretan"}]},{"@type":"WebSite","@id":"https:\/\/www.senderosgr.es\/blog\/#website","url":"https:\/\/www.senderosgr.es\/blog\/","name":"El Blog de SenderosGR","description":"Noticias, opiniones... \u00a1y mucho m\u00e1s!","publisher":{"@id":"https:\/\/www.senderosgr.es\/blog\/#organization"},"potentialAction":[{"@type":"SearchAction","target":{"@type":"EntryPoint","urlTemplate":"https:\/\/www.senderosgr.es\/blog\/?s={search_term_string}"},"query-input":{"@type":"PropertyValueSpecification","valueRequired":true,"valueName":"search_term_string"}}],"inLanguage":"es"},{"@type":"Organization","@id":"https:\/\/www.senderosgr.es\/blog\/#organization","name":"El Blog de SenderosGR","url":"https:\/\/www.senderosgr.es\/blog\/","logo":{"@type":"ImageObject","inLanguage":"es","@id":"https:\/\/www.senderosgr.es\/blog\/#\/schema\/logo\/image\/","url":"https:\/\/www.senderosgr.es\/blog\/wp-content\/uploads\/2016\/06\/SGR-logo-cabecera-wordpress-copy-1.jpg","contentUrl":"https:\/\/www.senderosgr.es\/blog\/wp-content\/uploads\/2016\/06\/SGR-logo-cabecera-wordpress-copy-1.jpg","width":240,"height":240,"caption":"El Blog de SenderosGR"},"image":{"@id":"https:\/\/www.senderosgr.es\/blog\/#\/schema\/logo\/image\/"}},{"@type":"Person","@id":"https:\/\/www.senderosgr.es\/blog\/#\/schema\/person\/f2eef32e9aa1ea1fbc35244e3cff648f","name":"SenderosGR","image":{"@type":"ImageObject","inLanguage":"es","@id":"https:\/\/www.senderosgr.es\/blog\/#\/schema\/person\/image\/","url":"https:\/\/secure.gravatar.com\/avatar\/6f52711b33f9d4b67746ba74eb5d9e349ce13d3901fd85c995aea449f2512faf?s=96&d=mm&r=g","contentUrl":"https:\/\/secure.gravatar.com\/avatar\/6f52711b33f9d4b67746ba74eb5d9e349ce13d3901fd85c995aea449f2512faf?s=96&d=mm&r=g","caption":"SenderosGR"},"description":"Buz\u00f3n general de SenderosGR","url":"https:\/\/www.senderosgr.es\/blog\/author\/administrador\/"}]}},"cc_featured_image_caption":{"caption_text":false,"source_text":false,"source_url":false},"_links":{"self":[{"href":"https:\/\/www.senderosgr.es\/blog\/wp-json\/wp\/v2\/posts\/128","targetHints":{"allow":["GET"]}}],"collection":[{"href":"https:\/\/www.senderosgr.es\/blog\/wp-json\/wp\/v2\/posts"}],"about":[{"href":"https:\/\/www.senderosgr.es\/blog\/wp-json\/wp\/v2\/types\/post"}],"author":[{"embeddable":true,"href":"https:\/\/www.senderosgr.es\/blog\/wp-json\/wp\/v2\/users\/1"}],"replies":[{"embeddable":true,"href":"https:\/\/www.senderosgr.es\/blog\/wp-json\/wp\/v2\/comments?post=128"}],"version-history":[{"count":0,"href":"https:\/\/www.senderosgr.es\/blog\/wp-json\/wp\/v2\/posts\/128\/revisions"}],"wp:attachment":[{"href":"https:\/\/www.senderosgr.es\/blog\/wp-json\/wp\/v2\/media?parent=128"}],"wp:term":[{"taxonomy":"category","embeddable":true,"href":"https:\/\/www.senderosgr.es\/blog\/wp-json\/wp\/v2\/categories?post=128"},{"taxonomy":"post_tag","embeddable":true,"href":"https:\/\/www.senderosgr.es\/blog\/wp-json\/wp\/v2\/tags?post=128"}],"curies":[{"name":"wp","href":"https:\/\/api.w.org\/{rel}","templated":true}]}}