{"id":125,"date":"2011-05-01T13:25:00","date_gmt":"2011-05-01T13:25:00","guid":{"rendered":"http:\/\/www.senderosgr.es\/blog\/2011\/05\/01\/edurne-pasaban-desafio-141-everest-sin-o2-actualizado-13-junio\/"},"modified":"2011-05-01T13:25:00","modified_gmt":"2011-05-01T13:25:00","slug":"edurne-pasaban-desafio-141-everest-sin-o2-actualizado-13-junio","status":"publish","type":"post","link":"https:\/\/www.senderosgr.es\/blog\/2011\/05\/01\/edurne-pasaban-desafio-141-everest-sin-o2-actualizado-13-junio\/","title":{"rendered":"Edurne Pasab\u00e1n Desaf\u00edo 14+1: Everest sin O2 (Actualizado 13 -junio)"},"content":{"rendered":"<div style=\"clear: both; text-align: center;\"><a href=\"http:\/\/globedia.com\/imagenes\/noticias\/2011\/3\/31\/edurne-pasaban-ascendera-everest-oxigeno_1_645507.jpg\" style=\"margin-left: 1em; margin-right: 1em;\"><img loading=\"lazy\" decoding=\"async\" border=\"0\" src=\"http:\/\/globedia.com\/imagenes\/noticias\/2011\/3\/31\/edurne-pasaban-ascendera-everest-oxigeno_1_645507.jpg\" height=\"256\" width=\"320\" \/><\/a><\/div>\n<div style=\"font-family: Verdana,sans-serif;\"><\/div>\n<div style=\"font-family: Verdana,sans-serif;\"><span style=\"font-size: xx-small;\">En estos d\u00edas de resfriado y cama he aprovechado para ver bastante la tele, y siempre agradan cosas como la Noche Tem\u00e1tica de La 2 (TVE).<\/span><\/div>\n<div style=\"font-family: Verdana,sans-serif;\"><span style=\"font-size: xx-small;\">Como esto es un blog de senderismo, alpinismo etc.. y creo que es importante la labor que realizan algunas personas para mostrarnos este deporte desde todos sus puntos de vista, tengo que hacer una menci\u00f3n a Edurne Pasab\u00e1n.<\/span><\/div>\n<div style=\"font-family: Verdana,sans-serif;\"><span style=\"font-size: xx-small;\">Si consigue realizar la ascensi\u00f3n al Everest sin Oxigeno, ser\u00e1 la primera mujer que corona los 14 ochomiles sin oxigeno. (me alegro que sea una <b>espa\u00f1ola<\/b>).<\/span><\/div>\n<div style=\"font-family: Verdana,sans-serif;\"><\/div>\n<div style=\"font-family: Verdana,sans-serif;\"><b><span style=\"font-size: xx-small;\">Lo siguiente esta extraido de la web de <a href=\"http:\/\/www.rtve.es\/alacarta\/videos\/desafio-141-everest-sin-o2\/desafio-141-everest-sin-o2-edurne-pasaban-capitulo-1\/1076706\/\">TVE<\/a>:<\/span><\/b><\/div>\n<div style=\"font-family: Verdana,sans-serif;\"><span style=\"font-size: xx-small;\"><i>El reto podr\u00e1 seguirse en TVE casi en tiempo real en <\/i><i>Desaf\u00edo 14+1: Everest sin O2,  una serie de diez cap\u00edtulos que mezcla el g\u00e9nero documental con la  actualidad de lo que est\u00e1 pasando cada semana a miles de kil\u00f3metros.<\/i><\/span><\/div>\n<div style=\"font-family: Verdana,sans-serif;\"><\/div>\n<div style=\"font-family: Verdana,sans-serif;\"><span style=\"font-size: xx-small;\"><i>El primer video se acerca mas a un documental sobre Edurne y su familia, sus retos, sus miedos a mi me ha gustado mucho por que nos presenta a Edurne mas cercana.<\/i><\/span><\/div>\n<div style=\"font-family: Verdana,sans-serif;\"><\/div>\n<div style=\"font-family: Verdana,sans-serif;\"><u><span style=\"font-size: xx-small;\">Como no se puede incluir el v\u00eddeo de TVE en el blog os voy dejando el enlace:<\/span><\/u><\/div>\n<div style=\"font-family: Verdana,sans-serif;\"><span style=\"font-size: xx-small;\"><i> <\/i><\/span><\/div>\n<div style=\"font-family: Verdana,sans-serif;\"><span style=\"font-size: xx-small;\"><i><a href=\"http:\/\/www.rtve.es\/alacarta\/videos\/desafio-141-everest-sin-o2\/desafio-141-everest-sin-o2-edurne-pasaban-capitulo-1\/1076706\/\">Video 1&nbsp;<\/a><\/i><\/span><br \/><span style=\"font-size: xx-small;\"><i style=\"font-family: Verdana,sans-serif;\">Esta primera entrega mostrar\u00e1 los primeros pasos de la expedici\u00f3n  encabezada por Edurne Pasaban. El equipo ha partido de Espa\u00f1a el 4 de  abril para pasar unos d\u00edas en Katmand\u00fa, antes de desplazarse a las  faldas del Everest. All\u00ed debe pasar cerca de un mes para aclimatarse al  terreno y sobre todo a la reducci\u00f3n de ox\u00edgeno.<\/i><\/span><\/div>\n<div style=\"font-family: Verdana,sans-serif;\"><\/div>\n<div style=\"font-family: Verdana,sans-serif;\"><a href=\"http:\/\/www.rtve.es\/alacarta\/videos\/desafio-141-everest-sin-o2\/desafio-141-everest-sin-o2-edurne-pasaban-capitulo-2\/1082062\/\"><span style=\"font-size: xx-small;\"><i>V\u00eddeo 2<\/i><\/span><\/a><\/div>\n<div style=\"font-family: Verdana,sans-serif;\"><i><span style=\"font-family: &quot;verdana&quot; , sans-serif; font-size: xx-small;\">Edurne nos presenta a su equipo. A lo largo de este programa conoceremos  a cada uno, su entorno cercano y familiar y sus motivaciones para este  desaf\u00edo.<\/span><\/i><\/p>\n<p><i><span style=\"font-family: &quot;verdana&quot; , sans-serif; font-size: xx-small;\"><a href=\"http:\/\/www.rtve.es\/alacarta\/videos\/desafio-141-everest-sin-o2\/desafio-141-everest-sin-o2-edurne-pasaban-capitulo-3\/1088653\/\">V\u00eddeo 3 <\/a><\/span><\/i><\/p>\n<div style=\"font-family: Verdana,sans-serif;\"><span style=\"font-size: xx-small;\"><i>El equipo de Edurne Pasaban ya ha llegado a Katmand\u00fa. Durante varios  d\u00edas el equipo prepara todo lo necesario para abastecer el campo base.<\/i><\/span><\/p>\n<p><a href=\"http:\/\/www.rtve.es\/alacarta\/videos\/desafio-141-everest-sin-o2\/desafio-141-everest-sin-o2-edurne-pasaban-capitulo-4\/1094681\/\"><span style=\"font-size: xx-small;\"><i>video 4<\/i><\/span><\/a><\/p>\n<div style=\"font-family: Verdana,sans-serif; text-align: justify;\"><i><span style=\"font-size: xx-small;\">La expedici\u00f3n de Edurne Pasab\u00e1n comienza la semana con el momento hasta  ahora m\u00e1s peligroso: el desplazamiento en avioneta hasta Lukla. La pista  de aterrizaje cuelga de un vertiginoso precipicio. Comienza ah\u00ed el  trekking de aproximaci\u00f3n al campo base del Everest. Durante toda la  semana, Edurne y sus compa\u00f1eros caminan por la senda que lleva a la base  de la monta\u00f1a m\u00e1s alta del mundo. Durante ese trayecto coinciden con  monta\u00f1eros espa\u00f1oles, turistas de todo el mundo, serpas y porteadores,  viejos compa\u00f1eros de cordada y hasta con aut\u00e9nticas leyendas del  himalayismo mundial. El camino se adentra cada vez m\u00e1s en el Himalaya,  los valles son cada vez m\u00e1s estrechos. Los miembros de la expedici\u00f3n  comienzan a aclimatarse a la altura, cada vez mayor, y al fr\u00edo, cada vez  m\u00e1s intenso. Estamos cada d\u00eda m\u00e1s cerca del Everest, y ya comienza a  hacerse real el enorme reto que supondr\u00e1 escalarlo sin ox\u00edgeno.<\/span><\/i><\/p>\n<p><a href=\"http:\/\/www.rtve.es\/alacarta\/videos\/desafio-141-everest-sin-o2\/desafio-141-everest-sin-o2-edurne-pasaban-capitulo-5\/1101951\/\"><i><span style=\"font-size: xx-small;\">video 5<\/span><\/i><\/a><br \/><i><span style=\"font-family: &quot;verdana&quot; , sans-serif; font-size: xx-small;\">El equipo consigue adentrarse en el valle del Khumbu, alcanzando por fin  su objetivo, los pies de la monta\u00f1a m\u00e1s alta del mundo. Edurne y su  equipo reciben la bendici\u00f3n de un venerado monje budista. El fr\u00edo y la  altura se sienten cada d\u00eda m\u00e1s. Pero, parad\u00f3jicamente, todos sienten la  llegada al campo base como la llegada a su nuevo hogar. Desde ah\u00ed, la  expedici\u00f3n lanzar\u00e1 el asalto a la cumbre. Comienza ahora la estrategia y  el trabajo del equipo, afrontamos ya la escalada con el monte frente a  nuestros ojos.<\/span><\/i><\/p>\n<p><a href=\"http:\/\/www.rtve.es\/alacarta\/videos\/desafio-141-everest-sin-o2\/desafio-141everest-sin-o2-edurne-pasaban-capitulo-6\/1108619\/\"><i><span style=\"font-family: &quot;verdana&quot; , sans-serif; font-size: xx-small;\">video 6<\/span><\/i><\/a><br \/><i><span style=\"font-family: &quot;verdana&quot; , sans-serif; font-size: xx-small;\">Asier Izaguirre, el encargado de organizar y equipar el campo base, nos  acompa\u00f1a, mostr\u00e1ndonos la trastienda de ese enorme conglomerado de  tiendas instaladas sobre el hielo. Mientras, Edurne asiste al encuentro  de l\u00edderes de expedici\u00f3n, donde se dise\u00f1an las estrategias de cada grupo  de escalada. Pero al poco tiempo, Asier cae enfermo y ha de ser  evacuado en helic\u00f3ptero. Al anochecer, Ferr\u00e1n Latorre se conecta con su  casa, y sigue en directo el \u00faltimo Bar\u00e7a-Madrid. Al d\u00eda siguiente, todos  juntos celebran la tradicional puja, la ofrenda budista a los dioses  que protegen la monta\u00f1a. Es momento de reflexi\u00f3n, de buscar dentro de  cada uno la motivaci\u00f3n profunda que les mover\u00e1 en las pr\u00f3ximas jornadas.  En cuanto Asier se recupere, comenzar\u00e1 la escalada.<\/span><\/i><\/p>\n<p><a href=\"http:\/\/www.rtve.es\/alacarta\/videos\/desafio-141-everest-sin-o2\/desafio-141-everest-sin-o2-edurne-pasaban-capitulo-7\/1114887\/\"><i><span style=\"font-family: &quot;verdana&quot; , sans-serif; font-size: xx-small;\">v\u00eddeo 7<\/span><\/i><\/a><\/p>\n<div style=\"font-family: Verdana,sans-serif;\"><i><span style=\"font-size: xx-small;\">Es momento de comenzar a instalar los campos  de altura. Eso exige superar la temible cascada de hielo, un gigantesco  laberinto de bloques de nieve y hielo e interminables grietas. Edurne,  Asier, Nacho y Ferr\u00e1n escalan muros de hielo, caminan en  equilibrio sobre fr\u00e1giles bloques de nieve reci\u00e9n congelada y trepan  sobre las escalas que permiten superar las grietas. Vertiginosos planos  subjetivos nos muestran lo que el escalador ve, el abismo bajo sus pies.  Comienza as\u00ed el trabajo de escalar el Everest sin ox\u00edgeno, una labor de  equipo, de esfuerzo conjunto, de d\u00edas y d\u00edas de avanzar muy poco a  poco. La amenaza se esconde tras cada bloque de hielo, en el glaciar.  Una avalancha, por la noche, destroza una de las escalas, impidiendo el  paso. Hay que buscar otra v\u00eda. La cascada de hielo es un ser vivo.  Superarla nos permite acceder al impresionante valle del silencio, donde  Edurne y su equipo comienzan a encontrarse, por fin, en su ambiente, la  monta\u00f1a m\u00e1s alta del mundo.<\/span><\/i><\/p>\n<p><\/p>\n<div style=\"font-family: Verdana,sans-serif;\"><span style=\"font-size: xx-small;\"><i><a href=\"http:\/\/www.rtve.es\/alacarta\/videos\/desafio-141-everest-sin-o2\/desafio-141-everest-sin-o2-edurne-pasaban-capitulo-8\/1121209\/\">v\u00eddeo 8<\/a><\/i><\/span><\/div>\n<p><span style=\"font-family: &quot;verdana&quot; , sans-serif; font-size: xx-small;\"><i>El equipo de Edurne Pasaban, est\u00e1n dispuestos a escalar hasta los campos  dos y tres. Edurne despierta alertada por el rotor de un helic\u00f3ptero.  Viene a evacuar el cuerpo del componente de una expedici\u00f3n comercial.  Motivo para la reflexi\u00f3n, cada cual buscar\u00e1 la motivaci\u00f3n que le lleva a  continuar.<\/i><\/span><i><span style=\"font-size: xx-small;\"><span style=\"font-family: &quot;verdana&quot; , sans-serif;\"> <\/span><\/span><\/i><\/p>\n<p><i><span style=\"font-size: xx-small;\"> <\/span><\/i><\/div>\n<p><a href=\"http:\/\/www.rtve.es\/alacarta\/videos\/desafio-141-everest-sin-o2\/desafio-141everest-sin-o2-edurne-pasaban-capitulo-9\/1127272\/\"><i><span style=\"font-family: &quot;verdana&quot; , sans-serif; font-size: xx-small;\">V\u00eddeo 9<\/span><\/i><\/a><br \/><i><span style=\"font-family: &quot;verdana&quot; , sans-serif; font-size: xx-small;\">Es el momento de atacar la cumbre, pero las condiciones meteorol\u00f3gicas  han fallado y las horas que el equipo de Edurne pasa cerca de la cima,  se convierten en una lucha por la supervivencia.<\/span><\/i><i><span style=\"font-family: &quot;verdana&quot; , sans-serif; font-size: xx-small;\"><span style=\"font-family: &quot;verdana&quot; , sans-serif;\"> <\/span><\/span><\/i><br \/><i><span style=\"font-family: &quot;verdana&quot; , sans-serif; font-size: xx-small;\">&nbsp;<\/span><\/i><i><span style=\"font-size: xx-small;\"> <\/span><\/i><\/div>\n<\/div>\n<\/div>\n<div style=\"font-family: Verdana,sans-serif;\"><\/div>\n","protected":false},"excerpt":{"rendered":"<p>En estos d\u00edas de resfriado y cama he aprovechado para ver bastante la tele, y siempre agradan cosas como la Noche Tem\u00e1tica de La 2 (TVE). Como esto es un blog de senderismo, alpinismo etc.. y creo que es importante la labor que realizan algunas personas para mostrarnos este deporte desde todos sus puntos de [&hellip;]<\/p>\n","protected":false},"author":1,"featured_media":0,"comment_status":"open","ping_status":"open","sticky":false,"template":"","format":"standard","meta":{"footnotes":""},"categories":[1],"tags":[],"class_list":["post-125","post","type-post","status-publish","format-standard","hentry","category-sin-categoria"],"yoast_head":"<!-- This site is optimized with the Yoast SEO plugin v26.6 - https:\/\/yoast.com\/wordpress\/plugins\/seo\/ -->\n<title>Edurne Pasab\u00e1n Desaf\u00edo 14+1: Everest sin O2 (Actualizado 13 -junio) - El Blog de SenderosGR<\/title>\n<meta name=\"robots\" content=\"index, follow, max-snippet:-1, max-image-preview:large, max-video-preview:-1\" \/>\n<link rel=\"canonical\" href=\"https:\/\/www.senderosgr.es\/blog\/2011\/05\/01\/edurne-pasaban-desafio-141-everest-sin-o2-actualizado-13-junio\/\" \/>\n<meta property=\"og:locale\" content=\"es_ES\" \/>\n<meta property=\"og:type\" content=\"article\" \/>\n<meta property=\"og:title\" content=\"Edurne Pasab\u00e1n Desaf\u00edo 14+1: Everest sin O2 (Actualizado 13 -junio) - El Blog de SenderosGR\" \/>\n<meta property=\"og:description\" content=\"En estos d\u00edas de resfriado y cama he aprovechado para ver bastante la tele, y siempre agradan cosas como la Noche Tem\u00e1tica de La 2 (TVE). Como esto es un blog de senderismo, alpinismo etc.. y creo que es importante la labor que realizan algunas personas para mostrarnos este deporte desde todos sus puntos de [&hellip;]\" \/>\n<meta property=\"og:url\" content=\"https:\/\/www.senderosgr.es\/blog\/2011\/05\/01\/edurne-pasaban-desafio-141-everest-sin-o2-actualizado-13-junio\/\" \/>\n<meta property=\"og:site_name\" content=\"El Blog de SenderosGR\" \/>\n<meta property=\"article:published_time\" content=\"2011-05-01T13:25:00+00:00\" \/>\n<meta property=\"og:image\" content=\"http:\/\/globedia.com\/imagenes\/noticias\/2011\/3\/31\/edurne-pasaban-ascendera-everest-oxigeno_1_645507.jpg\" \/>\n<meta name=\"author\" content=\"SenderosGR\" \/>\n<meta name=\"twitter:card\" content=\"summary_large_image\" \/>\n<meta name=\"twitter:label1\" content=\"Escrito por\" \/>\n\t<meta name=\"twitter:data1\" content=\"SenderosGR\" \/>\n\t<meta name=\"twitter:label2\" content=\"Tiempo de lectura\" \/>\n\t<meta name=\"twitter:data2\" content=\"5 minutos\" \/>\n<script type=\"application\/ld+json\" class=\"yoast-schema-graph\">{\"@context\":\"https:\/\/schema.org\",\"@graph\":[{\"@type\":\"Article\",\"@id\":\"https:\/\/www.senderosgr.es\/blog\/2011\/05\/01\/edurne-pasaban-desafio-141-everest-sin-o2-actualizado-13-junio\/#article\",\"isPartOf\":{\"@id\":\"https:\/\/www.senderosgr.es\/blog\/2011\/05\/01\/edurne-pasaban-desafio-141-everest-sin-o2-actualizado-13-junio\/\"},\"author\":{\"name\":\"SenderosGR\",\"@id\":\"https:\/\/www.senderosgr.es\/blog\/#\/schema\/person\/f2eef32e9aa1ea1fbc35244e3cff648f\"},\"headline\":\"Edurne Pasab\u00e1n Desaf\u00edo 14+1: Everest sin O2 (Actualizado 13 -junio)\",\"datePublished\":\"2011-05-01T13:25:00+00:00\",\"mainEntityOfPage\":{\"@id\":\"https:\/\/www.senderosgr.es\/blog\/2011\/05\/01\/edurne-pasaban-desafio-141-everest-sin-o2-actualizado-13-junio\/\"},\"wordCount\":1005,\"commentCount\":0,\"publisher\":{\"@id\":\"https:\/\/www.senderosgr.es\/blog\/#organization\"},\"image\":{\"@id\":\"https:\/\/www.senderosgr.es\/blog\/2011\/05\/01\/edurne-pasaban-desafio-141-everest-sin-o2-actualizado-13-junio\/#primaryimage\"},\"thumbnailUrl\":\"http:\/\/globedia.com\/imagenes\/noticias\/2011\/3\/31\/edurne-pasaban-ascendera-everest-oxigeno_1_645507.jpg\",\"inLanguage\":\"es\",\"potentialAction\":[{\"@type\":\"CommentAction\",\"name\":\"Comment\",\"target\":[\"https:\/\/www.senderosgr.es\/blog\/2011\/05\/01\/edurne-pasaban-desafio-141-everest-sin-o2-actualizado-13-junio\/#respond\"]}]},{\"@type\":\"WebPage\",\"@id\":\"https:\/\/www.senderosgr.es\/blog\/2011\/05\/01\/edurne-pasaban-desafio-141-everest-sin-o2-actualizado-13-junio\/\",\"url\":\"https:\/\/www.senderosgr.es\/blog\/2011\/05\/01\/edurne-pasaban-desafio-141-everest-sin-o2-actualizado-13-junio\/\",\"name\":\"Edurne Pasab\u00e1n Desaf\u00edo 14+1: Everest sin O2 (Actualizado 13 -junio) - El Blog de SenderosGR\",\"isPartOf\":{\"@id\":\"https:\/\/www.senderosgr.es\/blog\/#website\"},\"primaryImageOfPage\":{\"@id\":\"https:\/\/www.senderosgr.es\/blog\/2011\/05\/01\/edurne-pasaban-desafio-141-everest-sin-o2-actualizado-13-junio\/#primaryimage\"},\"image\":{\"@id\":\"https:\/\/www.senderosgr.es\/blog\/2011\/05\/01\/edurne-pasaban-desafio-141-everest-sin-o2-actualizado-13-junio\/#primaryimage\"},\"thumbnailUrl\":\"http:\/\/globedia.com\/imagenes\/noticias\/2011\/3\/31\/edurne-pasaban-ascendera-everest-oxigeno_1_645507.jpg\",\"datePublished\":\"2011-05-01T13:25:00+00:00\",\"breadcrumb\":{\"@id\":\"https:\/\/www.senderosgr.es\/blog\/2011\/05\/01\/edurne-pasaban-desafio-141-everest-sin-o2-actualizado-13-junio\/#breadcrumb\"},\"inLanguage\":\"es\",\"potentialAction\":[{\"@type\":\"ReadAction\",\"target\":[\"https:\/\/www.senderosgr.es\/blog\/2011\/05\/01\/edurne-pasaban-desafio-141-everest-sin-o2-actualizado-13-junio\/\"]}]},{\"@type\":\"ImageObject\",\"inLanguage\":\"es\",\"@id\":\"https:\/\/www.senderosgr.es\/blog\/2011\/05\/01\/edurne-pasaban-desafio-141-everest-sin-o2-actualizado-13-junio\/#primaryimage\",\"url\":\"http:\/\/globedia.com\/imagenes\/noticias\/2011\/3\/31\/edurne-pasaban-ascendera-everest-oxigeno_1_645507.jpg\",\"contentUrl\":\"http:\/\/globedia.com\/imagenes\/noticias\/2011\/3\/31\/edurne-pasaban-ascendera-everest-oxigeno_1_645507.jpg\"},{\"@type\":\"BreadcrumbList\",\"@id\":\"https:\/\/www.senderosgr.es\/blog\/2011\/05\/01\/edurne-pasaban-desafio-141-everest-sin-o2-actualizado-13-junio\/#breadcrumb\",\"itemListElement\":[{\"@type\":\"ListItem\",\"position\":1,\"name\":\"Portada\",\"item\":\"https:\/\/www.senderosgr.es\/blog\/\"},{\"@type\":\"ListItem\",\"position\":2,\"name\":\"Edurne Pasab\u00e1n Desaf\u00edo 14+1: Everest sin O2 (Actualizado 13 -junio)\"}]},{\"@type\":\"WebSite\",\"@id\":\"https:\/\/www.senderosgr.es\/blog\/#website\",\"url\":\"https:\/\/www.senderosgr.es\/blog\/\",\"name\":\"El Blog de SenderosGR\",\"description\":\"Noticias, opiniones... \u00a1y mucho m\u00e1s!\",\"publisher\":{\"@id\":\"https:\/\/www.senderosgr.es\/blog\/#organization\"},\"potentialAction\":[{\"@type\":\"SearchAction\",\"target\":{\"@type\":\"EntryPoint\",\"urlTemplate\":\"https:\/\/www.senderosgr.es\/blog\/?s={search_term_string}\"},\"query-input\":{\"@type\":\"PropertyValueSpecification\",\"valueRequired\":true,\"valueName\":\"search_term_string\"}}],\"inLanguage\":\"es\"},{\"@type\":\"Organization\",\"@id\":\"https:\/\/www.senderosgr.es\/blog\/#organization\",\"name\":\"El Blog de SenderosGR\",\"url\":\"https:\/\/www.senderosgr.es\/blog\/\",\"logo\":{\"@type\":\"ImageObject\",\"inLanguage\":\"es\",\"@id\":\"https:\/\/www.senderosgr.es\/blog\/#\/schema\/logo\/image\/\",\"url\":\"https:\/\/www.senderosgr.es\/blog\/wp-content\/uploads\/2016\/06\/SGR-logo-cabecera-wordpress-copy-1.jpg\",\"contentUrl\":\"https:\/\/www.senderosgr.es\/blog\/wp-content\/uploads\/2016\/06\/SGR-logo-cabecera-wordpress-copy-1.jpg\",\"width\":240,\"height\":240,\"caption\":\"El Blog de SenderosGR\"},\"image\":{\"@id\":\"https:\/\/www.senderosgr.es\/blog\/#\/schema\/logo\/image\/\"}},{\"@type\":\"Person\",\"@id\":\"https:\/\/www.senderosgr.es\/blog\/#\/schema\/person\/f2eef32e9aa1ea1fbc35244e3cff648f\",\"name\":\"SenderosGR\",\"image\":{\"@type\":\"ImageObject\",\"inLanguage\":\"es\",\"@id\":\"https:\/\/www.senderosgr.es\/blog\/#\/schema\/person\/image\/\",\"url\":\"https:\/\/secure.gravatar.com\/avatar\/6f52711b33f9d4b67746ba74eb5d9e349ce13d3901fd85c995aea449f2512faf?s=96&d=mm&r=g\",\"contentUrl\":\"https:\/\/secure.gravatar.com\/avatar\/6f52711b33f9d4b67746ba74eb5d9e349ce13d3901fd85c995aea449f2512faf?s=96&d=mm&r=g\",\"caption\":\"SenderosGR\"},\"description\":\"Buz\u00f3n general de SenderosGR\",\"url\":\"https:\/\/www.senderosgr.es\/blog\/author\/administrador\/\"}]}<\/script>\n<!-- \/ Yoast SEO plugin. -->","yoast_head_json":{"title":"Edurne Pasab\u00e1n Desaf\u00edo 14+1: Everest sin O2 (Actualizado 13 -junio) - El Blog de SenderosGR","robots":{"index":"index","follow":"follow","max-snippet":"max-snippet:-1","max-image-preview":"max-image-preview:large","max-video-preview":"max-video-preview:-1"},"canonical":"https:\/\/www.senderosgr.es\/blog\/2011\/05\/01\/edurne-pasaban-desafio-141-everest-sin-o2-actualizado-13-junio\/","og_locale":"es_ES","og_type":"article","og_title":"Edurne Pasab\u00e1n Desaf\u00edo 14+1: Everest sin O2 (Actualizado 13 -junio) - El Blog de SenderosGR","og_description":"En estos d\u00edas de resfriado y cama he aprovechado para ver bastante la tele, y siempre agradan cosas como la Noche Tem\u00e1tica de La 2 (TVE). Como esto es un blog de senderismo, alpinismo etc.. y creo que es importante la labor que realizan algunas personas para mostrarnos este deporte desde todos sus puntos de [&hellip;]","og_url":"https:\/\/www.senderosgr.es\/blog\/2011\/05\/01\/edurne-pasaban-desafio-141-everest-sin-o2-actualizado-13-junio\/","og_site_name":"El Blog de SenderosGR","article_published_time":"2011-05-01T13:25:00+00:00","og_image":[{"url":"http:\/\/globedia.com\/imagenes\/noticias\/2011\/3\/31\/edurne-pasaban-ascendera-everest-oxigeno_1_645507.jpg","type":"","width":"","height":""}],"author":"SenderosGR","twitter_card":"summary_large_image","twitter_misc":{"Escrito por":"SenderosGR","Tiempo de lectura":"5 minutos"},"schema":{"@context":"https:\/\/schema.org","@graph":[{"@type":"Article","@id":"https:\/\/www.senderosgr.es\/blog\/2011\/05\/01\/edurne-pasaban-desafio-141-everest-sin-o2-actualizado-13-junio\/#article","isPartOf":{"@id":"https:\/\/www.senderosgr.es\/blog\/2011\/05\/01\/edurne-pasaban-desafio-141-everest-sin-o2-actualizado-13-junio\/"},"author":{"name":"SenderosGR","@id":"https:\/\/www.senderosgr.es\/blog\/#\/schema\/person\/f2eef32e9aa1ea1fbc35244e3cff648f"},"headline":"Edurne Pasab\u00e1n Desaf\u00edo 14+1: Everest sin O2 (Actualizado 13 -junio)","datePublished":"2011-05-01T13:25:00+00:00","mainEntityOfPage":{"@id":"https:\/\/www.senderosgr.es\/blog\/2011\/05\/01\/edurne-pasaban-desafio-141-everest-sin-o2-actualizado-13-junio\/"},"wordCount":1005,"commentCount":0,"publisher":{"@id":"https:\/\/www.senderosgr.es\/blog\/#organization"},"image":{"@id":"https:\/\/www.senderosgr.es\/blog\/2011\/05\/01\/edurne-pasaban-desafio-141-everest-sin-o2-actualizado-13-junio\/#primaryimage"},"thumbnailUrl":"http:\/\/globedia.com\/imagenes\/noticias\/2011\/3\/31\/edurne-pasaban-ascendera-everest-oxigeno_1_645507.jpg","inLanguage":"es","potentialAction":[{"@type":"CommentAction","name":"Comment","target":["https:\/\/www.senderosgr.es\/blog\/2011\/05\/01\/edurne-pasaban-desafio-141-everest-sin-o2-actualizado-13-junio\/#respond"]}]},{"@type":"WebPage","@id":"https:\/\/www.senderosgr.es\/blog\/2011\/05\/01\/edurne-pasaban-desafio-141-everest-sin-o2-actualizado-13-junio\/","url":"https:\/\/www.senderosgr.es\/blog\/2011\/05\/01\/edurne-pasaban-desafio-141-everest-sin-o2-actualizado-13-junio\/","name":"Edurne Pasab\u00e1n Desaf\u00edo 14+1: Everest sin O2 (Actualizado 13 -junio) - El Blog de SenderosGR","isPartOf":{"@id":"https:\/\/www.senderosgr.es\/blog\/#website"},"primaryImageOfPage":{"@id":"https:\/\/www.senderosgr.es\/blog\/2011\/05\/01\/edurne-pasaban-desafio-141-everest-sin-o2-actualizado-13-junio\/#primaryimage"},"image":{"@id":"https:\/\/www.senderosgr.es\/blog\/2011\/05\/01\/edurne-pasaban-desafio-141-everest-sin-o2-actualizado-13-junio\/#primaryimage"},"thumbnailUrl":"http:\/\/globedia.com\/imagenes\/noticias\/2011\/3\/31\/edurne-pasaban-ascendera-everest-oxigeno_1_645507.jpg","datePublished":"2011-05-01T13:25:00+00:00","breadcrumb":{"@id":"https:\/\/www.senderosgr.es\/blog\/2011\/05\/01\/edurne-pasaban-desafio-141-everest-sin-o2-actualizado-13-junio\/#breadcrumb"},"inLanguage":"es","potentialAction":[{"@type":"ReadAction","target":["https:\/\/www.senderosgr.es\/blog\/2011\/05\/01\/edurne-pasaban-desafio-141-everest-sin-o2-actualizado-13-junio\/"]}]},{"@type":"ImageObject","inLanguage":"es","@id":"https:\/\/www.senderosgr.es\/blog\/2011\/05\/01\/edurne-pasaban-desafio-141-everest-sin-o2-actualizado-13-junio\/#primaryimage","url":"http:\/\/globedia.com\/imagenes\/noticias\/2011\/3\/31\/edurne-pasaban-ascendera-everest-oxigeno_1_645507.jpg","contentUrl":"http:\/\/globedia.com\/imagenes\/noticias\/2011\/3\/31\/edurne-pasaban-ascendera-everest-oxigeno_1_645507.jpg"},{"@type":"BreadcrumbList","@id":"https:\/\/www.senderosgr.es\/blog\/2011\/05\/01\/edurne-pasaban-desafio-141-everest-sin-o2-actualizado-13-junio\/#breadcrumb","itemListElement":[{"@type":"ListItem","position":1,"name":"Portada","item":"https:\/\/www.senderosgr.es\/blog\/"},{"@type":"ListItem","position":2,"name":"Edurne Pasab\u00e1n Desaf\u00edo 14+1: Everest sin O2 (Actualizado 13 -junio)"}]},{"@type":"WebSite","@id":"https:\/\/www.senderosgr.es\/blog\/#website","url":"https:\/\/www.senderosgr.es\/blog\/","name":"El Blog de SenderosGR","description":"Noticias, opiniones... \u00a1y mucho m\u00e1s!","publisher":{"@id":"https:\/\/www.senderosgr.es\/blog\/#organization"},"potentialAction":[{"@type":"SearchAction","target":{"@type":"EntryPoint","urlTemplate":"https:\/\/www.senderosgr.es\/blog\/?s={search_term_string}"},"query-input":{"@type":"PropertyValueSpecification","valueRequired":true,"valueName":"search_term_string"}}],"inLanguage":"es"},{"@type":"Organization","@id":"https:\/\/www.senderosgr.es\/blog\/#organization","name":"El Blog de SenderosGR","url":"https:\/\/www.senderosgr.es\/blog\/","logo":{"@type":"ImageObject","inLanguage":"es","@id":"https:\/\/www.senderosgr.es\/blog\/#\/schema\/logo\/image\/","url":"https:\/\/www.senderosgr.es\/blog\/wp-content\/uploads\/2016\/06\/SGR-logo-cabecera-wordpress-copy-1.jpg","contentUrl":"https:\/\/www.senderosgr.es\/blog\/wp-content\/uploads\/2016\/06\/SGR-logo-cabecera-wordpress-copy-1.jpg","width":240,"height":240,"caption":"El Blog de SenderosGR"},"image":{"@id":"https:\/\/www.senderosgr.es\/blog\/#\/schema\/logo\/image\/"}},{"@type":"Person","@id":"https:\/\/www.senderosgr.es\/blog\/#\/schema\/person\/f2eef32e9aa1ea1fbc35244e3cff648f","name":"SenderosGR","image":{"@type":"ImageObject","inLanguage":"es","@id":"https:\/\/www.senderosgr.es\/blog\/#\/schema\/person\/image\/","url":"https:\/\/secure.gravatar.com\/avatar\/6f52711b33f9d4b67746ba74eb5d9e349ce13d3901fd85c995aea449f2512faf?s=96&d=mm&r=g","contentUrl":"https:\/\/secure.gravatar.com\/avatar\/6f52711b33f9d4b67746ba74eb5d9e349ce13d3901fd85c995aea449f2512faf?s=96&d=mm&r=g","caption":"SenderosGR"},"description":"Buz\u00f3n general de SenderosGR","url":"https:\/\/www.senderosgr.es\/blog\/author\/administrador\/"}]}},"cc_featured_image_caption":{"caption_text":false,"source_text":false,"source_url":false},"_links":{"self":[{"href":"https:\/\/www.senderosgr.es\/blog\/wp-json\/wp\/v2\/posts\/125","targetHints":{"allow":["GET"]}}],"collection":[{"href":"https:\/\/www.senderosgr.es\/blog\/wp-json\/wp\/v2\/posts"}],"about":[{"href":"https:\/\/www.senderosgr.es\/blog\/wp-json\/wp\/v2\/types\/post"}],"author":[{"embeddable":true,"href":"https:\/\/www.senderosgr.es\/blog\/wp-json\/wp\/v2\/users\/1"}],"replies":[{"embeddable":true,"href":"https:\/\/www.senderosgr.es\/blog\/wp-json\/wp\/v2\/comments?post=125"}],"version-history":[{"count":0,"href":"https:\/\/www.senderosgr.es\/blog\/wp-json\/wp\/v2\/posts\/125\/revisions"}],"wp:attachment":[{"href":"https:\/\/www.senderosgr.es\/blog\/wp-json\/wp\/v2\/media?parent=125"}],"wp:term":[{"taxonomy":"category","embeddable":true,"href":"https:\/\/www.senderosgr.es\/blog\/wp-json\/wp\/v2\/categories?post=125"},{"taxonomy":"post_tag","embeddable":true,"href":"https:\/\/www.senderosgr.es\/blog\/wp-json\/wp\/v2\/tags?post=125"}],"curies":[{"name":"wp","href":"https:\/\/api.w.org\/{rel}","templated":true}]}}