{"id":1241,"date":"2017-06-01T10:30:15","date_gmt":"2017-06-01T08:30:15","guid":{"rendered":"http:\/\/www.senderosgr.es\/blog\/?p=1241"},"modified":"2017-06-01T15:04:54","modified_gmt":"2017-06-01T13:04:54","slug":"tenerife-walking-festival-2017","status":"publish","type":"post","link":"https:\/\/www.senderosgr.es\/blog\/2017\/06\/01\/tenerife-walking-festival-2017\/","title":{"rendered":"Tenerife Walking Festival 2017"},"content":{"rendered":"<p style=\"text-align: justify;\">El s\u00e1bado se clausur\u00f3 la <strong>III edici\u00f3n del <a href=\"http:\/\/www.tenerifewalkingfestival.com\">Tenerife Walking Festival<\/a><\/strong>, evento senderista que da opci\u00f3n, a quien lo desee, de conocer la isla de Tenerife en su faceta m\u00e1s salvaje, natural y espectacular, con la comodidad de poder asistir a rutas organizadas y guiadas.<\/p>\n<p style=\"text-align: justify;\">Aparte del consabido sol y playa, Tenerife tiene, adem\u00e1s, otras muchas caras que har\u00e1n las delicias de visitantes, caminantes y curiosos.<\/p>\n<p style=\"text-align: justify;\">Desde poseer el punto m\u00e1s alto de Espa\u00f1a, pasando por refrescantes bosques de laurisilva, a\u00a0senderos de costa, un GR que la atraviesa en toda su extensi\u00f3n y que a su vez forma parte del sendero europeo E7\u2026<\/p>\n<p style=\"text-align: justify;\">Tenerife y sus ocultos secretos est\u00e1n al alcance de todos si nos tomamos un receso\u00a0para\u00a0destaparlos. El\u00a0<strong>Tenerife Walking Festival<\/strong>, que se celebra de forma anual, es la excusa perfecta para descubrir o redescubrir la isla en su faceta m\u00e1s nativa posible.<\/p>\n<p style=\"text-align: justify;\">Es el evento que te dar\u00e1 opci\u00f3n de ver la cara B de la isla, la alternativa que te permitir\u00e1 conectar contigo mismo en la multitud de caminos y senderos que pueblan el territorio insular.<\/p>\n<p style=\"text-align: justify;\">Desafortunadamente, el festival s\u00f3lo dura cuatro d\u00edas y \u00fanicamente tendr\u00e1s\u00a0opci\u00f3n de\u00a0disfrutar de un m\u00e1ximo de 3 \u00f3 4 rutas. A elegir entre rutas diurnas y nocturnas, con mayor o menor desnivel y con diversas distancias, el Tenerife Walking Festival se permite el lujo de engancharte con sus m\u00faltiples opciones.<\/p>\n<p style=\"text-align: justify;\">En esta ocasi\u00f3n pudimos disfrutar de\u00a0una ascensi\u00f3n al Teide que inclu\u00eda asistir a\u00a0un espectacular amanecer desde su cumbre, caminar\u00a0por los restos de cenizas del \u00faltimo volc\u00e1n que hizo erupci\u00f3n en la isla en 1.909, el volc\u00e1n Chinyero y como no, gerrear por\u00a0un m\u00e1gico sendero que forma parte del <a href=\"http:\/\/www.senderosgr.es\/es\/gr-131-islas-canarias\/\"><strong>GR 131<\/strong><\/a>, concretamente en su tercera etapa.<\/p>\n<p style=\"text-align: justify;\">Tenerife dispone \u00fanicamente de un sendero GR que la atraviesa y que en la actualidad, seg\u00fan nos informaron, no est\u00e1 totalmente se\u00f1alizado. Cuando lo est\u00e9, ser\u00e1 una excusa perfecta para poder ir descubriendo los diferentes escenarios que nos presenta\u00a0la isla y que se manifestar\u00e1n a trav\u00e9s del devenir de este GR. De momento podemos\u00a0adelantar que la etapa 3 cruza un pinar de pino canario espectacular por su monumentalidad y por su trazado.<\/p>\n<p style=\"text-align: justify;\">Mientras tanto, qued\u00e9monos con unas fotograf\u00edas para sentir morri\u00f1a los que estuvimos ah\u00ed y para sembrar la semillita del deseo en los que todav\u00eda no hab\u00e9is disfrutado de este evento.<\/p>\n<figure id=\"attachment_1245\" class=\"thumbnail wp-caption aligncenter\" style=\"width: 707px\"><img loading=\"lazy\" decoding=\"async\" class=\"size-large wp-image-1245\" src=\"http:\/\/www.senderosgr.es\/blog\/wp-content\/uploads\/2017\/05\/Atardecer-sombra-Teide-1024x604.jpg\" alt=\"Atardecer, sombra Teide\" width=\"697\" height=\"411\" srcset=\"https:\/\/www.senderosgr.es\/blog\/wp-content\/uploads\/2017\/05\/Atardecer-sombra-Teide-1024x604.jpg 1024w, https:\/\/www.senderosgr.es\/blog\/wp-content\/uploads\/2017\/05\/Atardecer-sombra-Teide-600x354.jpg 600w, https:\/\/www.senderosgr.es\/blog\/wp-content\/uploads\/2017\/05\/Atardecer-sombra-Teide-300x177.jpg 300w, https:\/\/www.senderosgr.es\/blog\/wp-content\/uploads\/2017\/05\/Atardecer-sombra-Teide-768x453.jpg 768w, https:\/\/www.senderosgr.es\/blog\/wp-content\/uploads\/2017\/05\/Atardecer-sombra-Teide.jpg 1995w\" sizes=\"auto, (max-width: 697px) 100vw, 697px\" \/><figcaption class=\"caption wp-caption-text\">La sombra del Teide durante la ascensi\u00f3n.<\/figcaption><\/figure>\n<figure id=\"attachment_1246\" class=\"thumbnail wp-caption aligncenter\" style=\"width: 707px\"><img loading=\"lazy\" decoding=\"async\" class=\"size-large wp-image-1246\" src=\"http:\/\/www.senderosgr.es\/blog\/wp-content\/uploads\/2017\/05\/Amanecer-en-el-Teide-mar-de-nubes-1024x547.jpg\" alt=\"Amanecer en el Teide, mar de nubes\" width=\"697\" height=\"372\" srcset=\"https:\/\/www.senderosgr.es\/blog\/wp-content\/uploads\/2017\/05\/Amanecer-en-el-Teide-mar-de-nubes-1024x547.jpg 1024w, https:\/\/www.senderosgr.es\/blog\/wp-content\/uploads\/2017\/05\/Amanecer-en-el-Teide-mar-de-nubes-600x321.jpg 600w, https:\/\/www.senderosgr.es\/blog\/wp-content\/uploads\/2017\/05\/Amanecer-en-el-Teide-mar-de-nubes-300x160.jpg 300w, https:\/\/www.senderosgr.es\/blog\/wp-content\/uploads\/2017\/05\/Amanecer-en-el-Teide-mar-de-nubes-768x410.jpg 768w, https:\/\/www.senderosgr.es\/blog\/wp-content\/uploads\/2017\/05\/Amanecer-en-el-Teide-mar-de-nubes.jpg 2000w\" sizes=\"auto, (max-width: 697px) 100vw, 697px\" \/><figcaption class=\"caption wp-caption-text\">Amanecer en el pico del Teide.<\/figcaption><\/figure>\n<p>&nbsp;<\/p>\n<figure id=\"attachment_1248\" class=\"thumbnail wp-caption aligncenter\" style=\"width: 707px\"><img loading=\"lazy\" decoding=\"async\" class=\"size-large wp-image-1248\" src=\"http:\/\/www.senderosgr.es\/blog\/wp-content\/uploads\/2017\/05\/Volcan-Chinyero-Teide-al-fondo-1024x294.jpg\" alt=\"Volc\u00e1n Chinyero, Teide al fondo\" width=\"697\" height=\"200\" srcset=\"https:\/\/www.senderosgr.es\/blog\/wp-content\/uploads\/2017\/05\/Volcan-Chinyero-Teide-al-fondo-1024x294.jpg 1024w, https:\/\/www.senderosgr.es\/blog\/wp-content\/uploads\/2017\/05\/Volcan-Chinyero-Teide-al-fondo-600x173.jpg 600w, https:\/\/www.senderosgr.es\/blog\/wp-content\/uploads\/2017\/05\/Volcan-Chinyero-Teide-al-fondo-300x86.jpg 300w, https:\/\/www.senderosgr.es\/blog\/wp-content\/uploads\/2017\/05\/Volcan-Chinyero-Teide-al-fondo-768x221.jpg 768w, https:\/\/www.senderosgr.es\/blog\/wp-content\/uploads\/2017\/05\/Volcan-Chinyero-Teide-al-fondo-1920x550.jpg 1920w, https:\/\/www.senderosgr.es\/blog\/wp-content\/uploads\/2017\/05\/Volcan-Chinyero-Teide-al-fondo.jpg 2000w\" sizes=\"auto, (max-width: 697px) 100vw, 697px\" \/><figcaption class=\"caption wp-caption-text\">Zona volc\u00e1nica Chinyero con el Teide de fondo.<\/figcaption><\/figure>\n<p>&nbsp;<\/p>\n<figure id=\"attachment_1251\" class=\"thumbnail wp-caption aligncenter\" style=\"width: 707px\"><img loading=\"lazy\" decoding=\"async\" class=\"size-large wp-image-1251\" src=\"http:\/\/www.senderosgr.es\/blog\/wp-content\/uploads\/2017\/05\/GR131-1024x385.jpg\" alt=\"GR 131\" width=\"697\" height=\"262\" srcset=\"https:\/\/www.senderosgr.es\/blog\/wp-content\/uploads\/2017\/05\/GR131-1024x385.jpg 1024w, https:\/\/www.senderosgr.es\/blog\/wp-content\/uploads\/2017\/05\/GR131-600x225.jpg 600w, https:\/\/www.senderosgr.es\/blog\/wp-content\/uploads\/2017\/05\/GR131-300x113.jpg 300w, https:\/\/www.senderosgr.es\/blog\/wp-content\/uploads\/2017\/05\/GR131-768x288.jpg 768w, https:\/\/www.senderosgr.es\/blog\/wp-content\/uploads\/2017\/05\/GR131.jpg 2000w\" sizes=\"auto, (max-width: 697px) 100vw, 697px\" \/><figcaption class=\"caption wp-caption-text\">Pino canario, GR 131, etapa 3<\/figcaption><\/figure>\n<p style=\"text-align: justify;\">Como siempre la pregunta, <strong>\u00bfrecomendable para gerreristas?<\/strong> Absolutamente s\u00ed, senderos con trazado diverso, terrenos variados, escenarios m\u00e1gicos y espectaculares y much\u00edsimas m\u00e1s emociones son las que nos esperan si damos una oportunidad a <strong>Tenerife<\/strong> y\/o al <strong>Tenerife Walking Festival<\/strong>.<\/p>\n<p style=\"text-align: justify;\">Para m\u00e1s inri y como apunte super positivo, el festival\u00a0tiene un compromiso de \u2018huella cero\u2019\u00a0que nos consta que cumple a rajatabla.<\/p>\n<p style=\"text-align: justify;\">Sabemos que toda acci\u00f3n del hombre sobre el medio natural provoca una erosi\u00f3n y contaminaci\u00f3n asociada. En Tenerife han encontrado una forma de intentar paliar la emisi\u00f3n de CO2 que el propio festival produce. M\u00e1s informaci\u00f3n <a href=\"https:\/\/www.tenerifewalkingfestival.com\/sostenibilidad\/\">aqu\u00ed.<\/a><\/p>\n<p style=\"text-align: justify;\">Gracias Tenerife por la oportunidad de dejarte conocer un a\u00f1o m\u00e1s, como siempre, un placer .<\/p>\n<p><span style=\"text-decoration: underline;\"><strong>Pr\u00f3xima edici\u00f3n<\/strong><\/span>: 22 a 26 de mayo 2.018<\/p>\n","protected":false},"excerpt":{"rendered":"<p>El s\u00e1bado se clausur\u00f3 la III edici\u00f3n del Tenerife Walking Festival, evento senderista que da opci\u00f3n, a quien lo desee, de conocer la isla de Tenerife en su faceta m\u00e1s salvaje, natural y espectacular, con la comodidad de poder asistir a rutas organizadas y guiadas. Aparte del consabido sol y playa, Tenerife tiene, adem\u00e1s, otras [&hellip;]<\/p>\n","protected":false},"author":5,"featured_media":1249,"comment_status":"open","ping_status":"open","sticky":false,"template":"","format":"standard","meta":{"footnotes":""},"categories":[210],"tags":[218,266,172,267,185,173,191,215],"class_list":["post-1241","post","type-post","status-publish","format-standard","has-post-thumbnail","hentry","category-gerreristas","tag-eventos","tag-festival","tag-gerrerista","tag-gr-131","tag-opinion","tag-senderismo","tag-senderosgr","tag-trekking"],"yoast_head":"<!-- This site is optimized with the Yoast SEO plugin v26.6 - https:\/\/yoast.com\/wordpress\/plugins\/seo\/ -->\n<title>Tenerife Walking Festival 2017 - El Blog de SenderosGR<\/title>\n<meta name=\"description\" content=\"Rese\u00f1a de la III edici\u00f3n del Tenerife Walking Festival celebrado a finales de mayo.\" \/>\n<meta name=\"robots\" content=\"index, follow, max-snippet:-1, max-image-preview:large, max-video-preview:-1\" \/>\n<link rel=\"canonical\" href=\"https:\/\/www.senderosgr.es\/blog\/2017\/06\/01\/tenerife-walking-festival-2017\/\" \/>\n<meta property=\"og:locale\" content=\"es_ES\" \/>\n<meta property=\"og:type\" content=\"article\" \/>\n<meta property=\"og:title\" content=\"Tenerife Walking Festival 2017 - El Blog de SenderosGR\" \/>\n<meta property=\"og:description\" content=\"Rese\u00f1a de la III edici\u00f3n del Tenerife Walking Festival celebrado a finales de mayo.\" \/>\n<meta property=\"og:url\" content=\"https:\/\/www.senderosgr.es\/blog\/2017\/06\/01\/tenerife-walking-festival-2017\/\" \/>\n<meta property=\"og:site_name\" content=\"El Blog de SenderosGR\" \/>\n<meta property=\"article:published_time\" content=\"2017-06-01T08:30:15+00:00\" \/>\n<meta property=\"article:modified_time\" content=\"2017-06-01T13:04:54+00:00\" \/>\n<meta property=\"og:image\" content=\"https:\/\/www.senderosgr.es\/blog\/wp-content\/uploads\/2017\/05\/Cartell-TWF.jpg\" \/>\n\t<meta property=\"og:image:width\" content=\"3021\" \/>\n\t<meta property=\"og:image:height\" content=\"1161\" \/>\n\t<meta property=\"og:image:type\" content=\"image\/jpeg\" \/>\n<meta name=\"author\" content=\"Estrella Pons\" \/>\n<meta name=\"twitter:card\" content=\"summary_large_image\" \/>\n<meta name=\"twitter:label1\" content=\"Escrito por\" \/>\n\t<meta name=\"twitter:data1\" content=\"Estrella Pons\" \/>\n\t<meta name=\"twitter:label2\" content=\"Tiempo de lectura\" \/>\n\t<meta name=\"twitter:data2\" content=\"3 minutos\" \/>\n<script type=\"application\/ld+json\" class=\"yoast-schema-graph\">{\"@context\":\"https:\/\/schema.org\",\"@graph\":[{\"@type\":\"Article\",\"@id\":\"https:\/\/www.senderosgr.es\/blog\/2017\/06\/01\/tenerife-walking-festival-2017\/#article\",\"isPartOf\":{\"@id\":\"https:\/\/www.senderosgr.es\/blog\/2017\/06\/01\/tenerife-walking-festival-2017\/\"},\"author\":{\"name\":\"Estrella Pons\",\"@id\":\"https:\/\/www.senderosgr.es\/blog\/#\/schema\/person\/080d1d24180630a2d404630713e0edbd\"},\"headline\":\"Tenerife Walking Festival 2017\",\"datePublished\":\"2017-06-01T08:30:15+00:00\",\"dateModified\":\"2017-06-01T13:04:54+00:00\",\"mainEntityOfPage\":{\"@id\":\"https:\/\/www.senderosgr.es\/blog\/2017\/06\/01\/tenerife-walking-festival-2017\/\"},\"wordCount\":618,\"commentCount\":0,\"publisher\":{\"@id\":\"https:\/\/www.senderosgr.es\/blog\/#organization\"},\"image\":{\"@id\":\"https:\/\/www.senderosgr.es\/blog\/2017\/06\/01\/tenerife-walking-festival-2017\/#primaryimage\"},\"thumbnailUrl\":\"https:\/\/www.senderosgr.es\/blog\/wp-content\/uploads\/2017\/05\/Cartell-TWF-scaled.jpg\",\"keywords\":[\"eventos\",\"festival\",\"gerrerista\",\"GR 131\",\"opini\u00f3n\",\"senderismo\",\"senderosgr\",\"trekking\"],\"articleSection\":[\"Gerreristas\"],\"inLanguage\":\"es\",\"potentialAction\":[{\"@type\":\"CommentAction\",\"name\":\"Comment\",\"target\":[\"https:\/\/www.senderosgr.es\/blog\/2017\/06\/01\/tenerife-walking-festival-2017\/#respond\"]}]},{\"@type\":\"WebPage\",\"@id\":\"https:\/\/www.senderosgr.es\/blog\/2017\/06\/01\/tenerife-walking-festival-2017\/\",\"url\":\"https:\/\/www.senderosgr.es\/blog\/2017\/06\/01\/tenerife-walking-festival-2017\/\",\"name\":\"Tenerife Walking Festival 2017 - El Blog de SenderosGR\",\"isPartOf\":{\"@id\":\"https:\/\/www.senderosgr.es\/blog\/#website\"},\"primaryImageOfPage\":{\"@id\":\"https:\/\/www.senderosgr.es\/blog\/2017\/06\/01\/tenerife-walking-festival-2017\/#primaryimage\"},\"image\":{\"@id\":\"https:\/\/www.senderosgr.es\/blog\/2017\/06\/01\/tenerife-walking-festival-2017\/#primaryimage\"},\"thumbnailUrl\":\"https:\/\/www.senderosgr.es\/blog\/wp-content\/uploads\/2017\/05\/Cartell-TWF-scaled.jpg\",\"datePublished\":\"2017-06-01T08:30:15+00:00\",\"dateModified\":\"2017-06-01T13:04:54+00:00\",\"description\":\"Rese\u00f1a de la III edici\u00f3n del Tenerife Walking Festival celebrado a finales de mayo.\",\"breadcrumb\":{\"@id\":\"https:\/\/www.senderosgr.es\/blog\/2017\/06\/01\/tenerife-walking-festival-2017\/#breadcrumb\"},\"inLanguage\":\"es\",\"potentialAction\":[{\"@type\":\"ReadAction\",\"target\":[\"https:\/\/www.senderosgr.es\/blog\/2017\/06\/01\/tenerife-walking-festival-2017\/\"]}]},{\"@type\":\"ImageObject\",\"inLanguage\":\"es\",\"@id\":\"https:\/\/www.senderosgr.es\/blog\/2017\/06\/01\/tenerife-walking-festival-2017\/#primaryimage\",\"url\":\"https:\/\/www.senderosgr.es\/blog\/wp-content\/uploads\/2017\/05\/Cartell-TWF-scaled.jpg\",\"contentUrl\":\"https:\/\/www.senderosgr.es\/blog\/wp-content\/uploads\/2017\/05\/Cartell-TWF-scaled.jpg\",\"width\":2560,\"height\":984,\"caption\":\"Cartel TWF\"},{\"@type\":\"BreadcrumbList\",\"@id\":\"https:\/\/www.senderosgr.es\/blog\/2017\/06\/01\/tenerife-walking-festival-2017\/#breadcrumb\",\"itemListElement\":[{\"@type\":\"ListItem\",\"position\":1,\"name\":\"Portada\",\"item\":\"https:\/\/www.senderosgr.es\/blog\/\"},{\"@type\":\"ListItem\",\"position\":2,\"name\":\"Tenerife Walking Festival 2017\"}]},{\"@type\":\"WebSite\",\"@id\":\"https:\/\/www.senderosgr.es\/blog\/#website\",\"url\":\"https:\/\/www.senderosgr.es\/blog\/\",\"name\":\"El Blog de SenderosGR\",\"description\":\"Noticias, opiniones... \u00a1y mucho m\u00e1s!\",\"publisher\":{\"@id\":\"https:\/\/www.senderosgr.es\/blog\/#organization\"},\"potentialAction\":[{\"@type\":\"SearchAction\",\"target\":{\"@type\":\"EntryPoint\",\"urlTemplate\":\"https:\/\/www.senderosgr.es\/blog\/?s={search_term_string}\"},\"query-input\":{\"@type\":\"PropertyValueSpecification\",\"valueRequired\":true,\"valueName\":\"search_term_string\"}}],\"inLanguage\":\"es\"},{\"@type\":\"Organization\",\"@id\":\"https:\/\/www.senderosgr.es\/blog\/#organization\",\"name\":\"El Blog de SenderosGR\",\"url\":\"https:\/\/www.senderosgr.es\/blog\/\",\"logo\":{\"@type\":\"ImageObject\",\"inLanguage\":\"es\",\"@id\":\"https:\/\/www.senderosgr.es\/blog\/#\/schema\/logo\/image\/\",\"url\":\"https:\/\/www.senderosgr.es\/blog\/wp-content\/uploads\/2016\/06\/SGR-logo-cabecera-wordpress-copy-1.jpg\",\"contentUrl\":\"https:\/\/www.senderosgr.es\/blog\/wp-content\/uploads\/2016\/06\/SGR-logo-cabecera-wordpress-copy-1.jpg\",\"width\":240,\"height\":240,\"caption\":\"El Blog de SenderosGR\"},\"image\":{\"@id\":\"https:\/\/www.senderosgr.es\/blog\/#\/schema\/logo\/image\/\"}},{\"@type\":\"Person\",\"@id\":\"https:\/\/www.senderosgr.es\/blog\/#\/schema\/person\/080d1d24180630a2d404630713e0edbd\",\"name\":\"Estrella Pons\",\"image\":{\"@type\":\"ImageObject\",\"inLanguage\":\"es\",\"@id\":\"https:\/\/www.senderosgr.es\/blog\/#\/schema\/person\/image\/\",\"url\":\"https:\/\/secure.gravatar.com\/avatar\/ee06c440cc9a5d2fda28084c8af4b314cbaaa66ec8122f2cd564d046b8ed01f8?s=96&d=mm&r=g\",\"contentUrl\":\"https:\/\/secure.gravatar.com\/avatar\/ee06c440cc9a5d2fda28084c8af4b314cbaaa66ec8122f2cd564d046b8ed01f8?s=96&d=mm&r=g\",\"caption\":\"Estrella Pons\"},\"description\":\"\u00a1Hola! Soy Estrella y he tenido el privilegio de nacer en un para\u00edso. \u00daltimamente adem\u00e1s, la suerte de poder aportar mi grano de arena a este proyecto. Os invito a descubrir de mi pu\u00f1o y letra, el GR que tengo m\u00e1s a mano... y los que vayan poni\u00e9ndose delante de mis pies :) \u00bfPreparados?\",\"url\":\"https:\/\/www.senderosgr.es\/blog\/author\/estrella\/\"}]}<\/script>\n<!-- \/ Yoast SEO plugin. -->","yoast_head_json":{"title":"Tenerife Walking Festival 2017 - El Blog de SenderosGR","description":"Rese\u00f1a de la III edici\u00f3n del Tenerife Walking Festival celebrado a finales de mayo.","robots":{"index":"index","follow":"follow","max-snippet":"max-snippet:-1","max-image-preview":"max-image-preview:large","max-video-preview":"max-video-preview:-1"},"canonical":"https:\/\/www.senderosgr.es\/blog\/2017\/06\/01\/tenerife-walking-festival-2017\/","og_locale":"es_ES","og_type":"article","og_title":"Tenerife Walking Festival 2017 - El Blog de SenderosGR","og_description":"Rese\u00f1a de la III edici\u00f3n del Tenerife Walking Festival celebrado a finales de mayo.","og_url":"https:\/\/www.senderosgr.es\/blog\/2017\/06\/01\/tenerife-walking-festival-2017\/","og_site_name":"El Blog de SenderosGR","article_published_time":"2017-06-01T08:30:15+00:00","article_modified_time":"2017-06-01T13:04:54+00:00","og_image":[{"width":3021,"height":1161,"url":"https:\/\/www.senderosgr.es\/blog\/wp-content\/uploads\/2017\/05\/Cartell-TWF.jpg","type":"image\/jpeg"}],"author":"Estrella Pons","twitter_card":"summary_large_image","twitter_misc":{"Escrito por":"Estrella Pons","Tiempo de lectura":"3 minutos"},"schema":{"@context":"https:\/\/schema.org","@graph":[{"@type":"Article","@id":"https:\/\/www.senderosgr.es\/blog\/2017\/06\/01\/tenerife-walking-festival-2017\/#article","isPartOf":{"@id":"https:\/\/www.senderosgr.es\/blog\/2017\/06\/01\/tenerife-walking-festival-2017\/"},"author":{"name":"Estrella Pons","@id":"https:\/\/www.senderosgr.es\/blog\/#\/schema\/person\/080d1d24180630a2d404630713e0edbd"},"headline":"Tenerife Walking Festival 2017","datePublished":"2017-06-01T08:30:15+00:00","dateModified":"2017-06-01T13:04:54+00:00","mainEntityOfPage":{"@id":"https:\/\/www.senderosgr.es\/blog\/2017\/06\/01\/tenerife-walking-festival-2017\/"},"wordCount":618,"commentCount":0,"publisher":{"@id":"https:\/\/www.senderosgr.es\/blog\/#organization"},"image":{"@id":"https:\/\/www.senderosgr.es\/blog\/2017\/06\/01\/tenerife-walking-festival-2017\/#primaryimage"},"thumbnailUrl":"https:\/\/www.senderosgr.es\/blog\/wp-content\/uploads\/2017\/05\/Cartell-TWF-scaled.jpg","keywords":["eventos","festival","gerrerista","GR 131","opini\u00f3n","senderismo","senderosgr","trekking"],"articleSection":["Gerreristas"],"inLanguage":"es","potentialAction":[{"@type":"CommentAction","name":"Comment","target":["https:\/\/www.senderosgr.es\/blog\/2017\/06\/01\/tenerife-walking-festival-2017\/#respond"]}]},{"@type":"WebPage","@id":"https:\/\/www.senderosgr.es\/blog\/2017\/06\/01\/tenerife-walking-festival-2017\/","url":"https:\/\/www.senderosgr.es\/blog\/2017\/06\/01\/tenerife-walking-festival-2017\/","name":"Tenerife Walking Festival 2017 - El Blog de SenderosGR","isPartOf":{"@id":"https:\/\/www.senderosgr.es\/blog\/#website"},"primaryImageOfPage":{"@id":"https:\/\/www.senderosgr.es\/blog\/2017\/06\/01\/tenerife-walking-festival-2017\/#primaryimage"},"image":{"@id":"https:\/\/www.senderosgr.es\/blog\/2017\/06\/01\/tenerife-walking-festival-2017\/#primaryimage"},"thumbnailUrl":"https:\/\/www.senderosgr.es\/blog\/wp-content\/uploads\/2017\/05\/Cartell-TWF-scaled.jpg","datePublished":"2017-06-01T08:30:15+00:00","dateModified":"2017-06-01T13:04:54+00:00","description":"Rese\u00f1a de la III edici\u00f3n del Tenerife Walking Festival celebrado a finales de mayo.","breadcrumb":{"@id":"https:\/\/www.senderosgr.es\/blog\/2017\/06\/01\/tenerife-walking-festival-2017\/#breadcrumb"},"inLanguage":"es","potentialAction":[{"@type":"ReadAction","target":["https:\/\/www.senderosgr.es\/blog\/2017\/06\/01\/tenerife-walking-festival-2017\/"]}]},{"@type":"ImageObject","inLanguage":"es","@id":"https:\/\/www.senderosgr.es\/blog\/2017\/06\/01\/tenerife-walking-festival-2017\/#primaryimage","url":"https:\/\/www.senderosgr.es\/blog\/wp-content\/uploads\/2017\/05\/Cartell-TWF-scaled.jpg","contentUrl":"https:\/\/www.senderosgr.es\/blog\/wp-content\/uploads\/2017\/05\/Cartell-TWF-scaled.jpg","width":2560,"height":984,"caption":"Cartel TWF"},{"@type":"BreadcrumbList","@id":"https:\/\/www.senderosgr.es\/blog\/2017\/06\/01\/tenerife-walking-festival-2017\/#breadcrumb","itemListElement":[{"@type":"ListItem","position":1,"name":"Portada","item":"https:\/\/www.senderosgr.es\/blog\/"},{"@type":"ListItem","position":2,"name":"Tenerife Walking Festival 2017"}]},{"@type":"WebSite","@id":"https:\/\/www.senderosgr.es\/blog\/#website","url":"https:\/\/www.senderosgr.es\/blog\/","name":"El Blog de SenderosGR","description":"Noticias, opiniones... \u00a1y mucho m\u00e1s!","publisher":{"@id":"https:\/\/www.senderosgr.es\/blog\/#organization"},"potentialAction":[{"@type":"SearchAction","target":{"@type":"EntryPoint","urlTemplate":"https:\/\/www.senderosgr.es\/blog\/?s={search_term_string}"},"query-input":{"@type":"PropertyValueSpecification","valueRequired":true,"valueName":"search_term_string"}}],"inLanguage":"es"},{"@type":"Organization","@id":"https:\/\/www.senderosgr.es\/blog\/#organization","name":"El Blog de SenderosGR","url":"https:\/\/www.senderosgr.es\/blog\/","logo":{"@type":"ImageObject","inLanguage":"es","@id":"https:\/\/www.senderosgr.es\/blog\/#\/schema\/logo\/image\/","url":"https:\/\/www.senderosgr.es\/blog\/wp-content\/uploads\/2016\/06\/SGR-logo-cabecera-wordpress-copy-1.jpg","contentUrl":"https:\/\/www.senderosgr.es\/blog\/wp-content\/uploads\/2016\/06\/SGR-logo-cabecera-wordpress-copy-1.jpg","width":240,"height":240,"caption":"El Blog de SenderosGR"},"image":{"@id":"https:\/\/www.senderosgr.es\/blog\/#\/schema\/logo\/image\/"}},{"@type":"Person","@id":"https:\/\/www.senderosgr.es\/blog\/#\/schema\/person\/080d1d24180630a2d404630713e0edbd","name":"Estrella Pons","image":{"@type":"ImageObject","inLanguage":"es","@id":"https:\/\/www.senderosgr.es\/blog\/#\/schema\/person\/image\/","url":"https:\/\/secure.gravatar.com\/avatar\/ee06c440cc9a5d2fda28084c8af4b314cbaaa66ec8122f2cd564d046b8ed01f8?s=96&d=mm&r=g","contentUrl":"https:\/\/secure.gravatar.com\/avatar\/ee06c440cc9a5d2fda28084c8af4b314cbaaa66ec8122f2cd564d046b8ed01f8?s=96&d=mm&r=g","caption":"Estrella Pons"},"description":"\u00a1Hola! Soy Estrella y he tenido el privilegio de nacer en un para\u00edso. \u00daltimamente adem\u00e1s, la suerte de poder aportar mi grano de arena a este proyecto. Os invito a descubrir de mi pu\u00f1o y letra, el GR que tengo m\u00e1s a mano... y los que vayan poni\u00e9ndose delante de mis pies :) \u00bfPreparados?","url":"https:\/\/www.senderosgr.es\/blog\/author\/estrella\/"}]}},"cc_featured_image_caption":{"caption_text":false,"source_text":false,"source_url":false},"_links":{"self":[{"href":"https:\/\/www.senderosgr.es\/blog\/wp-json\/wp\/v2\/posts\/1241","targetHints":{"allow":["GET"]}}],"collection":[{"href":"https:\/\/www.senderosgr.es\/blog\/wp-json\/wp\/v2\/posts"}],"about":[{"href":"https:\/\/www.senderosgr.es\/blog\/wp-json\/wp\/v2\/types\/post"}],"author":[{"embeddable":true,"href":"https:\/\/www.senderosgr.es\/blog\/wp-json\/wp\/v2\/users\/5"}],"replies":[{"embeddable":true,"href":"https:\/\/www.senderosgr.es\/blog\/wp-json\/wp\/v2\/comments?post=1241"}],"version-history":[{"count":13,"href":"https:\/\/www.senderosgr.es\/blog\/wp-json\/wp\/v2\/posts\/1241\/revisions"}],"predecessor-version":[{"id":1260,"href":"https:\/\/www.senderosgr.es\/blog\/wp-json\/wp\/v2\/posts\/1241\/revisions\/1260"}],"wp:featuredmedia":[{"embeddable":true,"href":"https:\/\/www.senderosgr.es\/blog\/wp-json\/wp\/v2\/media\/1249"}],"wp:attachment":[{"href":"https:\/\/www.senderosgr.es\/blog\/wp-json\/wp\/v2\/media?parent=1241"}],"wp:term":[{"taxonomy":"category","embeddable":true,"href":"https:\/\/www.senderosgr.es\/blog\/wp-json\/wp\/v2\/categories?post=1241"},{"taxonomy":"post_tag","embeddable":true,"href":"https:\/\/www.senderosgr.es\/blog\/wp-json\/wp\/v2\/tags?post=1241"}],"curies":[{"name":"wp","href":"https:\/\/api.w.org\/{rel}","templated":true}]}}