{"id":1237,"date":"2017-05-30T13:41:24","date_gmt":"2017-05-30T11:41:24","guid":{"rendered":"http:\/\/www.senderosgr.es\/blog\/?p=1237"},"modified":"2017-05-30T13:41:24","modified_gmt":"2017-05-30T11:41:24","slug":"comparte-experiencia-colectivo","status":"publish","type":"post","link":"https:\/\/www.senderosgr.es\/blog\/2017\/05\/30\/comparte-experiencia-colectivo\/","title":{"rendered":"Comparte tu experiencia con el colectivo"},"content":{"rendered":"<p style=\"text-align: justify;\">SenderosGR es un proyecto colectivo, y como dijo en su d\u00eda el empresario Ray Kroc \u00abNinguno de nosotros es tan bueno como todos nosotros juntos\u00bb. Por eso, cada vez que un usuario nos escribe preguntando por informaci\u00f3n de un sendero, o pidiendo alguna sugerencia de cara a un GR, nosotros le invitamos a unirse a la Comunidad GR. <strong>Darte de alta como usuario en nuestro portal no s\u00f3lo es f\u00e1cil, sino que es gratis<\/strong>. Esto en s\u00ed mismo, no ofrece ninguna &#8216;ventaja&#8217; individual; no te vamos a regalar un jam\u00f3n de Joselito, ni te vamos a regalar entradas para un concierto de Pearl Jam, pero te aseguramos que no te vas a quedar tal cual estabas antes de hacerlo.<\/p>\n<p style=\"text-align: justify;\">Un tipo al que llamaban Jes\u00fas dijo una vez: \u00abDad y se os dar\u00e1\u00bb. Dijo m\u00e1s cosas, pero \u00e9sta nosotros la tenemos grabada a fuego, porque es esencial para construir comunidad y sumar. Estar dado de alta en el portal <strong><a href=\"http:\/\/www.senderosgr.es\/\" target=\"_blank\">SenderosGR<\/a><\/strong> <strong>te permite hacer comentarios y valoraciones de los senderos GR<\/strong>, es decir, advertir (y que te adviertan) de qu\u00e9 etapas est\u00e1n en mejor o peor estado y qu\u00e9 incidencias pueden surgir y que no aparecen en las topogu\u00edas; qu\u00e9 senderos merecen de verdad la pena, y cu\u00e1les no; en definitiva, el mejor regalo de retorno de todos: TIEMPO. Tiempo que ahorr\u00e1is de perderos, de decepcionaros, y de enfadaros.<\/p>\n<p style=\"text-align: justify;\">Si os sabe a poco <strong>pod\u00e9is compartir vuestras fotograf\u00edas de las etapas con los dem\u00e1s usuarios<\/strong> para tener informaci\u00f3n visual de primera mano de gerreristas como vosotros. Para ello s\u00f3lo ten\u00e9is que escribirnos (info@senderosgr.es) y enviarnos las fotos con el nombre de la etapa y GR al que pertenecen. A lo mejor no las subimos de forma inmediata (tenemos mucho jaleo), pero somos gente de palabra, y muy majos. Compartir es vivir gerreristas, as\u00ed que&#8230; est\u00e1is tardando.<\/p>\n","protected":false},"excerpt":{"rendered":"<p>SenderosGR es un proyecto colectivo, y como dijo en su d\u00eda el empresario Ray Kroc \u00abNinguno de nosotros es tan bueno como todos nosotros juntos\u00bb. Por eso, cada vez que un usuario nos escribe preguntando por informaci\u00f3n de un sendero, o pidiendo alguna sugerencia de cara a un GR, nosotros le invitamos a unirse a [&hellip;]<\/p>\n","protected":false},"author":1,"featured_media":1239,"comment_status":"open","ping_status":"open","sticky":false,"template":"","format":"standard","meta":{"footnotes":""},"categories":[193],"tags":[201,256,225,173,191,214],"class_list":["post-1237","post","type-post","status-publish","format-standard","has-post-thumbnail","hentry","category-noticias","tag-consejos","tag-seguridad","tag-senales","tag-senderismo","tag-senderosgr","tag-travesia"],"yoast_head":"<!-- This site is optimized with the Yoast SEO plugin v26.6 - https:\/\/yoast.com\/wordpress\/plugins\/seo\/ -->\n<title>Comparte tu experiencia con el colectivo - El Blog de SenderosGR<\/title>\n<meta name=\"description\" content=\"SenderosGR es un proyecto colectivo, y como dijo en su d\u00eda el empresario Ray Kroc &quot;Ninguno de nosotros es tan bueno como todos nosotros juntos&quot;.\" \/>\n<meta name=\"robots\" content=\"index, follow, max-snippet:-1, max-image-preview:large, max-video-preview:-1\" \/>\n<link rel=\"canonical\" href=\"https:\/\/www.senderosgr.es\/blog\/2017\/05\/30\/comparte-experiencia-colectivo\/\" \/>\n<meta property=\"og:locale\" content=\"es_ES\" \/>\n<meta property=\"og:type\" content=\"article\" \/>\n<meta property=\"og:title\" content=\"Comparte tu experiencia con el colectivo - El Blog de SenderosGR\" \/>\n<meta property=\"og:description\" content=\"SenderosGR es un proyecto colectivo, y como dijo en su d\u00eda el empresario Ray Kroc &quot;Ninguno de nosotros es tan bueno como todos nosotros juntos&quot;.\" \/>\n<meta property=\"og:url\" content=\"https:\/\/www.senderosgr.es\/blog\/2017\/05\/30\/comparte-experiencia-colectivo\/\" \/>\n<meta property=\"og:site_name\" content=\"El Blog de SenderosGR\" \/>\n<meta property=\"article:published_time\" content=\"2017-05-30T11:41:24+00:00\" \/>\n<meta property=\"og:image\" content=\"https:\/\/www.senderosgr.es\/blog\/wp-content\/uploads\/2017\/05\/Senderistas-por-camino.jpg\" \/>\n\t<meta property=\"og:image:width\" content=\"1426\" \/>\n\t<meta property=\"og:image:height\" content=\"812\" \/>\n\t<meta property=\"og:image:type\" content=\"image\/jpeg\" \/>\n<meta name=\"author\" content=\"SenderosGR\" \/>\n<meta name=\"twitter:card\" content=\"summary_large_image\" \/>\n<meta name=\"twitter:label1\" content=\"Escrito por\" \/>\n\t<meta name=\"twitter:data1\" content=\"SenderosGR\" \/>\n\t<meta name=\"twitter:label2\" content=\"Tiempo de lectura\" \/>\n\t<meta name=\"twitter:data2\" content=\"2 minutos\" \/>\n<script type=\"application\/ld+json\" class=\"yoast-schema-graph\">{\"@context\":\"https:\/\/schema.org\",\"@graph\":[{\"@type\":\"Article\",\"@id\":\"https:\/\/www.senderosgr.es\/blog\/2017\/05\/30\/comparte-experiencia-colectivo\/#article\",\"isPartOf\":{\"@id\":\"https:\/\/www.senderosgr.es\/blog\/2017\/05\/30\/comparte-experiencia-colectivo\/\"},\"author\":{\"name\":\"SenderosGR\",\"@id\":\"https:\/\/www.senderosgr.es\/blog\/#\/schema\/person\/f2eef32e9aa1ea1fbc35244e3cff648f\"},\"headline\":\"Comparte tu experiencia con el colectivo\",\"datePublished\":\"2017-05-30T11:41:24+00:00\",\"mainEntityOfPage\":{\"@id\":\"https:\/\/www.senderosgr.es\/blog\/2017\/05\/30\/comparte-experiencia-colectivo\/\"},\"wordCount\":331,\"commentCount\":2,\"publisher\":{\"@id\":\"https:\/\/www.senderosgr.es\/blog\/#organization\"},\"image\":{\"@id\":\"https:\/\/www.senderosgr.es\/blog\/2017\/05\/30\/comparte-experiencia-colectivo\/#primaryimage\"},\"thumbnailUrl\":\"https:\/\/www.senderosgr.es\/blog\/wp-content\/uploads\/2017\/05\/Senderistas-por-camino.jpg\",\"keywords\":[\"consejos\",\"seguridad\",\"se\u00f1ales\",\"senderismo\",\"senderosgr\",\"traves\u00eda\"],\"articleSection\":[\"Noticias\"],\"inLanguage\":\"es\",\"potentialAction\":[{\"@type\":\"CommentAction\",\"name\":\"Comment\",\"target\":[\"https:\/\/www.senderosgr.es\/blog\/2017\/05\/30\/comparte-experiencia-colectivo\/#respond\"]}]},{\"@type\":\"WebPage\",\"@id\":\"https:\/\/www.senderosgr.es\/blog\/2017\/05\/30\/comparte-experiencia-colectivo\/\",\"url\":\"https:\/\/www.senderosgr.es\/blog\/2017\/05\/30\/comparte-experiencia-colectivo\/\",\"name\":\"Comparte tu experiencia con el colectivo - El Blog de SenderosGR\",\"isPartOf\":{\"@id\":\"https:\/\/www.senderosgr.es\/blog\/#website\"},\"primaryImageOfPage\":{\"@id\":\"https:\/\/www.senderosgr.es\/blog\/2017\/05\/30\/comparte-experiencia-colectivo\/#primaryimage\"},\"image\":{\"@id\":\"https:\/\/www.senderosgr.es\/blog\/2017\/05\/30\/comparte-experiencia-colectivo\/#primaryimage\"},\"thumbnailUrl\":\"https:\/\/www.senderosgr.es\/blog\/wp-content\/uploads\/2017\/05\/Senderistas-por-camino.jpg\",\"datePublished\":\"2017-05-30T11:41:24+00:00\",\"description\":\"SenderosGR es un proyecto colectivo, y como dijo en su d\u00eda el empresario Ray Kroc \\\"Ninguno de nosotros es tan bueno como todos nosotros juntos\\\".\",\"breadcrumb\":{\"@id\":\"https:\/\/www.senderosgr.es\/blog\/2017\/05\/30\/comparte-experiencia-colectivo\/#breadcrumb\"},\"inLanguage\":\"es\",\"potentialAction\":[{\"@type\":\"ReadAction\",\"target\":[\"https:\/\/www.senderosgr.es\/blog\/2017\/05\/30\/comparte-experiencia-colectivo\/\"]}]},{\"@type\":\"ImageObject\",\"inLanguage\":\"es\",\"@id\":\"https:\/\/www.senderosgr.es\/blog\/2017\/05\/30\/comparte-experiencia-colectivo\/#primaryimage\",\"url\":\"https:\/\/www.senderosgr.es\/blog\/wp-content\/uploads\/2017\/05\/Senderistas-por-camino.jpg\",\"contentUrl\":\"https:\/\/www.senderosgr.es\/blog\/wp-content\/uploads\/2017\/05\/Senderistas-por-camino.jpg\",\"width\":1426,\"height\":812,\"caption\":\"Senderistas en el camino\"},{\"@type\":\"BreadcrumbList\",\"@id\":\"https:\/\/www.senderosgr.es\/blog\/2017\/05\/30\/comparte-experiencia-colectivo\/#breadcrumb\",\"itemListElement\":[{\"@type\":\"ListItem\",\"position\":1,\"name\":\"Portada\",\"item\":\"https:\/\/www.senderosgr.es\/blog\/\"},{\"@type\":\"ListItem\",\"position\":2,\"name\":\"Comparte tu experiencia con el colectivo\"}]},{\"@type\":\"WebSite\",\"@id\":\"https:\/\/www.senderosgr.es\/blog\/#website\",\"url\":\"https:\/\/www.senderosgr.es\/blog\/\",\"name\":\"El Blog de SenderosGR\",\"description\":\"Noticias, opiniones... \u00a1y mucho m\u00e1s!\",\"publisher\":{\"@id\":\"https:\/\/www.senderosgr.es\/blog\/#organization\"},\"potentialAction\":[{\"@type\":\"SearchAction\",\"target\":{\"@type\":\"EntryPoint\",\"urlTemplate\":\"https:\/\/www.senderosgr.es\/blog\/?s={search_term_string}\"},\"query-input\":{\"@type\":\"PropertyValueSpecification\",\"valueRequired\":true,\"valueName\":\"search_term_string\"}}],\"inLanguage\":\"es\"},{\"@type\":\"Organization\",\"@id\":\"https:\/\/www.senderosgr.es\/blog\/#organization\",\"name\":\"El Blog de SenderosGR\",\"url\":\"https:\/\/www.senderosgr.es\/blog\/\",\"logo\":{\"@type\":\"ImageObject\",\"inLanguage\":\"es\",\"@id\":\"https:\/\/www.senderosgr.es\/blog\/#\/schema\/logo\/image\/\",\"url\":\"https:\/\/www.senderosgr.es\/blog\/wp-content\/uploads\/2016\/06\/SGR-logo-cabecera-wordpress-copy-1.jpg\",\"contentUrl\":\"https:\/\/www.senderosgr.es\/blog\/wp-content\/uploads\/2016\/06\/SGR-logo-cabecera-wordpress-copy-1.jpg\",\"width\":240,\"height\":240,\"caption\":\"El Blog de SenderosGR\"},\"image\":{\"@id\":\"https:\/\/www.senderosgr.es\/blog\/#\/schema\/logo\/image\/\"}},{\"@type\":\"Person\",\"@id\":\"https:\/\/www.senderosgr.es\/blog\/#\/schema\/person\/f2eef32e9aa1ea1fbc35244e3cff648f\",\"name\":\"SenderosGR\",\"image\":{\"@type\":\"ImageObject\",\"inLanguage\":\"es\",\"@id\":\"https:\/\/www.senderosgr.es\/blog\/#\/schema\/person\/image\/\",\"url\":\"https:\/\/secure.gravatar.com\/avatar\/6f52711b33f9d4b67746ba74eb5d9e349ce13d3901fd85c995aea449f2512faf?s=96&d=mm&r=g\",\"contentUrl\":\"https:\/\/secure.gravatar.com\/avatar\/6f52711b33f9d4b67746ba74eb5d9e349ce13d3901fd85c995aea449f2512faf?s=96&d=mm&r=g\",\"caption\":\"SenderosGR\"},\"description\":\"Buz\u00f3n general de SenderosGR\",\"url\":\"https:\/\/www.senderosgr.es\/blog\/author\/administrador\/\"}]}<\/script>\n<!-- \/ Yoast SEO plugin. -->","yoast_head_json":{"title":"Comparte tu experiencia con el colectivo - El Blog de SenderosGR","description":"SenderosGR es un proyecto colectivo, y como dijo en su d\u00eda el empresario Ray Kroc \"Ninguno de nosotros es tan bueno como todos nosotros juntos\".","robots":{"index":"index","follow":"follow","max-snippet":"max-snippet:-1","max-image-preview":"max-image-preview:large","max-video-preview":"max-video-preview:-1"},"canonical":"https:\/\/www.senderosgr.es\/blog\/2017\/05\/30\/comparte-experiencia-colectivo\/","og_locale":"es_ES","og_type":"article","og_title":"Comparte tu experiencia con el colectivo - El Blog de SenderosGR","og_description":"SenderosGR es un proyecto colectivo, y como dijo en su d\u00eda el empresario Ray Kroc \"Ninguno de nosotros es tan bueno como todos nosotros juntos\".","og_url":"https:\/\/www.senderosgr.es\/blog\/2017\/05\/30\/comparte-experiencia-colectivo\/","og_site_name":"El Blog de SenderosGR","article_published_time":"2017-05-30T11:41:24+00:00","og_image":[{"width":1426,"height":812,"url":"https:\/\/www.senderosgr.es\/blog\/wp-content\/uploads\/2017\/05\/Senderistas-por-camino.jpg","type":"image\/jpeg"}],"author":"SenderosGR","twitter_card":"summary_large_image","twitter_misc":{"Escrito por":"SenderosGR","Tiempo de lectura":"2 minutos"},"schema":{"@context":"https:\/\/schema.org","@graph":[{"@type":"Article","@id":"https:\/\/www.senderosgr.es\/blog\/2017\/05\/30\/comparte-experiencia-colectivo\/#article","isPartOf":{"@id":"https:\/\/www.senderosgr.es\/blog\/2017\/05\/30\/comparte-experiencia-colectivo\/"},"author":{"name":"SenderosGR","@id":"https:\/\/www.senderosgr.es\/blog\/#\/schema\/person\/f2eef32e9aa1ea1fbc35244e3cff648f"},"headline":"Comparte tu experiencia con el colectivo","datePublished":"2017-05-30T11:41:24+00:00","mainEntityOfPage":{"@id":"https:\/\/www.senderosgr.es\/blog\/2017\/05\/30\/comparte-experiencia-colectivo\/"},"wordCount":331,"commentCount":2,"publisher":{"@id":"https:\/\/www.senderosgr.es\/blog\/#organization"},"image":{"@id":"https:\/\/www.senderosgr.es\/blog\/2017\/05\/30\/comparte-experiencia-colectivo\/#primaryimage"},"thumbnailUrl":"https:\/\/www.senderosgr.es\/blog\/wp-content\/uploads\/2017\/05\/Senderistas-por-camino.jpg","keywords":["consejos","seguridad","se\u00f1ales","senderismo","senderosgr","traves\u00eda"],"articleSection":["Noticias"],"inLanguage":"es","potentialAction":[{"@type":"CommentAction","name":"Comment","target":["https:\/\/www.senderosgr.es\/blog\/2017\/05\/30\/comparte-experiencia-colectivo\/#respond"]}]},{"@type":"WebPage","@id":"https:\/\/www.senderosgr.es\/blog\/2017\/05\/30\/comparte-experiencia-colectivo\/","url":"https:\/\/www.senderosgr.es\/blog\/2017\/05\/30\/comparte-experiencia-colectivo\/","name":"Comparte tu experiencia con el colectivo - El Blog de SenderosGR","isPartOf":{"@id":"https:\/\/www.senderosgr.es\/blog\/#website"},"primaryImageOfPage":{"@id":"https:\/\/www.senderosgr.es\/blog\/2017\/05\/30\/comparte-experiencia-colectivo\/#primaryimage"},"image":{"@id":"https:\/\/www.senderosgr.es\/blog\/2017\/05\/30\/comparte-experiencia-colectivo\/#primaryimage"},"thumbnailUrl":"https:\/\/www.senderosgr.es\/blog\/wp-content\/uploads\/2017\/05\/Senderistas-por-camino.jpg","datePublished":"2017-05-30T11:41:24+00:00","description":"SenderosGR es un proyecto colectivo, y como dijo en su d\u00eda el empresario Ray Kroc \"Ninguno de nosotros es tan bueno como todos nosotros juntos\".","breadcrumb":{"@id":"https:\/\/www.senderosgr.es\/blog\/2017\/05\/30\/comparte-experiencia-colectivo\/#breadcrumb"},"inLanguage":"es","potentialAction":[{"@type":"ReadAction","target":["https:\/\/www.senderosgr.es\/blog\/2017\/05\/30\/comparte-experiencia-colectivo\/"]}]},{"@type":"ImageObject","inLanguage":"es","@id":"https:\/\/www.senderosgr.es\/blog\/2017\/05\/30\/comparte-experiencia-colectivo\/#primaryimage","url":"https:\/\/www.senderosgr.es\/blog\/wp-content\/uploads\/2017\/05\/Senderistas-por-camino.jpg","contentUrl":"https:\/\/www.senderosgr.es\/blog\/wp-content\/uploads\/2017\/05\/Senderistas-por-camino.jpg","width":1426,"height":812,"caption":"Senderistas en el camino"},{"@type":"BreadcrumbList","@id":"https:\/\/www.senderosgr.es\/blog\/2017\/05\/30\/comparte-experiencia-colectivo\/#breadcrumb","itemListElement":[{"@type":"ListItem","position":1,"name":"Portada","item":"https:\/\/www.senderosgr.es\/blog\/"},{"@type":"ListItem","position":2,"name":"Comparte tu experiencia con el colectivo"}]},{"@type":"WebSite","@id":"https:\/\/www.senderosgr.es\/blog\/#website","url":"https:\/\/www.senderosgr.es\/blog\/","name":"El Blog de SenderosGR","description":"Noticias, opiniones... \u00a1y mucho m\u00e1s!","publisher":{"@id":"https:\/\/www.senderosgr.es\/blog\/#organization"},"potentialAction":[{"@type":"SearchAction","target":{"@type":"EntryPoint","urlTemplate":"https:\/\/www.senderosgr.es\/blog\/?s={search_term_string}"},"query-input":{"@type":"PropertyValueSpecification","valueRequired":true,"valueName":"search_term_string"}}],"inLanguage":"es"},{"@type":"Organization","@id":"https:\/\/www.senderosgr.es\/blog\/#organization","name":"El Blog de SenderosGR","url":"https:\/\/www.senderosgr.es\/blog\/","logo":{"@type":"ImageObject","inLanguage":"es","@id":"https:\/\/www.senderosgr.es\/blog\/#\/schema\/logo\/image\/","url":"https:\/\/www.senderosgr.es\/blog\/wp-content\/uploads\/2016\/06\/SGR-logo-cabecera-wordpress-copy-1.jpg","contentUrl":"https:\/\/www.senderosgr.es\/blog\/wp-content\/uploads\/2016\/06\/SGR-logo-cabecera-wordpress-copy-1.jpg","width":240,"height":240,"caption":"El Blog de SenderosGR"},"image":{"@id":"https:\/\/www.senderosgr.es\/blog\/#\/schema\/logo\/image\/"}},{"@type":"Person","@id":"https:\/\/www.senderosgr.es\/blog\/#\/schema\/person\/f2eef32e9aa1ea1fbc35244e3cff648f","name":"SenderosGR","image":{"@type":"ImageObject","inLanguage":"es","@id":"https:\/\/www.senderosgr.es\/blog\/#\/schema\/person\/image\/","url":"https:\/\/secure.gravatar.com\/avatar\/6f52711b33f9d4b67746ba74eb5d9e349ce13d3901fd85c995aea449f2512faf?s=96&d=mm&r=g","contentUrl":"https:\/\/secure.gravatar.com\/avatar\/6f52711b33f9d4b67746ba74eb5d9e349ce13d3901fd85c995aea449f2512faf?s=96&d=mm&r=g","caption":"SenderosGR"},"description":"Buz\u00f3n general de SenderosGR","url":"https:\/\/www.senderosgr.es\/blog\/author\/administrador\/"}]}},"cc_featured_image_caption":{"caption_text":false,"source_text":false,"source_url":false},"_links":{"self":[{"href":"https:\/\/www.senderosgr.es\/blog\/wp-json\/wp\/v2\/posts\/1237","targetHints":{"allow":["GET"]}}],"collection":[{"href":"https:\/\/www.senderosgr.es\/blog\/wp-json\/wp\/v2\/posts"}],"about":[{"href":"https:\/\/www.senderosgr.es\/blog\/wp-json\/wp\/v2\/types\/post"}],"author":[{"embeddable":true,"href":"https:\/\/www.senderosgr.es\/blog\/wp-json\/wp\/v2\/users\/1"}],"replies":[{"embeddable":true,"href":"https:\/\/www.senderosgr.es\/blog\/wp-json\/wp\/v2\/comments?post=1237"}],"version-history":[{"count":1,"href":"https:\/\/www.senderosgr.es\/blog\/wp-json\/wp\/v2\/posts\/1237\/revisions"}],"predecessor-version":[{"id":1238,"href":"https:\/\/www.senderosgr.es\/blog\/wp-json\/wp\/v2\/posts\/1237\/revisions\/1238"}],"wp:featuredmedia":[{"embeddable":true,"href":"https:\/\/www.senderosgr.es\/blog\/wp-json\/wp\/v2\/media\/1239"}],"wp:attachment":[{"href":"https:\/\/www.senderosgr.es\/blog\/wp-json\/wp\/v2\/media?parent=1237"}],"wp:term":[{"taxonomy":"category","embeddable":true,"href":"https:\/\/www.senderosgr.es\/blog\/wp-json\/wp\/v2\/categories?post=1237"},{"taxonomy":"post_tag","embeddable":true,"href":"https:\/\/www.senderosgr.es\/blog\/wp-json\/wp\/v2\/tags?post=1237"}],"curies":[{"name":"wp","href":"https:\/\/api.w.org\/{rel}","templated":true}]}}