{"id":1038,"date":"2017-03-16T15:00:37","date_gmt":"2017-03-16T14:00:37","guid":{"rendered":"http:\/\/www.senderosgr.es\/blog\/?p=1038"},"modified":"2017-03-16T16:11:43","modified_gmt":"2017-03-16T15:11:43","slug":"gr-7-etapa-4-calasparra-moratalla","status":"publish","type":"post","link":"https:\/\/www.senderosgr.es\/blog\/2017\/03\/16\/gr-7-etapa-4-calasparra-moratalla\/","title":{"rendered":"GR 7. Etapa 4: Calasparra-Moratalla"},"content":{"rendered":"<p style=\"text-align: justify;\">El hotel donde pernoct\u00e9 en Calasparra no es inc\u00f3modo, pero la habitaci\u00f3n tiene algo que no consigo identificar, que no acaba de convencerme. Para descansar y pasar la noche, eso s\u00ed, me basta. Los 40 \u20ac incluyen desayuno a partir de las 7:00 h.<\/p>\n<p style=\"text-align: justify;\">De modo que a las 7:30 h. ya estoy caminando. Hoy voy relajado, ya que esta etapa la conozco. La hice el a\u00f1o pasado realizando el GR 251 Camino del Altiplano, que viene de Yecla hasta Caravaca de la Cruz. Ni siquiera llevo a mano el rut\u00f3metro, imprescindible el resto de jornadas.<\/p>\n<p style=\"text-align: justify;\">La salida de Calasparra por la carretera del Santuario de la Esperanza, pasando junto a la plaza de toros, el polideportivo y el tanatorio la he hecho mil veces, adem\u00e1s, gracias a los distintos PR\u2019s que este municipio nos ofrece.<\/p>\n<p style=\"text-align: justify;\"><img loading=\"lazy\" decoding=\"async\" class=\"size-medium wp-image-1042 alignleft\" src=\"http:\/\/www.senderosgr.es\/blog\/wp-content\/uploads\/2017\/03\/2016-04-27-08.47.33-300x225.jpg\" alt=\"2016-04-27 08.47.33\" width=\"300\" height=\"225\" srcset=\"https:\/\/www.senderosgr.es\/blog\/wp-content\/uploads\/2017\/03\/2016-04-27-08.47.33-300x225.jpg 300w, https:\/\/www.senderosgr.es\/blog\/wp-content\/uploads\/2017\/03\/2016-04-27-08.47.33-600x450.jpg 600w, https:\/\/www.senderosgr.es\/blog\/wp-content\/uploads\/2017\/03\/2016-04-27-08.47.33-768x576.jpg 768w, https:\/\/www.senderosgr.es\/blog\/wp-content\/uploads\/2017\/03\/2016-04-27-08.47.33-1024x768.jpg 1024w, https:\/\/www.senderosgr.es\/blog\/wp-content\/uploads\/2017\/03\/2016-04-27-08.47.33-640x480.jpg 640w, https:\/\/www.senderosgr.es\/blog\/wp-content\/uploads\/2017\/03\/2016-04-27-08.47.33.jpg 1600w\" sizes=\"auto, (max-width: 300px) 100vw, 300px\" \/>Trasponemos c\u00f3modamente el Alto de San Miguel (recomendable la visita a su ermita, en la cima, aunque exige una fuerte subida) y llegamos al primer punto conflictivo de esta hoy. Se trata del cruce de la carretera de Calasparra-Caravaca, que atravesamos por un t\u00fanel. A la salida de \u00e9ste tenemos una trifurcaci\u00f3n. Nosotros deberemos seguir a la izquierda desde la salida del t\u00fanel, pero est\u00e1 mal se\u00f1alizado, y las marcas de continuidad est\u00e1n a la derecha, en la pared, en lo que deb\u00eda ser el trazado antiguo. Para colmo, vemos una se\u00f1al de ruta err\u00f3nea justo por donde debemos transitar, lo que hace de esta situaci\u00f3n un desprop\u00f3sito. Yo conoc\u00eda el error del a\u00f1o pasado, pero persiste la mala se\u00f1alizaci\u00f3n.<\/p>\n<p style=\"text-align: justify;\">Una vez encaminados la se\u00f1alizaci\u00f3n vuelve a ser correcta y suficiente y, tras un par de desv\u00edos nos vamos a poner en franca direcci\u00f3n a Moratalla. A partir de aqu\u00ed el paisaje ha cambiado tan sustancialmente que parece mentira que ayer vini\u00e9ramos de parajes tan \u00e1ridos. A nuestra vista se abren grandes extensiones de campos de cereales que, en esta \u00e9poca, estallan en un verde sobrecogedor. Este panorama, que hoy se limitar\u00e1 a un tramo relativamente corto, ser\u00e1 norma a partir de la etapa de ma\u00f1ana, una vez nos introduzcamos en el Campo de San Juan.<\/p>\n<p style=\"text-align: justify;\">Pero hoy estoy aqu\u00ed, y cuando pas\u00e9 el a\u00f1o anterior no esplend\u00eda de este modo el campo que hoy atravieso. Esta sensaci\u00f3n que procura en el alma la belleza de la Naturaleza le reconcilia a uno con el mundo. <strong>En un relato de E. A. Poe asegura su personaje que la m\u00e1xima belleza, objetivamente, no se encuentra en la Naturaleza por s\u00ed misma, sino en la alianza entre \u00e9sta y la mano del hombre<\/strong>, que la potencia, acaso construyendo una ermita, un puente, un camino o una casa que, respetando el entorno, impresiona nuestra sensibilidad con mayor fuerza.<\/p>\n<p style=\"text-align: justify;\">La combinaci\u00f3n de Naturaleza, campos de labor en plena efervescencia, los distintos cortijos que salpican nuestro camino, los propios caminos de tierra que atraviesan, serpenteantes, estos p\u00e1ramos, contribuyeron a elevar mi alma a cotas de satisfacci\u00f3n poco frecuentes.<\/p>\n<p style=\"text-align: justify;\">Se da otra circunstancia que ayuda en este sentido, y es <strong>la inmensa soledad\u00a0de este GR<\/strong>. Todas las traves\u00edas realizadas hasta la fecha las he hecho solo, y salvo los n\u00facleos urbanos y la V\u00eda Verde del Noroeste, bastante transitada los fines de semana, es caracter\u00edstica generalizada esa escasez de gente. Personalmente me encanta, pues permite mucho tiempo para la reflexi\u00f3n, el aislamiento. Algo que siempre se ha atribuido al Camino de Santiago, pero cuya masificaci\u00f3n est\u00e1 diluyendo, lo tenemos en nuestra Regi\u00f3n. No hago apolog\u00eda de ning\u00fan tipo ni pretendo comparar, en absoluto; me limito a contrastar experiencias, y si el caminador es movido a ello, entre otras cosas, para <em>buscarse a s\u00ed mismo,<\/em> en el Camino Franc\u00e9s lo va a tener dif\u00edcil dado el inmenso tr\u00e1fico de peregrinos.<\/p>\n<p style=\"text-align: justify;\">Iba caminando entre soberbios campos de cereales aterrazados en direcci\u00f3n al Cortijo del Bancal de la Hierba, en alto, uno de los puntos m\u00e1gicos de la etapa por representar magistralmente ese evocador mundo rural tan idealizado por los urbanitas. A partir de aqu\u00ed el paisaje var\u00eda, volviendo a alternar bosque mediterr\u00e1neo de pino y bancales de almendros. El paseo es muy agradable, aunque el camino que pisamos habr\u00e1 de desembocar en el que\u00a0es, seguramente, el punto m\u00e1s conflictivo de todo el GR: el paso por el r\u00edo Moratalla (llamado as\u00ed desde la uni\u00f3n de los cauces de los r\u00edos Benamor y Alh\u00e1rabe).<\/p>\n<p style=\"text-align: justify;\"><img loading=\"lazy\" decoding=\"async\" class=\"size-medium wp-image-1043 alignright\" src=\"http:\/\/www.senderosgr.es\/blog\/wp-content\/uploads\/2017\/03\/2016-04-27-10.41.38-300x225.jpg\" alt=\"2016-04-27 10.41.38\" width=\"300\" height=\"225\" srcset=\"https:\/\/www.senderosgr.es\/blog\/wp-content\/uploads\/2017\/03\/2016-04-27-10.41.38-300x225.jpg 300w, https:\/\/www.senderosgr.es\/blog\/wp-content\/uploads\/2017\/03\/2016-04-27-10.41.38-600x450.jpg 600w, https:\/\/www.senderosgr.es\/blog\/wp-content\/uploads\/2017\/03\/2016-04-27-10.41.38-768x576.jpg 768w, https:\/\/www.senderosgr.es\/blog\/wp-content\/uploads\/2017\/03\/2016-04-27-10.41.38-1024x768.jpg 1024w, https:\/\/www.senderosgr.es\/blog\/wp-content\/uploads\/2017\/03\/2016-04-27-10.41.38-640x480.jpg 640w, https:\/\/www.senderosgr.es\/blog\/wp-content\/uploads\/2017\/03\/2016-04-27-10.41.38.jpg 1600w\" sizes=\"auto, (max-width: 300px) 100vw, 300px\" \/>El a\u00f1o pasado ya perd\u00ed todo el tiempo necesario (casi una hora) para encontrar la pista correcta, pues la se\u00f1alizaci\u00f3n err\u00f3nea se mezcla con la ausencia de se\u00f1ales. Voy a procurar ser claro para no confundir al personal, pues ciertamente es un paso complicado.<\/p>\n<p style=\"text-align: justify;\">El camino por el que venimos es una pista de tierra que acaba por desembocar, tras una peque\u00f1a cuesta, en un camino asfaltado. Aqu\u00ed ver\u00e9is un poste direccional del Camino de la Cruz de Caravaca que se\u00f1ala a la izquierda, pero no, en realidad deb\u00e9is girar a la derecha, seguir unos pocos metros por el asfalto y, en seguida, bajar hacia una rambla por una pista de tierra (hay un aspa de dos l\u00edneas rojas que se refieren al Camino de la Cruz, pero es otro error de se\u00f1alizaci\u00f3n, pues ambos caminos comparten trazado). Una vez en la rambla hay que girar a la derecha unos doscientos metros hasta desembocar en una amplia avenida que viene por la izquierda; debemos cruzarla hasta el promontorio de enfrente y girar a la derecha, pegados al peque\u00f1o mont\u00edculo que se eleva sobre nuestras cabezas; lo acompa\u00f1amos unas decenas de metros y, antes de llegar a una canaleta de agua visualizaremos una senda casi inapreciable que sube, a la izquierda, el mismo promontorio que hemos bordeado. A unos metros en alto por esa pseudo senda veremos un cartel de Coto privado de caza, y un par de metros m\u00e1s arriba, una estaca met\u00e1lica con la ansiada se\u00f1al de GR. Subimos hasta lo alto para, en el collado, dirigirnos hacia la derecha hasta el borde de la elevaci\u00f3n, donde se adivina una senda poco pisada por la que vemos alguna que otra se\u00f1al casi borrada. Pronto esa senda se har\u00e1 perfectamente visible y habremos resuelto el paso m\u00e1s problem\u00e1tico de todo el GR. Enhorabuena.<\/p>\n<p style=\"text-align: justify;\">Ahora s\u00ed, Moratalla se presenta cercana a nuestros ojos. Es un espejismo, estamos a unos 10 kil\u00f3metros. Lo que nos ofrece este tramo es un camino de tierra (m\u00e1s adelante ser\u00e1 de asfalto) entre campos en barbecho y almendros, no demasiado atractivo, hasta que llegamos a El Chaparral, una zona de casas de campo y huerta con un punto mal se\u00f1alizado, pues en una bifurcaci\u00f3n por la que debemos continuar de frente encontramos, a la derecha, marcas de error de ruta y de continuidad. A partir de aqu\u00ed acaban las incidencias en cuanto a se\u00f1alizaci\u00f3n, lo cual se agradece, ya que encontramos multitud de cruces de caminos.<\/p>\n<p style=\"text-align: justify;\">Tras una parada bajo la generosa sombra de una morera a los pies de un canal de riego llegamos, por fin, a la carretera de La Puerta. Aqu\u00ed el GR se bifurca: a la izquierda, el GR 7.1 que pasa por Moratalla, Caravaca, Archivel y llega a Ca\u00f1ada de la Cruz; a la derecha nuestro GR 7, que desemboca en la misma pedan\u00eda caravaque\u00f1a, pero por el paraje de La Puerta, Campo de San Juan, La Risca, El Sabinar, Calar de la Santa, La Rogativa y Puerto Alto, bajo el pico de Revolcadores. Nosotros, pues, seguiremos a la derecha por la tediosa carretera comarcal que, tras 6 kil\u00f3metros, nos deja en el Camping La Puerta, un lugar precioso donde hemos reservado una caba\u00f1a aprovechando una oferta por ser temporada baja: 22 \u20ac.<\/p>\n<p style=\"text-align: justify;\">Quien no lo haya visitado, no deje de hacerlo, el paraje en el que est\u00e1 enmarcado el camping es divino: monta\u00f1a, umbr\u00eda, el r\u00edo Alh\u00e1rabe en toda su majestad&#8230; No en vano el nombre de La Puerta podr\u00eda referirse al acceso a un mundo absolutamente distinto, inimaginable para quienes asocian Murcia \u00fanicamente a playas y secarral. Aqu\u00ed comenzar\u00e9, ma\u00f1ana, la verdadera gloria del GR 7 a su paso por terreno murciano.<\/p>\n<p><span style=\"color: #0000ff;\"><strong><u>FICHA T\u00c9CNICA:<\/u><\/strong><\/span><\/p>\n<p><span style=\"color: #ff0000;\">FECHA REALIZACI\u00d3N:<\/span> 27 de abril de 2016.<\/p>\n<p><span style=\"color: #ff0000;\">RECORRIDO:<\/span> Calasparra-Camping La Puerta (Moratalla).<\/p>\n<p><span style=\"color: #ff0000;\">DISTANCIA TOTAL:<\/span> 27\u20198 kil\u00f3metros (aprox.).<\/p>\n<p><span style=\"color: #ff0000;\">TIEMPO:<\/span> 6 horas.<\/p>\n<p><span style=\"color: #ff0000;\">DESNIVEL:<\/span> 430 m. positivo (aprox.).<\/p>\n<p><span style=\"color: #ff0000;\">DIFICULTAD:<\/span> Baja.<\/p>\n<p><span style=\"color: #ff0000;\">INTERESANTE:<\/span> Los campos de cereales; los cortijos diseminados durante el recorrido; las extensas panor\u00e1micas y las vistas a Moratalla; el camping en el paraje de La Puerta.<\/p>\n<p><span style=\"color: #ff0000;\">RECOMENDACIONES:<\/span> Llevar agua y algo de comida. Aconsejable de septiembre a mayo, evitando los meses de mayor insolaci\u00f3n.<\/p>\n<p><span style=\"color: #ff0000;\">M\u00c1S INFORMACI\u00d3N:<\/span> <a href=\"http:\/\/www.senderosgr.es\/Etapas.aspx?IdEtapa=320&amp;Tipo=2&amp;IdAsociado=320\">Senderos GR<\/a><\/p>\n","protected":false},"excerpt":{"rendered":"<p>El hotel donde pernoct\u00e9 en Calasparra no es inc\u00f3modo, pero la habitaci\u00f3n tiene algo que no consigo identificar, que no acaba de convencerme. Para descansar y pasar la noche, eso s\u00ed, me basta. Los 40 \u20ac incluyen desayuno a partir de las 7:00 h. De modo que a las 7:30 h. ya estoy caminando. Hoy [&hellip;]<\/p>\n","protected":false},"author":4,"featured_media":1039,"comment_status":"open","ping_status":"open","sticky":false,"template":"","format":"standard","meta":{"footnotes":""},"categories":[210,211],"tags":[172,219,197,173,191,214,182],"class_list":["post-1038","post","type-post","status-publish","format-standard","has-post-thumbnail","hentry","category-gerreristas","category-grmurcia","tag-gerrerista","tag-gr-7","tag-murcia","tag-senderismo","tag-senderosgr","tag-travesia","tag-turismo-rural"],"yoast_head":"<!-- This site is optimized with the Yoast SEO plugin v26.6 - https:\/\/yoast.com\/wordpress\/plugins\/seo\/ -->\n<title>GR 7. Etapa 4: Calasparra-Moratalla - El Blog de SenderosGR<\/title>\n<meta name=\"robots\" content=\"index, follow, max-snippet:-1, max-image-preview:large, max-video-preview:-1\" \/>\n<link rel=\"canonical\" href=\"https:\/\/www.senderosgr.es\/blog\/2017\/03\/16\/gr-7-etapa-4-calasparra-moratalla\/\" \/>\n<meta property=\"og:locale\" content=\"es_ES\" \/>\n<meta property=\"og:type\" content=\"article\" \/>\n<meta property=\"og:title\" content=\"GR 7. Etapa 4: Calasparra-Moratalla - El Blog de SenderosGR\" \/>\n<meta property=\"og:description\" content=\"El hotel donde pernoct\u00e9 en Calasparra no es inc\u00f3modo, pero la habitaci\u00f3n tiene algo que no consigo identificar, que no acaba de convencerme. Para descansar y pasar la noche, eso s\u00ed, me basta. Los 40 \u20ac incluyen desayuno a partir de las 7:00 h. De modo que a las 7:30 h. ya estoy caminando. Hoy [&hellip;]\" \/>\n<meta property=\"og:url\" content=\"https:\/\/www.senderosgr.es\/blog\/2017\/03\/16\/gr-7-etapa-4-calasparra-moratalla\/\" \/>\n<meta property=\"og:site_name\" content=\"El Blog de SenderosGR\" \/>\n<meta property=\"article:published_time\" content=\"2017-03-16T14:00:37+00:00\" \/>\n<meta property=\"article:modified_time\" content=\"2017-03-16T15:11:43+00:00\" \/>\n<meta property=\"og:image\" content=\"https:\/\/www.senderosgr.es\/blog\/wp-content\/uploads\/2017\/03\/2016-04-27-09.16.40.jpg\" \/>\n\t<meta property=\"og:image:width\" content=\"1600\" \/>\n\t<meta property=\"og:image:height\" content=\"1200\" \/>\n\t<meta property=\"og:image:type\" content=\"image\/jpeg\" \/>\n<meta name=\"author\" content=\"Miguel \u00c1ngel Mart\u00ednez\" \/>\n<meta name=\"twitter:card\" content=\"summary_large_image\" \/>\n<meta name=\"twitter:label1\" content=\"Escrito por\" \/>\n\t<meta name=\"twitter:data1\" content=\"Miguel \u00c1ngel Mart\u00ednez\" \/>\n\t<meta name=\"twitter:label2\" content=\"Tiempo de lectura\" \/>\n\t<meta name=\"twitter:data2\" content=\"7 minutos\" \/>\n<script type=\"application\/ld+json\" class=\"yoast-schema-graph\">{\"@context\":\"https:\/\/schema.org\",\"@graph\":[{\"@type\":\"Article\",\"@id\":\"https:\/\/www.senderosgr.es\/blog\/2017\/03\/16\/gr-7-etapa-4-calasparra-moratalla\/#article\",\"isPartOf\":{\"@id\":\"https:\/\/www.senderosgr.es\/blog\/2017\/03\/16\/gr-7-etapa-4-calasparra-moratalla\/\"},\"author\":{\"name\":\"Miguel \u00c1ngel Mart\u00ednez\",\"@id\":\"https:\/\/www.senderosgr.es\/blog\/#\/schema\/person\/1cb38560f9f0982b2d7b1e490d6cf5cc\"},\"headline\":\"GR 7. Etapa 4: Calasparra-Moratalla\",\"datePublished\":\"2017-03-16T14:00:37+00:00\",\"dateModified\":\"2017-03-16T15:11:43+00:00\",\"mainEntityOfPage\":{\"@id\":\"https:\/\/www.senderosgr.es\/blog\/2017\/03\/16\/gr-7-etapa-4-calasparra-moratalla\/\"},\"wordCount\":1500,\"commentCount\":0,\"publisher\":{\"@id\":\"https:\/\/www.senderosgr.es\/blog\/#organization\"},\"image\":{\"@id\":\"https:\/\/www.senderosgr.es\/blog\/2017\/03\/16\/gr-7-etapa-4-calasparra-moratalla\/#primaryimage\"},\"thumbnailUrl\":\"https:\/\/www.senderosgr.es\/blog\/wp-content\/uploads\/2017\/03\/2016-04-27-09.16.40.jpg\",\"keywords\":[\"gerrerista\",\"gr 7\",\"murcia\",\"senderismo\",\"senderosgr\",\"traves\u00eda\",\"turismo rural\"],\"articleSection\":[\"Gerreristas\",\"GR#Murcia\"],\"inLanguage\":\"es\",\"potentialAction\":[{\"@type\":\"CommentAction\",\"name\":\"Comment\",\"target\":[\"https:\/\/www.senderosgr.es\/blog\/2017\/03\/16\/gr-7-etapa-4-calasparra-moratalla\/#respond\"]}]},{\"@type\":\"WebPage\",\"@id\":\"https:\/\/www.senderosgr.es\/blog\/2017\/03\/16\/gr-7-etapa-4-calasparra-moratalla\/\",\"url\":\"https:\/\/www.senderosgr.es\/blog\/2017\/03\/16\/gr-7-etapa-4-calasparra-moratalla\/\",\"name\":\"GR 7. Etapa 4: Calasparra-Moratalla - El Blog de SenderosGR\",\"isPartOf\":{\"@id\":\"https:\/\/www.senderosgr.es\/blog\/#website\"},\"primaryImageOfPage\":{\"@id\":\"https:\/\/www.senderosgr.es\/blog\/2017\/03\/16\/gr-7-etapa-4-calasparra-moratalla\/#primaryimage\"},\"image\":{\"@id\":\"https:\/\/www.senderosgr.es\/blog\/2017\/03\/16\/gr-7-etapa-4-calasparra-moratalla\/#primaryimage\"},\"thumbnailUrl\":\"https:\/\/www.senderosgr.es\/blog\/wp-content\/uploads\/2017\/03\/2016-04-27-09.16.40.jpg\",\"datePublished\":\"2017-03-16T14:00:37+00:00\",\"dateModified\":\"2017-03-16T15:11:43+00:00\",\"breadcrumb\":{\"@id\":\"https:\/\/www.senderosgr.es\/blog\/2017\/03\/16\/gr-7-etapa-4-calasparra-moratalla\/#breadcrumb\"},\"inLanguage\":\"es\",\"potentialAction\":[{\"@type\":\"ReadAction\",\"target\":[\"https:\/\/www.senderosgr.es\/blog\/2017\/03\/16\/gr-7-etapa-4-calasparra-moratalla\/\"]}]},{\"@type\":\"ImageObject\",\"inLanguage\":\"es\",\"@id\":\"https:\/\/www.senderosgr.es\/blog\/2017\/03\/16\/gr-7-etapa-4-calasparra-moratalla\/#primaryimage\",\"url\":\"https:\/\/www.senderosgr.es\/blog\/wp-content\/uploads\/2017\/03\/2016-04-27-09.16.40.jpg\",\"contentUrl\":\"https:\/\/www.senderosgr.es\/blog\/wp-content\/uploads\/2017\/03\/2016-04-27-09.16.40.jpg\",\"width\":1600,\"height\":1200},{\"@type\":\"BreadcrumbList\",\"@id\":\"https:\/\/www.senderosgr.es\/blog\/2017\/03\/16\/gr-7-etapa-4-calasparra-moratalla\/#breadcrumb\",\"itemListElement\":[{\"@type\":\"ListItem\",\"position\":1,\"name\":\"Portada\",\"item\":\"https:\/\/www.senderosgr.es\/blog\/\"},{\"@type\":\"ListItem\",\"position\":2,\"name\":\"GR 7. Etapa 4: Calasparra-Moratalla\"}]},{\"@type\":\"WebSite\",\"@id\":\"https:\/\/www.senderosgr.es\/blog\/#website\",\"url\":\"https:\/\/www.senderosgr.es\/blog\/\",\"name\":\"El Blog de SenderosGR\",\"description\":\"Noticias, opiniones... \u00a1y mucho m\u00e1s!\",\"publisher\":{\"@id\":\"https:\/\/www.senderosgr.es\/blog\/#organization\"},\"potentialAction\":[{\"@type\":\"SearchAction\",\"target\":{\"@type\":\"EntryPoint\",\"urlTemplate\":\"https:\/\/www.senderosgr.es\/blog\/?s={search_term_string}\"},\"query-input\":{\"@type\":\"PropertyValueSpecification\",\"valueRequired\":true,\"valueName\":\"search_term_string\"}}],\"inLanguage\":\"es\"},{\"@type\":\"Organization\",\"@id\":\"https:\/\/www.senderosgr.es\/blog\/#organization\",\"name\":\"El Blog de SenderosGR\",\"url\":\"https:\/\/www.senderosgr.es\/blog\/\",\"logo\":{\"@type\":\"ImageObject\",\"inLanguage\":\"es\",\"@id\":\"https:\/\/www.senderosgr.es\/blog\/#\/schema\/logo\/image\/\",\"url\":\"https:\/\/www.senderosgr.es\/blog\/wp-content\/uploads\/2016\/06\/SGR-logo-cabecera-wordpress-copy-1.jpg\",\"contentUrl\":\"https:\/\/www.senderosgr.es\/blog\/wp-content\/uploads\/2016\/06\/SGR-logo-cabecera-wordpress-copy-1.jpg\",\"width\":240,\"height\":240,\"caption\":\"El Blog de SenderosGR\"},\"image\":{\"@id\":\"https:\/\/www.senderosgr.es\/blog\/#\/schema\/logo\/image\/\"}},{\"@type\":\"Person\",\"@id\":\"https:\/\/www.senderosgr.es\/blog\/#\/schema\/person\/1cb38560f9f0982b2d7b1e490d6cf5cc\",\"name\":\"Miguel \u00c1ngel Mart\u00ednez\",\"image\":{\"@type\":\"ImageObject\",\"inLanguage\":\"es\",\"@id\":\"https:\/\/www.senderosgr.es\/blog\/#\/schema\/person\/image\/\",\"url\":\"https:\/\/secure.gravatar.com\/avatar\/852d29397f6531e4d311fe842cce8b0249b912ab21b24fad60dbf304a6f5b1ea?s=96&d=mm&r=g\",\"contentUrl\":\"https:\/\/secure.gravatar.com\/avatar\/852d29397f6531e4d311fe842cce8b0249b912ab21b24fad60dbf304a6f5b1ea?s=96&d=mm&r=g\",\"caption\":\"Miguel \u00c1ngel Mart\u00ednez\"},\"description\":\"Gerrerista. Caminador empedernido por tierras murcianas.\",\"sameAs\":[\"http:\/\/bonaelcaminador.blogspot.com\"],\"url\":\"https:\/\/www.senderosgr.es\/blog\/author\/miguela\/\"}]}<\/script>\n<!-- \/ Yoast SEO plugin. -->","yoast_head_json":{"title":"GR 7. Etapa 4: Calasparra-Moratalla - El Blog de SenderosGR","robots":{"index":"index","follow":"follow","max-snippet":"max-snippet:-1","max-image-preview":"max-image-preview:large","max-video-preview":"max-video-preview:-1"},"canonical":"https:\/\/www.senderosgr.es\/blog\/2017\/03\/16\/gr-7-etapa-4-calasparra-moratalla\/","og_locale":"es_ES","og_type":"article","og_title":"GR 7. Etapa 4: Calasparra-Moratalla - El Blog de SenderosGR","og_description":"El hotel donde pernoct\u00e9 en Calasparra no es inc\u00f3modo, pero la habitaci\u00f3n tiene algo que no consigo identificar, que no acaba de convencerme. Para descansar y pasar la noche, eso s\u00ed, me basta. Los 40 \u20ac incluyen desayuno a partir de las 7:00 h. De modo que a las 7:30 h. ya estoy caminando. Hoy [&hellip;]","og_url":"https:\/\/www.senderosgr.es\/blog\/2017\/03\/16\/gr-7-etapa-4-calasparra-moratalla\/","og_site_name":"El Blog de SenderosGR","article_published_time":"2017-03-16T14:00:37+00:00","article_modified_time":"2017-03-16T15:11:43+00:00","og_image":[{"width":1600,"height":1200,"url":"https:\/\/www.senderosgr.es\/blog\/wp-content\/uploads\/2017\/03\/2016-04-27-09.16.40.jpg","type":"image\/jpeg"}],"author":"Miguel \u00c1ngel Mart\u00ednez","twitter_card":"summary_large_image","twitter_misc":{"Escrito por":"Miguel \u00c1ngel Mart\u00ednez","Tiempo de lectura":"7 minutos"},"schema":{"@context":"https:\/\/schema.org","@graph":[{"@type":"Article","@id":"https:\/\/www.senderosgr.es\/blog\/2017\/03\/16\/gr-7-etapa-4-calasparra-moratalla\/#article","isPartOf":{"@id":"https:\/\/www.senderosgr.es\/blog\/2017\/03\/16\/gr-7-etapa-4-calasparra-moratalla\/"},"author":{"name":"Miguel \u00c1ngel Mart\u00ednez","@id":"https:\/\/www.senderosgr.es\/blog\/#\/schema\/person\/1cb38560f9f0982b2d7b1e490d6cf5cc"},"headline":"GR 7. Etapa 4: Calasparra-Moratalla","datePublished":"2017-03-16T14:00:37+00:00","dateModified":"2017-03-16T15:11:43+00:00","mainEntityOfPage":{"@id":"https:\/\/www.senderosgr.es\/blog\/2017\/03\/16\/gr-7-etapa-4-calasparra-moratalla\/"},"wordCount":1500,"commentCount":0,"publisher":{"@id":"https:\/\/www.senderosgr.es\/blog\/#organization"},"image":{"@id":"https:\/\/www.senderosgr.es\/blog\/2017\/03\/16\/gr-7-etapa-4-calasparra-moratalla\/#primaryimage"},"thumbnailUrl":"https:\/\/www.senderosgr.es\/blog\/wp-content\/uploads\/2017\/03\/2016-04-27-09.16.40.jpg","keywords":["gerrerista","gr 7","murcia","senderismo","senderosgr","traves\u00eda","turismo rural"],"articleSection":["Gerreristas","GR#Murcia"],"inLanguage":"es","potentialAction":[{"@type":"CommentAction","name":"Comment","target":["https:\/\/www.senderosgr.es\/blog\/2017\/03\/16\/gr-7-etapa-4-calasparra-moratalla\/#respond"]}]},{"@type":"WebPage","@id":"https:\/\/www.senderosgr.es\/blog\/2017\/03\/16\/gr-7-etapa-4-calasparra-moratalla\/","url":"https:\/\/www.senderosgr.es\/blog\/2017\/03\/16\/gr-7-etapa-4-calasparra-moratalla\/","name":"GR 7. Etapa 4: Calasparra-Moratalla - El Blog de SenderosGR","isPartOf":{"@id":"https:\/\/www.senderosgr.es\/blog\/#website"},"primaryImageOfPage":{"@id":"https:\/\/www.senderosgr.es\/blog\/2017\/03\/16\/gr-7-etapa-4-calasparra-moratalla\/#primaryimage"},"image":{"@id":"https:\/\/www.senderosgr.es\/blog\/2017\/03\/16\/gr-7-etapa-4-calasparra-moratalla\/#primaryimage"},"thumbnailUrl":"https:\/\/www.senderosgr.es\/blog\/wp-content\/uploads\/2017\/03\/2016-04-27-09.16.40.jpg","datePublished":"2017-03-16T14:00:37+00:00","dateModified":"2017-03-16T15:11:43+00:00","breadcrumb":{"@id":"https:\/\/www.senderosgr.es\/blog\/2017\/03\/16\/gr-7-etapa-4-calasparra-moratalla\/#breadcrumb"},"inLanguage":"es","potentialAction":[{"@type":"ReadAction","target":["https:\/\/www.senderosgr.es\/blog\/2017\/03\/16\/gr-7-etapa-4-calasparra-moratalla\/"]}]},{"@type":"ImageObject","inLanguage":"es","@id":"https:\/\/www.senderosgr.es\/blog\/2017\/03\/16\/gr-7-etapa-4-calasparra-moratalla\/#primaryimage","url":"https:\/\/www.senderosgr.es\/blog\/wp-content\/uploads\/2017\/03\/2016-04-27-09.16.40.jpg","contentUrl":"https:\/\/www.senderosgr.es\/blog\/wp-content\/uploads\/2017\/03\/2016-04-27-09.16.40.jpg","width":1600,"height":1200},{"@type":"BreadcrumbList","@id":"https:\/\/www.senderosgr.es\/blog\/2017\/03\/16\/gr-7-etapa-4-calasparra-moratalla\/#breadcrumb","itemListElement":[{"@type":"ListItem","position":1,"name":"Portada","item":"https:\/\/www.senderosgr.es\/blog\/"},{"@type":"ListItem","position":2,"name":"GR 7. Etapa 4: Calasparra-Moratalla"}]},{"@type":"WebSite","@id":"https:\/\/www.senderosgr.es\/blog\/#website","url":"https:\/\/www.senderosgr.es\/blog\/","name":"El Blog de SenderosGR","description":"Noticias, opiniones... \u00a1y mucho m\u00e1s!","publisher":{"@id":"https:\/\/www.senderosgr.es\/blog\/#organization"},"potentialAction":[{"@type":"SearchAction","target":{"@type":"EntryPoint","urlTemplate":"https:\/\/www.senderosgr.es\/blog\/?s={search_term_string}"},"query-input":{"@type":"PropertyValueSpecification","valueRequired":true,"valueName":"search_term_string"}}],"inLanguage":"es"},{"@type":"Organization","@id":"https:\/\/www.senderosgr.es\/blog\/#organization","name":"El Blog de SenderosGR","url":"https:\/\/www.senderosgr.es\/blog\/","logo":{"@type":"ImageObject","inLanguage":"es","@id":"https:\/\/www.senderosgr.es\/blog\/#\/schema\/logo\/image\/","url":"https:\/\/www.senderosgr.es\/blog\/wp-content\/uploads\/2016\/06\/SGR-logo-cabecera-wordpress-copy-1.jpg","contentUrl":"https:\/\/www.senderosgr.es\/blog\/wp-content\/uploads\/2016\/06\/SGR-logo-cabecera-wordpress-copy-1.jpg","width":240,"height":240,"caption":"El Blog de SenderosGR"},"image":{"@id":"https:\/\/www.senderosgr.es\/blog\/#\/schema\/logo\/image\/"}},{"@type":"Person","@id":"https:\/\/www.senderosgr.es\/blog\/#\/schema\/person\/1cb38560f9f0982b2d7b1e490d6cf5cc","name":"Miguel \u00c1ngel Mart\u00ednez","image":{"@type":"ImageObject","inLanguage":"es","@id":"https:\/\/www.senderosgr.es\/blog\/#\/schema\/person\/image\/","url":"https:\/\/secure.gravatar.com\/avatar\/852d29397f6531e4d311fe842cce8b0249b912ab21b24fad60dbf304a6f5b1ea?s=96&d=mm&r=g","contentUrl":"https:\/\/secure.gravatar.com\/avatar\/852d29397f6531e4d311fe842cce8b0249b912ab21b24fad60dbf304a6f5b1ea?s=96&d=mm&r=g","caption":"Miguel \u00c1ngel Mart\u00ednez"},"description":"Gerrerista. Caminador empedernido por tierras murcianas.","sameAs":["http:\/\/bonaelcaminador.blogspot.com"],"url":"https:\/\/www.senderosgr.es\/blog\/author\/miguela\/"}]}},"cc_featured_image_caption":{"caption_text":false,"source_text":false,"source_url":false},"_links":{"self":[{"href":"https:\/\/www.senderosgr.es\/blog\/wp-json\/wp\/v2\/posts\/1038","targetHints":{"allow":["GET"]}}],"collection":[{"href":"https:\/\/www.senderosgr.es\/blog\/wp-json\/wp\/v2\/posts"}],"about":[{"href":"https:\/\/www.senderosgr.es\/blog\/wp-json\/wp\/v2\/types\/post"}],"author":[{"embeddable":true,"href":"https:\/\/www.senderosgr.es\/blog\/wp-json\/wp\/v2\/users\/4"}],"replies":[{"embeddable":true,"href":"https:\/\/www.senderosgr.es\/blog\/wp-json\/wp\/v2\/comments?post=1038"}],"version-history":[{"count":5,"href":"https:\/\/www.senderosgr.es\/blog\/wp-json\/wp\/v2\/posts\/1038\/revisions"}],"predecessor-version":[{"id":1051,"href":"https:\/\/www.senderosgr.es\/blog\/wp-json\/wp\/v2\/posts\/1038\/revisions\/1051"}],"wp:featuredmedia":[{"embeddable":true,"href":"https:\/\/www.senderosgr.es\/blog\/wp-json\/wp\/v2\/media\/1039"}],"wp:attachment":[{"href":"https:\/\/www.senderosgr.es\/blog\/wp-json\/wp\/v2\/media?parent=1038"}],"wp:term":[{"taxonomy":"category","embeddable":true,"href":"https:\/\/www.senderosgr.es\/blog\/wp-json\/wp\/v2\/categories?post=1038"},{"taxonomy":"post_tag","embeddable":true,"href":"https:\/\/www.senderosgr.es\/blog\/wp-json\/wp\/v2\/tags?post=1038"}],"curies":[{"name":"wp","href":"https:\/\/api.w.org\/{rel}","templated":true}]}}